{"id":14468,"date":"2021-10-25T09:57:47","date_gmt":"2021-10-25T07:57:47","guid":{"rendered":"https:\/\/sinedjib.com\/?p=14468"},"modified":"2021-10-25T09:57:47","modified_gmt":"2021-10-25T07:57:47","slug":"fernand-fontenay-derriere-le-decor-de-vincennes-les-buts-imperialistes-de-lexposition-coloniale","status":"publish","type":"post","link":"https:\/\/sinedjib.com\/index.php\/2021\/10\/25\/fernand-fontenay-derriere-le-decor-de-vincennes-les-buts-imperialistes-de-lexposition-coloniale\/","title":{"rendered":"Fernand Fontenay : Derri\u00e8re le d\u00e9cor de Vincennes. Les buts imp\u00e9rialistes de l&rsquo;Exposition coloniale"},"content":{"rendered":"\n<p><strong>Article de <a href=\"https:\/\/www.google.com\/url?sa=t&amp;rct=j&amp;q=&amp;esrc=s&amp;source=web&amp;cd=&amp;cad=rja&amp;uact=8&amp;ved=2ahUKEwi8zq2s1OLzAhURKBoKHbGlA88QFnoECAIQAQ&amp;url=https%3A%2F%2Fmaitron.fr%2Fspip.php%3Farticle24577&amp;usg=AOvVaw0yFeB_JaxUrDDkjMqhnuhq\" target=\"_blank\" rel=\"noreferrer noopener\">Fernand Fontenay<\/a> paru dans<\/strong> <strong><em><a rel=\"noreferrer noopener\" href=\"https:\/\/gallica.bnf.fr\/ark:\/12148\/bpt6k4039025\/f1.item\" target=\"_blank\">L&rsquo;Humanit\u00e9<\/a><\/em>, 18 mai 1931, p. 1-2<\/strong><\/p>\n\n\n\n<div class=\"wp-block-image\"><figure class=\"aligncenter size-full\"><img data-recalc-dims=\"1\" loading=\"lazy\" decoding=\"async\" width=\"395\" height=\"572\" data-attachment-id=\"14469\" data-permalink=\"https:\/\/sinedjib.com\/index.php\/2021\/10\/25\/fernand-fontenay-derriere-le-decor-de-vincennes-les-buts-imperialistes-de-lexposition-coloniale\/lhumanite-18-mai-1931\/\" data-orig-file=\"https:\/\/i0.wp.com\/sinedjib.com\/wp-content\/uploads\/2021\/10\/LHumanite-18-mai-1931.png?fit=395%2C572&amp;ssl=1\" data-orig-size=\"395,572\" data-comments-opened=\"1\" data-image-meta=\"{&quot;aperture&quot;:&quot;0&quot;,&quot;credit&quot;:&quot;&quot;,&quot;camera&quot;:&quot;&quot;,&quot;caption&quot;:&quot;&quot;,&quot;created_timestamp&quot;:&quot;0&quot;,&quot;copyright&quot;:&quot;&quot;,&quot;focal_length&quot;:&quot;0&quot;,&quot;iso&quot;:&quot;0&quot;,&quot;shutter_speed&quot;:&quot;0&quot;,&quot;title&quot;:&quot;&quot;,&quot;orientation&quot;:&quot;0&quot;}\" data-image-title=\"LHumanite-18-mai-1931\" data-image-description=\"\" data-image-caption=\"\" data-large-file=\"https:\/\/i0.wp.com\/sinedjib.com\/wp-content\/uploads\/2021\/10\/LHumanite-18-mai-1931.png?fit=395%2C572&amp;ssl=1\" src=\"https:\/\/i0.wp.com\/sinedjib.com\/wp-content\/uploads\/2021\/10\/LHumanite-18-mai-1931.png?resize=395%2C572&#038;ssl=1\" alt=\"\" class=\"wp-image-14469\" srcset=\"https:\/\/i0.wp.com\/sinedjib.com\/wp-content\/uploads\/2021\/10\/LHumanite-18-mai-1931.png?w=395&amp;ssl=1 395w, https:\/\/i0.wp.com\/sinedjib.com\/wp-content\/uploads\/2021\/10\/LHumanite-18-mai-1931.png?resize=207%2C300&amp;ssl=1 207w\" sizes=\"auto, (max-width: 395px) 100vw, 395px\" \/><\/figure><\/div>\n\n\n\n<p><strong>A la propagande bourgeoise qui veut cr\u00e9er chez chaque travailleur la \u00ab\u00a0conscience imp\u00e9riale\u00a0\u00bb, le culte de la \u00ab\u00a0plus grande France\u00a0\u00bb, les communistes opposent l&rsquo;action commune des ouvriers de la m\u00e9tropole et des peuples coloniaux contre l&rsquo;oppresseur.<\/strong><\/p>\n\n\n\n<!--more-->\n\n\n\n<p class=\"has-drop-cap\">INTERROMPONS pour aujourd&rsquo;hui notre d\u00e9nonciation de la terrible situation de l&rsquo;Afrique noire, dite fran\u00e7aise. Les occasions ne nous manquerons pas d&rsquo;y revenir ! Il est n\u00e9cessaire de montrer bri\u00e8vement les buts v\u00e9ritables de l&rsquo;exhibition de Vincennes. <\/p>\n\n\n\n<p>L&rsquo;Exposition coloniale, ouverte depuis le 6 mai, durera jusque vers la fin de l&rsquo;ann\u00e9e. <\/p>\n\n\n\n<p>Des centaines de millions y ont \u00e9t\u00e9 consacr\u00e9s, et l&rsquo;<em>Humanit\u00e9<\/em> a montr\u00e9 nagu\u00e8re, les tripotages dont b\u00e9n\u00e9fici\u00e8rent, \u00e0 cette occasion, entrepreneurs, agents de publicit\u00e9, profiteurs de tout acabit. <\/p>\n\n\n\n<p>Mais pourquoi cette vaste manifestation colonialiste ? S&rsquo;il y a, malheureusement, d&rsquo;innombrables gogos tromp\u00e9s, par la presse capitaliste, pour ne consid\u00e9rer que le c\u00f4t\u00e9 spectaculaire de l&rsquo;Exposition coloniale, les prol\u00e9taires \u00e9clair\u00e9s, les lecteurs de l&rsquo;<em>Humanit\u00e9<\/em> comprennent, eux, que les organisateurs de la foire de Vincennes, ont ob\u00e9i \u00e0 des pr\u00e9occupations \u00e9conomiques et politiques pr\u00e9cises. Nous voulons les rappeler ici. <\/p>\n\n\n\n<p class=\"has-text-align-center has-large-font-size\"><strong><em>Conscience imp\u00e9riale !<\/em><\/strong> <\/p>\n\n\n\n<p><em>\u00ab\u00a0Le but essentiel de l&rsquo;Exposition<\/em>, disait le 6 mai le ministre Reynaud, en inaugurant la foire de Vincennes, <em>est de donner aux Fran\u00e7ais conscience de leur empire\u00a0\u00bb. <\/em><\/p>\n\n\n\n<p>Le 28 avril il d\u00e9clarait \u00e0 un journaliste bourgeois que l&rsquo;ensemble des mesures relatives aux colonies, r\u00e9cemment d\u00e9cid\u00e9es par les Chambres forme <em>\u00ab\u00a0un Plan grandiose trac\u00e9 par des b\u00e2tisseurs d&rsquo;Empire\u00a0\u00bb<\/em>. <\/p>\n\n\n\n<p>L&rsquo;id\u00e9e se retrouve partout maintenant dans la presse, dans les publications coloniales ; elle fut nagu\u00e8re le th\u00e8me d&rsquo;un grand article de Tardieu, publi\u00e9 dans l&rsquo;<em>Illustration<\/em> et auquel on n&rsquo;a peut-\u00eatre pas port\u00e9 toute l&rsquo;attention d\u00e9sirable. <\/p>\n\n\n\n<p>\u00ab\u00a0Conscience imp\u00e9riale\u00a0\u00bb ? Qu&rsquo;est-\u00e0-dire ? Le contenu de cette notion est double :  <\/p>\n\n\n\n<p>\u2014 D&rsquo;un c\u00f4t\u00e9, mise en valeur, organisation des colonies, surexploitation des peuples opprim\u00e9s, resserrement des liens \u00e9conomiques avec la m\u00e9tropole ; <\/p>\n\n\n\n<p>\u2014 De l&rsquo;autre, <em>un vaste effort de propagande<\/em> destin\u00e9 \u00e0 cr\u00e9er, dans les masses, l&rsquo;illusion d&rsquo;une communaut\u00e9 d&rsquo;int\u00e9r\u00eats entre elles et la bourgeoisie qui exploite et tyrannise les colonies.<\/p>\n\n\n\n<blockquote class=\"wp-block-quote is-layout-flow wp-block-quote-is-layout-flow\"><p><em>\u00ab\u00a0Aujourd&rsquo;hui<\/em>, \u00e9crivait derni\u00e8rement le Ministre Reynaud, <em>la crise \u00e9conomique qui bouleverse le monde souligne encore l&rsquo;int\u00e9r\u00eat vital que nous avons \u00e0 \u00e9quiper rationnellement et solidement nos colonies, tout en resserrant les liens qui les unissent \u00e0 la m\u00e9tropole. Nous pouvons accro\u00eetre notre march\u00e9 de consommation et ainsi acqu\u00e9rir une ind\u00e9pendance \u00e9conomique qui nous permettent, dans l&rsquo;avenir, de garder notre place dans un monde de puissantes unit\u00e9s \u00e9conomiques \u00bb. <\/em><\/p><\/blockquote>\n\n\n\n<p>La crise \u00e9conomique \u00ab\u00a0bouleverse le monde\u00a0\u00bb. La bourgeoisie fran\u00e7aise se tourne vers ses colonies. Elle veut y placer ses marchandises, ses capitaux. Elle veut aussi en tirer davantage de mati\u00e8res premi\u00e8res et \u00e0 meilleur prix. Elle entend se faire de ses colonies, un bouclier contre la crise mondiale. <\/p>\n\n\n\n<p>Chose difficile, car les colonies fran\u00e7aises elles-m\u00eames, <em>sont en plein dans la crise ! <\/em><\/p>\n\n\n\n<p>P. Reynaud constate qu&rsquo;une \u00ab\u00a0tornade \u00e9conomique\u00a0\u00bb d\u00e9ferle sur l&rsquo;Afrique, l&rsquo;Indochine, etc\u2026 Il signale la \u00ab chute verticale \u00bb des cours de cerraines mati\u00e8res premi\u00e8res et de certains produits coloniaux : arachides, sucre, caoutchouc, soie, palme, coton, etc. &#8230;. Dans plusieurs colonies, la crise s&rsquo;est manifest\u00e9e par une importante diminution des recettes budg\u00e9taires, par exemple en A.O.F. \u00e0 Madagascar, \u00e0 la Guyane, en A.E.F. Le mouvement commercial de Madagascar est tomb\u00e9 de 573 millions de francs pour le premier semestre 1929 \u00e0 469 pour le premier semestre de 1930, et ce n&rsquo;est qu&rsquo;un exemple entre d&rsquo;autres. <\/p>\n\n\n\n<p>Ainsi, l&rsquo;imp\u00e9rialisme fran\u00e7ais se tournant vers ses colonies pour y chercher un rem\u00e8de \u00e0 la crise \u00e9conomique qui l&rsquo;accable, les trouve elles-m\u00eames en proie au marasme le plus grand.. <\/p>\n\n\n\n<p>Il se voie alors oblig\u00e9 de revigorer, de \u00ab\u00a0doper\u00a0\u00bb, d&rsquo;\u00e9quiper son empire s&rsquo;il veut en tirer ensuite tout ce qu&rsquo;il en attend.<\/p>\n\n\n\n<p>D&rsquo;o\u00f9 un vaste effort dont l&rsquo;Exposition coloniale n&rsquo;est qu&rsquo;une manifestation <\/p>\n\n\n\n<p class=\"has-text-align-center has-large-font-size\"><strong><em>Un effort sans pr\u00e9c\u00e9dent<\/em><\/strong><\/p>\n\n\n\n<p>Les Chambres ont vot\u00e9 des emprunts s&rsquo;\u00e9levant \u00e0 5 milliards pour l&rsquo;ex\u00e9cution de travaux publics aux colonies. Les attributions du Cr\u00e9dit colonial ont \u00e9t\u00e9 \u00e9tendues, les pr\u00eats \u00e0 tous ferm\u00e9s facilit\u00e9s. Des lois de protection des produits coloniaux ont \u00e9t\u00e9 vot\u00e9es (caoutchouc, tapioca, cacao, caf\u00e9, manioc). Un corps \u00ab\u00a0d&rsquo;inspecteurs du travail\u00a0\u00bb soutiendra les efforts de rationalisation sur le dos des indig\u00e8nes. Une propagande habile attirera les capitaux aux colonies. Des voies ferr\u00e9es comme le Congo-Oc\u00e9an, des ports comme celui de Pointe-Noire, des pistes pour les autos (Sahara), des lignes a\u00e9riennes enfin seront ouvertes. Enfin de vastes transports de main-d\u2019\u0153uvre d&rsquo;une colonie \u00e0 l&rsquo;autre seront tent\u00e9s. <\/p>\n\n\n\n<p>Qu&rsquo;on n&rsquo;oublie pas qu&rsquo;\u00e0 l&rsquo;exposition coloniale, tandis que les badauds regarderont la danse du ventre ou les pseudo-cannibales, les comp\u00e9tences colonialistes travailleront ferme !<\/p>\n\n\n\n<p><em>167 congr\u00e8s techniques se sont tenus ou se tiendront, et en d\u00e9cembre, un congr\u00e8s mixte colonial et m\u00e9tropolitain mettra au point les propositions formul\u00e9es dans les assembl\u00e9es pr\u00e9c\u00e9dentes.<\/em> <\/p>\n\n\n\n<p>Comprend-on qu&rsquo;il s&rsquo;agit, \u00e0 Vincennes, de tout autre chose que d&rsquo;une Mascarade exotique ? La mise en sc\u00e8ne n&rsquo;est l\u00e0 que pour frapper les imaginations, d\u00e9velopper la \u00ab\u00a0conscience imp\u00e9riale\u00a0\u00bb dans la masse, faire souscrire aux emprunts coloniaux les \u00e9ternelles poires ! <\/p>\n\n\n\n<p class=\"has-text-align-center has-large-font-size\"><strong><em>D\u00e9masquons le colonialisme !<\/em><\/strong><\/p>\n\n\n\n<p><em>L&rsquo;Humanit\u00e9<\/em> est le seul journal qui n&rsquo;ait pas fait de propagande pour la Foire de Vincennes, comme le parti communiste est seul \u00e0 lutter contre le colonialisme sanglant. Le plan colonial de notre imp\u00e9rialisme ce traduira par la surexploitation des peuples opprim\u00e9s, par des scandales in\u00e9vitables dans l&rsquo;ex\u00e9cution des grands travaux, par le pillage de l&rsquo;\u00e9pargne \u00e0 la faveur des emprunts, par la vie plus ch\u00e8re en raison du protectionnisme su b\u00e9n\u00e9fice de maints produits, etc, et, en fin de compte, la bourgeoisie n&rsquo;aplanira aucune des difficult\u00e9s qui l&rsquo;assi\u00e8gent. <\/p>\n\n\n\n<p>Loin de l\u00e0 ! La guerre \u00e9conomique ne peut-\u00eatre qu&rsquo;accentu\u00e9e par les mesures de notre bourgeoisie, dont les rivaux s&rsquo;inqui\u00e8tent. <\/p>\n\n\n\n<blockquote class=\"wp-block-quote is-layout-flow wp-block-quote-is-layout-flow\"><p><em>\u00ab\u00a0Un effort sans pr\u00e9c\u00e9dent se fait actuellement<\/em>, \u00e9crit l&rsquo;<em>Evening Standard<\/em>, <em>pour l&rsquo;\u00e9quipement de la France et de ses colonies en vue de la lutte universelle qui se pr\u00e9pare pour la possession des mati\u00e8res premi\u00e8res et des march\u00e9s\u00a0\u00bb<\/em>.<\/p><\/blockquote>\n\n\n\n<p>Qui ne voit que cette lutte \u00e9conomique accumulera les causes mat\u00e9rielles, les souffrances pour les travailleurs et m\u00e8nera in\u00e9vitablement \u00e0 la guerre ? <\/p>\n\n\n\n<p>Les communistes d\u00e9noncent les buts de l&rsquo;Exposition coloniale capitaliste ! Ils r\u00e9ussiront d&rsquo;autant mieux \u00e0 la d\u00e9masquer qu&rsquo;elle co\u00efncide avec un profond mouvement de r\u00e9volte des peuples opprim\u00e9s, et avec une r\u00e9pression f\u00e9roce qui soul\u00e8ve l&rsquo;indignation du prol\u00e9tariat. <\/p>\n\n\n\n<p class=\"has-text-align-right\"><strong>Fernand FONTENAY.<\/strong><\/p>\n","protected":false},"excerpt":{"rendered":"<p>Article de Fernand Fontenay paru dans L&rsquo;Humanit\u00e9, 18 mai 1931, p. 1-2 A la propagande bourgeoise qui veut cr\u00e9er chez chaque travailleur la \u00ab\u00a0conscience imp\u00e9riale\u00a0\u00bb, le culte de la \u00ab\u00a0plus grande France\u00a0\u00bb, les communistes opposent l&rsquo;action commune des ouvriers de la m\u00e9tropole et des peuples coloniaux contre l&rsquo;oppresseur.<\/p>\n","protected":false},"author":1,"featured_media":0,"comment_status":"open","ping_status":"open","sticky":false,"template":"","format":"standard","meta":{"jetpack_post_was_ever_published":false,"_jetpack_newsletter_access":"","_jetpack_dont_email_post_to_subs":false,"_jetpack_newsletter_tier_id":0,"_jetpack_memberships_contains_paywalled_content":false,"_jetpack_memberships_contains_paid_content":false,"footnotes":""},"categories":[8],"tags":[4563,251,302,420,4793,457,513,556,646,910,1711,4792],"class_list":["post-14468","post","type-post","status-publish","format-standard","hentry","category-presse","tag-4563","tag-capitalisme","tag-colonialisme","tag-exposition","tag-fernand-fontenay","tag-france","tag-guerre","tag-imperialisme","tag-lhumanite","tag-parti-communiste-francais","tag-propagande","tag-vincennes"],"jetpack_featured_media_url":"","jetpack_sharing_enabled":true,"jetpack_shortlink":"https:\/\/wp.me\/p9lTYU-3Lm","jetpack_likes_enabled":true,"jetpack-related-posts":[{"id":17879,"url":"https:\/\/sinedjib.com\/index.php\/2023\/01\/23\/histoire-algerienne-de-la-france-rencontre-a-fontenay-sous-bois-vendredi-27-janvier-a-18h30\/","url_meta":{"origin":14468,"position":0},"title":"Histoire alg\u00e9rienne de la France : rencontre \u00e0 Fontenay-sous-Bois, vendredi 27 janvier \u00e0 18h30","author":"SiNedjib","date":"23\/01\/2023","format":false,"excerpt":"Je suis heureux d\u2019annoncer \u00e0 mes amis et lecteurs la tenue d\u2019une nouvelle rencontre autour de mon dernier ouvrage, Histoire alg\u00e9rienne de la France, qui vient de para\u00eetre aux Puf. Apr\u00e8s Paris, Lille, Strasbourg, Mulhouse, Argenteuil, Paris, Roubaix et Marseille, cet \u00e9v\u00e9nement se tiendra \u00e0 la librairie La Flibuste :\u2026","rel":"","context":"Dans &quot;interventions&quot;","block_context":{"text":"interventions","link":"https:\/\/sinedjib.com\/index.php\/category\/interventions\/"},"img":{"alt_text":"","src":"https:\/\/i0.wp.com\/sinedjib.com\/wp-content\/uploads\/2023\/01\/2023-01-27-Fontenay.jpg?resize=350%2C200&ssl=1","width":350,"height":200,"srcset":"https:\/\/i0.wp.com\/sinedjib.com\/wp-content\/uploads\/2023\/01\/2023-01-27-Fontenay.jpg?resize=350%2C200&ssl=1 1x, https:\/\/i0.wp.com\/sinedjib.com\/wp-content\/uploads\/2023\/01\/2023-01-27-Fontenay.jpg?resize=525%2C300&ssl=1 1.5x, https:\/\/i0.wp.com\/sinedjib.com\/wp-content\/uploads\/2023\/01\/2023-01-27-Fontenay.jpg?resize=700%2C400&ssl=1 2x, https:\/\/i0.wp.com\/sinedjib.com\/wp-content\/uploads\/2023\/01\/2023-01-27-Fontenay.jpg?resize=1050%2C600&ssl=1 3x, https:\/\/i0.wp.com\/sinedjib.com\/wp-content\/uploads\/2023\/01\/2023-01-27-Fontenay.jpg?resize=1400%2C800&ssl=1 4x"},"classes":[]},{"id":26516,"url":"https:\/\/sinedjib.com\/index.php\/2025\/07\/16\/menouer-18\/","url_meta":{"origin":14468,"position":1},"title":"Abdelaziz Menouer : L&rsquo;exposition coloniale de la Ligue anti-imp\u00e9rialiste","author":"SiNedjib","date":"16\/07\/2025","format":false,"excerpt":"Article d\u2019Abdelaziz Menouer\u00a0alias El Djaza\u00efri paru dans La Voix des jeunes, n\u00b0 8, ao\u00fbt 1931 L'ENVERS DU DECORS La foire coloniale de Vincennes bat son plein. L'inauguration des pavillons, les c\u00e9r\u00e9monies, les conf\u00e9rences, les banquets \u00e0 1.000 francs par t\u00eate, se poursuivent \u00e0 jet continu et \u00e0 grands coups de\u2026","rel":"","context":"Dans &quot;presse&quot;","block_context":{"text":"presse","link":"https:\/\/sinedjib.com\/index.php\/category\/presse\/"},"img":{"alt_text":"","src":"https:\/\/i0.wp.com\/sinedjib.com\/wp-content\/uploads\/2025\/07\/La-voix-des-jeunes-1931.jpg?resize=350%2C200&ssl=1","width":350,"height":200,"srcset":"https:\/\/i0.wp.com\/sinedjib.com\/wp-content\/uploads\/2025\/07\/La-voix-des-jeunes-1931.jpg?resize=350%2C200&ssl=1 1x, https:\/\/i0.wp.com\/sinedjib.com\/wp-content\/uploads\/2025\/07\/La-voix-des-jeunes-1931.jpg?resize=525%2C300&ssl=1 1.5x, https:\/\/i0.wp.com\/sinedjib.com\/wp-content\/uploads\/2025\/07\/La-voix-des-jeunes-1931.jpg?resize=700%2C400&ssl=1 2x, https:\/\/i0.wp.com\/sinedjib.com\/wp-content\/uploads\/2025\/07\/La-voix-des-jeunes-1931.jpg?resize=1050%2C600&ssl=1 3x"},"classes":[]},{"id":5415,"url":"https:\/\/sinedjib.com\/index.php\/2019\/04\/17\/algerie-21\/","url_meta":{"origin":14468,"position":2},"title":"Alg\u00e9rie, d&rsquo;une r\u00e9volution l&rsquo;autre : rencontre \u00e0 Fontenay-sous-Bois, vendredi 19 avril \u00e0 19h","author":"SiNedjib","date":"17\/04\/2019","format":false,"excerpt":"J\u2019ai le plaisir d\u2019annoncer \u00e0 mes amis et lecteurs que je pr\u00e9senterai mon dernier livre\u00a0Alg\u00e9rie, une autre histoire de l\u2019ind\u00e9pendance et qui porte sur les trajectoires r\u00e9volutionnaires des partisans de Messali Hadj, ce vendredi 19 avril \u00e0 19h \u00e0 Fontenay-sous-Bois. La rencontre aura lieu \u00e0 la librairie La Flibuste :\u2026","rel":"","context":"Dans &quot;interventions&quot;","block_context":{"text":"interventions","link":"https:\/\/sinedjib.com\/index.php\/category\/interventions\/"},"img":{"alt_text":"","src":"https:\/\/i0.wp.com\/sinedjib.com\/wp-content\/uploads\/2019\/01\/Alg%C3%A9rie-une-autre-histoire-de-lind%C3%A9pendance.jpg?resize=350%2C200&ssl=1","width":350,"height":200},"classes":[]},{"id":19918,"url":"https:\/\/sinedjib.com\/index.php\/2023\/09\/25\/le-remplacant-2\/","url_meta":{"origin":14468,"position":3},"title":"Le Rempla\u00e7ant : rencontre \u00e0 Fontenay-sous-Bois, vendredi 29 septembre \u00e0 18h30","author":"SiNedjib","date":"25\/09\/2023","format":false,"excerpt":"Je suis heureux d\u2019annoncer \u00e0 mes amis, camarades et lecteurs la tenue d\u2019une nouvelle rencontre autour de mon dernier livre intitul\u00e9 Le Rempla\u00e7ant. Journal d\u2019un prof (pr\u00e9caire) de banlieue. Cet \u00e9v\u00e9nement aura lieu le vendredi 29 septembre \u00e0 partir de 18h30 \u00e0 la librairie La Flibuste : 3, rue Jean-Jacques\u2026","rel":"","context":"Dans &quot;interventions&quot;","block_context":{"text":"interventions","link":"https:\/\/sinedjib.com\/index.php\/category\/interventions\/"},"img":{"alt_text":"","src":"https:\/\/i0.wp.com\/sinedjib.com\/wp-content\/uploads\/2023\/05\/LE-REMPLACANT-couv.jpg?resize=350%2C200&ssl=1","width":350,"height":200},"classes":[]},{"id":11925,"url":"https:\/\/sinedjib.com\/index.php\/2021\/03\/27\/fernand-doukhan-le-probleme-syndical-en-afrique-du-nord\/","url_meta":{"origin":14468,"position":4},"title":"Fernand Doukhan : Le probl\u00e8me syndical en Afrique du Nord","author":"SiNedjib","date":"27\/03\/2021","format":false,"excerpt":"Article de Fernand Doukhan paru dans Le Libertaire, n\u00b0 360, 14 mai 1953, p. 1-2 Nous extrayons, de \"L'Ecole R\u00e9publicaine\", bulletin de la section d'Alger du Syndicat national des instituteurs et institutrices de l'Union Fran\u00e7aise, n\u00b0 7 d'avril 1953, cette partie d'un texte de notre camarade Doukhan, instituteur \u00e0 Alger,\u2026","rel":"","context":"Dans &quot;presse&quot;","block_context":{"text":"presse","link":"https:\/\/sinedjib.com\/index.php\/category\/presse\/"},"img":{"alt_text":"","src":"https:\/\/i0.wp.com\/sinedjib.com\/wp-content\/uploads\/2021\/03\/Le-Libertaire-14-mai-1953.png?resize=350%2C200&ssl=1","width":350,"height":200,"srcset":"https:\/\/i0.wp.com\/sinedjib.com\/wp-content\/uploads\/2021\/03\/Le-Libertaire-14-mai-1953.png?resize=350%2C200&ssl=1 1x, https:\/\/i0.wp.com\/sinedjib.com\/wp-content\/uploads\/2021\/03\/Le-Libertaire-14-mai-1953.png?resize=525%2C300&ssl=1 1.5x"},"classes":[]},{"id":12051,"url":"https:\/\/sinedjib.com\/index.php\/2021\/04\/19\/fernand-doukhan-dictature-francaise-en-algerie-un-coup-de-force\/","url_meta":{"origin":14468,"position":5},"title":"Fernand Doukhan : Dictature fran\u00e7aise en Alg\u00e9rie. Un coup de force","author":"SiNedjib","date":"19\/04\/2021","format":false,"excerpt":"Article de Fernand Doukhan paru dans Le Libertaire, n\u00b0 320, 19 juin 1952 L'article que nous reproduisons ci-dessous est tir\u00e9 de \"L'Ecole r\u00e9publicaine\", bulletin de la section d'Alger du Syndicat National des Instituteurs et Institutrices de l'Union Fran\u00e7aise, du mois de mai 1952. Il nous a paru important de le\u2026","rel":"","context":"Dans &quot;presse&quot;","block_context":{"text":"presse","link":"https:\/\/sinedjib.com\/index.php\/category\/presse\/"},"img":{"alt_text":"","src":"https:\/\/i0.wp.com\/sinedjib.com\/wp-content\/uploads\/2021\/04\/Le-Libertaire-19-juin-1952.png?resize=350%2C200&ssl=1","width":350,"height":200,"srcset":"https:\/\/i0.wp.com\/sinedjib.com\/wp-content\/uploads\/2021\/04\/Le-Libertaire-19-juin-1952.png?resize=350%2C200&ssl=1 1x, https:\/\/i0.wp.com\/sinedjib.com\/wp-content\/uploads\/2021\/04\/Le-Libertaire-19-juin-1952.png?resize=525%2C300&ssl=1 1.5x"},"classes":[]}],"_links":{"self":[{"href":"https:\/\/sinedjib.com\/index.php\/wp-json\/wp\/v2\/posts\/14468","targetHints":{"allow":["GET"]}}],"collection":[{"href":"https:\/\/sinedjib.com\/index.php\/wp-json\/wp\/v2\/posts"}],"about":[{"href":"https:\/\/sinedjib.com\/index.php\/wp-json\/wp\/v2\/types\/post"}],"author":[{"embeddable":true,"href":"https:\/\/sinedjib.com\/index.php\/wp-json\/wp\/v2\/users\/1"}],"replies":[{"embeddable":true,"href":"https:\/\/sinedjib.com\/index.php\/wp-json\/wp\/v2\/comments?post=14468"}],"version-history":[{"count":1,"href":"https:\/\/sinedjib.com\/index.php\/wp-json\/wp\/v2\/posts\/14468\/revisions"}],"predecessor-version":[{"id":14473,"href":"https:\/\/sinedjib.com\/index.php\/wp-json\/wp\/v2\/posts\/14468\/revisions\/14473"}],"wp:attachment":[{"href":"https:\/\/sinedjib.com\/index.php\/wp-json\/wp\/v2\/media?parent=14468"}],"wp:term":[{"taxonomy":"category","embeddable":true,"href":"https:\/\/sinedjib.com\/index.php\/wp-json\/wp\/v2\/categories?post=14468"},{"taxonomy":"post_tag","embeddable":true,"href":"https:\/\/sinedjib.com\/index.php\/wp-json\/wp\/v2\/tags?post=14468"}],"curies":[{"name":"wp","href":"https:\/\/api.w.org\/{rel}","templated":true}]}}