{"id":15729,"date":"2022-03-07T18:58:17","date_gmt":"2022-03-07T17:58:17","guid":{"rendered":"https:\/\/sinedjib.com\/?p=15729"},"modified":"2024-01-06T18:11:24","modified_gmt":"2024-01-06T17:11:24","slug":"quand-un-journaliste-bourgeois-devient-lucide","status":"publish","type":"post","link":"https:\/\/sinedjib.com\/index.php\/2022\/03\/07\/quand-un-journaliste-bourgeois-devient-lucide\/","title":{"rendered":"Quand un journaliste bourgeois devient lucide"},"content":{"rendered":"\n<p><strong>Textes parus dans <em><a href=\"https:\/\/archivesautonomies.org\/IMG\/pdf\/soub\/pouvoirouvrier\/po-n038.pdf\" target=\"_blank\" rel=\"noreferrer noopener\">Pouvoir ouvrier<\/a><\/em>, n\u00b0 38, mars 1962, p. 2-3<\/strong><\/p>\n\n\n<div class=\"wp-block-image\">\n<figure class=\"aligncenter size-full\"><img data-recalc-dims=\"1\" loading=\"lazy\" decoding=\"async\" width=\"491\" height=\"571\" data-attachment-id=\"15686\" data-permalink=\"https:\/\/sinedjib.com\/index.php\/2022\/03\/03\/le-contingent-et-le-cessez-le-feu\/pouvoir-ouvrier-mars-1962\/\" data-orig-file=\"https:\/\/i0.wp.com\/sinedjib.com\/wp-content\/uploads\/2022\/03\/Pouvoir-ouvrier-mars-1962.png?fit=491%2C571&amp;ssl=1\" data-orig-size=\"491,571\" data-comments-opened=\"1\" data-image-meta=\"{&quot;aperture&quot;:&quot;0&quot;,&quot;credit&quot;:&quot;&quot;,&quot;camera&quot;:&quot;&quot;,&quot;caption&quot;:&quot;&quot;,&quot;created_timestamp&quot;:&quot;0&quot;,&quot;copyright&quot;:&quot;&quot;,&quot;focal_length&quot;:&quot;0&quot;,&quot;iso&quot;:&quot;0&quot;,&quot;shutter_speed&quot;:&quot;0&quot;,&quot;title&quot;:&quot;&quot;,&quot;orientation&quot;:&quot;0&quot;}\" data-image-title=\"Pouvoir-ouvrier-mars-1962\" data-image-description=\"\" data-image-caption=\"\" data-large-file=\"https:\/\/i0.wp.com\/sinedjib.com\/wp-content\/uploads\/2022\/03\/Pouvoir-ouvrier-mars-1962.png?fit=491%2C571&amp;ssl=1\" src=\"https:\/\/i0.wp.com\/sinedjib.com\/wp-content\/uploads\/2022\/03\/Pouvoir-ouvrier-mars-1962.png?resize=491%2C571&#038;ssl=1\" alt=\"\" class=\"wp-image-15686\" srcset=\"https:\/\/i0.wp.com\/sinedjib.com\/wp-content\/uploads\/2022\/03\/Pouvoir-ouvrier-mars-1962.png?w=491&amp;ssl=1 491w, https:\/\/i0.wp.com\/sinedjib.com\/wp-content\/uploads\/2022\/03\/Pouvoir-ouvrier-mars-1962.png?resize=258%2C300&amp;ssl=1 258w\" sizes=\"auto, (max-width: 491px) 100vw, 491px\" \/><\/figure>\n<\/div>\n\n\n<hr class=\"wp-block-separator has-css-opacity\"\/>\n\n\n\n<p><strong><span style=\"text-decoration: underline;\">LA SITUATION A CONSTANTINE VUE PAR LE FIGARO (15.3.62).<\/span><\/strong><\/p>\n\n\n\n<blockquote class=\"wp-block-quote is-layout-flow wp-block-quote-is-layout-flow\">\n<p>Il est clair, et on a eu l&rsquo;occasion de le v\u00e9rifier d\u00e9j\u00e0 \u00e0 plusieurs reprises, qu&rsquo;en cas de heurs entre les communaut\u00e9s, l&rsquo;arm\u00e9e prendra partie pour les Europ\u00e9ens.<\/p>\n\n\n\n<p>Les autorit\u00e9s civiles s&rsquo;inqui\u00e8tent de cet \u00e9tat d&rsquo;esprit.<\/p>\n\n\n\n<p>Elles constatent avec une certaine amertume leur impuissance.<\/p>\n\n\n\n<p>Elles n&rsquo;ont aucun moyen d&rsquo;action. Les services de la Pr\u00e9fecture comprennent une immense majorit\u00e9 de Fran\u00e7ais d&rsquo;Alg\u00e9rie. La police est noyaut\u00e9e par l&rsquo;O.A.S. Les autorit\u00e9s sont noy\u00e9es dans un milieu hostile, \u00e9pi\u00e9es et surveill\u00e9es sans cesse.<\/p>\n\n\n\n<p>L&rsquo;O.A.S. distribue des tracts et des bulletins d&rsquo;informations, multiplie ses \u00e9missions-pirates de la radio, intercepte les ordres et prend connaissance des consignes les plus secr\u00e8tes. La Pr\u00e9fecture n&rsquo;a aucun moyen d&rsquo;action propre. Elle est oblig\u00e9e de passer par le canal de l&rsquo;arm\u00e9e qui lui refuse son  concours actif. Certains militaires sont ouvertement favorables \u00e0 l&rsquo;OAS. Les autres, l&rsquo;immense majorit\u00e9, restent dans l&rsquo;expectative.<\/p>\n<cite>MAX CLOS<\/cite><\/blockquote>\n\n\n\n<!--more-->\n\n\n\n<hr class=\"wp-block-separator has-css-opacity\"\/>\n\n\n\n<p><strong><span style=\"text-decoration: underline;\">LES PHRASES DEFINITIVES<\/span><\/strong><\/p>\n\n\n\n<p class=\"has-text-align-center\">QUI ET QUAND ?<\/p>\n\n\n\n<p>Les d\u00e9partements d&rsquo;Alg\u00e9rie font partie de<br>la R\u00e9publique, ils sont fran\u00e7ais depuis<br>longtemps ; jamais la France, jamais aucun<br>Gouvernement ne c\u00e8dera sur ce principe<br>fondamental. (I)<\/p>\n\n\n\n<p class=\"has-text-align-right\">Tous les moyens seront r\u00e9unis pour que<br>la force de la nation l&#8217;emporte, quelles<br>que puissent \u00eatre les difficult\u00e9s et les<br>cruaut\u00e9s de cette t\u00e2che. (2)<\/p>\n\n\n\n<p class=\"has-text-align-center has-small-font-size\">Novembre 1954&#8230;&#8230;&#8230;&#8230;&#8230;&#8230;. MENDES (I) et MITTERRAND (2)<\/p>\n\n\n\n<hr class=\"wp-block-separator has-css-opacity\"\/>\n\n\n\n<p class=\"has-text-align-right\">Nous n&rsquo;irons plus au bois<br>Les Lauriers sont coup\u00e9s ;<br>La belle que voil\u00e0<br>Ira les ramasser,<br>Entrez dans la danse<\/p>\n\n\n\n<p class=\"has-text-align-right\">&#8230;&#8230;&#8230;&#8230;&#8230;&#8230;&#8230;&#8230;&#8230;&#8230;&#8230;&#8230;&#8230;..<\/p>\n\n\n\n<p>La paix en Alg\u00e9rie ! Chaque jour \u00e0 Bab-el-Oued, \u00e0 Oran, \u00e0 B\u00f4ne, le massacre continue.<\/p>\n\n\n\n<p>Le Gouvernement, les politiciens de droite et de gauche \u00ab\u00a0tr\u00e8s \u00e9mus par ce d\u00e9sordre persistant\u00a0\u00bb pr\u00e9parent avec ferveur les prochaines \u00e9lections. De l&rsquo;U.N.R. aux communistes ce n&rsquo;est qu&rsquo;un m\u00eame souci : r\u00e9colter des places de d\u00e9put\u00e9, et pour cela, chacun de d\u00e9montrer au bon peuple qu&rsquo;il est le responsable de la paix.<\/p>\n\n\n\n<p>\u00c9coutons ce brillant festival !<\/p>\n\n\n\n<p>THOREZ. \u00ab\u00a0Cette paix a \u00e9t\u00e9 gagn\u00e9e par la lutte du peuple fran\u00e7ais,<br>soutenue par notre parti qui a toujours men\u00e9 avec vigueur le combat anti-colonialiste, qui d\u00e8s le d\u00e9but a soutenu les aspirations l\u00e9gitimes du peuple alg\u00e9rien\u00a0\u00bb.<\/p>\n\n\n\n<p>MOLLET. \u00ab\u00a0C&rsquo;est la politique que nous avons toujours pr\u00e9conis\u00e9e\u00a0\u00bb.<\/p>\n\n\n\n<p>MENDES-FRANCE. M\u00eame refrain.<\/p>\n\n\n\n<p>M.R.P. Il met l&rsquo;accent sur le fait qu&rsquo;un de ses ministres \u00e9tait un n\u00e9gociateur des Rousses.<\/p>\n\n\n\n<p>U.N.R. Elle est encore plus gourmande. De sordides calculs divisent ses chefs pour savoir \u00e0 quel moment [on doit proc\u00e9der] \u00e0 des \u00e9lections pour en retirer le plus grand b\u00e9n\u00e9fice. Car ces messieurs, les Frey, Michelet, Debr\u00e9, s&rsquo;estiment les grands artisans de la paix.<\/p>\n\n\n\n<p>Ainsi chacun cherche \u00e0 \u00eatre r\u00e9compens\u00e9 par ses \u00e9lecteurs d&rsquo;une si brillante victoire : la fin de sept ans et demie d&rsquo;une guerre qu&rsquo;ils s&#8217;empressent tous de trouver \u00ab\u00a0imb\u00e9cile\u00a0\u00bb.<\/p>\n\n\n\n<p>Peut-on leur demander pourquoi ils n&rsquo;\u00e9taient pas si lucides il y a sept<br>ans ? Sont-ce l\u00e0 nos grands g\u00e9nies politiques ?<\/p>\n\n\n\n<p>Ils se sont tromp\u00e9s vous diront-ils !<\/p>\n\n\n\n<p>L&rsquo;envoi du contingent, les pouvoirs sp\u00e9ciaux, l&rsquo;\u00e9tat d&rsquo;urgence, la ba-taille d&rsquo;Alger, les ratissages, les exploits de Massu, tout cela \u00e9tait une erreur.<\/p>\n\n\n\n<p>Un MILLION d&rsquo;Alg\u00e9riens morts, DEUX CENT MILLE soldats du contingent, voil\u00e0 ce qu&rsquo;a co\u00fbt\u00e9 cette erreur. Mais personne n&rsquo;est responsable.<\/p>\n\n\n\n<p>D\u00e8s le d\u00e9but de Thorez \u00e0 de Gaulle, ils \u00e9taient pour la n\u00e9gociation !<\/p>\n\n\n\n<p>Ils nous invitent maintenant \u00e0 leur tresser des lauriers.<\/p>\n","protected":false},"excerpt":{"rendered":"<p>Textes parus dans Pouvoir ouvrier, n\u00b0 38, mars 1962, p. 2-3 LA SITUATION A CONSTANTINE VUE PAR LE FIGARO (15.3.62). Il est clair, et on a eu l&rsquo;occasion de le v\u00e9rifier d\u00e9j\u00e0 \u00e0 plusieurs reprises, qu&rsquo;en cas de heurs entre les communaut\u00e9s, l&rsquo;arm\u00e9e prendra partie pour les Europ\u00e9ens. Les autorit\u00e9s civiles s&rsquo;inqui\u00e8tent de cet \u00e9tat [&hellip;]<\/p>\n","protected":false},"author":1,"featured_media":0,"comment_status":"open","ping_status":"open","sticky":false,"template":"","format":"standard","meta":{"_jetpack_newsletter_access":"","_jetpack_dont_email_post_to_subs":false,"_jetpack_newsletter_tier_id":0,"_jetpack_memberships_contains_paywalled_content":false,"_jetpack_feature_clip_id":0,"_jetpack_memberships_contains_paid_content":false,"footnotes":"","jetpack_post_was_ever_published":false},"categories":[8],"tags":[42,112,152,457,455,518,2232,4183,891,2826,946,957,963],"class_list":["post-15729","post","type-post","status-publish","format-standard","hentry","category-presse","tag-42","tag-algerie","tag-armee","tag-france","tag-francois-mitterrand","tag-guy-mollet","tag-jacques-massu","tag-maurice-thorez","tag-organisation-armee-secrete","tag-paix","tag-pierre-mendes-france","tag-police","tag-pouvoir-ouvrier"],"jetpack_featured_media_url":"","jetpack_sharing_enabled":true,"jetpack_shortlink":"https:\/\/wp.me\/p9lTYU-45H","jetpack_likes_enabled":true,"jetpack-related-posts":[{"id":15685,"url":"https:\/\/sinedjib.com\/index.php\/2022\/03\/03\/le-contingent-et-le-cessez-le-feu\/","url_meta":{"origin":15729,"position":0},"title":"Le contingent et le cessez-le-feu","author":"SiNedjib","date":"03\/03\/2022","format":false,"excerpt":"Article paru dans Pouvoir ouvrier, n\u00b0 38, mars 1962, p. 1-2 A mesure que le cessez-le-feu approche, les attentats se multiplient dans les villes d'Alg\u00e9rie : des Alg\u00e9riens tuent des Europ\u00e9ens, des Europ\u00e9ens tuent des Alg\u00e9riens. Mais le sc\u00e9nario est diff\u00e9rent dans les deux cas. Premier cas : un Alg\u00e9rien\u2026","rel":"","context":"Dans &quot;presse&quot;","block_context":{"text":"presse","link":"https:\/\/sinedjib.com\/index.php\/category\/presse\/"},"img":{"alt_text":"","src":"https:\/\/i0.wp.com\/sinedjib.com\/wp-content\/uploads\/2022\/03\/Pouvoir-ouvrier-mars-1962.png?resize=350%2C200&ssl=1","width":350,"height":200},"classes":[]},{"id":15504,"url":"https:\/\/sinedjib.com\/index.php\/2022\/02\/08\/8-fevrier-1962\/","url_meta":{"origin":15729,"position":1},"title":"8 f\u00e9vrier 1962","author":"SiNedjib","date":"08\/02\/2022","format":false,"excerpt":"Article paru dans Pouvoir ouvrier, n\u00b0 37, f\u00e9vrier 1962, p. 1-2 Un million de personnes aux obs\u00e8ques des travailleurs tu\u00e9s par la police r\u00e9publicaine. Sur quoi s'appuie le r\u00e9gime gaulliste ? Sur le patronat et l'Etat. Quels int\u00e9r\u00eats d\u00e9fend-il ? Les int\u00e9r\u00eats du patronat et de l'Etat, ma\u00eetres de la\u2026","rel":"","context":"Dans &quot;presse&quot;","block_context":{"text":"presse","link":"https:\/\/sinedjib.com\/index.php\/category\/presse\/"},"img":{"alt_text":"","src":"https:\/\/i0.wp.com\/sinedjib.com\/wp-content\/uploads\/2022\/02\/Pouvoir-ouvrier-fevrier-1962.png?resize=350%2C200&ssl=1","width":350,"height":200},"classes":[]},{"id":15199,"url":"https:\/\/sinedjib.com\/index.php\/2022\/01\/05\/g-vataud-contre-lo-a-s-certes-mais-aussi-contre-de-gaulle\/","url_meta":{"origin":15729,"position":2},"title":"G. Vataud : Contre l&rsquo;O.A.S. certes. Mais aussi contre De Gaulle","author":"SiNedjib","date":"05\/01\/2022","format":false,"excerpt":"Article de G. Vataud paru dans La V\u00e9rit\u00e9 des travailleurs, n\u00b0 122, janvier 1962, p. 1-2 Sommes-nous \u00e0 la veille d'un nouveau putsch ? Telle est la question que se pose actuellement le mouvement ouvrier. LE plastic contre des permanences et des militants ouvriers, le mitraillage du si\u00e8ge central du\u2026","rel":"","context":"Dans &quot;presse&quot;","block_context":{"text":"presse","link":"https:\/\/sinedjib.com\/index.php\/category\/presse\/"},"img":{"alt_text":"","src":"https:\/\/i0.wp.com\/sinedjib.com\/wp-content\/uploads\/2022\/01\/La-Verite-des-travailleurs-janvier-1962.png?resize=350%2C200&ssl=1","width":350,"height":200},"classes":[]},{"id":16168,"url":"https:\/\/sinedjib.com\/index.php\/2022\/05\/03\/proces-salan\/","url_meta":{"origin":15729,"position":3},"title":"Proc\u00e8s Salan","author":"SiNedjib","date":"03\/05\/2022","format":false,"excerpt":"Article paru dans Pouvoir ouvrier, n\u00b0 40, mai 1962, p. 1-2 Aujourd'hui on juge Salan pour les crimes qu'il a commis en tant que chef de l'O.A.S. On ne le juge pas pour les crimes qu'il a commis en tant que g\u00e9n\u00e9ral de l'arm\u00e9e fran\u00e7aise en Alg\u00e9rie, car s'il devait\u2026","rel":"","context":"Dans &quot;presse&quot;","block_context":{"text":"presse","link":"https:\/\/sinedjib.com\/index.php\/category\/presse\/"},"img":{"alt_text":"","src":"https:\/\/i0.wp.com\/sinedjib.com\/wp-content\/uploads\/2022\/05\/Pouvoir-ouvrier-mai-1962.png?resize=350%2C200&ssl=1","width":350,"height":200},"classes":[]},{"id":16391,"url":"https:\/\/sinedjib.com\/index.php\/2022\/06\/14\/des-extremistes-purs\/","url_meta":{"origin":15729,"position":4},"title":"\u00ab\u00a0Des extr\u00e9mistes purs\u00a0\u00bb","author":"SiNedjib","date":"14\/06\/2022","format":false,"excerpt":"Article paru dans Pouvoir ouvrier, Organe Central des Communistes R\u00e9volutionnaires en France (Pour la Nouvelle Internationale Communiste), n\u00b0 13, septembre-octobre 1945, p. 2 C'est sous ce titre que le Front Ouvrier de Lyon entreprend une attaque contre les Communistes r\u00e9volutionnaires et \"Pouvoir ouvrier\". C'est que nos opinions repr\u00e9sentent un danger\u2026","rel":"","context":"Dans &quot;presse&quot;","block_context":{"text":"presse","link":"https:\/\/sinedjib.com\/index.php\/category\/presse\/"},"img":{"alt_text":"","src":"https:\/\/i0.wp.com\/sinedjib.com\/wp-content\/uploads\/2022\/06\/Pouvoir-ouvrier-septembre-1945.png?resize=350%2C200&ssl=1","width":350,"height":200},"classes":[]},{"id":16058,"url":"https:\/\/sinedjib.com\/index.php\/2022\/04\/22\/j-regnaud-apres-la-signature-des-accords-devian\/","url_meta":{"origin":15729,"position":5},"title":"J. Regnaud : Apr\u00e8s la signature des accords d&rsquo;Evian","author":"SiNedjib","date":"22\/04\/2022","format":false,"excerpt":"Article de J. Regnaud paru dans Quatri\u00e8me Internationale, 20\u00e8me ann\u00e9e, n\u00b0 15, avril 1962 (2\u00e8me trimestre), p. 42-45 LA REVOLUTION ALGERIENNE, ALLIEE N\u00b0 1 DE LA CLASSE OUVRIERE FRANCAISE La signature des accords d'Evian, qui ouvre une phase nouvelle de la R\u00e9volution alg\u00e9rienne, ouvre aussi une nouvelle page de l'histoire\u2026","rel":"","context":"Dans &quot;revues&quot;","block_context":{"text":"revues","link":"https:\/\/sinedjib.com\/index.php\/category\/revues\/"},"img":{"alt_text":"","src":"https:\/\/i0.wp.com\/sinedjib.com\/wp-content\/uploads\/2022\/04\/Quatrieme-Internationale-avril-1962.png?resize=350%2C200&ssl=1","width":350,"height":200},"classes":[]}],"_links":{"self":[{"href":"https:\/\/sinedjib.com\/index.php\/wp-json\/wp\/v2\/posts\/15729","targetHints":{"allow":["GET"]}}],"collection":[{"href":"https:\/\/sinedjib.com\/index.php\/wp-json\/wp\/v2\/posts"}],"about":[{"href":"https:\/\/sinedjib.com\/index.php\/wp-json\/wp\/v2\/types\/post"}],"author":[{"embeddable":true,"href":"https:\/\/sinedjib.com\/index.php\/wp-json\/wp\/v2\/users\/1"}],"replies":[{"embeddable":true,"href":"https:\/\/sinedjib.com\/index.php\/wp-json\/wp\/v2\/comments?post=15729"}],"version-history":[{"count":3,"href":"https:\/\/sinedjib.com\/index.php\/wp-json\/wp\/v2\/posts\/15729\/revisions"}],"predecessor-version":[{"id":20904,"href":"https:\/\/sinedjib.com\/index.php\/wp-json\/wp\/v2\/posts\/15729\/revisions\/20904"}],"wp:attachment":[{"href":"https:\/\/sinedjib.com\/index.php\/wp-json\/wp\/v2\/media?parent=15729"}],"wp:term":[{"taxonomy":"category","embeddable":true,"href":"https:\/\/sinedjib.com\/index.php\/wp-json\/wp\/v2\/categories?post=15729"},{"taxonomy":"post_tag","embeddable":true,"href":"https:\/\/sinedjib.com\/index.php\/wp-json\/wp\/v2\/tags?post=15729"}],"curies":[{"name":"wp","href":"https:\/\/api.w.org\/{rel}","templated":true}]}}