{"id":16815,"date":"2022-08-08T13:30:32","date_gmt":"2022-08-08T11:30:32","guid":{"rendered":"https:\/\/sinedjib.com\/?p=16815"},"modified":"2022-08-08T13:45:25","modified_gmt":"2022-08-08T11:45:25","slug":"rene-michel-le-crepuscule-des-soviets","status":"publish","type":"post","link":"https:\/\/sinedjib.com\/index.php\/2022\/08\/08\/rene-michel-le-crepuscule-des-soviets\/","title":{"rendered":"Ren\u00e9 Michel : Le cr\u00e9puscule des soviets"},"content":{"rendered":"\n<p><strong>Article de Ren\u00e9 Michel paru dans <em><a rel=\"noreferrer noopener\" href=\"https:\/\/archivesautonomies.org\/IMG\/pdf\/anarchismes\/apres-1944\/lelibertaire\/1949\/libertaire174.pdf\" target=\"_blank\">Le Libertaire<\/a><\/em>, n\u00b0 174, 25 mars 1949, p. 3<\/strong><\/p>\n\n\n\n<div class=\"wp-block-image\"><figure class=\"aligncenter size-full\"><img data-recalc-dims=\"1\" loading=\"lazy\" decoding=\"async\" width=\"388\" height=\"553\" data-attachment-id=\"16816\" data-permalink=\"https:\/\/sinedjib.com\/index.php\/2022\/08\/08\/rene-michel-le-crepuscule-des-soviets\/ida-mett-la-commune-de-cronstadt\/\" data-orig-file=\"https:\/\/i0.wp.com\/sinedjib.com\/wp-content\/uploads\/2022\/08\/Ida-Mett-la-commune-de-cronstadt.png?fit=388%2C553&amp;ssl=1\" data-orig-size=\"388,553\" data-comments-opened=\"1\" data-image-meta=\"{&quot;aperture&quot;:&quot;0&quot;,&quot;credit&quot;:&quot;&quot;,&quot;camera&quot;:&quot;&quot;,&quot;caption&quot;:&quot;&quot;,&quot;created_timestamp&quot;:&quot;0&quot;,&quot;copyright&quot;:&quot;&quot;,&quot;focal_length&quot;:&quot;0&quot;,&quot;iso&quot;:&quot;0&quot;,&quot;shutter_speed&quot;:&quot;0&quot;,&quot;title&quot;:&quot;&quot;,&quot;orientation&quot;:&quot;0&quot;}\" data-image-title=\"Ida-Mett-la-commune-de-cronstadt\" data-image-description=\"\" data-image-caption=\"\" data-large-file=\"https:\/\/i0.wp.com\/sinedjib.com\/wp-content\/uploads\/2022\/08\/Ida-Mett-la-commune-de-cronstadt.png?fit=388%2C553&amp;ssl=1\" src=\"https:\/\/i0.wp.com\/sinedjib.com\/wp-content\/uploads\/2022\/08\/Ida-Mett-la-commune-de-cronstadt.png?resize=388%2C553&#038;ssl=1\" alt=\"\" class=\"wp-image-16816\" srcset=\"https:\/\/i0.wp.com\/sinedjib.com\/wp-content\/uploads\/2022\/08\/Ida-Mett-la-commune-de-cronstadt.png?w=388&amp;ssl=1 388w, https:\/\/i0.wp.com\/sinedjib.com\/wp-content\/uploads\/2022\/08\/Ida-Mett-la-commune-de-cronstadt.png?resize=210%2C300&amp;ssl=1 210w\" sizes=\"auto, (max-width: 388px) 100vw, 388px\" \/><\/figure><\/div>\n\n\n\n<p>Sous le titre \u00ab\u00a0La Commune de Cronstadt, cr\u00e9puscule sanglant des Soviets\u00a0\u00bb (1), Ida Mett nous donne un expos\u00e9 bref et saisissant des origines de Cronstadt r\u00e9volutionnaire, de son insurrection contre la bureaucratisation bolchevique, de sa mort h\u00e9ro\u00efque. On sait quel avait \u00e9t\u00e9, tant en 1904-1906 qu&rsquo;en f\u00e9vrier et en octobre 1918, le glorieux pass\u00e9 r\u00e9volutionnaire de la flotte russe, particuli\u00e8rement en Mer Noire, dans la Baltique et \u00e0 Cronstadt. Comment pourrait-on croire dans les accusations de L\u00e9nine, Trotsky, Staline, unis dans le mensonge, lorsqu&rsquo;ils tentent de nous pr\u00e9senter le Cronstadt de 1921 qui exigeait la libert\u00e9 des soviets, des ouvriers et des paysans, et la fin de la dictature d&rsquo;un parti, celui des Bolcheviks, comme contre-r\u00e9volutionnaire ? Ida Mett fait justice des calomnies venant d&rsquo;un parti qui soutenait la bureaucratisation parce qu&rsquo;il s&rsquo;appuyait sur elle pour maintenir le peuple en esclavage, au nom d&rsquo;un \u00e9tatisme tout puissant.<\/p>\n\n\n\n<!--more-->\n\n\n\n<p>Le livre met en relief combien la r\u00e9volte de Cronstadt pour la libert\u00e9 r\u00e9volte de Cronstadt pour la libert\u00e9 r\u00e9pondait \u00e0 une aspiration g\u00e9n\u00e9rale de la Russie. Cronstadt entra dans la lutte \u00e0 la suite d&rsquo;une vague de gr\u00e8ves des ouvriers de P\u00e9trograd ! Mais P\u00e9trograd ouvri\u00e8re \u00e9tait d\u00e9sarm\u00e9e, et les Bolcheviks purent facilement la r\u00e9primer : tandis que Cronstadt \u00e9tait une \u00eele-forteresse !<\/p>\n\n\n\n<p>Les Bolcheviks firent tout pour isoler Cronstadt. Ils <strong>achet\u00e8rent des vivres \u00e0 l&rsquo;\u00e9tranger pour distribuer \u00e0 la population de Petrograd<\/strong> et l&rsquo;acheter ainsi. Mais ils ne purent emp\u00eacher la d\u00e9moralisation et les d\u00e9sertions massives dans les troupes rouges qu&rsquo;ils envoyaient \u00ab\u00a0conqu\u00e9rir\u00a0\u00bb l&rsquo;h\u00e9ro\u00efque Cronstadt. Ce n&rsquo;est qu&rsquo;au prix d&rsquo;un mal inou\u00ef, en remaniant leurs effectifs, qu&rsquo;ils purent prendre la ville, au milieu d&rsquo;une horrible r\u00e9pression contre celles de leurs troupes qui refusaient un combat fratricide. <\/p>\n\n\n\n<p>Cronstadt tomb\u00e9e, et avec elle les derni\u00e8res chances d&rsquo;un redressement de la R\u00e9volution Russe vers la libert\u00e9, tous les Bolcheviks s&#8217;employ\u00e8rent \u00e0 la calomnier. C&rsquo;est l\u00e0 qu&rsquo;\u00e9clate le plus visiblement l&rsquo;essence m\u00eame du Bolchevisme : la dictature \u00e9tatique contre les travailleurs. Mais, avant de succomber, Cronstadt avait eu le temps de formuler le mot d&rsquo;ordre d&rsquo;une troisi\u00e8me r\u00e9volution, succ\u00e9dant \u00e0 f\u00e9vrier et \u00e0 octobre : \u00ab\u00a0A Cronstadt est pos\u00e9e la premi\u00e8re pierre de la 3e r\u00e9volution qui brisera les derni\u00e8res cha\u00eenes liant les masses laborieuses et ouvrira une voie nouvelle pour la cr\u00e9ation socialiste\u00a0\u00bb (Les \u00ab\u00a0Izvestia\u00a0\u00bb de Cronstadt, 8 mars 1921).<\/p>\n\n\n\n<p>Cette 3e r\u00e9volution est-elle celle que veulent les Anarchistes ? Certes, comme le souligne Ida Mett, \u00ab\u00a0les Cronstadiens r\u00e9p\u00e9taient avec insistance qu&rsquo;ils \u00e9taient pour le <strong>pouvoir <\/strong>des Soviets\u00a0\u00bb, alors que la plupart des Anarchistes russes avec Makhno ne parlaient pas \u00ab du pouvoir des soviets comma mot d&rsquo;ordre \u00e0 d\u00e9fendre. Sa formule \u00e9tait \u00ab\u00a0les soviets libres\u00a0\u00bb, c&rsquo;est-\u00e0-dire des Soviets o\u00f9 les diff\u00e9rents courants politiques pourraient coexister, sans \u00eatre dot\u00e9s du pouvoir d&rsquo;Etat\u00a0\u00bb. N\u00e9anmoins, si l&rsquo;on creuse au-del\u00e0 des formules, si l&rsquo;on prend en consid\u00e9ration la propagande Anarchiste d&rsquo;alors qui affirmait dans ses tracts \u00e0 Petrograd : \u00ab\u00a0La cause de Cronstadt est votre cause\u2026 Apr\u00e8s la r\u00e9volte cronstadienne, que commence la r\u00e9volte de Petrograd ! Apr\u00e8s vous, que vienne l&rsquo;anarchie !\u2026\u00a0\u00bb, si l&rsquo;on envisage l&rsquo;influence \u00e9norme des Anarchistes \u00e0 Cronstadt, que souligne aussi Ida Mets, on peut dire, d\u00e9passant ses conclusions : \u00ab\u00a0L&rsquo;influence anarchiste sur l&rsquo;insurrection de Cronstadt s&rsquo;exer\u00e7a dans la mesure o\u00f9 l&rsquo;anarchisme propageait l&rsquo;id\u00e9e de la d\u00e9mocratie ouvri\u00e8re\u00a0\u00bb, que Cronstadt \u00e9tait une insurrection populaire, libertaire, auto-agissante, comme la veulent les Anarchistes !<\/p>\n\n\n\n<p class=\"has-text-align-right\">MICHEL.<\/p>\n\n\n\n<hr class=\"wp-block-separator\"\/>\n\n\n\n<p class=\"has-small-font-size\">(1) Cahiers \u00ab\u00a0Spartacus\u00a0\u00bb, Ren\u00e9 Lefeuvre, \u00e9diteur.<\/p>\n","protected":false},"excerpt":{"rendered":"<p>Article de Ren\u00e9 Michel paru dans Le Libertaire, n\u00b0 174, 25 mars 1949, p. 3 Sous le titre \u00ab\u00a0La Commune de Cronstadt, cr\u00e9puscule sanglant des Soviets\u00a0\u00bb (1), Ida Mett nous donne un expos\u00e9 bref et saisissant des origines de Cronstadt r\u00e9volutionnaire, de son insurrection contre la bureaucratisation bolchevique, de sa mort h\u00e9ro\u00efque. On sait quel [&hellip;]<\/p>\n","protected":false},"author":1,"featured_media":0,"comment_status":"open","ping_status":"open","sticky":false,"template":"","format":"standard","meta":{"jetpack_post_was_ever_published":false,"_jetpack_newsletter_access":"","_jetpack_dont_email_post_to_subs":false,"_jetpack_newsletter_tier_id":0,"_jetpack_memberships_contains_paywalled_content":false,"_jetpack_memberships_contains_paid_content":false,"footnotes":""},"categories":[8],"tags":[30,428,5095,680,703,2001,4629,1005,1714,2272,1861],"class_list":["post-16815","post","type-post","status-publish","format-standard","hentry","category-presse","tag-30","tag-federation-anarchiste","tag-ida-mett","tag-le-libertaire","tag-livre","tag-recension","tag-rene-michel","tag-repression","tag-revolte","tag-spartacus","tag-union-sovietique"],"jetpack_featured_media_url":"","jetpack_sharing_enabled":true,"jetpack_shortlink":"https:\/\/wp.me\/p9lTYU-4nd","jetpack_likes_enabled":true,"jetpack-related-posts":[{"id":16789,"url":"https:\/\/sinedjib.com\/index.php\/2022\/08\/05\/rene-michel-margarete-buber-neumann-deportee-en-siberie\/","url_meta":{"origin":16815,"position":0},"title":"Ren\u00e9 Michel : Margarete Buber-Neumann, \u00ab\u00a0D\u00e9port\u00e9e en Sib\u00e9rie\u00a0\u00bb","author":"SiNedjib","date":"05\/08\/2022","format":false,"excerpt":"Article de Ren\u00e9 Michel paru dans Le Libertaire, n\u00b0 184, 3 juin 1949, p. 3 ON peut regretter que la litt\u00e9rature et les \u00e9tudes sur le syst\u00e8me totalitaire sovi\u00e9tique et, sur les camps de concentration de la pseudo \u00ab Patrie des Travailleurs \u00bb, ne soient souvent offerts au grand public\u2026","rel":"","context":"Dans &quot;presse&quot;","block_context":{"text":"presse","link":"https:\/\/sinedjib.com\/index.php\/category\/presse\/"},"img":{"alt_text":"","src":"https:\/\/i0.wp.com\/sinedjib.com\/wp-content\/uploads\/2022\/08\/Buber-Neumann-Deportee-en-Siberie.png?resize=350%2C200&ssl=1","width":350,"height":200},"classes":[]},{"id":13471,"url":"https:\/\/sinedjib.com\/index.php\/2021\/07\/31\/rene-michel-le-dernier-roman-de-victor-serge-laffaire-toualev\/","url_meta":{"origin":16815,"position":1},"title":"Ren\u00e9 Michel : Le dernier roman de Victor Serge \u00ab\u00a0L&rsquo;affaire Toual\u00e9v\u00a0\u00bb","author":"SiNedjib","date":"31\/07\/2021","format":false,"excerpt":"Article de Ren\u00e9 Michel paru dans Le Libertaire, n\u00b0 187, 24 juin 1949, p. 3 \"Nous mourrons tous sans savoir pourquoi nous avons tu\u00e9 tant d'hommes en qui r\u00e9sidait notre force la plus haute.\" Ainsi pense Fleischman, haut fonctionnaire de la S\u00fbret\u00e9 sovi\u00e9tique, m\u00e9ditant sur ce qu'avait \u00e9t\u00e9 l'affaire Toula\u00e9v.\u2026","rel":"","context":"Dans &quot;presse&quot;","block_context":{"text":"presse","link":"https:\/\/sinedjib.com\/index.php\/category\/presse\/"},"img":{"alt_text":"","src":"https:\/\/i0.wp.com\/sinedjib.com\/wp-content\/uploads\/2021\/07\/Le-Libertaire-24-juin-1949.png?resize=350%2C200&ssl=1","width":350,"height":200},"classes":[]},{"id":13460,"url":"https:\/\/sinedjib.com\/index.php\/2021\/07\/29\/rene-lustre-memoires-dun-revolutionnaire\/","url_meta":{"origin":16815,"position":2},"title":"Ren\u00e9 Lustre : M\u00e9moires d&rsquo;un r\u00e9volutionnaire","author":"SiNedjib","date":"29\/07\/2021","format":false,"excerpt":"Article de Ren\u00e9 Lustre paru dans Le Libertaire, n\u00b0 269, 18 mai 1951, p. 3 MILITANT anarchiste en France en Espagne (1) ralli\u00e9 aux Soviets apr\u00e8s 1917, opposant quelques ann\u00e9es plus tard, Victor Serge n'a plus besoin d'\u00eatre pr\u00e9sent\u00e9. Personne n'a oubli\u00e9 \"Les Hommes dans la prison, Naissance de notre\u2026","rel":"","context":"Dans &quot;presse&quot;","block_context":{"text":"presse","link":"https:\/\/sinedjib.com\/index.php\/category\/presse\/"},"img":{"alt_text":"","src":"https:\/\/i0.wp.com\/sinedjib.com\/wp-content\/uploads\/2021\/07\/Le-Libertaire-18-mai-1951.png?resize=350%2C200&ssl=1","width":350,"height":200,"srcset":"https:\/\/i0.wp.com\/sinedjib.com\/wp-content\/uploads\/2021\/07\/Le-Libertaire-18-mai-1951.png?resize=350%2C200&ssl=1 1x, https:\/\/i0.wp.com\/sinedjib.com\/wp-content\/uploads\/2021\/07\/Le-Libertaire-18-mai-1951.png?resize=525%2C300&ssl=1 1.5x"},"classes":[]},{"id":18555,"url":"https:\/\/sinedjib.com\/index.php\/2023\/04\/25\/gaston-davoust-de-cronstadt-a-gdansk-et-szczecin\/","url_meta":{"origin":16815,"position":3},"title":"Gaston Davoust : De Cronstadt \u00e0 Gda\u0144sk et Szczecin","author":"SiNedjib","date":"25\/04\/2023","format":false,"excerpt":"Article de Gaston Davoust dit Henry Chaz\u00e9 paru dans les Cahiers du Communisme de Conseils, n\u00b0 8, mai 1971, p. 3-14 Gdansk, December 1970: The crackdown on the workers' uprising, photographed by Jan Juchniewicz (Source) \"Toute r\u00e9volution nouvelle commence non sur la base o\u00f9 d\u00e9buta la pr\u00e9c\u00e9dente, mais en partant\u2026","rel":"","context":"Dans &quot;revues&quot;","block_context":{"text":"revues","link":"https:\/\/sinedjib.com\/index.php\/category\/revues\/"},"img":{"alt_text":"","src":"https:\/\/i0.wp.com\/sinedjib.com\/wp-content\/uploads\/2023\/04\/55927661_906.jpg?resize=350%2C200&ssl=1","width":350,"height":200,"srcset":"https:\/\/i0.wp.com\/sinedjib.com\/wp-content\/uploads\/2023\/04\/55927661_906.jpg?resize=350%2C200&ssl=1 1x, https:\/\/i0.wp.com\/sinedjib.com\/wp-content\/uploads\/2023\/04\/55927661_906.jpg?resize=525%2C300&ssl=1 1.5x, https:\/\/i0.wp.com\/sinedjib.com\/wp-content\/uploads\/2023\/04\/55927661_906.jpg?resize=700%2C400&ssl=1 2x, https:\/\/i0.wp.com\/sinedjib.com\/wp-content\/uploads\/2023\/04\/55927661_906.jpg?resize=1050%2C600&ssl=1 3x"},"classes":[]},{"id":22251,"url":"https:\/\/sinedjib.com\/index.php\/2024\/03\/15\/donnet\/","url_meta":{"origin":16815,"position":4},"title":"Michel Donnet : Le combat anticolonial, c&rsquo;est la lutte de classe","author":"SiNedjib","date":"15\/03\/2024","format":false,"excerpt":"Article de Michel Donnet alias Michel Malla paru dans Le Libertaire, n\u00b0 385, 11 mars 1954, p. 4 LE colonialisme est fait de pillages et de meurtres. C'est un crime permanent qu'il faut sans cesse d\u00e9noncer. Le temps du colonialisme doit finir bient\u00f4t car les peuples colonis\u00e9s se r\u00e9veillent et\u2026","rel":"","context":"Dans &quot;presse&quot;","block_context":{"text":"presse","link":"https:\/\/sinedjib.com\/index.php\/category\/presse\/"},"img":{"alt_text":"","src":"https:\/\/i0.wp.com\/sinedjib.com\/wp-content\/uploads\/2024\/03\/Le-Libertaire-11-mars-1954.png?resize=350%2C200&ssl=1","width":350,"height":200,"srcset":"https:\/\/i0.wp.com\/sinedjib.com\/wp-content\/uploads\/2024\/03\/Le-Libertaire-11-mars-1954.png?resize=350%2C200&ssl=1 1x, https:\/\/i0.wp.com\/sinedjib.com\/wp-content\/uploads\/2024\/03\/Le-Libertaire-11-mars-1954.png?resize=525%2C300&ssl=1 1.5x"},"classes":[]},{"id":18937,"url":"https:\/\/sinedjib.com\/index.php\/2023\/06\/17\/lexemple-de-leurs-camarades-de-berlin\/","url_meta":{"origin":16815,"position":5},"title":"Ren\u00e9 Lustre : Les travailleurs de tous les pays n&rsquo;oublieront jamais l&rsquo;exemple de leurs camarades de Berlin lors des journ\u00e9es de juin","author":"SiNedjib","date":"17\/06\/2023","format":false,"excerpt":"Article de Ren\u00e9 Lustre paru dans Le Libertaire, n\u00b0 367, 2 juillet 1953, p. 1 ADN-ZB\/Junge\/18.6.1953\/ Faschistische Provokation im demokratischen Sektor von Gro\u00df-Berlin am 17.6.1953 U.B.z.: Blick auf das von Faschisten in Brand gesetzte HO-Gesch\u00e4ft im Columbiahaus am Potsdamer Platz. NOUS avons d\u00e9nonc\u00e9, la semaine derni\u00e8re, l'exploitation par la presse\u2026","rel":"","context":"Dans &quot;presse&quot;","block_context":{"text":"presse","link":"https:\/\/sinedjib.com\/index.php\/category\/presse\/"},"img":{"alt_text":"","src":"https:\/\/i0.wp.com\/sinedjib.com\/wp-content\/uploads\/2023\/06\/image-4.jpeg?resize=350%2C200&ssl=1","width":350,"height":200},"classes":[]}],"_links":{"self":[{"href":"https:\/\/sinedjib.com\/index.php\/wp-json\/wp\/v2\/posts\/16815","targetHints":{"allow":["GET"]}}],"collection":[{"href":"https:\/\/sinedjib.com\/index.php\/wp-json\/wp\/v2\/posts"}],"about":[{"href":"https:\/\/sinedjib.com\/index.php\/wp-json\/wp\/v2\/types\/post"}],"author":[{"embeddable":true,"href":"https:\/\/sinedjib.com\/index.php\/wp-json\/wp\/v2\/users\/1"}],"replies":[{"embeddable":true,"href":"https:\/\/sinedjib.com\/index.php\/wp-json\/wp\/v2\/comments?post=16815"}],"version-history":[{"count":2,"href":"https:\/\/sinedjib.com\/index.php\/wp-json\/wp\/v2\/posts\/16815\/revisions"}],"predecessor-version":[{"id":16818,"href":"https:\/\/sinedjib.com\/index.php\/wp-json\/wp\/v2\/posts\/16815\/revisions\/16818"}],"wp:attachment":[{"href":"https:\/\/sinedjib.com\/index.php\/wp-json\/wp\/v2\/media?parent=16815"}],"wp:term":[{"taxonomy":"category","embeddable":true,"href":"https:\/\/sinedjib.com\/index.php\/wp-json\/wp\/v2\/categories?post=16815"},{"taxonomy":"post_tag","embeddable":true,"href":"https:\/\/sinedjib.com\/index.php\/wp-json\/wp\/v2\/tags?post=16815"}],"curies":[{"name":"wp","href":"https:\/\/api.w.org\/{rel}","templated":true}]}}