{"id":18307,"date":"2023-03-16T11:52:22","date_gmt":"2023-03-16T10:52:22","guid":{"rendered":"https:\/\/sinedjib.com\/?p=18307"},"modified":"2023-03-16T19:11:16","modified_gmt":"2023-03-16T18:11:16","slug":"dictionnaire-de-la-guerre-dalgerie-parution-aujourdhui","status":"publish","type":"post","link":"https:\/\/sinedjib.com\/index.php\/2023\/03\/16\/dictionnaire-de-la-guerre-dalgerie-parution-aujourdhui\/","title":{"rendered":"Dictionnaire de la guerre d&rsquo;Alg\u00e9rie : parution aujourd&rsquo;hui"},"content":{"rendered":"\n<p class=\"has-drop-cap\"><strong>Je suis heureux d\u2019annoncer \u00e0 mes amis, camarades et lecteurs la parution, aujourd&rsquo;hui, du <em><a rel=\"noreferrer noopener\" href=\"https:\/\/www.lisez.com\/livre-grand-format\/dictionnaire-de-la-guerre-dalgerie\/9782382923061\" target=\"_blank\">Dictionnaire de la guerre d&rsquo;Alg\u00e9rie<\/a><\/em> (\u00e9ditions Bouquins), sous la direction des historiens Tramor Quemeneur, Ouanassa Siari Tengour et Sylvie Th\u00e9nault.<\/strong><\/p>\n\n\n\n<div class=\"wp-block-image\"><figure class=\"aligncenter size-full\"><img data-recalc-dims=\"1\" loading=\"lazy\" decoding=\"async\" width=\"351\" height=\"527\" data-attachment-id=\"18308\" data-permalink=\"https:\/\/sinedjib.com\/index.php\/2023\/03\/16\/dictionnaire-de-la-guerre-dalgerie-parution-aujourdhui\/9782382923061ori\/\" data-orig-file=\"https:\/\/i0.wp.com\/sinedjib.com\/wp-content\/uploads\/2023\/03\/9782382923061ORI.jpg?fit=351%2C527&amp;ssl=1\" data-orig-size=\"351,527\" data-comments-opened=\"1\" data-image-meta=\"{&quot;aperture&quot;:&quot;0&quot;,&quot;credit&quot;:&quot;&quot;,&quot;camera&quot;:&quot;&quot;,&quot;caption&quot;:&quot;&quot;,&quot;created_timestamp&quot;:&quot;0&quot;,&quot;copyright&quot;:&quot;&quot;,&quot;focal_length&quot;:&quot;0&quot;,&quot;iso&quot;:&quot;0&quot;,&quot;shutter_speed&quot;:&quot;0&quot;,&quot;title&quot;:&quot;&quot;,&quot;orientation&quot;:&quot;0&quot;}\" data-image-title=\"9782382923061ORI\" data-image-description=\"\" data-image-caption=\"\" data-large-file=\"https:\/\/i0.wp.com\/sinedjib.com\/wp-content\/uploads\/2023\/03\/9782382923061ORI.jpg?fit=351%2C527&amp;ssl=1\" src=\"https:\/\/i0.wp.com\/sinedjib.com\/wp-content\/uploads\/2023\/03\/9782382923061ORI.jpg?resize=351%2C527&#038;ssl=1\" alt=\"\" class=\"wp-image-18308\" srcset=\"https:\/\/i0.wp.com\/sinedjib.com\/wp-content\/uploads\/2023\/03\/9782382923061ORI.jpg?w=351&amp;ssl=1 351w, https:\/\/i0.wp.com\/sinedjib.com\/wp-content\/uploads\/2023\/03\/9782382923061ORI.jpg?resize=200%2C300&amp;ssl=1 200w\" sizes=\"auto, (max-width: 351px) 100vw, 351px\" \/><\/figure><\/div>\n\n\n\n<!--more-->\n\n\n\n<p>Parmi la soixantaine de contributeurs, j&rsquo;ai modestement contribu\u00e9 \u00e0 cet ouvrage collectif en r\u00e9digeant les 21 notices suivantes :<\/p>\n\n\n\n<p>BEN ABDERREZAK HAMOUDA, Ahmed, dit Si El Haou\u00e8s (1923\u20111959)<\/p>\n\n\n\n<p>COMIT\u00c9 DE COORDINATION ET D\u2019EX\u00c9CUTION (CCE)<\/p>\n\n\n\n<p>CONSEIL NATIONAL DE LA R\u00c9VOLUTION ALG\u00c9RIENNE (CNRA)<\/p>\n\n\n\n<p>FOOTBALL (\u00e9quipe du FLN)<\/p>\n\n\n\n<p>FRONT ALG\u00c9RIEN D\u2019ACTION D\u00c9MOCRATIQUE (FAAD)<\/p>\n\n\n\n<p>GUERRE FLN\u2011MNA<\/p>\n\n\n\n<p>KRIM, Belkacem (1922\u20111970)<\/p>\n\n\n\n<p>LADLANI, Amar dit Kaddour (1925\u20112004)<\/p>\n\n\n\n<p>MANIFESTATIONS DU MNA<\/p>\n\n\n\n<p>MELOUZA\u2011BENI ILLEMANE<\/p>\n\n\n\n<p>MOHAMMEDI, Sa\u00efd, dit colonel Si Nasser (1912\u20111994)<\/p>\n\n\n\n<p>MOUDJAHID<\/p>\n\n\n\n<p>MOUVEMENT NATIONAL ALG\u00c9RIEN (MNA)<\/p>\n\n\n\n<p>\u00ab ORANGE AM\u00c8RE \u00bb, Op\u00e9ration<\/p>\n\n\n\n<p>PARTI DU PEUPLE ALG\u00c9RIEN (PPA)\/MOUVEMENT POUR LE TRIOMPHE DES LIBERT\u00c9S D\u00c9MOCRATIQUES (MTLD)<\/p>\n\n\n\n<p>PRESSE MNA<\/p>\n\n\n\n<p>SPORTS EN ALG\u00c9RIE<\/p>\n\n\n\n<p>TRAFIC D&rsquo;ARMES ET ARRAISONNEMENT DE BATEAUX (avec Ouanassa Siari Tengour)<\/p>\n\n\n\n<p>TROTSKISTES<\/p>\n\n\n\n<p>UNION DES SYNDICATS DES TRAVAILLEURS ALG\u00c9RIENS (USTA)<\/p>\n\n\n\n<p>WILAYA 3 (Kabylie)<\/p>\n\n\n\n<hr class=\"wp-block-separator\"\/>\n\n\n\n<p>D&rsquo;autres notices (Anarchistes ; Belhadj Djilali Abdelkader ; Bellounis Mohammed ; Boycott) devraient figurer dans l&rsquo;\u00e9dition num\u00e9rique et dans une \u00e9ventuelle r\u00e9\u00e9dition au format papier.<\/p>\n","protected":false},"excerpt":{"rendered":"<p>Je suis heureux d\u2019annoncer \u00e0 mes amis, camarades et lecteurs la parution, aujourd&rsquo;hui, du Dictionnaire de la guerre d&rsquo;Alg\u00e9rie (\u00e9ditions Bouquins), sous la direction des historiens Tramor Quemeneur, Ouanassa Siari Tengour et Sylvie Th\u00e9nault.<\/p>\n","protected":false},"author":1,"featured_media":0,"comment_status":"open","ping_status":"open","sticky":false,"template":"","format":"standard","meta":{"_jetpack_newsletter_access":"","_jetpack_dont_email_post_to_subs":false,"_jetpack_newsletter_tier_id":0,"_jetpack_memberships_contains_paywalled_content":false,"_jetpack_feature_clip_id":0,"_jetpack_memberships_contains_paid_content":false,"footnotes":"","jetpack_post_was_ever_published":false},"categories":[9],"tags":[5243,112,1299,3957,5280,457,534,5279,3141,5278],"class_list":["post-18307","post","type-post","status-publish","format-standard","hentry","category-publications","tag-5243","tag-algerie","tag-decolonisation","tag-dictionnaire","tag-editions-bouquins","tag-france","tag-histoire","tag-ouanassa-siari-tengour","tag-sylvie-thenault","tag-tramor-quemeneur"],"jetpack_featured_media_url":"","jetpack_sharing_enabled":true,"jetpack_shortlink":"https:\/\/wp.me\/p9lTYU-4Lh","jetpack_likes_enabled":true,"jetpack-related-posts":[{"id":5190,"url":"https:\/\/sinedjib.com\/index.php\/2019\/03\/04\/algerie-11\/","url_meta":{"origin":18307,"position":0},"title":"Table-ronde \u00e0 Lille, le 5 mars \u00e0 18h30 : O\u00f9 a eu lieu la guerre d&rsquo;Alg\u00e9rie ?","author":"SiNedjib","date":"04\/03\/2019","format":false,"excerpt":"J'aurai le plaisir de participer \u00e0 la table-ronde intitul\u00e9e \"O\u00f9 a eu lieu la guerre d'Alg\u00e9rie\" et qui se tiendra le 5 mars \u00e0 18h30 \u00e0 Sciences Po Lille : 9, rue Angellier (M\u00e9tro R\u00e9publique - Beaux-Arts) Les autres participants seront Stanislas Frenkiel et \u00c9tienne Peyrat. La discussion sera anim\u00e9e\u2026","rel":"","context":"Dans &quot;communications&quot;","block_context":{"text":"communications","link":"https:\/\/sinedjib.com\/index.php\/category\/communications\/"},"img":{"alt_text":"","src":"https:\/\/i0.wp.com\/ima-tourcoing.fr\/wp-content\/uploads\/2019\/01\/7046036961_df81a2be81_k-1024x683.jpg?resize=350%2C200&ssl=1","width":350,"height":200,"srcset":"https:\/\/i0.wp.com\/ima-tourcoing.fr\/wp-content\/uploads\/2019\/01\/7046036961_df81a2be81_k-1024x683.jpg?resize=350%2C200&ssl=1 1x, https:\/\/i0.wp.com\/ima-tourcoing.fr\/wp-content\/uploads\/2019\/01\/7046036961_df81a2be81_k-1024x683.jpg?resize=525%2C300&ssl=1 1.5x, https:\/\/i0.wp.com\/ima-tourcoing.fr\/wp-content\/uploads\/2019\/01\/7046036961_df81a2be81_k-1024x683.jpg?resize=700%2C400&ssl=1 2x"},"classes":[]},{"id":14986,"url":"https:\/\/sinedjib.com\/index.php\/2021\/12\/12\/lacquisition-de-competences-militaires-chez-des-independantistes-algeriens-le-cas-des-partisans-de-messali-hadj\/","url_meta":{"origin":18307,"position":1},"title":"L&rsquo;acquisition de comp\u00e9tences militaires chez des ind\u00e9pendantistes alg\u00e9riens. Le cas des partisans de Messali Hadj","author":"SiNedjib","date":"12\/12\/2021","format":false,"excerpt":"Mon dernier texte intitul\u00e9 \u00ab\u00a0L'acquisition de comp\u00e9tences militaires chez des ind\u00e9pendantistes alg\u00e9riens. Le cas des partisans de Messali Hadj\u00a0\u00bb vient de para\u00eetre dans le livre dirig\u00e9 par A. Allal, G. Dorronsoro et O. Grojean, Politiques de la violence. Organiser la lutte de la Colombie au Pakistan, Paris, Karthala, 2021, p.\u2026","rel":"","context":"Dans &quot;publications&quot;","block_context":{"text":"publications","link":"https:\/\/sinedjib.com\/index.php\/category\/publications\/"},"img":{"alt_text":"","src":"https:\/\/i0.wp.com\/sinedjib.com\/wp-content\/uploads\/2021\/12\/politiques-de-la-violence.png?resize=350%2C200&ssl=1","width":350,"height":200},"classes":[]},{"id":5122,"url":"https:\/\/sinedjib.com\/index.php\/2019\/02\/20\/algerie-9\/","url_meta":{"origin":18307,"position":2},"title":"Alg\u00e9rie, une autre histoire de l&rsquo;ind\u00e9pendance : parution prochaine en&#8230; Alg\u00e9rie !","author":"SiNedjib","date":"20\/02\/2019","format":false,"excerpt":"\u00c0 deux semaines de la publication par les Presses universitaires de France de mon second ouvrage, Alg\u00e9rie, une autre histoire de l'ind\u00e9pendance. Trajectoires r\u00e9volutionnaires des partisans de Messali Hadj, je suis tr\u00e8s heureux d'annoncer la parution alg\u00e9rienne, d\u00e9but mars, de ce livre aux \u00e9ditions Barzakh. J'ai h\u00e2te de venir \u00e9changer\u2026","rel":"","context":"Dans &quot;publications&quot;","block_context":{"text":"publications","link":"https:\/\/sinedjib.com\/index.php\/category\/publications\/"},"img":{"alt_text":"","src":"https:\/\/i0.wp.com\/sinedjib.com\/wp-content\/uploads\/2019\/02\/Nedjib-Sidi-Moussa-Alg%C3%A9rie-Ind%C3%A9pendance-Mars-2019.jpg?resize=350%2C200&ssl=1","width":350,"height":200,"srcset":"https:\/\/i0.wp.com\/sinedjib.com\/wp-content\/uploads\/2019\/02\/Nedjib-Sidi-Moussa-Alg%C3%A9rie-Ind%C3%A9pendance-Mars-2019.jpg?resize=350%2C200&ssl=1 1x, https:\/\/i0.wp.com\/sinedjib.com\/wp-content\/uploads\/2019\/02\/Nedjib-Sidi-Moussa-Alg%C3%A9rie-Ind%C3%A9pendance-Mars-2019.jpg?resize=525%2C300&ssl=1 1.5x, https:\/\/i0.wp.com\/sinedjib.com\/wp-content\/uploads\/2019\/02\/Nedjib-Sidi-Moussa-Alg%C3%A9rie-Ind%C3%A9pendance-Mars-2019.jpg?resize=700%2C400&ssl=1 2x, https:\/\/i0.wp.com\/sinedjib.com\/wp-content\/uploads\/2019\/02\/Nedjib-Sidi-Moussa-Alg%C3%A9rie-Ind%C3%A9pendance-Mars-2019.jpg?resize=1050%2C600&ssl=1 3x"},"classes":[]},{"id":28521,"url":"https:\/\/sinedjib.com\/index.php\/2026\/04\/03\/le-spectre-du-colonialisme-parution-aujourdhui\/","url_meta":{"origin":18307,"position":3},"title":"Le Spectre du colonialisme : parution aujourd&rsquo;hui","author":"SiNedjib","date":"03\/04\/2026","format":false,"excerpt":"Je suis tr\u00e8s heureux d\u2019annoncer \u00e0 mes amis, camarades, coll\u00e8gues et lecteurs la parution, aujourd\u2019hui, de mon septi\u00e8me livre intitul\u00e9 Le Spectre du colonialisme. Vous pouvez le commander aupr\u00e8s de votre librairie pr\u00e9f\u00e9r\u00e9e, comme\u00a0Quilombo, mais aussi vous le procurer dans pr\u00e8s de 170 autres librairies ind\u00e9pendantes \u00e0 travers toute la\u2026","rel":"","context":"Dans &quot;livres&quot;","block_context":{"text":"livres","link":"https:\/\/sinedjib.com\/index.php\/category\/livres\/"},"img":{"alt_text":"","src":"https:\/\/i0.wp.com\/sinedjib.com\/wp-content\/uploads\/2025\/12\/LE-SPECTRE-DU-COLONIALISME-Couv.jpg?resize=350%2C200&ssl=1","width":350,"height":200,"srcset":"https:\/\/i0.wp.com\/sinedjib.com\/wp-content\/uploads\/2025\/12\/LE-SPECTRE-DU-COLONIALISME-Couv.jpg?resize=350%2C200&ssl=1 1x, https:\/\/i0.wp.com\/sinedjib.com\/wp-content\/uploads\/2025\/12\/LE-SPECTRE-DU-COLONIALISME-Couv.jpg?resize=525%2C300&ssl=1 1.5x"},"classes":[]},{"id":27684,"url":"https:\/\/sinedjib.com\/index.php\/2025\/12\/15\/le-spectre-du-colonialisme-parution-le-3-avril-2026\/","url_meta":{"origin":18307,"position":4},"title":"Le Spectre du colonialisme : parution le 3 avril 2026","author":"SiNedjib","date":"15\/12\/2025","format":false,"excerpt":"Voici la (quatri\u00e8me de) couverture de mon septi\u00e8me livre, Le Spectre du colonialisme, \u00e0 para\u00eetre le 3 avril 2026. \u00ab\u00a0Un spectre hante la France : le spectre du colonialisme.Depuis au moins deux d\u00e9cennies, les factions id\u00e9ologis\u00e9es de la production du savoir, du traitement de l\u2019information et de la conqu\u00eate du\u2026","rel":"","context":"Dans &quot;livres&quot;","block_context":{"text":"livres","link":"https:\/\/sinedjib.com\/index.php\/category\/livres\/"},"img":{"alt_text":"","src":"https:\/\/i0.wp.com\/sinedjib.com\/wp-content\/uploads\/2025\/12\/LE-SPECTRE-DU-COLONIALISME-Couv.jpg?resize=350%2C200&ssl=1","width":350,"height":200,"srcset":"https:\/\/i0.wp.com\/sinedjib.com\/wp-content\/uploads\/2025\/12\/LE-SPECTRE-DU-COLONIALISME-Couv.jpg?resize=350%2C200&ssl=1 1x, https:\/\/i0.wp.com\/sinedjib.com\/wp-content\/uploads\/2025\/12\/LE-SPECTRE-DU-COLONIALISME-Couv.jpg?resize=525%2C300&ssl=1 1.5x"},"classes":[]},{"id":19732,"url":"https:\/\/sinedjib.com\/index.php\/2023\/09\/08\/le-remplacant\/","url_meta":{"origin":18307,"position":5},"title":"Le Rempla\u00e7ant : parution aujourd&rsquo;hui, prochaine rencontre \u00e0 Aulnay-sous-Bois samedi 16 septembre \u00e0 16h","author":"SiNedjib","date":"08\/09\/2023","format":false,"excerpt":"Je suis tr\u00e8s heureux d'annoncer \u00e0 mes amis, camarades et lecteurs la parution, aujourd'hui, de mon nouveau livre intitul\u00e9 Le Rempla\u00e7ant. Journal d'un prof (pr\u00e9caire) de banlieue. Vous pouvez le commander aupr\u00e8s de votre librairie pr\u00e9f\u00e9r\u00e9e, comme Quilombo, mais aussi sur les sites Librairies ind\u00e9pendantes, Place des libraires, FNAC, Gibert,\u2026","rel":"","context":"Dans &quot;livres&quot;","block_context":{"text":"livres","link":"https:\/\/sinedjib.com\/index.php\/category\/livres\/"},"img":{"alt_text":"","src":"https:\/\/i0.wp.com\/sinedjib.com\/wp-content\/uploads\/2023\/05\/LE-REMPLACANT-couv.jpg?resize=350%2C200&ssl=1","width":350,"height":200},"classes":[]}],"_links":{"self":[{"href":"https:\/\/sinedjib.com\/index.php\/wp-json\/wp\/v2\/posts\/18307","targetHints":{"allow":["GET"]}}],"collection":[{"href":"https:\/\/sinedjib.com\/index.php\/wp-json\/wp\/v2\/posts"}],"about":[{"href":"https:\/\/sinedjib.com\/index.php\/wp-json\/wp\/v2\/types\/post"}],"author":[{"embeddable":true,"href":"https:\/\/sinedjib.com\/index.php\/wp-json\/wp\/v2\/users\/1"}],"replies":[{"embeddable":true,"href":"https:\/\/sinedjib.com\/index.php\/wp-json\/wp\/v2\/comments?post=18307"}],"version-history":[{"count":3,"href":"https:\/\/sinedjib.com\/index.php\/wp-json\/wp\/v2\/posts\/18307\/revisions"}],"predecessor-version":[{"id":18319,"href":"https:\/\/sinedjib.com\/index.php\/wp-json\/wp\/v2\/posts\/18307\/revisions\/18319"}],"wp:attachment":[{"href":"https:\/\/sinedjib.com\/index.php\/wp-json\/wp\/v2\/media?parent=18307"}],"wp:term":[{"taxonomy":"category","embeddable":true,"href":"https:\/\/sinedjib.com\/index.php\/wp-json\/wp\/v2\/categories?post=18307"},{"taxonomy":"post_tag","embeddable":true,"href":"https:\/\/sinedjib.com\/index.php\/wp-json\/wp\/v2\/tags?post=18307"}],"curies":[{"name":"wp","href":"https:\/\/api.w.org\/{rel}","templated":true}]}}