{"id":21818,"date":"2024-02-02T12:21:28","date_gmt":"2024-02-02T11:21:28","guid":{"rendered":"https:\/\/sinedjib.com\/?p=21818"},"modified":"2024-02-02T12:21:28","modified_gmt":"2024-02-02T11:21:28","slug":"nuit-et-brouillard","status":"publish","type":"post","link":"https:\/\/sinedjib.com\/index.php\/2024\/02\/02\/nuit-et-brouillard\/","title":{"rendered":"Claude Devence : \u00ab\u00a0Nuit et brouillard\u00a0\u00bb. La logique du racisme"},"content":{"rendered":"\n<p><strong>Article de Claude Devence paru dans <em>Nouvelle Gauche<\/em>, organe du mouvement uni de la nouvelle gauche, n\u00b0 5, 10 juin 1956<\/strong><\/p>\n\n\n<div class=\"wp-block-image\">\n<figure class=\"aligncenter size-full\"><img data-recalc-dims=\"1\" loading=\"lazy\" decoding=\"async\" width=\"438\" height=\"600\" data-attachment-id=\"21819\" data-permalink=\"https:\/\/sinedjib.com\/index.php\/2024\/02\/02\/nuit-et-brouillard\/nuit-et-brouillard\/\" data-orig-file=\"https:\/\/i0.wp.com\/sinedjib.com\/wp-content\/uploads\/2024\/02\/nuit-et-brouillard.jpg?fit=438%2C600&amp;ssl=1\" data-orig-size=\"438,600\" data-comments-opened=\"1\" data-image-meta=\"{&quot;aperture&quot;:&quot;0&quot;,&quot;credit&quot;:&quot;&quot;,&quot;camera&quot;:&quot;&quot;,&quot;caption&quot;:&quot;&quot;,&quot;created_timestamp&quot;:&quot;0&quot;,&quot;copyright&quot;:&quot;&quot;,&quot;focal_length&quot;:&quot;0&quot;,&quot;iso&quot;:&quot;0&quot;,&quot;shutter_speed&quot;:&quot;0&quot;,&quot;title&quot;:&quot;&quot;,&quot;orientation&quot;:&quot;0&quot;}\" data-image-title=\"nuit-et-brouillard\" data-image-description=\"\" data-image-caption=\"\" data-large-file=\"https:\/\/i0.wp.com\/sinedjib.com\/wp-content\/uploads\/2024\/02\/nuit-et-brouillard.jpg?fit=438%2C600&amp;ssl=1\" src=\"https:\/\/i0.wp.com\/sinedjib.com\/wp-content\/uploads\/2024\/02\/nuit-et-brouillard.jpg?resize=438%2C600&#038;ssl=1\" alt=\"\" class=\"wp-image-21819\" srcset=\"https:\/\/i0.wp.com\/sinedjib.com\/wp-content\/uploads\/2024\/02\/nuit-et-brouillard.jpg?w=438&amp;ssl=1 438w, https:\/\/i0.wp.com\/sinedjib.com\/wp-content\/uploads\/2024\/02\/nuit-et-brouillard.jpg?resize=219%2C300&amp;ssl=1 219w\" sizes=\"auto, (max-width: 438px) 100vw, 438px\" \/><\/figure>\n<\/div>\n\n\n<p class=\"has-drop-cap\">LE film de Resnais nous expose la r\u00e9alit\u00e9 brute de l&rsquo;horreur concentrationnaire. Ce n&rsquo;est pas un cauchemar, c&rsquo;est vrai.<\/p>\n\n\n\n<p>Cela n&rsquo;a pas seulement \u00e9t\u00e9 vrai \u00e0 un moment de l&rsquo;histoire. Ce peut \u00eatre encore vrai \u00e0 tout moment, de la part de n&rsquo;importe quel peuple, de n&rsquo;importe quel groupe, parce que c&rsquo;est le fait de l&rsquo;homme. Il ne s&rsquo;agit pas ici de l&rsquo;Allemand ou m\u00eame du nazi seulement. Resnais nous le montre clairement (1).<\/p>\n\n\n\n<!--more-->\n\n\n\n<p>Si les camps de \u00ab travail forc\u00e9 \u00bb repr\u00e9sentent un degr\u00e9 d&rsquo;oppression non encore atteint, les camps d&rsquo;extermination sont un ph\u00e9nom\u00e8ne encore plus effroyable.<\/p>\n\n\n\n<p>L&rsquo;assassinat \u00e0 l&rsquo;\u00e9chelle industrielle et par des proc\u00e9d\u00e9s industriels de neuf millions d&rsquo;hommes, de femmes et d&rsquo;enfants ne proc\u00e8de pas de la folie des hommes.<\/p>\n\n\n\n<p>Ces m\u00e9diocres : Himmler, les kapos, les commandants des camps que l&rsquo;on voit discuter froidement des m\u00e9thodes d&rsquo;extermination les plus efficaces, ne sont pas fous. Les architectes qui dessinaient lucidement, m\u00e9ticuleusement, les plans de ces usines \u00e0 cadavres ne sont pas des maniaques,<em> ils agissaient en fonction de l&rsquo;explication raciste de l&rsquo;histoire.<\/em><\/p>\n\n\n\n<p>Cette explication c&rsquo;est celle-ci : les maux de l&rsquo;humanit\u00e9 sont le fait de certaines races ; en purgeant la terre de ces races, tous les probl\u00e8mes seront r\u00e9solus et les survivants vivront heureux. Voil\u00e0 pourquoi les nazis d\u00e9ploy\u00e8rent tant d&rsquo;acharnement \u00e0 drainer de tous les coins d&rsquo;Europe, \u00e0 travers les bombardements et malgr\u00e9 les difficult\u00e9s militaires et strat\u00e9giques, des wagons bourr\u00e9s de Juifs vers les usines de mort, <em>ils r\u00e9solvaient le probl\u00e8me de l&rsquo;humanit\u00e9 selon l&rsquo;effroyable logique qu&rsquo;impliquaient leurs pr\u00e9misses.<\/em><\/p>\n\n\n\n<p>Ceci il faut le r\u00e9p\u00e9ter sans cesse, et aujourd&rsquo;hui plus que jamais. Car, selon l&rsquo;avertissement de Jean Cayrol, les bourreaux sont toujours parmi nous. Ce sont ceux-l\u00e0 qui reprennent \u00e0 leur compte cette m\u00eame explication de l&rsquo;histoire : <em>Rivarol<\/em> et <em>Aspects de la France<\/em>, <em>Jeune Nation<\/em> et la <em>Phalange fran\u00e7aise<\/em> qui l&rsquo;\u00e9talent sur toutes leurs pages, le <em>Bulletin de Paris<\/em> et <em>Les Nouveaux jours<\/em>, Poujade, Tixier-Vignancour et leurs complices.<\/p>\n\n\n\n<p>Pour toutes ces feuilles et pour tous ces individus, la cause du mal c&rsquo;est le Juif, \u00ab le m\u00e9t\u00e8que \u00bb, c&rsquo;est l&rsquo;Arabe, le \u00ab crouillat \u00bb, c&rsquo;est le n\u00e8gre.<\/p>\n\n\n\n<p>Avec eux ce sont leurs alli\u00e9s : la gauche, les communistes et les \u00ab\u00a0cryptos\u00a0\u00bb. La cons\u00e9quence logique d&rsquo;une telle aberration politique, ceux \u00e0 laquelle tous ceux qui l&rsquo;auront adopt\u00e9e ne pourront se d\u00e9rober, c&rsquo;est l&rsquo;extermination massive des uns des autres.<\/p>\n\n\n\n<p>Les portes des fours cr\u00e9matoires sont pr\u00eates \u00e0 se rouvrir toutes grandes sous leur pouss\u00e9e. Elles sont d\u00e9j\u00e0 entr&rsquo;ouvertes. Les hommes que torture la police fran\u00e7aise, les 80 000 Malgaches ex\u00e9cut\u00e9s lors des r\u00e9pressions de 1947, les 35.000 \u00ab\u00a0ratiss\u00e9s\u00a0\u00bb du Cap-Bon, et ceux qui tombent aujourd&rsquo;hui sur le sol alg\u00e9rien sont victimes du racisme tout autant que du colonialisme.<\/p>\n\n\n\n<p>Que ces fascistes imb\u00e9ciles qui parlant de leurs ennemis politiques, d\u00e9clarent \u00ab vouloir en faire du savon \u00bb y r\u00e9fl\u00e9chissent bien. Qu&rsquo;ils aillent voir \u00ab\u00a0Nuit et Brouillard\u00a0\u00bb. Ils y contempleront l&rsquo;in\u00e9vitable issue de leur attitude.<\/p>\n\n\n\n<p>Leurs homologues allemands, comme eux, commenc\u00e8rent par chahuter les meetings de gauche, comme eux, par jeter des bombes dans les locaux des organisations ouvri\u00e8res, comme eux, \u00e0 chasser le juif et le n\u00e8gre dans la rue. Les fascistes fran\u00e7ais, pas plus qu&rsquo;eux, ne pourront \u00e9chapper \u00e0 l&rsquo;engrenage fatal des camps d&rsquo;extermination, des chambres \u00e0 gaz aux murs labour\u00e9s par les ongles, des b\u00fbchers collectifs o\u00f9 des centaines d&rsquo;\u00eatres br\u00fblaient vivants, des fosses de chaux vive o\u00f9 l&rsquo;on pr\u00e9cipitait les enfants.<\/p>\n\n\n\n<p>Ces montagnes de cadavres squelletiques et d\u00e9form\u00e9s charri\u00e9s au bulldozer dans les fosses communes les attendent au bord du chemin.<\/p>\n\n\n\n<p>Oui ! Qu&rsquo;ils aillent donc voir \u00ab Nuit et Brouillard \u00bb. Que tous ceux \u00ab qui n&rsquo;y croient pas \u00bb ou ne veulent pas y croire aillent aussi constater les horreurs du racisme que pr\u00eachent encore parmi nous quelques criminels pass\u00e9s ou en puissance.<\/p>\n\n\n\n<p>Qu&rsquo;ils d\u00e9cident ensuite de quel c\u00f4t\u00e9 se trouve le bon combat.<\/p>\n\n\n\n<p class=\"has-text-align-right\"><strong>Claude DEVENCE.<\/strong><\/p>\n\n\n\n<hr class=\"wp-block-separator has-alpha-channel-opacity\"\/>\n\n\n\n<p><strong>(1) Le fait que le gouvernement allemand ait tir\u00e9 ombrage de ce film est d&rsquo;une tragique signification. N&rsquo;a-t-il pas compris la port\u00e9e universelle de ce t\u00e9moignage, ou le gouvernement de MM. Adenauer et Globke se veut-il sur la voie d&rsquo;un nouveau nazisme dont il voudrait dissimuler les horreurs \u00e0 ses prochaines victimes ? En v\u00e9rit\u00e9, son attitude m\u00e9rite que l&rsquo;on pose cette terrible question.<\/strong><\/p>\n\n\n\n<p>.<\/p>\n","protected":false},"excerpt":{"rendered":"<p>Article de Claude Devence paru dans Nouvelle Gauche, organe du mouvement uni de la nouvelle gauche, n\u00b0 5, 10 juin 1956 LE film de Resnais nous expose la r\u00e9alit\u00e9 brute de l&rsquo;horreur concentrationnaire. Ce n&rsquo;est pas un cauchemar, c&rsquo;est vrai. Cela n&rsquo;a pas seulement \u00e9t\u00e9 vrai \u00e0 un moment de l&rsquo;histoire. Ce peut \u00eatre encore [&hellip;]<\/p>\n","protected":false},"author":1,"featured_media":0,"comment_status":"open","ping_status":"open","sticky":false,"template":"","format":"standard","meta":{"jetpack_post_was_ever_published":false,"_jetpack_newsletter_access":"","_jetpack_dont_email_post_to_subs":false,"_jetpack_newsletter_tier_id":0,"_jetpack_memberships_contains_paywalled_content":false,"_jetpack_memberships_contains_paid_content":false,"footnotes":""},"categories":[8],"tags":[36,5457,120,2068,5456,302,1432,443,457,860,872,985],"class_list":["post-21818","post","type-post","status-publish","format-standard","hentry","category-presse","tag-36","tag-alain-resnais","tag-allemagne","tag-antisemitisme","tag-claude-devence","tag-colonialisme","tag-critique","tag-film","tag-france","tag-nazisme","tag-nouvelle-gauche","tag-racisme"],"jetpack_featured_media_url":"","jetpack_sharing_enabled":true,"jetpack_shortlink":"https:\/\/wp.me\/p9lTYU-5FU","jetpack_likes_enabled":true,"jetpack-related-posts":[{"id":21836,"url":"https:\/\/sinedjib.com\/index.php\/2024\/02\/04\/devence\/","url_meta":{"origin":21818,"position":0},"title":"Claude Devence : R\u00e9ponse au Professeur Rivet","author":"SiNedjib","date":"04\/02\/2024","format":false,"excerpt":"Article de Claude Devence paru dans Nouvelle Gauche, n\u00b0 8, 22 juillet 1956, p. 2 ALORS que la guerre d'Alg\u00e9rie trouble la conscience de nombreux Fran\u00e7ais, l'opinion d'un homme comme le Professeur Rivet ne peut manquer d'avoir une grande port\u00e9e. Or \"Combat\" vient de publier une interview du Directeur honoraire\u2026","rel":"","context":"Dans &quot;presse&quot;","block_context":{"text":"presse","link":"https:\/\/sinedjib.com\/index.php\/category\/presse\/"},"img":{"alt_text":"","src":"https:\/\/i0.wp.com\/sinedjib.com\/wp-content\/uploads\/2024\/02\/Nouvelle-Gauche-22-juillet-1956.png?resize=350%2C200&ssl=1","width":350,"height":200,"srcset":"https:\/\/i0.wp.com\/sinedjib.com\/wp-content\/uploads\/2024\/02\/Nouvelle-Gauche-22-juillet-1956.png?resize=350%2C200&ssl=1 1x, https:\/\/i0.wp.com\/sinedjib.com\/wp-content\/uploads\/2024\/02\/Nouvelle-Gauche-22-juillet-1956.png?resize=525%2C300&ssl=1 1.5x"},"classes":[]},{"id":21829,"url":"https:\/\/sinedjib.com\/index.php\/2024\/02\/03\/claude-devence-terrorisme-ou-solidarite\/","url_meta":{"origin":21818,"position":1},"title":"Claude Devence : Terrorisme ou solidarit\u00e9","author":"SiNedjib","date":"03\/02\/2024","format":false,"excerpt":"Article de Claude Devence paru dans Nouvelle Gauche-Tribune \u00e9tudiante, 2e ann\u00e9e, n\u00b0 22, 25 f\u00e9vrier au 10 mars 1957, p. 1 et 7 LE 2 FEVRIER, entre 15 h. et 17 h., les ouvriers fran\u00e7ais, italiens, portugais et espagnols du chantier Perignan, \u00e0 Vitry-sur-Seine, sous l'impulsion d'une militant Nouvelle Gauche,\u2026","rel":"","context":"Dans &quot;presse&quot;","block_context":{"text":"presse","link":"https:\/\/sinedjib.com\/index.php\/category\/presse\/"},"img":{"alt_text":"","src":"https:\/\/i0.wp.com\/sinedjib.com\/wp-content\/uploads\/2024\/02\/nouvelle-gauche-tribune-etudiante-1957.png?resize=350%2C200&ssl=1","width":350,"height":200,"srcset":"https:\/\/i0.wp.com\/sinedjib.com\/wp-content\/uploads\/2024\/02\/nouvelle-gauche-tribune-etudiante-1957.png?resize=350%2C200&ssl=1 1x, https:\/\/i0.wp.com\/sinedjib.com\/wp-content\/uploads\/2024\/02\/nouvelle-gauche-tribune-etudiante-1957.png?resize=525%2C300&ssl=1 1.5x, https:\/\/i0.wp.com\/sinedjib.com\/wp-content\/uploads\/2024\/02\/nouvelle-gauche-tribune-etudiante-1957.png?resize=700%2C400&ssl=1 2x, https:\/\/i0.wp.com\/sinedjib.com\/wp-content\/uploads\/2024\/02\/nouvelle-gauche-tribune-etudiante-1957.png?resize=1050%2C600&ssl=1 3x"},"classes":[]},{"id":22553,"url":"https:\/\/sinedjib.com\/index.php\/2024\/04\/08\/houdeville\/","url_meta":{"origin":21818,"position":2},"title":"Louis Houdeville : Claude G\u00e9rard est lib\u00e9r\u00e9e mais le gouvernement Mollet poursuit sa politique de r\u00e9pression","author":"SiNedjib","date":"08\/04\/2024","format":false,"excerpt":"Article de Louis Houdeville paru dans Nouvelle Gauche, 1\u00e8re ann\u00e9e, n\u00b0 9, 9 septembre 1956, p. 2 Apr\u00e8s deux mois et demi d'emprisonnement, Claude G\u00e9rard a \u00e9t\u00e9 remise en libert\u00e9. Libert\u00e9 provisoire d'ailleurs, car comme certains journaux se sont plus \u00e0 le souligner, d\u00e8s le mois de septembre le juge\u2026","rel":"","context":"Dans &quot;presse&quot;","block_context":{"text":"presse","link":"https:\/\/sinedjib.com\/index.php\/category\/presse\/"},"img":{"alt_text":"","src":"https:\/\/i0.wp.com\/sinedjib.com\/wp-content\/uploads\/2024\/04\/Nouvelle-Gauche-9-septembre-1956.png?resize=350%2C200&ssl=1","width":350,"height":200,"srcset":"https:\/\/i0.wp.com\/sinedjib.com\/wp-content\/uploads\/2024\/04\/Nouvelle-Gauche-9-septembre-1956.png?resize=350%2C200&ssl=1 1x, https:\/\/i0.wp.com\/sinedjib.com\/wp-content\/uploads\/2024\/04\/Nouvelle-Gauche-9-septembre-1956.png?resize=525%2C300&ssl=1 1.5x"},"classes":[]},{"id":22532,"url":"https:\/\/sinedjib.com\/index.php\/2024\/04\/06\/amyot\/","url_meta":{"origin":21818,"position":3},"title":"A. Amyot : Pourquoi cet acharnement contre Claude G\u00e9rard ?","author":"SiNedjib","date":"06\/04\/2024","format":false,"excerpt":"Article sign\u00e9 A. Amyot paru dans Nouvelle Gauche, 1\u00e8re ann\u00e9e, n\u00b0 8, 22 juillet 1956, p. 2 Claude G\u00e9rard est toujours emprisonn\u00e9e. Voici sept semaines qu'elle est d\u00e9tenue \u00e0 la Petite-Roquette. Nous avons protest\u00e9 chaque fois que des journalistes avaient \u00e9t\u00e9 inqui\u00e9t\u00e9s pour avoir inform\u00e9 objectivement le public des r\u00e9alit\u00e9s\u2026","rel":"","context":"Dans &quot;presse&quot;","block_context":{"text":"presse","link":"https:\/\/sinedjib.com\/index.php\/category\/presse\/"},"img":{"alt_text":"","src":"https:\/\/i0.wp.com\/sinedjib.com\/wp-content\/uploads\/2024\/04\/Nouvelle-Gauche-22-juillet-1956.png?resize=350%2C200&ssl=1","width":350,"height":200,"srcset":"https:\/\/i0.wp.com\/sinedjib.com\/wp-content\/uploads\/2024\/04\/Nouvelle-Gauche-22-juillet-1956.png?resize=350%2C200&ssl=1 1x, https:\/\/i0.wp.com\/sinedjib.com\/wp-content\/uploads\/2024\/04\/Nouvelle-Gauche-22-juillet-1956.png?resize=525%2C300&ssl=1 1.5x"},"classes":[]},{"id":22544,"url":"https:\/\/sinedjib.com\/index.php\/2024\/04\/07\/renard\/","url_meta":{"origin":21818,"position":4},"title":"Daniel Renard : Arr\u00eater le scandale. Lib\u00e9rer Claude G\u00e9rard !","author":"SiNedjib","date":"07\/04\/2024","format":false,"excerpt":"Article de Daniel Renard paru dans La V\u00e9rit\u00e9, n\u00b0 418, 13 juillet 1956, p. 1 et 4 DEPUIS le vingt-six mai - bient\u00f4t deux mois ! - Claude G\u00e9rard est d\u00e9tenue \u00e0 la petite Roquette ! Que lui reproche-t-on ? Atteinte \u00e0 la s\u00fbret\u00e9 ext\u00e9rieure de l'Etat ! Plus exactement\u2026","rel":"","context":"Dans &quot;presse&quot;","block_context":{"text":"presse","link":"https:\/\/sinedjib.com\/index.php\/category\/presse\/"},"img":{"alt_text":"","src":"https:\/\/i0.wp.com\/sinedjib.com\/wp-content\/uploads\/2024\/04\/La-Verite-13-juillet-1956.png?resize=350%2C200&ssl=1","width":350,"height":200,"srcset":"https:\/\/i0.wp.com\/sinedjib.com\/wp-content\/uploads\/2024\/04\/La-Verite-13-juillet-1956.png?resize=350%2C200&ssl=1 1x, https:\/\/i0.wp.com\/sinedjib.com\/wp-content\/uploads\/2024\/04\/La-Verite-13-juillet-1956.png?resize=525%2C300&ssl=1 1.5x"},"classes":[]},{"id":21852,"url":"https:\/\/sinedjib.com\/index.php\/2024\/02\/06\/bourdet\/","url_meta":{"origin":21818,"position":5},"title":"Claude Bourdet : N&rsquo;ayons pas peur d&rsquo;avoir raison","author":"SiNedjib","date":"06\/02\/2024","format":false,"excerpt":"Editorial de Claude Bourdet paru dans Nouvelle Gauche, organe du mouvement uni de la nouvelle gauche, 1\u00e8re ann\u00e9e, n\u00b0 1, 15 avril 1956, p. 1 AU c\u0153ur m\u00eame de la situation politique fran\u00e7aise se trouve la guerre d'Alg\u00e9rie. Elle n'est pas le seul objet d'int\u00e9r\u00eat, elle n'est m\u00eame pas, pour\u2026","rel":"","context":"Dans &quot;presse&quot;","block_context":{"text":"presse","link":"https:\/\/sinedjib.com\/index.php\/category\/presse\/"},"img":{"alt_text":"","src":"https:\/\/i0.wp.com\/sinedjib.com\/wp-content\/uploads\/2024\/02\/Nouvelle-Gauche-15-avril-1956.png?resize=350%2C200&ssl=1","width":350,"height":200,"srcset":"https:\/\/i0.wp.com\/sinedjib.com\/wp-content\/uploads\/2024\/02\/Nouvelle-Gauche-15-avril-1956.png?resize=350%2C200&ssl=1 1x, https:\/\/i0.wp.com\/sinedjib.com\/wp-content\/uploads\/2024\/02\/Nouvelle-Gauche-15-avril-1956.png?resize=525%2C300&ssl=1 1.5x"},"classes":[]}],"_links":{"self":[{"href":"https:\/\/sinedjib.com\/index.php\/wp-json\/wp\/v2\/posts\/21818","targetHints":{"allow":["GET"]}}],"collection":[{"href":"https:\/\/sinedjib.com\/index.php\/wp-json\/wp\/v2\/posts"}],"about":[{"href":"https:\/\/sinedjib.com\/index.php\/wp-json\/wp\/v2\/types\/post"}],"author":[{"embeddable":true,"href":"https:\/\/sinedjib.com\/index.php\/wp-json\/wp\/v2\/users\/1"}],"replies":[{"embeddable":true,"href":"https:\/\/sinedjib.com\/index.php\/wp-json\/wp\/v2\/comments?post=21818"}],"version-history":[{"count":1,"href":"https:\/\/sinedjib.com\/index.php\/wp-json\/wp\/v2\/posts\/21818\/revisions"}],"predecessor-version":[{"id":21820,"href":"https:\/\/sinedjib.com\/index.php\/wp-json\/wp\/v2\/posts\/21818\/revisions\/21820"}],"wp:attachment":[{"href":"https:\/\/sinedjib.com\/index.php\/wp-json\/wp\/v2\/media?parent=21818"}],"wp:term":[{"taxonomy":"category","embeddable":true,"href":"https:\/\/sinedjib.com\/index.php\/wp-json\/wp\/v2\/categories?post=21818"},{"taxonomy":"post_tag","embeddable":true,"href":"https:\/\/sinedjib.com\/index.php\/wp-json\/wp\/v2\/tags?post=21818"}],"curies":[{"name":"wp","href":"https:\/\/api.w.org\/{rel}","templated":true}]}}