{"id":23172,"date":"2024-06-06T15:16:22","date_gmt":"2024-06-06T13:16:22","guid":{"rendered":"https:\/\/sinedjib.com\/?p=23172"},"modified":"2024-06-06T15:16:22","modified_gmt":"2024-06-06T13:16:22","slug":"valensi","status":"publish","type":"post","link":"https:\/\/sinedjib.com\/index.php\/2024\/06\/06\/valensi\/","title":{"rendered":"Rapha\u00ebl Valensi : L&rsquo;antis\u00e9mitisme, cri de guerre de la r\u00e9action"},"content":{"rendered":"\n<p><strong>Article de Rapha\u00ebl Valensi paru dans <em><a href=\"https:\/\/www.cermtri.com\/system\/files\/Adherents\/V1947%20num%20194.pdf\">La V\u00e9rit\u00e9<\/a><\/em>,<\/strong> <strong>n\u00b0 194, 31 octobre 1947, p. 2<\/strong><\/p>\n\n\n<div class=\"wp-block-image\">\n<figure class=\"aligncenter size-full is-resized\"><img data-recalc-dims=\"1\" loading=\"lazy\" decoding=\"async\" width=\"367\" height=\"571\" data-attachment-id=\"23173\" data-permalink=\"https:\/\/sinedjib.com\/index.php\/2024\/06\/06\/valensi\/camp\/\" data-orig-file=\"https:\/\/i0.wp.com\/sinedjib.com\/wp-content\/uploads\/2024\/06\/camp.png?fit=367%2C571&amp;ssl=1\" data-orig-size=\"367,571\" data-comments-opened=\"1\" data-image-meta=\"{&quot;aperture&quot;:&quot;0&quot;,&quot;credit&quot;:&quot;&quot;,&quot;camera&quot;:&quot;&quot;,&quot;caption&quot;:&quot;&quot;,&quot;created_timestamp&quot;:&quot;0&quot;,&quot;copyright&quot;:&quot;&quot;,&quot;focal_length&quot;:&quot;0&quot;,&quot;iso&quot;:&quot;0&quot;,&quot;shutter_speed&quot;:&quot;0&quot;,&quot;title&quot;:&quot;&quot;,&quot;orientation&quot;:&quot;0&quot;}\" data-image-title=\"camp\" data-image-description=\"\" data-image-caption=\"\" data-large-file=\"https:\/\/i0.wp.com\/sinedjib.com\/wp-content\/uploads\/2024\/06\/camp.png?fit=367%2C571&amp;ssl=1\" src=\"https:\/\/i0.wp.com\/sinedjib.com\/wp-content\/uploads\/2024\/06\/camp.png?resize=367%2C571&#038;ssl=1\" alt=\"\" class=\"wp-image-23173\" style=\"width:307px;height:auto\" srcset=\"https:\/\/i0.wp.com\/sinedjib.com\/wp-content\/uploads\/2024\/06\/camp.png?w=367&amp;ssl=1 367w, https:\/\/i0.wp.com\/sinedjib.com\/wp-content\/uploads\/2024\/06\/camp.png?resize=193%2C300&amp;ssl=1 193w\" sizes=\"auto, (max-width: 367px) 100vw, 367px\" \/><figcaption class=\"wp-element-caption\"><em>Un ex-d\u00e9port\u00e9 de Buchenwald, fr\u00e8re de l&rsquo;un de nos camarades, derri\u00e8re les barbel\u00e9s d&rsquo;un camp de Chypre.<\/em><\/figcaption><\/figure>\n<\/div>\n\n\n<hr class=\"wp-block-separator has-alpha-channel-opacity\"\/>\n\n\n\n<p class=\"has-text-align-center has-large-font-size\"><strong>Prenant la rel\u00e8ve du \u00ab\u00a0Pilori\u00a0\u00bb, \u00ab\u00a0L&rsquo;Epoque\u00a0\u00bb r\u00e9clame le \u00ab\u00a0numerus clausus\u00a0\u00bb<\/strong><\/p>\n\n\n\n<p><strong>Certes, la presse r\u00e9actionnaire ne peut encore se payer le luxe de manger ouvertement du juif, car les confr\u00e8res qui l&rsquo;ont pr\u00e9c\u00e9d\u00e9e dans cette besogne sont un peu g\u00eanants. Le souvenir de \u00ab Je suis partout \u00bb et du \u00ab Pilori \u00bb est encore trop vivace. C&rsquo;est pourquoi l&rsquo;antis\u00e9mitisme, arme traditionnelle de la r\u00e9action, n&rsquo;est utilis\u00e9e actuellement que d&rsquo;une mani\u00e8re insidieuse. Lors du drame de l&rsquo;\u00ab Exodus \u00bb, \u00ab L&rsquo;Epoque \u00bb trouva ind\u00e9cent que l&rsquo;on pleure sur les rescap\u00e9s des fours cr\u00e9matoires lorsque tant d&rsquo;authentiques et valeureux Fran\u00e7ais moisissent encore \u00e0 Fresnes.<\/strong><\/p>\n\n\n\n<!--more-->\n\n\n\n<p>Mais l&rsquo;inf\u00e2me torchon r\u00e9actionnaire bien connu ne s&rsquo;est pas arr\u00eat\u00e9 l\u00e0. Il s&rsquo;est livr\u00e9 aussi \u00e0 des astuces sur le nom d&rsquo;un r\u00e9dacteur de \u00ab Franc-Tireur \u00bb, Jean-Maurice Hermann, dont la consonance r\u00e9v\u00e8le des origines impures. Enfin \u00ab L&rsquo;Epoque \u00bb vient de terminer la parution d&rsquo;une enqu\u00eate sur la m\u00e9decine fran\u00e7aise, \u00ab envahie par les m\u00e9t\u00e8ques bessarabiens \u00bb. Et de nous faire savoir que le corps m\u00e9dical est submerg\u00e9 par les \u00e9trangers, on ne prononce pas le mot juif, mais par les noms cit\u00e9s, tout le monde comprend.<\/p>\n\n\n\n<p>Toutes les saloperies prises dans les poubelles de \u00ab Gringoire \u00bb et de la presse nazie y passent. Les m\u00e9decins marrons appartiennent \u00e0 la race \u00e9lue, l&rsquo;avortement est une sp\u00e9cialit\u00e9 \u00ab bessarabienne \u00bb. etc. Vite le r\u00e9tablissement du \u00ab numerus clausus \u00bb dans nos facult\u00e9s, pour limiter le nombre d&rsquo;\u00e9tudiants \u00e9trangers ou juifs ! Pour que l&rsquo;on puisse respirer \u00ab entre Fran\u00e7ais \u00bb ! Nous ne nous \u00e9tendrons pas sur la valeur de ces ragots qui sentent la croix gamm\u00e9e. Ce qu&rsquo;il faut noter, c&rsquo;est le fait que l&rsquo;antis\u00e9mitisme r\u00e9appara\u00eet avec la mont\u00e9e du gaullisme. Bien s\u00fbr, le R.P.F. laisse pour le moment le soin de la propagande antis\u00e9mite aux brochures dites clandestines vendues par les librairies de Saint-Germain-des-Pr\u00e9s. Mais qu&rsquo;on ne s&rsquo;y trompe pas, la logique de sa politique am\u00e8nera le R.P.F. \u00e0 reprendre les arguments des Streicher et des Goebbels. Tout ce que Paris compte d&rsquo;antis\u00e9mites se range d\u00e9j\u00e0 sous la banni\u00e8re du g\u00e9n\u00e9ral. Ce beau monde comprend que les glapissements antijuifs seraient mal accueillis deux ans apr\u00e8s l&rsquo;extinction des fours cr\u00e9matoires, mais on attend l&rsquo;heure. Et puis, devant la r\u00e9volte grandissante des petites gens exasp\u00e9r\u00e9es par la vie ch\u00e8re et la gabegie gouvernementale, comme il sera facile de faire du \u00ab Bessarabien \u00bb ou du petit tailleur juif, le responsable de tous les malheurs ! Cette tactique, qui consiste \u00e0 d\u00e9tourner la col\u00e8re du peuple des vrais responsables, est vieille comme l&rsquo;injustice sociale elle-m\u00eame. La bourgeoisie ne peut se passer de l&rsquo;antis\u00e9mitisme, qui va de pair avec le nationalisme.<\/p>\n\n\n\n<p>Mais il n&rsquo;est pas possible de passer sous silence le r\u00f4le de ceux qui ont apport\u00e9 de l&rsquo;eau au moulin du racisme. Ceux qui ont sem\u00e9 le chauvinisme dans les rangs ouvriers, qui ont annex\u00e9 Jeanne d&rsquo;Arc, chant\u00e9 le drapeau et l&rsquo;Empire et embouch\u00e9 la trompette de D\u00e9roul\u00e8de, ont rendu la propagande raciste plus efficace. Celui qui s\u00e8me le chauvinisme r\u00e9colte l&rsquo;antis\u00e9mitisme et la x\u00e9nophobie, car tous les deux sont les ficelles classiques de la r\u00e9action.<\/p>\n\n\n\n<p class=\"has-text-align-right\"><strong>R. VALENSI.<\/strong><\/p>\n","protected":false},"excerpt":{"rendered":"<p>Article de Rapha\u00ebl Valensi paru dans La V\u00e9rit\u00e9, n\u00b0 194, 31 octobre 1947, p. 2 Prenant la rel\u00e8ve du \u00ab\u00a0Pilori\u00a0\u00bb, \u00ab\u00a0L&rsquo;Epoque\u00a0\u00bb r\u00e9clame le \u00ab\u00a0numerus clausus\u00a0\u00bb Certes, la presse r\u00e9actionnaire ne peut encore se payer le luxe de manger ouvertement du juif, car les confr\u00e8res qui l&rsquo;ont pr\u00e9c\u00e9d\u00e9e dans cette besogne sont un peu g\u00eanants. Le [&hellip;]<\/p>\n","protected":false},"author":1,"featured_media":0,"comment_status":"open","ping_status":"open","sticky":false,"template":"","format":"standard","meta":{"jetpack_post_was_ever_published":false,"_jetpack_newsletter_access":"","_jetpack_dont_email_post_to_subs":false,"_jetpack_newsletter_tier_id":0,"_jetpack_memberships_contains_paywalled_content":false,"_jetpack_memberships_contains_paid_content":false,"footnotes":""},"categories":[8],"tags":[29,2068,457,659,858,912,985,5523],"class_list":["post-23172","post","type-post","status-publish","format-standard","hentry","category-presse","tag-29","tag-antisemitisme","tag-france","tag-la-verite","tag-nationalisme","tag-parti-communiste-internationaliste","tag-racisme","tag-raphael-valensi"],"jetpack_featured_media_url":"","jetpack_sharing_enabled":true,"jetpack_shortlink":"https:\/\/wp.me\/s9lTYU-valensi","jetpack_likes_enabled":true,"jetpack-related-posts":[{"id":12763,"url":"https:\/\/sinedjib.com\/index.php\/2021\/05\/29\/intervention-a-la-rencontre-celebrons-la-commune-montreuil-dimanche-30-mai-a-14h\/","url_meta":{"origin":23172,"position":0},"title":"Intervention \u00e0 la rencontre \u00ab\u00a0C\u00e9l\u00e9brons la Commune\u00a0\u00bb, Montreuil, dimanche 30 mai \u00e0 14h","author":"SiNedjib","date":"29\/05\/2021","format":false,"excerpt":"J\u2019interviendrai ce dimanche 30 mai lors de la rencontre\u00a0intitul\u00e9e \u201cC\u00e9l\u00e9brons la Commune\u201d. Dans le cadre du d\u00e9bat ayant pour th\u00e8me \"L'internationale des r\u00e9voltes\", je parlerai du mouvement populaire de 2001 en Kabylie, aux c\u00f4t\u00e9s d'Ali Guenoun et de Rapha\u00ebl Lebrujah. L\u2019\u00e9v\u00e9nement se tiendra \u00e0 partir de 14h \u00e0 la salle\u2026","rel":"","context":"Dans &quot;interventions&quot;","block_context":{"text":"interventions","link":"https:\/\/sinedjib.com\/index.php\/category\/interventions\/"},"img":{"alt_text":"","src":"https:\/\/i0.wp.com\/sinedjib.com\/wp-content\/uploads\/2021\/05\/Commune-Montreuil.png?resize=350%2C200&ssl=1","width":350,"height":200},"classes":[]},{"id":26217,"url":"https:\/\/sinedjib.com\/index.php\/2025\/05\/26\/kokozcynski\/","url_meta":{"origin":23172,"position":1},"title":"Michieslazc Kokozcynski : Huit Mai","author":"SiNedjib","date":"26\/05\/2025","format":false,"excerpt":"Editorial de Michieslazc Kokozcynski alias Michel Rouz\u00e9 paru dans Alger R\u00e9publicain, 8 mai 1947 IL y a deux ans, tandis que les troupes sovi\u00e9tiques achevaient de nettoyer les ruines de Berlin, les derniers chefs de l'arm\u00e9e allemande d\u00e9posaient les armes. L'effort des peuples libres avait triomph\u00e9 du monstrueux r\u00eave hitl\u00e9rien.\u2026","rel":"","context":"Dans &quot;presse&quot;","block_context":{"text":"presse","link":"https:\/\/sinedjib.com\/index.php\/category\/presse\/"},"img":{"alt_text":"","src":"https:\/\/i0.wp.com\/sinedjib.com\/wp-content\/uploads\/2025\/05\/Alger.jpg?resize=350%2C200&ssl=1","width":350,"height":200,"srcset":"https:\/\/i0.wp.com\/sinedjib.com\/wp-content\/uploads\/2025\/05\/Alger.jpg?resize=350%2C200&ssl=1 1x, https:\/\/i0.wp.com\/sinedjib.com\/wp-content\/uploads\/2025\/05\/Alger.jpg?resize=525%2C300&ssl=1 1.5x, https:\/\/i0.wp.com\/sinedjib.com\/wp-content\/uploads\/2025\/05\/Alger.jpg?resize=700%2C400&ssl=1 2x, https:\/\/i0.wp.com\/sinedjib.com\/wp-content\/uploads\/2025\/05\/Alger.jpg?resize=1050%2C600&ssl=1 3x"},"classes":[]},{"id":22505,"url":"https:\/\/sinedjib.com\/index.php\/2024\/04\/02\/lambert-4\/","url_meta":{"origin":23172,"position":2},"title":"Pierre Lambert : Objectivit\u00e9 de l&rsquo;information et paradoxes de la r\u00e9pression","author":"SiNedjib","date":"02\/04\/2024","format":false,"excerpt":"Article de\u00a0Pierre Boussel\u00a0alias\u00a0Pierre Lambert paru dans\u00a0La V\u00e9rit\u00e9, n\u00b0 413, 8 juin 1956, p. 1 CLAUDE GERARD est arr\u00eat\u00e9e pour avoir effectu\u00e9 un reportage dans les maquis messalistes. Les six-f\u00e9vri\u00e9ristes d'Alger exigent qu'elle leur soit livr\u00e9e. Claude G\u00e9rard a commis un crime inexpiable. Elle a rapport\u00e9 que les maquis contr\u00f4l\u00e9s par\u2026","rel":"","context":"Dans &quot;presse&quot;","block_context":{"text":"presse","link":"https:\/\/sinedjib.com\/index.php\/category\/presse\/"},"img":{"alt_text":"","src":"https:\/\/i0.wp.com\/sinedjib.com\/wp-content\/uploads\/2024\/04\/La-Verite-8-juin-1956.png?resize=350%2C200&ssl=1","width":350,"height":200,"srcset":"https:\/\/i0.wp.com\/sinedjib.com\/wp-content\/uploads\/2024\/04\/La-Verite-8-juin-1956.png?resize=350%2C200&ssl=1 1x, https:\/\/i0.wp.com\/sinedjib.com\/wp-content\/uploads\/2024\/04\/La-Verite-8-juin-1956.png?resize=525%2C300&ssl=1 1.5x"},"classes":[]},{"id":11777,"url":"https:\/\/sinedjib.com\/index.php\/2021\/03\/15\/guy-martin-leglise-islamique-et-letat-colonialiste\/","url_meta":{"origin":23172,"position":3},"title":"Guy Martin : L&rsquo;Eglise islamique et l&rsquo;Etat colonialiste","author":"SiNedjib","date":"15\/03\/2021","format":false,"excerpt":"Article de Guy Martin paru dans Le Libertaire, n\u00b0 237, 11 ao\u00fbt 1950, p. 1-2 LE statut de l'Alg\u00e9rie (article 56) reconna\u00eet l'autonomie du culte musulman et d\u00e9l\u00e8gue \u00e0 l'assembl\u00e9e alg\u00e9rienne pouvoir d'assurer la s\u00e9paration de l'Eglise et de l'Etat. Toutes les religions, jusques et y compris l'Islam (nous devons\u2026","rel":"","context":"Dans &quot;presse&quot;","block_context":{"text":"presse","link":"https:\/\/sinedjib.com\/index.php\/category\/presse\/"},"img":{"alt_text":"","src":"https:\/\/i0.wp.com\/sinedjib.com\/wp-content\/uploads\/2021\/03\/Le-Libertaire-11-aout-1950.png?resize=350%2C200&ssl=1","width":350,"height":200,"srcset":"https:\/\/i0.wp.com\/sinedjib.com\/wp-content\/uploads\/2021\/03\/Le-Libertaire-11-aout-1950.png?resize=350%2C200&ssl=1 1x, https:\/\/i0.wp.com\/sinedjib.com\/wp-content\/uploads\/2021\/03\/Le-Libertaire-11-aout-1950.png?resize=525%2C300&ssl=1 1.5x"},"classes":[]},{"id":16226,"url":"https:\/\/sinedjib.com\/index.php\/2022\/05\/14\/le-front-de-solidarite-a-la-revolution-algerienne-poursuit-son-activite\/","url_meta":{"origin":23172,"position":4},"title":"Le Front de solidarit\u00e9 \u00e0 la r\u00e9volution alg\u00e9rienne poursuit son activit\u00e9","author":"SiNedjib","date":"14\/05\/2022","format":false,"excerpt":"Article paru dans La V\u00e9rit\u00e9 des travailleurs, n\u00b0 126, mai 1962, p. 16 A Paris apr\u00e8s la manifestation organis\u00e9e le 1er mai devant la prison de la Roquette, et qui rassembla 500 personnes, un meeting central est en pr\u00e9paration en collaboration avec le F.A.C.U.I.R.A., le F.U.A., le Comit\u00e9 Audin, V\u00e9rit\u00e9-Libert\u00e9,\u2026","rel":"","context":"Dans &quot;presse&quot;","block_context":{"text":"presse","link":"https:\/\/sinedjib.com\/index.php\/category\/presse\/"},"img":{"alt_text":"","src":"https:\/\/i0.wp.com\/sinedjib.com\/wp-content\/uploads\/2022\/05\/La-Verite-des-travailleurs-mai-1962.png?resize=350%2C200&ssl=1","width":350,"height":200},"classes":[]},{"id":15879,"url":"https:\/\/sinedjib.com\/index.php\/2022\/03\/25\/le-zero-et-linfini-2\/","url_meta":{"origin":23172,"position":5},"title":"Le Z\u00e9ro et l&rsquo;Infini","author":"SiNedjib","date":"25\/03\/2022","format":false,"excerpt":"Article paru dans Le Prol\u00e9taire, organe du communisme r\u00e9volutionnaire, n\u00b0 10, d\u00e9cembre 1946-janvier 1947, p. 3 La barbarie stalinienne et la trag\u00e9die trotskiste sous forme de roman L'Histoire nous a appris que souvent les mensonges la servent mieux que la v\u00e9rit\u00e9 ; car l'homme est paresseux, et il faut lui\u2026","rel":"","context":"Dans &quot;presse&quot;","block_context":{"text":"presse","link":"https:\/\/sinedjib.com\/index.php\/category\/presse\/"},"img":{"alt_text":"","src":"https:\/\/i0.wp.com\/sinedjib.com\/wp-content\/uploads\/2022\/03\/Le-Proletaire-decembre-1946-janvier-1947.png?resize=350%2C200&ssl=1","width":350,"height":200},"classes":[]}],"_links":{"self":[{"href":"https:\/\/sinedjib.com\/index.php\/wp-json\/wp\/v2\/posts\/23172","targetHints":{"allow":["GET"]}}],"collection":[{"href":"https:\/\/sinedjib.com\/index.php\/wp-json\/wp\/v2\/posts"}],"about":[{"href":"https:\/\/sinedjib.com\/index.php\/wp-json\/wp\/v2\/types\/post"}],"author":[{"embeddable":true,"href":"https:\/\/sinedjib.com\/index.php\/wp-json\/wp\/v2\/users\/1"}],"replies":[{"embeddable":true,"href":"https:\/\/sinedjib.com\/index.php\/wp-json\/wp\/v2\/comments?post=23172"}],"version-history":[{"count":3,"href":"https:\/\/sinedjib.com\/index.php\/wp-json\/wp\/v2\/posts\/23172\/revisions"}],"predecessor-version":[{"id":23176,"href":"https:\/\/sinedjib.com\/index.php\/wp-json\/wp\/v2\/posts\/23172\/revisions\/23176"}],"wp:attachment":[{"href":"https:\/\/sinedjib.com\/index.php\/wp-json\/wp\/v2\/media?parent=23172"}],"wp:term":[{"taxonomy":"category","embeddable":true,"href":"https:\/\/sinedjib.com\/index.php\/wp-json\/wp\/v2\/categories?post=23172"},{"taxonomy":"post_tag","embeddable":true,"href":"https:\/\/sinedjib.com\/index.php\/wp-json\/wp\/v2\/tags?post=23172"}],"curies":[{"name":"wp","href":"https:\/\/api.w.org\/{rel}","templated":true}]}}