{"id":25782,"date":"2025-02-02T11:59:43","date_gmt":"2025-02-02T10:59:43","guid":{"rendered":"https:\/\/sinedjib.com\/?p=25782"},"modified":"2025-02-02T12:05:37","modified_gmt":"2025-02-02T11:05:37","slug":"lanza","status":"publish","type":"post","link":"https:\/\/sinedjib.com\/index.php\/2025\/02\/02\/lanza\/","title":{"rendered":"Mich\u00e8le Lanza : Les immigr\u00e9s et le racisme en France"},"content":{"rendered":"\n<p><strong>Article de Mich\u00e8le Lanza paru dans <em><a href=\"https:\/\/ml.ficedl.info\/IMG\/pdf\/monde-libertaire-n0216_1975-nov.pdf\">Le Monde libertaire<\/a><\/em>,<\/strong> <strong>n\u00b0 216, novembre 1975, p. 6<\/strong><\/p>\n\n\n<div class=\"wp-block-image\">\n<figure class=\"aligncenter size-full is-resized\"><img data-recalc-dims=\"1\" loading=\"lazy\" decoding=\"async\" width=\"580\" height=\"776\" data-attachment-id=\"25783\" data-permalink=\"https:\/\/sinedjib.com\/index.php\/2025\/02\/02\/lanza\/le-monde-libertaire-novembre-1975\/\" data-orig-file=\"https:\/\/i0.wp.com\/sinedjib.com\/wp-content\/uploads\/2025\/02\/Le-Monde-libertaire-novembre-1975.jpg?fit=591%2C791&amp;ssl=1\" data-orig-size=\"591,791\" data-comments-opened=\"0\" data-image-meta=\"{&quot;aperture&quot;:&quot;0&quot;,&quot;credit&quot;:&quot;&quot;,&quot;camera&quot;:&quot;&quot;,&quot;caption&quot;:&quot;&quot;,&quot;created_timestamp&quot;:&quot;0&quot;,&quot;copyright&quot;:&quot;&quot;,&quot;focal_length&quot;:&quot;0&quot;,&quot;iso&quot;:&quot;0&quot;,&quot;shutter_speed&quot;:&quot;0&quot;,&quot;title&quot;:&quot;&quot;,&quot;orientation&quot;:&quot;0&quot;}\" data-image-title=\"Le Monde libertaire novembre 1975\" data-image-description=\"\" data-image-caption=\"\" data-large-file=\"https:\/\/i0.wp.com\/sinedjib.com\/wp-content\/uploads\/2025\/02\/Le-Monde-libertaire-novembre-1975.jpg?fit=580%2C776&amp;ssl=1\" src=\"https:\/\/i0.wp.com\/sinedjib.com\/wp-content\/uploads\/2025\/02\/Le-Monde-libertaire-novembre-1975.jpg?resize=580%2C776&#038;ssl=1\" alt=\"\" class=\"wp-image-25783\" style=\"width:377px;height:auto\" srcset=\"https:\/\/i0.wp.com\/sinedjib.com\/wp-content\/uploads\/2025\/02\/Le-Monde-libertaire-novembre-1975.jpg?w=591&amp;ssl=1 591w, https:\/\/i0.wp.com\/sinedjib.com\/wp-content\/uploads\/2025\/02\/Le-Monde-libertaire-novembre-1975.jpg?resize=224%2C300&amp;ssl=1 224w\" sizes=\"auto, (max-width: 580px) 100vw, 580px\" \/><\/figure>\n<\/div>\n\n\n<p class=\"has-drop-cap\">En France, un salari\u00e9 sur six est un immigr\u00e9 (1). Enfant, je m&rsquo;imaginais vivre dans un des pays les moins concern\u00e9s par les probl\u00e8mes raciaux, surtout si on le compara\u00eet aux Etats-Unis, dont mes lectures m&rsquo;avaient appris qu&rsquo;on y pratiquait ouvertement la s\u00e9gr\u00e9gation, notamment dans certains \u00e9tats du Sud. Bien s\u00fbr, je me rends parfaitement compte aujourd&rsquo;hui \u00e0 quel point j&rsquo;\u00e9tais dans l&rsquo;erreur et combien les racistes, ici comme ailleurs, sont des \u00eatres stupides et l\u00e2ches, qui brandissent sans honte leur haine aveugle, comme d&rsquo;imb\u00e9ciles patriotes le font d&rsquo;un drapeau tricolore.<\/p>\n\n\n\n<!--more-->\n\n\n\n<p>On retrouve des racistes dans toutes les classes de la soci\u00e9t\u00e9, sans exception, et parmi eux, beaucoup sont de pauvres types, des \u00ab bons Fran\u00e7ais \u00bb, b\u00eatement cocardiers, ou d\u00e9sax\u00e9s par les sales guerres colonialistes, ou bien encore contamin\u00e9s par le venin distill\u00e9 par une presse odieuse et appelant au meurtre, du genre \u00ab Minute \u00bb et par des groupuscules fascisants ou n\u00e9o-nazis, comme le P.F.N., le Front national ou le Nouvel Ordre Europ\u00e9en, qui agissent en toute impunit\u00e9.<\/p>\n\n\n\n<p>Qui donc est raciste en France ? C&rsquo;est aussi bien le bourgeois aux id\u00e9es \u00e9troites et au compte en banque bien garni que l&rsquo;ouvrier tromp\u00e9, toujours prompt \u00e0 grogner contre \u00ab ces \u00e9trangers qui viennent manger notre pain \u00bb ; c&rsquo;est encore ce jeune cadre distingu\u00e9 qui, entr\u00e9 par hasard dans un magasin, en ressort aussit\u00f4t furtivement parce qu&rsquo;il s&rsquo;est aper\u00e7u que le commer\u00e7ant avait le teint basan\u00e9. C&rsquo;est l&rsquo;abruti qui d\u00e9clare \u00e0 qui veut l&rsquo;entendre que les Arabes sont sales et sentent mauvais, mais qui se soucie peu de savoir \u00e0 quoi ressembleraient les grandes villes fran\u00e7aises si, d\u00e8s l&rsquo;aube, ces \u00ab bougnoules \u00bb n&rsquo;\u00e9taient pas l\u00e0 pour en laver les rues et les trottoirs, et en vider les poubelles. Car, si, les travailleurs immigr\u00e9s viennent en France, c&rsquo;est pour y travailler. C&rsquo;est la mis\u00e8re qui les a contraints \u00e0 l&rsquo;exil. Et l&rsquo;\u00e9conomie capitaliste a un besoin vital de cette main-d&rsquo;\u0153uvre venant des pays qu&rsquo;elle a pill\u00e9s (et qu&rsquo;elle continue \u00e0 piller) ; on les traite comme une marchandise cr\u00e9atrice de profit, ces travailleurs, que l&rsquo;on trouve dans les branches de production les plus p\u00e9nibles, les plus dangereuses et demandant le moins de qualification. Leur ignorance de la langue fran\u00e7aise, leur manque de la plus \u00e9l\u00e9mentaire formation ne leur permettent gu\u00e8re d&rsquo;acc\u00e9der \u00e0 d&rsquo;autres postes que ceux de man\u0153uvres ou O.S.<\/p>\n\n\n\n<p>Ils sont tr\u00e8s nombreux dans le b\u00e2timent et dans les travaux publics (30% d&rsquo;immigr\u00e9s), ainsi que dans les mines (70 %), dans la m\u00e9tallurgie et la sid\u00e9rurgie (20%), dans l&rsquo;agriculture (35%).<\/p>\n\n\n\n<p>Dans les cas de crise (comme actuellement), les immigr\u00e9s sont les plus vuln\u00e9rables, donc les premiers \u00e0 \u00eatre durement touch\u00e9s. L&rsquo;Etat, s&rsquo;il veut \u00e9viter que le ch\u00f4mage ne d\u00e9clenche une \u00ab guerre sociale \u00bb, autrement dit une lutte de la classe ouvri\u00e8re pour la d\u00e9fense des droit acquis, a une solution en r\u00e9serve : la r\u00e9duction du nombre des travailleurs immigr\u00e9s, et il sait que cela ne d\u00e9plairait pas \u00e0 tous les \u00ab Dupont-Lajoie \u00bb en puissance qui accusent les \u00ab ratons \u00bb (comme ils disent avec m\u00e9pris) de tous les m\u00e9faits, encourag\u00e9s en ce sens par une presse aux ordres qui se h\u00e2te de titrer sur cinq colonnes \u00e0 la une quand l&rsquo;auteur d&rsquo;un d\u00e9lit se pr\u00e9nomme Mohammed ou Mario mais se contente d&rsquo;un entrefilet en derni\u00e8re page si ledit d\u00e9linquant porte un nom bien \u00ab de chez nous \u00bb.<\/p>\n\n\n\n<p>Aucune organisation ne peut se pr\u00e9tendre REVOLUTIONNAIRE et dire repr\u00e9senter les int\u00e9r\u00eats des ouvriers en g\u00e9n\u00e9ral, si elle ne consacre pas une importante partie de ses forces au travail en direction de ces boucs \u00e9missaires que sont les immigr\u00e9s. Dans les syndicats r\u00e9formistes, au sommet, on se proclame toujours internationaliste, on parle souvent de solidarit\u00e9 et on r\u00e9clame dans les tracts l&rsquo;\u00e9galit\u00e9 des droits entre Fran\u00e7ais et immigr\u00e9s, H\u00e9las, quand les leaders syndicaux et les patrons se retrouvent autour d&rsquo;une table de n\u00e9gociation, ce probl\u00e8me est rarement \u00e9voqu\u00e9, et il n&rsquo;est jamais mis en discussion.<\/p>\n\n\n\n<p>Qu&rsquo;on se souvienne que \u00e7&rsquo;a \u00e9t\u00e9 le cas \u00e0 Grenelle, malgr\u00e9 la participation massive des immigr\u00e9s \u00e0 la gr\u00e8ve de mai 68. Se sentant n\u00e9glig\u00e9s, voire mis \u00e0 l&rsquo;\u00e9cart par les organisations syndicales, les immigr\u00e9s manifestent naturellement vis-\u00e0-vis d&rsquo;elles une certaine m\u00e9fiance, car leur exp\u00e9rience quotidienne les confronte \u00e0 un esprit corporatiste et au nationalisme bon teint affich\u00e9 par certains militants syndicaux, plus sp\u00e9cialement \u00e0 la C.G.T.<\/p>\n\n\n\n<p>Exploit\u00e9s dans les usines et sur les chantiers plus scandaleusement que leurs camarades fran\u00e7ais, les travailleurs immigr\u00e9s sont r\u00e9duits par les capitalistes \u00e0 des conditions de vie abominables, ce qui fait la joie des racistes qui osent affirmer que si ces gens vivent dans des taudis ou des bidonvilles, c&rsquo;est au fond parce qu&rsquo;ils aiment \u00e7a, que \u00e7a leur suffit et qu&rsquo;ils sont bien incapables de vivre autrement et de se sortir de la mouise. Ce sont les m\u00eames qui leur reprochent d&rsquo;accueillir dans leur pauvre logis, leurs amis sans emploi, attir\u00e9s en France par des promesses all\u00e9chantes et mensong\u00e8res (2). Ainsi, la solidarit\u00e9 serait un crime, il serait donc interdit de serrer les coudes pour faire front \u00e0 la mis\u00e8re ? Malheureusement pour eux, ces proscrits de la \u00ab soci\u00e9t\u00e9 de consommation \u00bb n&rsquo;ont pas suffisamment de \u00ab relations \u00bb pour se loger dans un F 4, \u00e0 deux personnes seulement, comme c&rsquo;est le cas si fr\u00e9quemment. Ils n&rsquo;ont que leurs bras pour gagner (mal) leur pain, et faire fonctionner certains des secteurs les plus importants de l&rsquo;\u00e9conomie fran\u00e7aise.<\/p>\n\n\n\n<p>Mon fr\u00e8re, mon camarade, toi qui te sens tellement \u00ab \u00e9tranger \u00bb, parce qu&rsquo;on te m\u00e9prise, qu&rsquo;on t&rsquo;insulte, qu&rsquo;on ne cherche pas \u00e0 te conna\u00eetre ni \u00e0 te comprendre, nous serons toujours \u00e0 ton c\u00f4t\u00e9 pour combattre la haine et l&rsquo;injustice. Quand on te montre du doigt, qu&rsquo;on te pourchasse, qu&rsquo;on te matraque \u00e0 cause de la couleur de ta peau ou de la langue que tu parles, on met en danger de mort la race humaine tout enti\u00e8re.<\/p>\n\n\n\n<p>Je suis s\u00fbrement na\u00efve, mais j&rsquo;ai besoin de faire savoir que, dans mon \u00eatre toujours en r\u00e9volte, il n&rsquo;y a place que pour une seule patrie, et que son nom est : \u00ab Amour, Paix et Libert\u00e9 \u00bb, m\u00eame si le hasard a voulu que je naisse du c\u00f4t\u00e9 de Paris.<\/p>\n\n\n\n<p class=\"has-text-align-right\"><strong>Mich\u00e8le LANZA<\/strong><\/p>\n\n\n\n<hr class=\"wp-block-separator has-alpha-channel-opacity\"\/>\n\n\n\n<p class=\"has-small-font-size\">(1) Alors que la population active fran\u00e7aise ne repr\u00e9sente qu&rsquo;environ 45 % de, la population totale, les immigr\u00e9s actifs repr\u00e9sentent plus de 66 % du total des immigr\u00e9s.<\/p>\n\n\n\n<p class=\"has-small-font-size\">(2) A c\u00f4t\u00e9 de l&rsquo;immigration officielle, limit\u00e9e et contr\u00f4l\u00e9e, il existe une immigration clandestine sur laquelle les lois ferment les yeux, tant qu&rsquo;elle sert les besoins des industriels en main-d&rsquo;\u0153uvre.<\/p>\n\n\n\n<p class=\"has-small-font-size\">Cette immigration clandestine est une aubaine pour les passeurs en tous genres, v\u00e9ritables n\u00e9griers des temps modernes, qui r\u00e9alisent des affaires d&rsquo;or sur le dos de pauvres gens mis\u00e9reux.<\/p>\n","protected":false},"excerpt":{"rendered":"<p>Article de Mich\u00e8le Lanza paru dans Le Monde libertaire, n\u00b0 216, novembre 1975, p. 6 En France, un salari\u00e9 sur six est un immigr\u00e9 (1). Enfant, je m&rsquo;imaginais vivre dans un des pays les moins concern\u00e9s par les probl\u00e8mes raciaux, surtout si on le compara\u00eet aux Etats-Unis, dont mes lectures m&rsquo;avaient appris qu&rsquo;on y pratiquait [&hellip;]<\/p>\n","protected":false},"author":1,"featured_media":0,"comment_status":"closed","ping_status":"","sticky":false,"template":"","format":"standard","meta":{"jetpack_post_was_ever_published":false,"_jetpack_newsletter_access":"","_jetpack_dont_email_post_to_subs":false,"_jetpack_newsletter_tier_id":0,"_jetpack_memberships_contains_paywalled_content":false,"_jetpack_memberships_contains_paid_content":false,"footnotes":""},"categories":[8],"tags":[1732,457,555,683,5710,985],"class_list":["post-25782","post","type-post","status-publish","format-standard","hentry","category-presse","tag-1732","tag-france","tag-immigration","tag-le-monde-libertaire","tag-michele-lanza","tag-racisme"],"jetpack_featured_media_url":"","jetpack_sharing_enabled":true,"jetpack_shortlink":"https:\/\/wp.me\/s9lTYU-lanza","jetpack_likes_enabled":true,"jetpack-related-posts":[{"id":28284,"url":"https:\/\/sinedjib.com\/index.php\/2026\/03\/10\/socialisme-immigration-et-racisme\/","url_meta":{"origin":25782,"position":0},"title":"Socialisme, immigration et racisme","author":"SiNedjib","date":"10\/03\/2026","format":false,"excerpt":"Mon nouvel article, intitul\u00e9 \"Socialisme, immigration et racisme\", a \u00e9t\u00e9 publi\u00e9 dans Courant alternatif, n\u00b0 358, mars 2026. En voici les premi\u00e8res lignes : \"Un article paru derni\u00e8rement dans le quotidien \u00ab\u00a0de r\u00e9f\u00e9rence\u00a0\u00bb enjoignait la gauche \u00e0 sortir de son \u00ab\u00a0silence\u00a0\u00bb\u00a0sur l\u2019immigration (Le Monde, 23-24 novembre 2025). Son auteur, Philippe\u2026","rel":"","context":"Dans &quot;publications&quot;","block_context":{"text":"publications","link":"https:\/\/sinedjib.com\/index.php\/category\/publications\/"},"img":{"alt_text":"","src":"https:\/\/i0.wp.com\/sinedjib.com\/wp-content\/uploads\/2026\/03\/une_ca_358_medium_.jpg?resize=350%2C200&ssl=1","width":350,"height":200,"srcset":"https:\/\/i0.wp.com\/sinedjib.com\/wp-content\/uploads\/2026\/03\/une_ca_358_medium_.jpg?resize=350%2C200&ssl=1 1x, https:\/\/i0.wp.com\/sinedjib.com\/wp-content\/uploads\/2026\/03\/une_ca_358_medium_.jpg?resize=525%2C300&ssl=1 1.5x, https:\/\/i0.wp.com\/sinedjib.com\/wp-content\/uploads\/2026\/03\/une_ca_358_medium_.jpg?resize=700%2C400&ssl=1 2x, https:\/\/i0.wp.com\/sinedjib.com\/wp-content\/uploads\/2026\/03\/une_ca_358_medium_.jpg?resize=1050%2C600&ssl=1 3x"},"classes":[]},{"id":25776,"url":"https:\/\/sinedjib.com\/index.php\/2025\/02\/01\/racisme-20\/","url_meta":{"origin":25782,"position":1},"title":"Racisme","author":"SiNedjib","date":"01\/02\/2025","format":false,"excerpt":"Dossier paru dans Le Monde Libertaire, n\u00b0 176, d\u00e9cembre 1971 Le bouc \u00e9missaire Ils s'appellent Mohamed, Mario, Djamila, Jos\u00e9 ou Hocine. Leur nombre s'accroit sans cesse et, de jour en jour, leur situation s'aggrave. Attir\u00e9s en France par les promesses mirobolantes de trafiquants sans scrupules, v\u00e9ritables marchands d'esclaves du si\u00e8cle\u2026","rel":"","context":"Dans &quot;presse&quot;","block_context":{"text":"presse","link":"https:\/\/sinedjib.com\/index.php\/category\/presse\/"},"img":{"alt_text":"","src":"https:\/\/i0.wp.com\/sinedjib.com\/wp-content\/uploads\/2025\/02\/Le-Monde-libertaire-decembre-1971.jpg?resize=350%2C200&ssl=1","width":350,"height":200,"srcset":"https:\/\/i0.wp.com\/sinedjib.com\/wp-content\/uploads\/2025\/02\/Le-Monde-libertaire-decembre-1971.jpg?resize=350%2C200&ssl=1 1x, https:\/\/i0.wp.com\/sinedjib.com\/wp-content\/uploads\/2025\/02\/Le-Monde-libertaire-decembre-1971.jpg?resize=525%2C300&ssl=1 1.5x"},"classes":[]},{"id":14025,"url":"https:\/\/sinedjib.com\/index.php\/2021\/09\/14\/empouvoirement\/","url_meta":{"origin":25782,"position":2},"title":"Empouvoirement","author":"SiNedjib","date":"14\/09\/2021","format":false,"excerpt":"Ma derni\u00e8re chronique intitul\u00e9e \u00ab Empouvoirement \u00bb, vient de para\u00eetre dans\u00a0Le Monde libertaire, n\u00b0 1831, septembre 2021, p. 26 En voici les premi\u00e8res lignes : Le programme des Journ\u00e9es d\u2019\u00e9t\u00e9 des \u00e9cologistes annonce\u00a0une formation intitul\u00e9e \u00ab\u00a0Boot camp \u00e9cof\u00e9ministe\u00a0: empouvoirement, les femmes aux responsabilit\u00e9s.\u00a0\u00bb Si l\u2019expression \u00ab\u00a0Boot camp\u00a0\u00bb n\u2019a pas \u00e9t\u00e9\u2026","rel":"","context":"Dans &quot;publications&quot;","block_context":{"text":"publications","link":"https:\/\/sinedjib.com\/index.php\/category\/publications\/"},"img":{"alt_text":"","src":"https:\/\/i0.wp.com\/sinedjib.com\/wp-content\/uploads\/2021\/09\/ML_1831.jpg?resize=350%2C200&ssl=1","width":350,"height":200},"classes":[]},{"id":12474,"url":"https:\/\/sinedjib.com\/index.php\/2021\/05\/08\/francis-agry-les-justes-dalbert-camus\/","url_meta":{"origin":25782,"position":3},"title":"Francis Agry : \u00ab\u00a0Les Justes\u00a0\u00bb d&rsquo;Albert Camus","author":"SiNedjib","date":"08\/05\/2021","format":false,"excerpt":"Article de Francis Agry paru dans Le Libertaire, n\u00b0 208, 23 d\u00e9cembre 1949, p. 3 IL est assez audacieux de vouloir \u00e9voquer la puret\u00e9 en prenant pour h\u00e9ros un assassin ; dans sa derni\u00e8re oeuvre Camus arrive \u00e0 exposer magistralement ce probl\u00e8me malgr\u00e9 la situation paradoxale de son personnage. Cette\u2026","rel":"","context":"Dans &quot;presse&quot;","block_context":{"text":"presse","link":"https:\/\/sinedjib.com\/index.php\/category\/presse\/"},"img":{"alt_text":"","src":"https:\/\/i0.wp.com\/sinedjib.com\/wp-content\/uploads\/2021\/05\/Le-Libertaire-23-decembre-1949.png?resize=350%2C200&ssl=1","width":350,"height":200},"classes":[]},{"id":25235,"url":"https:\/\/sinedjib.com\/index.php\/2024\/12\/03\/kramer\/","url_meta":{"origin":25782,"position":4},"title":"Charles Kramer : En marge du colonialisme. Racisme","author":"SiNedjib","date":"03\/12\/2024","format":false,"excerpt":"Article de Charles Kramer dit Devan\u00e7on paru dans Le Libertaire, n\u00b0 231, 2 juin 1950, p. 1 et 4 LE Mouvement Libertaire, \u00e0 travers les multiples organisations qui l'ont constitu\u00e9 et qui le forment aujourd'hui, s'est toujours distingu\u00e9 \u00e0 l'avant-garde de la lutte anticolonialiste et cela dans tous les pays\u2026","rel":"","context":"Dans &quot;presse&quot;","block_context":{"text":"presse","link":"https:\/\/sinedjib.com\/index.php\/category\/presse\/"},"img":{"alt_text":"","src":"https:\/\/i0.wp.com\/sinedjib.com\/wp-content\/uploads\/2024\/12\/Le-Libertaire-2-juin-1950.jpg?resize=350%2C200&ssl=1","width":350,"height":200,"srcset":"https:\/\/i0.wp.com\/sinedjib.com\/wp-content\/uploads\/2024\/12\/Le-Libertaire-2-juin-1950.jpg?resize=350%2C200&ssl=1 1x, https:\/\/i0.wp.com\/sinedjib.com\/wp-content\/uploads\/2024\/12\/Le-Libertaire-2-juin-1950.jpg?resize=525%2C300&ssl=1 1.5x"},"classes":[]},{"id":25529,"url":"https:\/\/sinedjib.com\/index.php\/2024\/12\/31\/retrospective-2024\/","url_meta":{"origin":25782,"position":5},"title":"R\u00e9trospective 2024","author":"SiNedjib","date":"31\/12\/2024","format":false,"excerpt":"Pieter Bruegel the Elder - The Tower of Babel (Vienna) 2024 s'ach\u00e8ve avec 18 publications, 9 pr\u00e9sentations, 8 \u00e9missions, 5 entretiens, sans compter les nombreuses retranscriptions pour mon site personnel. Le tout, r\u00e9alis\u00e9 sur mon temps de repos, en d\u00e9pit de la pr\u00e9carit\u00e9, de la censure, du racisme, de la\u2026","rel":"","context":"Dans &quot;interventions&quot;","block_context":{"text":"interventions","link":"https:\/\/sinedjib.com\/index.php\/category\/interventions\/"},"img":{"alt_text":"","src":"https:\/\/i0.wp.com\/sinedjib.com\/wp-content\/uploads\/2024\/12\/Amsterdam-couv-Le-corps-d-exception-394x600-1.jpg?resize=350%2C200&ssl=1","width":350,"height":200},"classes":[]}],"_links":{"self":[{"href":"https:\/\/sinedjib.com\/index.php\/wp-json\/wp\/v2\/posts\/25782","targetHints":{"allow":["GET"]}}],"collection":[{"href":"https:\/\/sinedjib.com\/index.php\/wp-json\/wp\/v2\/posts"}],"about":[{"href":"https:\/\/sinedjib.com\/index.php\/wp-json\/wp\/v2\/types\/post"}],"author":[{"embeddable":true,"href":"https:\/\/sinedjib.com\/index.php\/wp-json\/wp\/v2\/users\/1"}],"replies":[{"embeddable":true,"href":"https:\/\/sinedjib.com\/index.php\/wp-json\/wp\/v2\/comments?post=25782"}],"version-history":[{"count":3,"href":"https:\/\/sinedjib.com\/index.php\/wp-json\/wp\/v2\/posts\/25782\/revisions"}],"predecessor-version":[{"id":25786,"href":"https:\/\/sinedjib.com\/index.php\/wp-json\/wp\/v2\/posts\/25782\/revisions\/25786"}],"wp:attachment":[{"href":"https:\/\/sinedjib.com\/index.php\/wp-json\/wp\/v2\/media?parent=25782"}],"wp:term":[{"taxonomy":"category","embeddable":true,"href":"https:\/\/sinedjib.com\/index.php\/wp-json\/wp\/v2\/categories?post=25782"},{"taxonomy":"post_tag","embeddable":true,"href":"https:\/\/sinedjib.com\/index.php\/wp-json\/wp\/v2\/tags?post=25782"}],"curies":[{"name":"wp","href":"https:\/\/api.w.org\/{rel}","templated":true}]}}