{"id":26197,"date":"2025-05-24T10:44:52","date_gmt":"2025-05-24T08:44:52","guid":{"rendered":"https:\/\/sinedjib.com\/?p=26197"},"modified":"2025-05-24T10:46:54","modified_gmt":"2025-05-24T08:46:54","slug":"racisme-30","status":"publish","type":"post","link":"https:\/\/sinedjib.com\/index.php\/2025\/05\/24\/racisme-30\/","title":{"rendered":"Le racisme, arme des exploiteurs"},"content":{"rendered":"\n<p><strong>Article paru dans <em>Libert\u00e9<\/em>, 6\u00e8me ann\u00e9e, n\u00b0 253, 15 avril 1948 et n\u00b0<\/strong> <strong>254, 22 avril 1948<\/strong><\/p>\n\n\n<div class=\"wp-block-image\">\n<figure class=\"aligncenter size-large\"><img data-recalc-dims=\"1\" loading=\"lazy\" decoding=\"async\" width=\"580\" height=\"210\" data-attachment-id=\"24155\" data-permalink=\"https:\/\/sinedjib.com\/index.php\/2024\/09\/10\/boualem-khalfa-que-devient-le-probleme-de-lunion-apres-la-scission-du-m-t-l-d\/liberte-2\/\" data-orig-file=\"https:\/\/i0.wp.com\/sinedjib.com\/wp-content\/uploads\/2024\/09\/Liberte.png?fit=1235%2C447&amp;ssl=1\" data-orig-size=\"1235,447\" data-comments-opened=\"1\" data-image-meta=\"{&quot;aperture&quot;:&quot;0&quot;,&quot;credit&quot;:&quot;&quot;,&quot;camera&quot;:&quot;&quot;,&quot;caption&quot;:&quot;&quot;,&quot;created_timestamp&quot;:&quot;0&quot;,&quot;copyright&quot;:&quot;&quot;,&quot;focal_length&quot;:&quot;0&quot;,&quot;iso&quot;:&quot;0&quot;,&quot;shutter_speed&quot;:&quot;0&quot;,&quot;title&quot;:&quot;&quot;,&quot;orientation&quot;:&quot;0&quot;}\" data-image-title=\"Liberte\" data-image-description=\"\" data-image-caption=\"\" data-large-file=\"https:\/\/i0.wp.com\/sinedjib.com\/wp-content\/uploads\/2024\/09\/Liberte.png?fit=580%2C210&amp;ssl=1\" src=\"https:\/\/i0.wp.com\/sinedjib.com\/wp-content\/uploads\/2024\/09\/Liberte.png?resize=580%2C210&#038;ssl=1\" alt=\"\" class=\"wp-image-24155\" srcset=\"https:\/\/i0.wp.com\/sinedjib.com\/wp-content\/uploads\/2024\/09\/Liberte.png?resize=1024%2C371&amp;ssl=1 1024w, https:\/\/i0.wp.com\/sinedjib.com\/wp-content\/uploads\/2024\/09\/Liberte.png?resize=300%2C109&amp;ssl=1 300w, https:\/\/i0.wp.com\/sinedjib.com\/wp-content\/uploads\/2024\/09\/Liberte.png?resize=768%2C278&amp;ssl=1 768w, https:\/\/i0.wp.com\/sinedjib.com\/wp-content\/uploads\/2024\/09\/Liberte.png?resize=1200%2C434&amp;ssl=1 1200w, https:\/\/i0.wp.com\/sinedjib.com\/wp-content\/uploads\/2024\/09\/Liberte.png?w=1235&amp;ssl=1 1235w\" sizes=\"auto, (max-width: 580px) 100vw, 580px\" \/><\/figure>\n<\/div>\n\n\n<blockquote class=\"wp-block-quote is-layout-flow wp-block-quote-is-layout-flow\">\n<p>\u00ab\u00a0Les hommes ont toujours \u00e9t\u00e9 et seront toujours en politique les dupes na\u00efves des autres et d&rsquo;eux-m\u00eames tant qu&rsquo;ils n&rsquo;auront pas appris, derri\u00e8re les phrases, les d\u00e9clarations et les promesses morales, religieuses, politiques et sociales, \u00e0 discerner les int\u00e9r\u00eats de telles ou telles classes.\u00a0\u00bb<br>LENINE<\/p>\n<\/blockquote>\n\n\n\n<p class=\"has-text-align-center has-large-font-size\"><strong>LE RACISME<\/strong><\/p>\n\n\n\n<p class=\"has-drop-cap\">Une constatation qu&rsquo;il est n\u00e9cessaire de faire \u00e0 la suite des r\u00e9centes \u00e9lections est la suivante : une campagne de panique raciale, alli\u00e9e \u00e0 la politique de f\u00e9roce r\u00e9pression men\u00e9e par Naegelen, est parvenue, dans une certaine mesure, \u00e0 approfondir le foss\u00e9, qu&rsquo;un si\u00e8cle d&rsquo;exploitation colonialiste a r\u00e9ussi \u00e0 creuser entre les \u00e9l\u00e9ments ethniques qui peuplent l&rsquo;Alg\u00e9rie.<\/p>\n\n\n\n<!--more-->\n\n\n\n<p>Et \u00e0 la faveur de cette situation, des hommes de la r\u00e9action la plus noire, de tr\u00e8s gros propri\u00e9taires, des politiciens v\u00e9reux, des ex-collaborateurs avec les nazis, des aventuriers ont pu \u00eatre \u00e9lus sur les listes dites d&rsquo;U.R.P.F. ou autre. Ainsi est prouv\u00e9e encore une fois la v\u00e9rit\u00e9 que nous n&rsquo;avons cess\u00e9 de proclamer : le racisme ne profite qu&rsquo;aux exploiteurs.<\/p>\n\n\n\n<p class=\"has-text-align-center has-large-font-size\"><strong>\u00ab\u00a0Le paratonnerre\u00a0\u00bb<\/strong><\/p>\n\n\n\n<p>A vrai dire, cette v\u00e9rit\u00e9 n&rsquo;est pas d&rsquo;aujourd&rsquo;hui. Car le racisme, h\u00e9las ! n&rsquo;est pas d&rsquo;aujourd&rsquo;hui. Mais le savant et professeur anglais universellement connu Julian S. HUXLEY en a donn\u00e9 une d\u00e9finition valable pour tous les temps et pour toutes les formes de racisme.<\/p>\n\n\n\n<blockquote class=\"wp-block-quote is-layout-flow wp-block-quote-is-layout-flow\">\n<p>\u00ab Le racisme est un mythe et un mythe dangereux.<\/p>\n\n\n\n<p>C&rsquo;est un v\u00eatement pour des fins \u00e9conomiques \u00e9go\u00efstes, qui dans leur nudit\u00e9 para\u00eetraient assez laids. \u00bb<\/p>\n<\/blockquote>\n\n\n\n<p>Quels sont ces buts \u00e9go\u00efstes ? Ils vari\u00e8rent au cours de l&rsquo;histoire. Mais on peut sans se tromper affirmer qu&rsquo;\u00e0 chaque cas, ils ne concouraient qu&rsquo;\u00e0 une fin ; assurer la domination d&rsquo;un groupe d&rsquo;hommes, d&rsquo;une classe sociale sur les autres. Les exemples ne manquent pas. Et on peut remonter fort loin.<\/p>\n\n\n\n<p>Les pers\u00e9cutions anti-juives au Moyen Age, dont les seigneurs f\u00e9odaux firent pour le peuple un excellent d\u00e9rivatif aux souffrances qu&rsquo;il endurait, le mouvement antis\u00e9mite sous le r\u00e9gime capitaliste par lequel on fait porter aux Juifs les tares de ce r\u00e9gime, peuvent servir d&rsquo;exemple.<\/p>\n\n\n\n<p>C&rsquo;est pendant cette p\u00e9riode que le racisme antis\u00e9mite devint, selon le mot de Joseph Staline : <\/p>\n\n\n\n<blockquote class=\"wp-block-quote is-layout-flow wp-block-quote-is-layout-flow\">\n<p>\u00ab\u00a0Le paratonnerre qui soustrait le capitalisme aux coups des travailleurs.\u00a0\u00bb<\/p>\n<\/blockquote>\n\n\n\n<p>La sanglante baudruche hier seulement d\u00e9gonfl\u00e9e du nazisme, le \u00ab\u00a0Jim-Crowism\u00a0\u00bb ou racisme antin\u00e8gre qui s\u00e9vit encore aujourd&rsquo;hui en Am\u00e9rique, ne peuvent que donner de nouvelles preuves ; en Am\u00e9rique, par exemple, en vertu du racisme antin\u00e8gre, les n\u00e8gres touchent dans l&rsquo;industrie, pour un travail \u00e9gal, un salaire inf\u00e9rieur \u00e0 celui des ouvriers blancs. Il en est de m\u00eame pour les travailleurs intellectuels, les instituteurs, les petits fonctionnaires, etc&#8230;<\/p>\n\n\n\n<p>L&rsquo;instruction est refus\u00e9e \u00e0 une grande partie de la population n\u00e8gre.<\/p>\n\n\n\n<p>Les n\u00e8gres sont en fait priv\u00e9s de droits politiques.<\/p>\n\n\n\n<p>Mais tout cela n&rsquo;est rien \u00e0 c\u00f4t\u00e9 de cette coutume ignoble et sanguinaire : le lynchage. Le nombre des lynchages enregistr\u00e9s officiellement s&rsquo;\u00e9l\u00e8ve \u00e0 plusieurs milliers.<\/p>\n\n\n\n<p>Ces n\u00e8gres par milliers pendus ou lapid\u00e9s, abrutis de coups, \u00e9cras\u00e9s, tortur\u00e9s, cela ne rappelle-t-il pas quelque chose ? Oui, les pogroms hitl\u00e9riens !<\/p>\n\n\n\n<p>Et le publiciste noir du Sud, James W. FORD n&rsquo;a-t-il pas raison d&rsquo;\u00e9crire :<\/p>\n\n\n\n<blockquote class=\"wp-block-quote is-layout-flow wp-block-quote-is-layout-flow\">\n<p>\u00ab\u00a0La s\u00e9paration des races, le Jim-Crowism, le lynchage l\u00e9gal ou non, voil\u00e0 quelques unes des m\u00e9thodes qui servent \u00e0 la classe r\u00e9gnante&#8230; \u00e0 opprimer, dans sa cupidit\u00e9, mon peuple ; ce faisant, cette classe impose ainsi un r\u00e9gime de mis\u00e8re, de pauvret\u00e9 et d&rsquo;abaissement \u00e0 la population pauvre de race blanche&#8230; la maintenant en servage aussi bien que les n\u00e8gres&#8230;\u00a0\u00bb<\/p>\n<\/blockquote>\n\n\n\n<p>Ainsi un n\u00e8gre le proclame : le racisme quel que soit la collectivit\u00e9 \u00e0 laquelle il s&rsquo;applique n&rsquo;est toujours qu&rsquo;un instrument d&rsquo;oppression entre les mains des exploitateurs.<\/p>\n\n\n\n<p class=\"has-text-align-center has-large-font-size\"><strong>Diviser pour r\u00e9gner<\/strong><\/p>\n\n\n\n<p>A vrai dire, en Alg\u00e9rie, d\u00e8s le d\u00e9but de la conqu\u00eate, le colonialisme vit tout le parti qu&rsquo;il pouvait tirer du racisme, pour \u00e9tablir et asseoir solidement sa domination. C&rsquo;est pourquoi, d\u00e8s le d\u00e9but, il s&#8217;emploie \u00e0 nourrir une propagande de division raciale entre les divers \u00e9l\u00e9ments de la population.<\/p>\n\n\n\n<p>Comment s&rsquo;y prennent-ils pour susciter cette division ou l&rsquo;entretenir ? Les proc\u00e9d\u00e9s sont nombreux qui vont de la calomnie et du mensonge \u00e0 l&rsquo;appel ouvert \u00e0 la guerre civile. Il y a la fausse nouvelle, il y a la provocation, il y a aussi les in\u00e9galit\u00e9s. Et combien de man\u0153uvres et d&rsquo;intrigues.<\/p>\n\n\n\n<p>L&rsquo;in\u00e9galit\u00e9 de traitement, il faut le dire d\u00e8s l&rsquo;abord, est une arme de choix. Et les ma\u00eetres de l&rsquo;Alg\u00e9rie s&rsquo;en servent en virtuoses.<\/p>\n\n\n\n<p>Que ce soit l&rsquo;in\u00e9galit\u00e9 dans le ravitaillement, dans les salaires ou m\u00eame dans les pensions militaires, que ce soit l&rsquo;in\u00e9galit\u00e9 dans l&rsquo;instruction ou m\u00eame devant la juridiction, un seul but est vis\u00e9 : donner aux Musulmans et aux Europ\u00e9ens l&rsquo;impression qu&rsquo;ils ne sont pas semblables, n&rsquo;ont pas les m\u00eames int\u00e9r\u00eats, ne sont nullement astreints \u00e0 la solidarit\u00e9 dans la lutte et dans le travail.<\/p>\n\n\n\n<p>Mais diviser Musulmans et Europ\u00e9ens ce n&rsquo;est ni s\u00fbr ni suffisant. Le coup de ma\u00eetre, ce serait aussi de diviser les Musulmans entre eux et les \u00ab\u00a0Europ\u00e9ens\u00a0\u00bb entre eux. Personne n&rsquo;y coupe. On tente de dresser les \u00ab\u00a0chr\u00e9tiens\u00a0\u00bb contre les Juifs, les Juifs contre les Musulmans, les \u00ab\u00a0Fran\u00e7ais\u00a0\u00bb contre les \u00ab\u00a0Espagnols\u00a0\u00bb, les \u00ab\u00a0Italiens\u00a0\u00bb ou les \u00ab\u00a0Maltais\u00a0\u00bb, ceux que l&rsquo;on appelle parfois (le Juriste Paoli par exemple), les \u00ab\u00a0Etrangers\u00a0\u00bb &#8211; les Arabes contre les Kabyles &#8211; et ainsi de suite. Et au milieu de l&rsquo;infernale ronde, une clique de profiteurs marque les coups et excite : kss ! Kss !<\/p>\n\n\n\n<hr class=\"wp-block-separator has-alpha-channel-opacity\"\/>\n\n\n\n<p class=\"has-text-align-center has-large-font-size\"><strong>Racisme anti-juif<\/strong><\/p>\n\n\n\n<p class=\"has-drop-cap\">IL ne fallut pas longtemps au colonialisme pour saisir tout l&rsquo;int\u00e9r\u00eat qu&rsquo;il y aurait \u00e0 dissocier d\u00e8s le d\u00e9but la \u00ab\u00a0masse indig\u00e8ne\u00a0\u00bb elle-m\u00eame.<\/p>\n\n\n\n<p>C&rsquo;est pourquoi il y eut par exemple ce d\u00e9cret dit Cr\u00e9mieux par lequel on pr\u00e9tendait extraire de la communaut\u00e9 alg\u00e9rienne tout un groupe ethnique, pourtant soud\u00e9 par des centaines d&rsquo;ann\u00e9es de vie commune, par des m\u0153urs communes, une langue et une histoire communes, des int\u00e9r\u00eats communs, aux autres groupes. La man\u0153uvre, qui a fait long feu aujourd&rsquo;hui, ne manqua pas sur le champ de rencontrer quelques succ\u00e8s en creusant pour un temps un foss\u00e9 entre Musulmans et Juifs.<\/p>\n\n\n\n<p>Mais en m\u00eame temps qu&rsquo;on essayait d&rsquo;inculquer aux Isra\u00e9lites l&rsquo;id\u00e9e qu&rsquo;ils n&rsquo;avaient rien de commun avec les Musulmans, on trouvait le moyen, en m\u00eame temps, de les d\u00e9noncer aux Europ\u00e9ens comme des \u00e9trangers et des ennemis. Cette propagande qui commen\u00e7a avec les fr\u00e8res R\u00e9gis par nous valoir les troubles d&rsquo;Alger de 1897 continua jusqu&rsquo;\u00e0 nos jours avec les Coston, les Morinaud, les Molle et les Pantaloni pour nous apporter en passant ce que l&rsquo;on a fort justement appel\u00e9 la sanglante provocation de Constantine en 1934.<\/p>\n\n\n\n<p>Ce qu&rsquo;en retira le colonialisme ? Une d\u00e9claration de Morinaud \u00e0 l&rsquo; \u00ab\u00a0Echo d&rsquo;Alger\u00a0\u00bb, le 8 ao\u00fbt 1934 est suggestive \u00e0 cet \u00e9gard :<\/p>\n\n\n\n<blockquote class=\"wp-block-quote is-layout-flow wp-block-quote-is-layout-flow\">\n<p>\u00ab\u00a0Pour \u00e9viter le retour d&rsquo;\u00e9v\u00e9nements si terribles, il nous faut des garnisons fortes, des policiers solidement organis\u00e9s, et je n&rsquo;h\u00e9site pas \u00e0 le dire, et je l&rsquo;ai dit au Marechal P\u00e9tain, voici six semaines, il nous faut le droit pour le Gouvernement G\u00e9n\u00e9ral de mobiliser les citoyens valides en cas d&rsquo;\u00e9meutes&#8230; NOUS AURIONS TORT DE NE PAS TIRER LE PROFIT QUI SIMPOSE.\u00a0\u00bb<\/p>\n<\/blockquote>\n\n\n\n<p class=\"has-text-align-center has-large-font-size\"><strong>Racisme anti-musulman<\/strong><\/p>\n\n\n\n<p>Le travail, cependant, qu&rsquo;on e\u00fbt le plus \u00e0 c\u0153ur de mener fut (et reste) sans conteste de susciter la m\u00e9fiance, le m\u00e9pris et la haine entre Europ\u00e9ens et Musulmans.<\/p>\n\n\n\n<p>C&rsquo;est \u00e0 cela que s&rsquo;applique l&rsquo;effort la plus consid\u00e9rable, le plus soutenu.<\/p>\n\n\n\n<p>Il y eut une \u00e9poque o\u00f9 l&rsquo;on \u00e9crivait tranquillement en Alg\u00e9rie :<\/p>\n\n\n\n<blockquote class=\"wp-block-quote is-layout-flow wp-block-quote-is-layout-flow\">\n<p>\u00ab\u00a0L&rsquo;Etranger est le peuple arabe.\u00a0\u00bb<\/p>\n\n\n\n<p>\u00ab\u00a0Les hordes qui peuplent actuellement l&rsquo;Alg\u00e9rie sont telles qu&rsquo;H\u00e9rodote, il y a 2.300 ans, d\u00e9peignait les Arabes de l&rsquo;Asie\u00a0\u00bb (g\u00e9n\u00e9ral Daumas) \u00ab\u00a0Ignorant, grossier, paresseux, menteur, cynique, sanguinaire, d\u00e9grad\u00e9 par tous les vices. L&rsquo;Arabe&#8230; un ab\u00eeme s\u00e9pare l&rsquo;homme d&rsquo;Europe de l&rsquo;indig\u00e8ne d&rsquo;Afrique\u00a0\u00bb (Comte de Raousset-Boulbon.)<\/p>\n<\/blockquote>\n\n\n\n<p>Mais on ne se contentait pas d&rsquo;affirmer les diff\u00e9rences profondes, \u00ab\u00a0l&rsquo;ab\u00eeme\u00a0\u00bb infranchissable entre Musulman et Europ\u00e9en. Surtout &#8211; car c&rsquo;\u00e9tait l\u00e0 l&rsquo;essentiel &#8211; surtout on faisait passer sur les Europ\u00e9ens, selon la plus savante des man\u0153uvres, ces vents de panique, qui sont plus utiles aux oppresseurs que des arm\u00e9es enti\u00e8res, avec leurs canons. Cette man\u0153uvre-l\u00e0 reste malheureusement la plus efficace, elle continue \u00e0 jouer un r\u00f4le, qui fut plus important certes dans le cours de l&rsquo;Histoire, mais qui n&rsquo;en reste pas moins des plus n\u00e9fastes \u00e0 la paix, \u00e0 la prosp\u00e9rit\u00e9 et au bonheur de ce pays. Il faudrait remonter les ans et les d\u00e9cades, rappeler chacun des sursauts anti-colonialistes des populations opprim\u00e9es, chacune aussi des provocations mont\u00e9es et des complots foment\u00e9s pour dire toute la malfaisance de ces ouragans que, de temps \u00e0 autres, ont fait lever et dans lesquels disparaissent en un instant ce que des ann\u00e9es de paix avaient su construire d&rsquo;union et d&rsquo;amiti\u00e9.<\/p>\n\n\n\n<p>Et chaque fois, l&rsquo;oppresseur r\u00e9tablit ainsi son \u00e9quilibre menac\u00e9. N&rsquo;a-t-on pas vu hier encore une campagne de peur bas\u00e9e sur des tracts douteux (\u00ab\u00a0la valise ou le cercueil\u00a0\u00bb), sur de fausses nouvelles (troubles en Kabylie, dans le Constantinois, etc.) pour aboutir \u00e0 une certaine victoire \u00e9lectorale de la r\u00e9action dans le premier coll\u00e8ge.<\/p>\n\n\n\n<p>Mais n&rsquo;a-t-on pas vu surtout pour susciter de telles paniques la r\u00e9action colonialiste aid\u00e9e de l&rsquo;administration commettre les pires crimes, comme dans le Constantinois, le 8 Mai. <\/p>\n\n\n\n<p class=\"has-text-align-center has-large-font-size\"><strong>L&rsquo;heure du gendarme <\/strong><\/p>\n\n\n\n<p>Le r\u00e9sultat fut imm\u00e9diat. Comme Morinaud en 1934, l&rsquo; \u00ab\u00a0Echo d&rsquo;Alger\u00a0\u00bb proclama :  \u00ab\u00a0L&rsquo;heure du gendarme est arriv\u00e9e !\u00a0\u00bb Et le torchon de chantage \u00ab\u00a0D\u00e9mocratie\u00a0\u00bb, de commencer sa campagne orduri\u00e8re. Et la \u00ab\u00a0D\u00e9p\u00eache de Constantine\u00a0\u00bb. Et la \u00ab\u00a0D\u00e9p\u00eache Alg\u00e9rienne\u00a0\u00bb. Jusqu&rsquo;au socialiste \u00ab\u00a0Fraternit\u00e9\u00a0\u00bb qui pr\u00e9tendit voir dans le 8 Mai la preuve que <\/p>\n\n\n\n<blockquote class=\"wp-block-quote is-layout-flow wp-block-quote-is-layout-flow\">\n<p>\u00ab\u00a0la grande masse des populations musulmanes de ce pays n&rsquo;a pas encore atteint le degr\u00e9 d&rsquo;\u00e9volution minimum qui nous semble n\u00e9cessaire pour justifier les revendications du manifeste&#8230;\u00a0\u00bb<\/p>\n<\/blockquote>\n\n\n\n<p>On voit le bout de l&rsquo;oreille. La r\u00e9alit\u00e9 est l\u00e0, expos\u00e9e \u00e0 rebours. Il s&rsquo;agissait de prouver que toute revendication \u00e9tait injustifi\u00e9e. Le 8 Mai, dans l&rsquo;esprit de ses organisateurs, devait apporter cette preuve. Il apporta surtout celle de l&rsquo;utilit\u00e9 du racisme pour les profiteurs de la colonisation, qui en retirent \u00e0 chaque fois la consolidation de leur pouvoir. Or malgr\u00e9 quelques \u00e9chec, le moyen est trop bon pour qu&rsquo;ils l&rsquo;abandonnent. C&rsquo;est pourquoi continue d&rsquo;exister cette presse pourrie et d\u00e9shonorante pour ceux qui l&#8217;emploient qui par des moyens ouverts ou hypocrites ne poursuit qu&rsquo;un but : dresser des barri\u00e8res entre les hommes de ce pays.<\/p>\n\n\n\n<p class=\"has-text-align-center has-large-font-size\"><strong>Le racisme anti-alg\u00e9rien<\/strong><\/p>\n\n\n\n<p>Or le trouble et la haine qui renforcent les exploiteurs ne jouent pas contre un seul \u00e9l\u00e9ment de la population.<\/p>\n\n\n\n<p>Si, aujourd&rsquo;hui, parce que le peuple alg\u00e9rien n&rsquo;\u00e9tait pas uni dans un m\u00eame front anti-colonialiste, le Statut n&rsquo;a pas \u00e9t\u00e9 l&rsquo;instrument de libert\u00e9 et de d\u00e9mocratie qu&rsquo;il aurait pu \u00eatre, si l&rsquo;Assembl\u00e9e alg\u00e9rienne sera compos\u00e9e en majorit\u00e9 de r\u00e9actionnaires, qui en souffre ? Mais tous les Alg\u00e9riens.<\/p>\n\n\n\n<p>Le r\u00e9gime inf\u00e2me des Communes mixtes n&rsquo;est pas supprim\u00e9. Pas plus que celui des Territoires du Sud. Le pays est toujours soumis aux volont\u00e9s, \u00e0 l&rsquo;arbitraire d&rsquo;une administration essentiellement irresponsable. Les lois sc\u00e9l\u00e9rates ont \u00e9t\u00e9 appliqu\u00e9es en Alg\u00e9rie sans que nul Alg\u00e9rien ait \u00e9t\u00e9 appel\u00e9 \u00e0 donner son avis. Et le projet de S\u00e9curit\u00e9 Sociale, le Statut des fonctionnaires qu&rsquo;une Assembl\u00e9e Alg\u00e9rienne d\u00e9mocratique se serait sans aucun doute empress\u00e9e d&rsquo;adopter, courent aujourd&rsquo;hui de gros risques.<\/p>\n\n\n\n<p>La caverne d&rsquo;Ali-Baba demeure intangible, toute puissante.<\/p>\n\n\n\n<p>Une assembl\u00e9e o\u00f9 tendent \u00e0 se heurter deux blocs qui peuvent susciter dans les population aussi le heurt de deux blocs, voici les r\u00e9sultats du vent de panique que l&rsquo;on fit souffler ces derniers temps.<\/p>\n\n\n\n<p>Et derri\u00e8re la Caverne, et derri\u00e8re l&rsquo;Assembl\u00e9e se profile le spectre mena\u00e7ant : profitant de ces divisions, l&rsquo;imp\u00e9rialisme insatiable des Am\u00e9ricains. N&rsquo;est-ce pas d\u00e9j\u00e0 sa volont\u00e9 que l&rsquo;on devine dans cette mesure inou\u00efe, digne seulement du pays des \u00ab\u00a0Jim Crow\u00a0\u00bb : les wagons sp\u00e9ciaux pour Musulmans.<\/p>\n\n\n\n<p>A cela, une seule r\u00e9ponse : si nos exploiteurs veulent nous diviser, soyons unis. La panique et la haine raciales renforcent leur domination, consomment notre ruine. L&rsquo;exp\u00e9rience de ces derniers temps est pr\u00e9cieuse. Pendant le magnifique mouvement revendicatif de d\u00e9cembre, les travailleurs se-sont dress\u00e9s sans distinctions de race ni de religion. La lutte fut commune. Ce qui fut arrach\u00e9 le fut pour tous.<\/p>\n\n\n\n<p>Or, devant les entreprises des fauteurs de guerre qui voudraient transformer notre pays en base militaire, nos enfants en chair \u00e0 canon, la lutte doit \u00eatre encore plus acharn\u00e9e. Nous avons un dur combat \u00e0 mener. Seuls notre union est le gage de notre victoire.<\/p>\n","protected":false},"excerpt":{"rendered":"<p>Article paru dans Libert\u00e9, 6\u00e8me ann\u00e9e, n\u00b0 253, 15 avril 1948 et n\u00b0 254, 22 avril 1948 \u00ab\u00a0Les hommes ont toujours \u00e9t\u00e9 et seront toujours en politique les dupes na\u00efves des autres et d&rsquo;eux-m\u00eames tant qu&rsquo;ils n&rsquo;auront pas appris, derri\u00e8re les phrases, les d\u00e9clarations et les promesses morales, religieuses, politiques et sociales, \u00e0 discerner les [&hellip;]<\/p>\n","protected":false},"author":1,"featured_media":0,"comment_status":"closed","ping_status":"","sticky":false,"template":"","format":"standard","meta":{"jetpack_post_was_ever_published":false,"_jetpack_newsletter_access":"","_jetpack_dont_email_post_to_subs":false,"_jetpack_newsletter_tier_id":0,"_jetpack_memberships_contains_paywalled_content":false,"_jetpack_memberships_contains_paid_content":false,"footnotes":""},"categories":[8],"tags":[2112,112,138,3185,457,1288,715,749,909],"class_list":["post-26197","post","type-post","status-publish","format-standard","hentry","category-presse","tag-2112","tag-algerie","tag-anticolonialisme","tag-antiracisme","tag-france","tag-liberte","tag-lutte-des-classes","tag-marxisme","tag-parti-communiste-algerien"],"jetpack_featured_media_url":"","jetpack_sharing_enabled":true,"jetpack_shortlink":"https:\/\/wp.me\/p9lTYU-6Ox","jetpack_likes_enabled":true,"jetpack-related-posts":[{"id":13953,"url":"https:\/\/sinedjib.com\/index.php\/2021\/09\/12\/sil-braille-lache-le-par-chester-himes-traduit-de-lamericain-par-renee-vavasseur-et-marcel-duhamel-editions-albin-michel\/","url_meta":{"origin":26197,"position":0},"title":"S&rsquo;IL BRAILLE, L\u00c2CHE-LE&#8230;, par Chester Himes, traduit de l&rsquo;Am\u00e9ricain par Ren\u00e9e Vavasseur et Marcel Duhamel. (Editions Albin Michel.)","author":"SiNedjib","date":"12\/09\/2021","format":false,"excerpt":"Article paru dans Les Lettres fran\u00e7aises, n\u00b0 240, 30 d\u00e9cembre 1948, p. 3 Titre curieux, certes, que celui de ce roman am\u00e9ricain de bon aloi, mais on comprend assez mal le rapport qu'il offre avec le roman lui-m\u00eame. En r\u00e9alit\u00e9, il est extrait d'une tontine n\u00e8gre, du genre Am, Stram,\u2026","rel":"","context":"Dans &quot;presse&quot;","block_context":{"text":"presse","link":"https:\/\/sinedjib.com\/index.php\/category\/presse\/"},"img":{"alt_text":"","src":"https:\/\/i0.wp.com\/images-na.ssl-images-amazon.com\/images\/I\/41KAww%2BtxkL._SX326_BO1%2C204%2C203%2C200_.jpg?resize=350%2C200&ssl=1","width":350,"height":200},"classes":[]},{"id":20877,"url":"https:\/\/sinedjib.com\/index.php\/2024\/01\/06\/rous-pivert\/","url_meta":{"origin":26197,"position":1},"title":"Jean Rous : Marceau Pivert, l&rsquo;anticolonialiste. Hommage du \u00ab\u00a0Congr\u00e8s des Peuples\u00a0\u00bb","author":"SiNedjib","date":"06\/01\/2024","format":false,"excerpt":"Article de Jean Rous paru dans Correspondance Socialiste Internationale, 9e ann\u00e9e, n\u00b0 86-87, juillet-ao\u00fbt 1958, p. 6 C'est en tant que secr\u00e9taire g\u00e9n\u00e9ral du \"Congr\u00e8s des Peuples contre l'Imp\u00e9rialisme\" (1948-1955) que je viens rendre hommage au noble exemple de militant socialiste anticolonialiste que Marceau Pivert a su incarner, et dont\u2026","rel":"","context":"Dans &quot;presse&quot;","block_context":{"text":"presse","link":"https:\/\/sinedjib.com\/index.php\/category\/presse\/"},"img":{"alt_text":"","src":"https:\/\/i0.wp.com\/sinedjib.com\/wp-content\/uploads\/2024\/01\/CSI-juillet-aout-1958-scaled.jpg?resize=350%2C200&ssl=1","width":350,"height":200,"srcset":"https:\/\/i0.wp.com\/sinedjib.com\/wp-content\/uploads\/2024\/01\/CSI-juillet-aout-1958-scaled.jpg?resize=350%2C200&ssl=1 1x, https:\/\/i0.wp.com\/sinedjib.com\/wp-content\/uploads\/2024\/01\/CSI-juillet-aout-1958-scaled.jpg?resize=525%2C300&ssl=1 1.5x, https:\/\/i0.wp.com\/sinedjib.com\/wp-content\/uploads\/2024\/01\/CSI-juillet-aout-1958-scaled.jpg?resize=700%2C400&ssl=1 2x, https:\/\/i0.wp.com\/sinedjib.com\/wp-content\/uploads\/2024\/01\/CSI-juillet-aout-1958-scaled.jpg?resize=1050%2C600&ssl=1 3x, https:\/\/i0.wp.com\/sinedjib.com\/wp-content\/uploads\/2024\/01\/CSI-juillet-aout-1958-scaled.jpg?resize=1400%2C800&ssl=1 4x"},"classes":[]},{"id":25429,"url":"https:\/\/sinedjib.com\/index.php\/2024\/12\/13\/rafles\/","url_meta":{"origin":26197,"position":2},"title":"Technique Xavier Vallat : En plein Paris, rafles de Nord-Africains \u00ab\u00a0au faci\u00e8s\u00a0\u00bb","author":"SiNedjib","date":"13\/12\/2024","format":false,"excerpt":"Article paru dans Droit et Libert\u00e9, n\u00b0 70 (174), 6-12 avril 1951, p. 1 et 3 ; suivi de \"Apr\u00e8s les rafles au faci\u00e8s\" paru dans Droit et Libert\u00e9, n\u00b0 71 (175), 13-19 avril 1951, p. 3 - En voil\u00e0 un autre ! Et, du car bleu, descend une nu\u00e9e\u2026","rel":"","context":"Dans &quot;presse&quot;","block_context":{"text":"presse","link":"https:\/\/sinedjib.com\/index.php\/category\/presse\/"},"img":{"alt_text":"","src":"https:\/\/i0.wp.com\/sinedjib.com\/wp-content\/uploads\/2024\/12\/Droit-et-Liberte-13-avril-1951.jpg?resize=350%2C200&ssl=1","width":350,"height":200,"srcset":"https:\/\/i0.wp.com\/sinedjib.com\/wp-content\/uploads\/2024\/12\/Droit-et-Liberte-13-avril-1951.jpg?resize=350%2C200&ssl=1 1x, https:\/\/i0.wp.com\/sinedjib.com\/wp-content\/uploads\/2024\/12\/Droit-et-Liberte-13-avril-1951.jpg?resize=525%2C300&ssl=1 1.5x"},"classes":[]},{"id":18517,"url":"https:\/\/sinedjib.com\/index.php\/2023\/04\/16\/ernest-mandel-quelques-aspects-de-la-critique-et-de-lautocritique-en-u-r-s-s-par-m-bace\/","url_meta":{"origin":26197,"position":3},"title":"Ernest Mandel : Quelques aspects de la critique et de l&rsquo;autocritique en U.R.S.S. par M. Bace","author":"SiNedjib","date":"16\/04\/2023","format":false,"excerpt":"Article d'Ernest Mandel alias E. Germain paru dans Quatri\u00e8me Internationale, 8\u00e8me ann\u00e9e, Volume 8, nos 8-10, ao\u00fbt-octobre 1950, p. 42-43 Maksimilijan \"Maks\" Ba\u0107e (Source) Dans le n\u00b0 6 de l'ann\u00e9e. 1949 de la revue th\u00e9orique du P.C.Y., \u00ab Communiste \u00bb, a \u00e9t\u00e9 publi\u00e9 un long article d'un jeune th\u00e9oricien dalmate,\u2026","rel":"","context":"Dans &quot;revues&quot;","block_context":{"text":"revues","link":"https:\/\/sinedjib.com\/index.php\/category\/revues\/"},"img":{"alt_text":"","src":"https:\/\/i0.wp.com\/sinedjib.com\/wp-content\/uploads\/2023\/04\/maks-bae-mili.jpg?resize=350%2C200&ssl=1","width":350,"height":200},"classes":[]},{"id":9256,"url":"https:\/\/sinedjib.com\/index.php\/2020\/07\/22\/racisme-emigres\/","url_meta":{"origin":26197,"position":4},"title":"Le racisme et les \u00e9migr\u00e9s","author":"SiNedjib","date":"22\/07\/2020","format":false,"excerpt":"Texte paru dans Tout !, n\u00b0 12, 23 avril 1971, p. 4 A la sortie de Flins, un ouvrier arabe nous a donn\u00e9 cette lettre pour qu'elle soit sortie en tract \u00e0 l'usine et publi\u00e9e dans \u00ab Tout \u00bb. Il nous permet de vous appeler pour la premi\u00e8re fois, en\u2026","rel":"","context":"Dans &quot;presse&quot;","block_context":{"text":"presse","link":"https:\/\/sinedjib.com\/index.php\/category\/presse\/"},"img":{"alt_text":"","src":"https:\/\/i0.wp.com\/sinedjib.com\/wp-content\/uploads\/2020\/07\/Tout-23-avril-1971.png?resize=350%2C200&ssl=1","width":350,"height":200},"classes":[]},{"id":9769,"url":"https:\/\/sinedjib.com\/index.php\/2020\/08\/31\/sos-racisme-croisade\/","url_meta":{"origin":26197,"position":5},"title":"SOS-Racisme en croisade","author":"SiNedjib","date":"31\/08\/2020","format":false,"excerpt":"Articles parus dans Le Prol\u00e9taire, n\u00b0 383, juin 1985, p. 2 SOS Racisme par-ci, SOS Racisme par-l\u00e0. SOS Racisme parcourt la France en qu\u00eate d'adh\u00e9rents. Meetings, concerts et bient\u00f4t une grande f\u00eate \u00e0 la Concorde (tout un programme) \u00e0 Paris au mois de juin. Un pote est pass\u00e9 \u00e0 Besan\u00e7on\u2026","rel":"","context":"Dans &quot;presse&quot;","block_context":{"text":"presse","link":"https:\/\/sinedjib.com\/index.php\/category\/presse\/"},"img":{"alt_text":"","src":"https:\/\/i0.wp.com\/sinedjib.com\/wp-content\/uploads\/2020\/08\/Le-Proletaire-juin-1985.png?resize=350%2C200&ssl=1","width":350,"height":200},"classes":[]}],"_links":{"self":[{"href":"https:\/\/sinedjib.com\/index.php\/wp-json\/wp\/v2\/posts\/26197","targetHints":{"allow":["GET"]}}],"collection":[{"href":"https:\/\/sinedjib.com\/index.php\/wp-json\/wp\/v2\/posts"}],"about":[{"href":"https:\/\/sinedjib.com\/index.php\/wp-json\/wp\/v2\/types\/post"}],"author":[{"embeddable":true,"href":"https:\/\/sinedjib.com\/index.php\/wp-json\/wp\/v2\/users\/1"}],"replies":[{"embeddable":true,"href":"https:\/\/sinedjib.com\/index.php\/wp-json\/wp\/v2\/comments?post=26197"}],"version-history":[{"count":4,"href":"https:\/\/sinedjib.com\/index.php\/wp-json\/wp\/v2\/posts\/26197\/revisions"}],"predecessor-version":[{"id":26201,"href":"https:\/\/sinedjib.com\/index.php\/wp-json\/wp\/v2\/posts\/26197\/revisions\/26201"}],"wp:attachment":[{"href":"https:\/\/sinedjib.com\/index.php\/wp-json\/wp\/v2\/media?parent=26197"}],"wp:term":[{"taxonomy":"category","embeddable":true,"href":"https:\/\/sinedjib.com\/index.php\/wp-json\/wp\/v2\/categories?post=26197"},{"taxonomy":"post_tag","embeddable":true,"href":"https:\/\/sinedjib.com\/index.php\/wp-json\/wp\/v2\/tags?post=26197"}],"curies":[{"name":"wp","href":"https:\/\/api.w.org\/{rel}","templated":true}]}}