{"id":27191,"date":"2025-09-09T20:55:58","date_gmt":"2025-09-09T18:55:58","guid":{"rendered":"https:\/\/sinedjib.com\/?p=27191"},"modified":"2025-09-09T20:55:58","modified_gmt":"2025-09-09T18:55:58","slug":"guerre","status":"publish","type":"post","link":"https:\/\/sinedjib.com\/index.php\/2025\/09\/09\/guerre\/","title":{"rendered":"La guerre id\u00e9ologique ? Mais c&rsquo;est la guerre de classe totale"},"content":{"rendered":"\n<p><strong>Article paru dans <em><a href=\"https:\/\/archivesautonomies.org\/IMG\/pdf\/syndrev\/combat-syndicaliste-1926-1939\/le-combat-syndicaliste-ns-229.pdf\">Le Combat syndicaliste<\/a><\/em>,<\/strong> <strong>11e ann\u00e9e, nouvelle s\u00e9rie, n\u00b0 229, 8 octobre 1937<\/strong><\/p>\n\n\n<div class=\"wp-block-image\">\n<figure class=\"aligncenter size-large\"><img data-recalc-dims=\"1\" loading=\"lazy\" decoding=\"async\" width=\"580\" height=\"201\" data-attachment-id=\"27162\" data-permalink=\"https:\/\/sinedjib.com\/index.php\/2025\/09\/06\/pollet\/le-combat-syndicaliste-1937\/\" data-orig-file=\"https:\/\/i0.wp.com\/sinedjib.com\/wp-content\/uploads\/2025\/09\/Le-Combat-syndicaliste-1937.jpg?fit=1197%2C415&amp;ssl=1\" data-orig-size=\"1197,415\" data-comments-opened=\"0\" data-image-meta=\"{&quot;aperture&quot;:&quot;0&quot;,&quot;credit&quot;:&quot;&quot;,&quot;camera&quot;:&quot;&quot;,&quot;caption&quot;:&quot;&quot;,&quot;created_timestamp&quot;:&quot;0&quot;,&quot;copyright&quot;:&quot;&quot;,&quot;focal_length&quot;:&quot;0&quot;,&quot;iso&quot;:&quot;0&quot;,&quot;shutter_speed&quot;:&quot;0&quot;,&quot;title&quot;:&quot;&quot;,&quot;orientation&quot;:&quot;0&quot;}\" data-image-title=\"Le Combat syndicaliste 1937\" data-image-description=\"\" data-image-caption=\"\" data-large-file=\"https:\/\/i0.wp.com\/sinedjib.com\/wp-content\/uploads\/2025\/09\/Le-Combat-syndicaliste-1937.jpg?fit=580%2C201&amp;ssl=1\" src=\"https:\/\/i0.wp.com\/sinedjib.com\/wp-content\/uploads\/2025\/09\/Le-Combat-syndicaliste-1937.jpg?resize=580%2C201&#038;ssl=1\" alt=\"\" class=\"wp-image-27162\" srcset=\"https:\/\/i0.wp.com\/sinedjib.com\/wp-content\/uploads\/2025\/09\/Le-Combat-syndicaliste-1937.jpg?resize=1024%2C355&amp;ssl=1 1024w, https:\/\/i0.wp.com\/sinedjib.com\/wp-content\/uploads\/2025\/09\/Le-Combat-syndicaliste-1937.jpg?resize=300%2C104&amp;ssl=1 300w, https:\/\/i0.wp.com\/sinedjib.com\/wp-content\/uploads\/2025\/09\/Le-Combat-syndicaliste-1937.jpg?resize=768%2C266&amp;ssl=1 768w, https:\/\/i0.wp.com\/sinedjib.com\/wp-content\/uploads\/2025\/09\/Le-Combat-syndicaliste-1937.jpg?w=1197&amp;ssl=1 1197w\" sizes=\"auto, (max-width: 580px) 100vw, 580px\" \/><\/figure>\n<\/div>\n\n\n<p>Dans un article paru il y a quelques semaines, nous avons d\u00e9montr\u00e9 les nouveaut\u00e9s de la guerre et fait ressortir, avec toutes les cons\u00e9quences qui en d\u00e9coulent, sur le terrain national et sur le plan international, le v\u00e9ritable caract\u00e8re de la guerre sans d\u00e9claration.<\/p>\n\n\n\n<p>Il convient de revenir sur la question et d&rsquo;en examiner l&rsquo;autre aspect essentiel.<\/p>\n\n\n\n<p>Loin de nous la pens\u00e9e que, d\u00e9sormais, les guerres n&rsquo;auront plus lieu pour satisfaire des app\u00e9tits imp\u00e9rialistes et atteindre des buts nationalistes, mais nous devons, cependant, constater, aujourd&rsquo;hui, que les guerres ont pris un caract\u00e8re nouveau : qu&rsquo;elles sont devenues de v\u00e9ritables croisades id\u00e9ologiques.<\/p>\n\n\n\n<!--more-->\n\n\n\n<p>Cet aspect nouveau des conflits arm\u00e9s est d\u00fb, en grande partie, aux crises qui ont secou\u00e9 le capitalisme au cours de ces vingt derni\u00e8res ann\u00e9es.<\/p>\n\n\n\n<p>Menac\u00e9 de disparition, parce qu&rsquo;il n&rsquo;a pu r\u00e9soudre les grands probl\u00e8mes qui se sont pos\u00e9s, d\u00e8s le lendemain de la guerre, avec une ampleur et une intensit\u00e9 sans cesse accrues, le capitalisme n&rsquo;a pas accept\u00e9 la d\u00e9faite.<\/p>\n\n\n\n<p>Il s&rsquo;est donc efforce de se survivre et, pour cela, il a tent\u00e9 de se donner des formes de vie nouvelles. Impuissant devant les exigences de la vie, il a cherch\u00e9 \u00ab la solution \u00bb qui lui \u00e9chappait dans l&#8217;emploi de la force.<\/p>\n\n\n\n<p>C&rsquo;est ainsi qu&rsquo;il a \u00e9t\u00e9 conduit \u00e0 utiliser, dans tous les pays, des hommes qui n&rsquo;\u00e9taient pas issus de son milieu : des transfuges du prol\u00e9tariat, qui \u00e9taient d\u00e9nu\u00e9s de scrupules, mais avaient de l&rsquo;ambition \u00e0 revendre.<\/p>\n\n\n\n<p>L&rsquo;arriv\u00e9e au pouvoir d&rsquo;hommes comme Mussolini et Hitler, pour ne citer que ceux-ci, a marqu\u00e9 la fin de la gestion sociale par les capitalistes eux-m\u00eames et, l&rsquo;av\u00e8nement d&rsquo;une nouvelle caste de dirigeants sortis des milieux prol\u00e9tariens, tra\u00eetres \u00e0 leurs fr\u00e8res et dispos\u00e9s \u00e0 servir aveuglement les desseins de leurs adversaires d&rsquo;hier.<\/p>\n\n\n\n<p>La connaissance que ces hommes poss\u00e9daient, des doctrines ouvri\u00e8res et des milieux prol\u00e9tariens leur a permis de donner naissance \u00e0 une doctrine nouvelle \u00e0 base capitaliste et d&rsquo;apparence socialiste.<\/p>\n\n\n\n<p><em>C&rsquo;est ainsi qu&rsquo;est n\u00e9 le fascisme, qui ne craint ni de s&rsquo;apparenter au socialisme, ni de se d\u00e9clarer d&rsquo;int\u00e9r\u00eat g\u00e9n\u00e9ral.<\/em><\/p>\n\n\n\n<p>Ce national-socialisme, souvent doubl\u00e9 de racisme et de n\u00e9o-paganisme, n&rsquo;a, \u00e9videmment, tromp\u00e9 personne, parmi les gens tr\u00e8s avertis. Mais il n&rsquo;en fut pas de m\u00eame, dans les milieux intellectuels et les masses elles-m\u00eames qui, malgr\u00e9 leur instinct de classe, se sont laiss\u00e9 prendre, bien souvent, \u00e0 ce miroir aux alouettes. C&rsquo;est ce qui explique le d\u00e9veloppement rapide et le succ\u00e8s incontestable du fascisme en Europe et m\u00eame ailleurs.<\/p>\n\n\n\n<p>Aujourd&rsquo;hui, <em>cette doctrine de gouvernement des puissances d&rsquo;argent <\/em>a fait de tels progr\u00e8s qu&rsquo;elle constitue, pour le monde, un p\u00e9ril de premi\u00e8re grandeur.<\/p>\n\n\n\n<p>Enhardis par le succ\u00e8s et rassur\u00e9s par le peu de r\u00e9action des Etats dits d\u00e9mocratiques, des partis et organisations qui pr\u00e9tendent &#8211; on ne sait pourquoi &#8211; repr\u00e9senter encore la classe ouvri\u00e8re, les fascistes ont constamment march\u00e9 de l&rsquo;avant.<\/p>\n\n\n\n<p>Leur marche fut si rapide qu&rsquo;aujourd&rsquo;hui, ils menacent non seulement d&rsquo;imposer leur joug \u00e0 l&rsquo;Europe, mais au monde tout entier.<\/p>\n\n\n\n<p>Ma\u00eetres de l&rsquo;Italie, de l&rsquo;Allemagne, de la Hongrie, de toute l&rsquo;Europe balkanique, ils poursuivent, depuis 14 mois, leur entreprise en Espagne, cependant que, de son c\u00f4t\u00e9, le Japon, la grande puissance fasciste d&rsquo;Extr\u00eame-Orient, s&rsquo;efforce de mettre la main sur l&rsquo;immense Chine et de la placer sous son joug.<\/p>\n\n\n\n<p>On peut donc dire que, si le fascisme triomphe en Espagne et en Chine &#8211; comme il faut, h\u00e9las ! le craindre &#8211; il pourra, par la conjugaison des forces qu&rsquo;il poss\u00e9dera en Europe et en Asie, imposer sa loi au monde.<\/p>\n\n\n\n<p>Il convient, \u00e0 ce point pr\u00e9cis de notre expos\u00e9, de dire, et avec force, que le succ\u00e8s mondial du fascisme a \u00e9t\u00e9 grandement facilit\u00e9 par l&rsquo;\u00e9volution \u00e0 rebours du communisme russe et du socialisme en g\u00e9n\u00e9ral.<\/p>\n\n\n\n<p>Si la R\u00e9volution russe avait suivi la ligne normale de son d\u00e9veloppement naturel ; si le socialisme n&rsquo;avait pas \u00e9t\u00e9, partout, d\u00e9faillant devant ses devoirs et impuissant devant les faits, le fascisme ne se serait pas impos\u00e9 avec autant de facilit\u00e9.<\/p>\n\n\n\n<p>Maintenant, il constitue une force en pleine ascension. Gris\u00e9 par le succ\u00e8s que lui ont valu ses victoires sur des adversaires subjugu\u00e9s ou secr\u00e8tement d&rsquo;accord avec lui, il a pris, pour beaucoup, figure de sauveur, parce qu&rsquo;il agit et que les autres ne font rien.<\/p>\n\n\n\n<p>Tirant sa force bien davantage de sa mystique que de son syst\u00e8me social, il est devenu une \u00ab id\u00e9ologie \u00bb universelle et a d\u00e9clar\u00e9 la guerre \u00e0 tous les r\u00e9gimes qui, de pr\u00e8s ou de loin, s&rsquo;opposent \u00e0 son d\u00e9veloppement et \u00e0 son succ\u00e8s<\/p>\n\n\n\n<p>Hitler et, surtout, Mussolini, au cours de leurs r\u00e9cents discours, n&rsquo;ont pas h\u00e9sit\u00e9 \u00e0 placer sur le m\u00eame plan, le communisme, le socialisme et la d\u00e9mocratie et \u00e0 leur d\u00e9clarer la guerre en bloc.<\/p>\n\n\n\n<p>Ces affirmations des deux principaux chefs du fascisme international ont au moins un m\u00e9rite : <em>celui de clarifier la situation<\/em>.<\/p>\n\n\n\n<p>Une telle guerre ne peut avoir rien de commun avec les guerres du pass\u00e9. Non seulement elle est, universellement, de caract\u00e8re id\u00e9ologique, mais encore, dans son application pratique, elle prend l&rsquo;aspect d&rsquo;une guerre civile internationale dans chaque pays. <em>C&rsquo;EST LA GUERRE DE CLASSE TOTALE.<\/em><\/p>\n\n\n\n<p>Bon gr\u00e9, mal gr\u00e9, c&rsquo;est sous ce jour nouveau &#8211; et exact &#8211; que nous devons la consid\u00e9rer et nous efforcer d&rsquo;y faire face.<\/p>\n\n\n\n<p>Nous ne pouvons le faire que d&rsquo;une seule fa\u00e7on : <em>en opposant toutes les forces du Travail \u00e0 toutes celles du Capital.<\/em><\/p>\n\n\n\n<p>Et il n&rsquo;y a pas deux moyens d&rsquo;y parvenir, mais un seul : <em>la disparition des partis, de tous les partis qui divisent la classe ouvri\u00e8re en fractions rivales et la substitution de la classe organis\u00e9e \u00e0 tous ces partis impuissants qui s&rsquo;opposent les uns aux autres.<\/em><\/p>\n\n\n\n<p>Il ne peut donc pas \u00eatre question d&rsquo;alliance avec tous ces partis agonisants.<\/p>\n\n\n\n<p>Ce regroupement de toutes les forces du Travail ne peut \u00e9galement \u00eatre r\u00e9alis\u00e9e que sur un plan synth\u00e9tique, qui permette de r\u00e9unir toutes ces forces et ce plan est certainement celui o\u00f9 agit <em>le syndicalisme r\u00e9volutionnaire<\/em>.<\/p>\n\n\n\n<p>C&rsquo;est sur le plan du syndicalisme, donc du Travail organis\u00e9 &#8211; et sur ce plan seulement &#8211; qu&rsquo;il est possible de r\u00e9unir toutes les forces qui ont des int\u00e9r\u00eats r\u00e9els et concordants sur tous les terrains.<\/p>\n\n\n\n<p>C&rsquo;est sur ce plan que peuvent se conjuguer toutes les \u00e9nergies sociales, toutes les forces qui concourent \u00e0 la production et \u00e0 l&rsquo;organisation soci\u00e9taire.<\/p>\n\n\n\n<p>La C.G.T.S.R. a affirm\u00e9 ces v\u00e9rit\u00e9s incontestables d\u00e8s sa constitution, elle n&rsquo;a jamais cess\u00e9 de le confirmer, avec la certitude absolue d&rsquo;\u00eatre dans la bonne voie. Elle l&rsquo;affirme, aujourd&rsquo;hui, avec plus de force que jamais.<\/p>\n\n\n\n<p>Longtemps incomprise, elle a la certitude que les \u00e9v\u00e9nements n&rsquo;ont cess\u00e9 de lui donner raison : <em>le lendemain plus que la veille.<\/em><\/p>\n\n\n\n<p>Aussi, comprenant toute l&rsquo;ampleur du grand drame qui est commenc\u00e9 depuis 1922, elle appelle les travailleurs \u00e0 venir la renforcer sans tarder, pour r\u00e9pondre, <em>par l&rsquo;action<\/em>, \u00e0 la guerre id\u00e9ologique du capitalisme moderne : le fascisme.<\/p>\n\n\n\n<p>Elle a l&rsquo;espoir que son appel sera entendu de tous et, en particulier, de ceux qui commencent \u00e0 se rendre compte de la trahison permanente et de l&rsquo;incapacit\u00e9 totale des partis politiques et des organisations \u00e9conomiques qui ne peuvent plus, \u00e0 aucun titre, les d\u00e9fendre contre le fascisme.<\/p>\n\n\n\n<p class=\"has-text-align-right\"><strong>C.G.T.S.R.<\/strong><\/p>\n","protected":false},"excerpt":{"rendered":"<p>Article paru dans Le Combat syndicaliste, 11e ann\u00e9e, nouvelle s\u00e9rie, n\u00b0 229, 8 octobre 1937 Dans un article paru il y a quelques semaines, nous avons d\u00e9montr\u00e9 les nouveaut\u00e9s de la guerre et fait ressortir, avec toutes les cons\u00e9quences qui en d\u00e9coulent, sur le terrain national et sur le plan international, le v\u00e9ritable caract\u00e8re de [&hellip;]<\/p>\n","protected":false},"author":1,"featured_media":0,"comment_status":"closed","ping_status":"","sticky":false,"template":"","format":"standard","meta":{"jetpack_post_was_ever_published":false,"_jetpack_newsletter_access":"","_jetpack_dont_email_post_to_subs":false,"_jetpack_newsletter_tier_id":0,"_jetpack_memberships_contains_paywalled_content":false,"_jetpack_memberships_contains_paid_content":false,"footnotes":""},"categories":[8],"tags":[24,5390,425,513,550,5362],"class_list":["post-27191","post","type-post","status-publish","format-standard","hentry","category-presse","tag-24","tag-cgt-sr","tag-fascisme","tag-guerre","tag-ideologie","tag-le-combat-syndicaliste"],"jetpack_featured_media_url":"","jetpack_sharing_enabled":true,"jetpack_shortlink":"https:\/\/wp.me\/s9lTYU-guerre","jetpack_likes_enabled":true,"jetpack-related-posts":[{"id":24028,"url":"https:\/\/sinedjib.com\/index.php\/2024\/08\/27\/bouye\/","url_meta":{"origin":27191,"position":0},"title":"Henri Bouy\u00e9 : L&rsquo;armistice d&rsquo;Indochine et la colonisation","author":"SiNedjib","date":"27\/08\/2024","format":false,"excerpt":"Article d'Henri Bouy\u00e9 paru dans Le Combat syndicaliste, 27e ann\u00e9e, Nouvelle s\u00e9rie, n\u00b0 123, 6 ao\u00fbt 1954, p. 1-4 Le cessez-le-feu en Indochine a \u00e9t\u00e9 d\u00e9cide \u00e0 Gen\u00e8ve. Nous laisserons \u00e0 d'autres le soin de d\u00e9velopper les marchandages auxquels il a pu donner lieu entre les deux blocs qui se\u2026","rel":"","context":"Dans &quot;presse&quot;","block_context":{"text":"presse","link":"https:\/\/sinedjib.com\/index.php\/category\/presse\/"},"img":{"alt_text":"","src":"https:\/\/i0.wp.com\/sinedjib.com\/wp-content\/uploads\/2024\/08\/Le-Combat-syndicaliste-6-aout-1954.png?resize=350%2C200&ssl=1","width":350,"height":200},"classes":[]},{"id":20661,"url":"https:\/\/sinedjib.com\/index.php\/2023\/12\/10\/orwell-2\/","url_meta":{"origin":27191,"position":1},"title":"Maurice Joyeux : \u00ab\u00a0La Catalogne libre\u00a0\u00bb de George Orwell (Gallimard)","author":"SiNedjib","date":"10\/12\/2023","format":false,"excerpt":"Article de Maurice Joyeux paru dans Le Monde libertaire, n\u00b0 11, octobre 1955, p. 4 Ecrit au lendemain de la guerre d'Espagne, cet ouvrage vient seulement d'\u00eatre traduit. Sa qualit\u00e9, la pr\u00e9cision de l'information qu'il nous apporte sur les \u00e9v\u00e9nements encore mal connus de 1937, nous fait regretter de ne\u2026","rel":"","context":"Dans &quot;presse&quot;","block_context":{"text":"presse","link":"https:\/\/sinedjib.com\/index.php\/category\/presse\/"},"img":{"alt_text":"","src":"https:\/\/i0.wp.com\/sinedjib.com\/wp-content\/uploads\/2023\/12\/orwell-catalogne-libre.png?resize=350%2C200&ssl=1","width":350,"height":200,"srcset":"https:\/\/i0.wp.com\/sinedjib.com\/wp-content\/uploads\/2023\/12\/orwell-catalogne-libre.png?resize=350%2C200&ssl=1 1x, https:\/\/i0.wp.com\/sinedjib.com\/wp-content\/uploads\/2023\/12\/orwell-catalogne-libre.png?resize=525%2C300&ssl=1 1.5x"},"classes":[]},{"id":26018,"url":"https:\/\/sinedjib.com\/index.php\/2025\/04\/06\/orwell-8\/","url_meta":{"origin":27191,"position":2},"title":"Fran\u00e7ois Erval : George Orwell vient de mourir","author":"SiNedjib","date":"06\/04\/2025","format":false,"excerpt":"Article de Fran\u00e7ois Erval paru dans Combat, 26 janvier 1950, p. 4 Un des meilleurs \u00e9crivains anglais ROMANCIER, critique, journaliste et homme politique, George Orwell vient de mourir \u00e0 l'\u00e2ge de 46 ans apr\u00e8s une longue maladie. Son nom et son \u0153uvre sont peu connus en France, alors que la\u2026","rel":"","context":"Dans &quot;presse&quot;","block_context":{"text":"presse","link":"https:\/\/sinedjib.com\/index.php\/category\/presse\/"},"img":{"alt_text":"","src":"https:\/\/i0.wp.com\/sinedjib.com\/wp-content\/uploads\/2025\/04\/Combat-26-janvier-1950.jpg?resize=350%2C200&ssl=1","width":350,"height":200},"classes":[]},{"id":11641,"url":"https:\/\/sinedjib.com\/index.php\/2021\/02\/25\/paul-benichou-combat\/","url_meta":{"origin":27191,"position":3},"title":"Paul B\u00e9nichou : Combat","author":"SiNedjib","date":"25\/02\/2021","format":false,"excerpt":"Article de Paul B\u00e9nichou paru dans Masses, n\u00b0 2, f\u00e9vrier 1939, p. 93-94 A relever dans le num\u00e9ro de novembre de cette revue d'extr\u00eame-droite, dont les pr\u00e9tentions \u00e0 la largeur de vues dissimulent mal le rab\u00e2chage des mythes r\u00e9actionnaires les plus \u00e9cul\u00e9s, un article de Th. Maulnier, sur les r\u00e9sultats\u2026","rel":"","context":"Dans &quot;revues&quot;","block_context":{"text":"revues","link":"https:\/\/sinedjib.com\/index.php\/category\/revues\/"},"img":{"alt_text":"","src":"https:\/\/i0.wp.com\/sinedjib.com\/wp-content\/uploads\/2021\/02\/Masses-fevrier-1939.png?resize=350%2C200&ssl=1","width":350,"height":200},"classes":[]},{"id":24394,"url":"https:\/\/sinedjib.com\/index.php\/2024\/10\/03\/charite\/","url_meta":{"origin":27191,"position":4},"title":"Charit\u00e9 chr\u00e9tienne","author":"SiNedjib","date":"03\/10\/2024","format":false,"excerpt":"Article paru dans Tribune ouvri\u00e8re, n\u00b0 5, octobre 1954, p. 4 Orl\u00e9ansville a \u00e9t\u00e9 d\u00e9vast\u00e9 par un s\u00e9isme. Des deuils de la mis\u00e8re. Evidemment, le gouvernement, la bourgeoisie s'apitoient sur le sort de ces pauvres gens r\u00e9duits au plus triste d\u00e9nuement. Les organisations dites ouvri\u00e8res font de la surench\u00e8re en\u2026","rel":"","context":"Dans &quot;presse&quot;","block_context":{"text":"presse","link":"https:\/\/sinedjib.com\/index.php\/category\/presse\/"},"img":{"alt_text":"","src":"https:\/\/i0.wp.com\/sinedjib.com\/wp-content\/uploads\/2024\/10\/Tribune-ouvriere-octobre-1954.jpg?resize=350%2C200&ssl=1","width":350,"height":200,"srcset":"https:\/\/i0.wp.com\/sinedjib.com\/wp-content\/uploads\/2024\/10\/Tribune-ouvriere-octobre-1954.jpg?resize=350%2C200&ssl=1 1x, https:\/\/i0.wp.com\/sinedjib.com\/wp-content\/uploads\/2024\/10\/Tribune-ouvriere-octobre-1954.jpg?resize=525%2C300&ssl=1 1.5x"},"classes":[]},{"id":6742,"url":"https:\/\/sinedjib.com\/index.php\/2020\/01\/08\/guerre-iran-irak\/","url_meta":{"origin":27191,"position":5},"title":"Guerre Iran-Irak","author":"SiNedjib","date":"08\/01\/2020","format":false,"excerpt":"Article paru dans Alarme, organe du Ferment ouvrier r\u00e9volutionnaire en France, n\u00b0 23, janvier-f\u00e9vrier-mars 1984, p. 13-14 Les derniers \u00e9v\u00e9nements de la guerre Iran-Irak ont attir\u00e9 \u00e0 nouveau l'attention sur ce conflit. On a \"tout\" dit sur son ampleur - comparable \u00e0 celle de la 1\u00e8re guerre mondiale -, sur\u2026","rel":"","context":"Dans &quot;presse&quot;","block_context":{"text":"presse","link":"https:\/\/sinedjib.com\/index.php\/category\/presse\/"},"img":{"alt_text":"","src":"https:\/\/i0.wp.com\/sinedjib.com\/wp-content\/uploads\/2020\/01\/Alarme-janvier-1984.png?resize=350%2C200&ssl=1","width":350,"height":200},"classes":[]}],"_links":{"self":[{"href":"https:\/\/sinedjib.com\/index.php\/wp-json\/wp\/v2\/posts\/27191","targetHints":{"allow":["GET"]}}],"collection":[{"href":"https:\/\/sinedjib.com\/index.php\/wp-json\/wp\/v2\/posts"}],"about":[{"href":"https:\/\/sinedjib.com\/index.php\/wp-json\/wp\/v2\/types\/post"}],"author":[{"embeddable":true,"href":"https:\/\/sinedjib.com\/index.php\/wp-json\/wp\/v2\/users\/1"}],"replies":[{"embeddable":true,"href":"https:\/\/sinedjib.com\/index.php\/wp-json\/wp\/v2\/comments?post=27191"}],"version-history":[{"count":1,"href":"https:\/\/sinedjib.com\/index.php\/wp-json\/wp\/v2\/posts\/27191\/revisions"}],"predecessor-version":[{"id":27192,"href":"https:\/\/sinedjib.com\/index.php\/wp-json\/wp\/v2\/posts\/27191\/revisions\/27192"}],"wp:attachment":[{"href":"https:\/\/sinedjib.com\/index.php\/wp-json\/wp\/v2\/media?parent=27191"}],"wp:term":[{"taxonomy":"category","embeddable":true,"href":"https:\/\/sinedjib.com\/index.php\/wp-json\/wp\/v2\/categories?post=27191"},{"taxonomy":"post_tag","embeddable":true,"href":"https:\/\/sinedjib.com\/index.php\/wp-json\/wp\/v2\/tags?post=27191"}],"curies":[{"name":"wp","href":"https:\/\/api.w.org\/{rel}","templated":true}]}}