{"id":27518,"date":"2025-11-11T15:26:23","date_gmt":"2025-11-11T14:26:23","guid":{"rendered":"https:\/\/sinedjib.com\/?p=27518"},"modified":"2025-11-11T15:26:23","modified_gmt":"2025-11-11T14:26:23","slug":"amiguet","status":"publish","type":"post","link":"https:\/\/sinedjib.com\/index.php\/2025\/11\/11\/amiguet\/","title":{"rendered":"Alfred Amiguet : La R\u00e9volution vient"},"content":{"rendered":"\n<p><strong>Article d&rsquo;<a href=\"https:\/\/maitron.fr\/amiguet-alfred-dictionnaire-des-anarchistes\/\">Alfred Amiguet<\/a> paru dans <em><a href=\"https:\/\/archivesautonomies.org\/IMG\/pdf\/anarchismes\/entre-deux\/lereveil\/1918\/lra_1918_11_23.pdf\">Le R\u00e9veil communiste-anarchiste<\/a><\/em>,<\/strong> <strong>ann\u00e9e XIX, n\u00b0 501, 23 novembre 1918<\/strong><\/p>\n\n\n<div class=\"wp-block-image\">\n<figure class=\"aligncenter size-large\"><img data-recalc-dims=\"1\" loading=\"lazy\" decoding=\"async\" width=\"580\" height=\"177\" data-attachment-id=\"27519\" data-permalink=\"https:\/\/sinedjib.com\/index.php\/2025\/11\/11\/amiguet\/le-reveil-communiste-anarchiste-1918\/\" data-orig-file=\"https:\/\/i0.wp.com\/sinedjib.com\/wp-content\/uploads\/2025\/11\/Le-Reveil-communiste-anarchiste-1918.jpg?fit=1115%2C341&amp;ssl=1\" data-orig-size=\"1115,341\" data-comments-opened=\"0\" data-image-meta=\"{&quot;aperture&quot;:&quot;0&quot;,&quot;credit&quot;:&quot;&quot;,&quot;camera&quot;:&quot;&quot;,&quot;caption&quot;:&quot;&quot;,&quot;created_timestamp&quot;:&quot;0&quot;,&quot;copyright&quot;:&quot;&quot;,&quot;focal_length&quot;:&quot;0&quot;,&quot;iso&quot;:&quot;0&quot;,&quot;shutter_speed&quot;:&quot;0&quot;,&quot;title&quot;:&quot;&quot;,&quot;orientation&quot;:&quot;0&quot;}\" data-image-title=\"Le R\u00e9veil communiste-anarchiste 1918\" data-image-description=\"\" data-image-caption=\"\" data-large-file=\"https:\/\/i0.wp.com\/sinedjib.com\/wp-content\/uploads\/2025\/11\/Le-Reveil-communiste-anarchiste-1918.jpg?fit=580%2C177&amp;ssl=1\" src=\"https:\/\/i0.wp.com\/sinedjib.com\/wp-content\/uploads\/2025\/11\/Le-Reveil-communiste-anarchiste-1918.jpg?resize=580%2C177&#038;ssl=1\" alt=\"\" class=\"wp-image-27519\" srcset=\"https:\/\/i0.wp.com\/sinedjib.com\/wp-content\/uploads\/2025\/11\/Le-Reveil-communiste-anarchiste-1918.jpg?resize=1024%2C313&amp;ssl=1 1024w, https:\/\/i0.wp.com\/sinedjib.com\/wp-content\/uploads\/2025\/11\/Le-Reveil-communiste-anarchiste-1918.jpg?resize=300%2C92&amp;ssl=1 300w, https:\/\/i0.wp.com\/sinedjib.com\/wp-content\/uploads\/2025\/11\/Le-Reveil-communiste-anarchiste-1918.jpg?resize=768%2C235&amp;ssl=1 768w, https:\/\/i0.wp.com\/sinedjib.com\/wp-content\/uploads\/2025\/11\/Le-Reveil-communiste-anarchiste-1918.jpg?w=1115&amp;ssl=1 1115w\" sizes=\"auto, (max-width: 580px) 100vw, 580px\" \/><\/figure>\n<\/div>\n\n\n<p>La r\u00e9volution vient-elle ? a demand\u00e9, il y a plus de vingt ans, le pol\u00e9miste et \u00e9crivain fran\u00e7ais Urbain Gohier. Je ne sais comment, \u00e0 l&rsquo;\u00e9poque, il a \u00e9t\u00e9 r\u00e9pondu \u00e0 la question.<\/p>\n\n\n\n<!--more-->\n\n\n\n<p>Aujourd&rsquo;hui, sans pr\u00e9tendre concurrencer les tireuses de cartes ou les proph\u00e8tes de l&rsquo;\u00e9vangile, nous pouvons hardiment r\u00e9pondre : la r\u00e9volution vient, et par r\u00e9volution nous n&rsquo;entendons pas simplement un renouvellement un peu brutal du personnel gouvernemental, mais une transformation compl\u00e8te de l&rsquo;organisation \u00e9conomique, qui vise actuellement \u00e0 satisfaire la soif de lucre d&rsquo;une minorit\u00e9 d\u00e9tentrice des moyens de production et qui doit, dans l&rsquo;avenir, avoir pour fonction d&rsquo;assurer les besoins de tous les membres de la famille humaine.<\/p>\n\n\n\n<p>Il est possible que ce changement ne soit pas du go\u00fbt de tous les profiteurs du r\u00e9gime pr\u00e9sent, mais cela importe peu et ne rompra pas le cours des formidables \u00e9v\u00e9nements qui s&rsquo;annoncent et qu&rsquo;ont inconsciemment pr\u00e9par\u00e9 les dirigeants qui, demain, seront les d\u00e9poss\u00e9d\u00e9s.<\/p>\n\n\n\n<p>Apr\u00e8s avoir d\u00e9cha\u00een\u00e9 la plus monstrueuse des guerres que le monde ait connu, les gouvernants, qui se proposaient tous des buts impies, ont exalt\u00e9 les tueries en pr\u00e9tendant qu&rsquo;elles \u00e9taient une r\u00e9volution moderne qui devait briser toutes les cha\u00eenes et faire crouler toutes les dominations. Il est vrai que les esclaves n&rsquo;\u00e9taient d\u00e9sign\u00e9s que dans le camp adverse, le summum du bonheur \u00e9tant d\u00e9j\u00e0 r\u00e9alis\u00e9 chez soi.<\/p>\n\n\n\n<p>Nous avons d\u00e9nonc\u00e9 ces mensonges qui n&rsquo;\u00e9taient qu&rsquo;un odieux chantage. Nulle part les d\u00e9tenteurs du pouvoir ne songeaient \u00e0 renoncer \u00e0 aucune de leurs pr\u00e9rogatives et les possesseurs de la richesse voyaient si peu, dans les tragiques \u00e9v\u00e9nements qui se d\u00e9roulaient, l&rsquo;enfantement d&rsquo;un nouveau monde, que jamais la course \u00e0 l&rsquo;argent n&rsquo;a \u00e9t\u00e9 aussi \u00e9hont\u00e9e que depuis le 1er ao\u00fbt 1914.<\/p>\n\n\n\n<p>Si, aujourd&rsquo;hui, apr\u00e8s plus de cinquante mois d&rsquo;une guerre atroce, les \u00e9v\u00e9nements prennent la tournure r\u00e9volutionnaire, c&rsquo;est-\u00e0-dire la lutte contre les gouvernements criminels, souhait\u00e9e et pr\u00e9conis\u00e9e par nous d\u00e8s la premi\u00e8re heure, l&rsquo;on ne saurait en rien en \u00eatre redevable aux conducteurs de peuples, avant et pendant les ann\u00e9es sanglantes.<\/p>\n\n\n\n<p>La r\u00e9volution n&rsquo;a \u00e9t\u00e9 qu&rsquo;un mot dans leur vocabulaire guerrier, et maintenant que le mot devient une r\u00e9alit\u00e9, ils sont atterr\u00e9s et ne songent plus qu&rsquo;\u00e0 arr\u00eater le d\u00e9veloppement de ce qu&rsquo;ils ont feint de d\u00e9sirer.<\/p>\n\n\n\n<p>Quant a ceux qui ont suivi le mot d&rsquo;ordre bourgeois : enrichissez-vous ! ils sont ivres de leur or et ne semblent pas comprendre qu&rsquo;apr\u00e8s de semblables libations, puisse \u00eatre mise en discussion la question de l\u00e9gitimit\u00e9 de leur bien. Pourtant, malgr\u00e9 l&rsquo;\u00e9tonnement des \u00ab\u00a0bourgeois\u00a0\u00bb, cela est. La f\u00e9odalit\u00e9 capitaliste touche \u00e0 sa fin et bient\u00f4t elle sera pr\u00e9cipit\u00e9e dans les ab\u00eemes. Aucune force au monde n&rsquo;est capable d&#8217;emp\u00eacher la catastrophe finale.<\/p>\n\n\n\n<p>Ceux qui sont encore les privil\u00e9gi\u00e9s de la fortune peuvent user de la violence, de la tromperie et de la diffamation, l&rsquo;humanit\u00e9 est en marche et les barbares ne l&rsquo;arr\u00eateront plus.<\/p>\n\n\n\n<p>Pour faire marcher les peuples, les tenants du pouvoir et leurs valets se sont livr\u00e9s \u00e0 une mystification. Ils se sont camoufles en champions du droit et de la justice et ont pr\u00e9tendu \u00eatre porteurs de la torche et du pic r\u00e9volutionnaires.<\/p>\n\n\n\n<p>Voici que maintenant les tr\u00f4nes s&rsquo;effondrent en Allemagne et en Autriche et que le drapeau rouge flotte sur les donjons f\u00e9odaux. Un bloc r\u00e9volutionnaire est d\u00e8s maintenant form\u00e9 de la Russie, de l&rsquo;Allemagne et de l&rsquo;Autriche ; bient\u00f4t la salutaire vague rouge submergera le reste de l&rsquo;Europe, car il est impossible de croire que les latins, si longtemps \u00e0 l&rsquo;avant-garde du mouvement r\u00e9volutionnaire, se laisseront distancer sur la route de l&rsquo;\u00e9mancipation par les peuples du Nord et de l&rsquo;Orient.<\/p>\n\n\n\n<p>La Suisse sera naturellement prise dans le grand tourbillon de libert\u00e9. Rien n&rsquo;est plus comique que de lire en ce moment solennel la prose des journalistes, porte-paroles des gens nantis de ce pays. Se mettant \u00e0 la remorque des gouvernants fran\u00e7ais, ils ont d\u00e9clar\u00e9 que la r\u00e9volution allemande \u00e9tait une des conditions indispensables de la paix. Il fallait que Guillaume II l&rsquo;ant\u00e9-Christ &#8211; disparaisse de la sc\u00e8ne politique ou qu&rsquo;il fut livr\u00e9 aux poilus pour \u00eatre pendu.<\/p>\n\n\n\n<p>La r\u00e9volution allemande tant pr\u00f4n\u00e9e et si peu d\u00e9sir\u00e9e est venue ; Guillaume II est en fuite et des r\u00e9publiques sociales se fondent en Allemagne.<\/p>\n\n\n\n<p>Malgr\u00e9 les crimes sans nombre commis par les rois, les princes et les gouvernants chass\u00e9s, le peuple ne s&rsquo;est livr\u00e9 \u00e0 aucun acte de repr\u00e9sailles, aucun des assassins n&rsquo;a subi la loi du talion. Malgr\u00e9 cette mod\u00e9ration exemplaire, exag\u00e9r\u00e9e m\u00eame, les insurg\u00e9s allemands sont d\u00e9j\u00e0 en butte aux injures de toute la presse des conservateurs suisses qui sont enrag\u00e9s \u00e0 l&rsquo;id\u00e9e que, bient\u00f4t, ce sera la fin de leurs sc\u00e9l\u00e9ratesses d\u00e9mocratiques et de toutes les inf\u00e2mes tromperies par lesquelles ils abusent les paysans et ouvriers suisses et font d&rsquo;eux une masse taillable et corv\u00e9able \u00e0 merci.<\/p>\n\n\n\n<p>Apr\u00e8s avoir, pour le compte de l&rsquo;\u00e9tranger, multipli\u00e9 les impr\u00e9cations contre les potentats d&rsquo;Allemagne et d&rsquo;Autriche, apr\u00e8s avoir mis au ban de l&rsquo;humanit\u00e9 les malfaiteurs couronn\u00e9s, voici que maintenant ils d\u00e9couvrent d&rsquo;insoup\u00e7onnables vertus aux forbans en fuite. Ce sont maintenant les peuples qui se lib\u00e8rent qui sont asperg\u00e9s de toutes les insultes, de toutes les ordures qui peuvent sortir des bureaux du <em>Journal de Gen\u00e8ve <\/em>ou de ses pareils.<\/p>\n\n\n\n<p>La r\u00e9volution n\u00e9cessaire \u00e9tait un abominable mensonge dans la bouche ou sous la plume de nos folliculaires ; ce n&rsquo;\u00e9tait qu&rsquo;un moyen d&rsquo;excitation des masses pour permettre l&rsquo;enrichissement de tous les coquins, financiers, accapareurs, fournisseurs aux arm\u00e9es et fabricants d&rsquo;engins de meurtre.<\/p>\n\n\n\n<p>Pr\u00eacheur de r\u00e9volution, \u00e9tait une fonction grassement pay\u00e9e et largement arros\u00e9e de champagne.<\/p>\n\n\n\n<p>Aujourd&rsquo;hui, elle est l\u00e0, cette r\u00e9volution. \u00c7a craque en Allemagne et en Autriche. Les peuples \u00ab\u00a0barbares\u00a0\u00bb se s\u00e9parent des criminels et pr\u00e9parent leur entr\u00e9e dans la soci\u00e9t\u00e9 humaine r\u00e9g\u00e9n\u00e9r\u00e9e.<\/p>\n\n\n\n<p>Demain, le peuple travailleur suisse donnera le coup de balai n\u00e9cessaire pour se mettre \u00e0 l&rsquo;unisson des voisins.<\/p>\n\n\n\n<p>Et tous les apologistes de guerre, tous les bourgeois imb\u00e9ciles qui n&rsquo;ont pas compris que la r\u00e9volution aux fronti\u00e8res c&rsquo;\u00e9tait la r\u00e9volution ici m\u00eame, \u00e9cume de rage \u00e0 l&rsquo;id\u00e9e que le feu purificateur avec lequel ils ont cru pouvoir jouer va s&rsquo;attaquer au sol helv\u00e9tique. Immondices vivantes, ils sentent confus\u00e9ment que la flamme qui a pris naissance au nord, sur les ruines et au milieu des douleurs de la guerre, va les consumer. Leurs narines sont incommod\u00e9es par l&rsquo;\u00e2cre odeur de roussi et ils exhalent toute la contenance de leurs \u00e2mes de brutes.<\/p>\n\n\n\n<p>Rien ne les sauvera ; le feu de la libert\u00e9 qui maintenant p\u00e9tille joyeusement, et qui demain sera un immense brasier, d\u00e9truira tout ce qu&rsquo;il reste de pourriture dans le monde.<\/p>\n\n\n\n<p>En attendant l&rsquo;heure prochaine ou il nous faudra, \u00e0 notre tour, donner au combat que nous menons, une allure nouvelle et plus hardie, nous saluons les glorieux combattants de Russie, d&rsquo;Allemagne et d&rsquo;Autriche, qui sont engag\u00e9s sur la voie lumineuse qui conduira l&rsquo;humanit\u00e9 vers la cit\u00e9 resplendissante de libert\u00e9, de justice et de fraternit\u00e9.<\/p>\n\n\n\n<p>Vieux lutteurs socialistes et anarchistes aux cheveux blancs, vos yeux se fermeront sur une apoth\u00e9ose.<\/p>\n\n\n\n<p class=\"has-text-align-right\"><strong>A. AMIGUET.<\/strong><\/p>\n","protected":false},"excerpt":{"rendered":"<p>Article d&rsquo;Alfred Amiguet paru dans Le R\u00e9veil communiste-anarchiste, ann\u00e9e XIX, n\u00b0 501, 23 novembre 1918 La r\u00e9volution vient-elle ? a demand\u00e9, il y a plus de vingt ans, le pol\u00e9miste et \u00e9crivain fran\u00e7ais Urbain Gohier. Je ne sais comment, \u00e0 l&rsquo;\u00e9poque, il a \u00e9t\u00e9 r\u00e9pondu \u00e0 la question.<\/p>\n","protected":false},"author":1,"featured_media":0,"comment_status":"closed","ping_status":"","sticky":false,"template":"","format":"standard","meta":{"jetpack_post_was_ever_published":false,"_jetpack_newsletter_access":"","_jetpack_dont_email_post_to_subs":false,"_jetpack_newsletter_tier_id":0,"_jetpack_memberships_contains_paywalled_content":false,"_jetpack_memberships_contains_paid_content":false,"footnotes":""},"categories":[8],"tags":[3474,5873,513,3147,1008],"class_list":["post-27518","post","type-post","status-publish","format-standard","hentry","category-presse","tag-3474","tag-alfred-amiguet","tag-guerre","tag-le-reveil-communiste-anarchiste","tag-revolution"],"jetpack_featured_media_url":"","jetpack_sharing_enabled":true,"jetpack_shortlink":"https:\/\/wp.me\/s9lTYU-amiguet","jetpack_likes_enabled":true,"jetpack-related-posts":[{"id":5174,"url":"https:\/\/sinedjib.com\/index.php\/2019\/02\/28\/malatesta-10\/","url_meta":{"origin":27518,"position":0},"title":"Errico Malatesta : La R\u00e9volution","author":"SiNedjib","date":"28\/02\/2019","format":false,"excerpt":"Article paru dans Le R\u00e9veil anarchiste, n\u00b0 1026, 22 juillet 1939. Il y a en France de braves gens fai\u00adsant la propagande pour l'\u00e9conomie de l'abondance devant remplacer l'\u00e9conomie des restrictions et des destructions en m\u00eame temps, propre au capitalisme. Comme moyen de r\u00e9alisation, il pr\u00e9co\u00adnisent une Constituante. Dans l'imm\u00e9\u00addiate\u2026","rel":"","context":"Dans &quot;presse&quot;","block_context":{"text":"presse","link":"https:\/\/sinedjib.com\/index.php\/category\/presse\/"},"img":{"alt_text":"","src":"","width":0,"height":0},"classes":[]},{"id":13218,"url":"https:\/\/sinedjib.com\/index.php\/2021\/07\/06\/errico-malatesta-revoltes-et-revolutions\/","url_meta":{"origin":27518,"position":1},"title":"Errico Malatesta : R\u00e9voltes et r\u00e9volutions","author":"SiNedjib","date":"06\/07\/2021","format":false,"excerpt":"Article d'Errico Malatesta paru dans Le R\u00e9veil communiste-anarchiste, n\u00b0 544, 31 juillet 1920 Le Congr\u00e8s anarchiste de Bologne fut indign\u00e9 de voir, \u00e0 un moment o\u00f9 les esprits \u00e9taient surexcit\u00e9s par les nouvelles venant d'Anc\u00f4ne, renvoyer \u00e0 une \u00e9poque ind\u00e9termin\u00e9e une r\u00e9union que les circonstances rendaient urgente et n\u00e9cessaire pour\u2026","rel":"","context":"Dans &quot;presse&quot;","block_context":{"text":"presse","link":"https:\/\/sinedjib.com\/index.php\/category\/presse\/"},"img":{"alt_text":"","src":"https:\/\/i0.wp.com\/sinedjib.com\/wp-content\/uploads\/2021\/07\/Le-Reveil-communiste-anarchiste-31-juillet-1920.png?resize=350%2C200&ssl=1","width":350,"height":200},"classes":[]},{"id":19783,"url":"https:\/\/sinedjib.com\/index.php\/2023\/09\/14\/camarades-proletaires\/","url_meta":{"origin":27518,"position":2},"title":"Camarades ! Prol\u00e9taires !","author":"SiNedjib","date":"14\/09\/2023","format":false,"excerpt":"Manifeste de la F\u00e9d\u00e9ration allemande des anarchistes communistes paru dans Le R\u00e9veil communiste-anarchiste, ann\u00e9e XIX, n\u00b0 505, 25 janvier 1919, p. 2 Un groupe de soldats brandissant le drapeau rouge, le 9 novembre \u00e0 la porte de Brandebourg (Source) Le manifeste suivant a \u00e9t\u00e9 r\u00e9pandu en Allemagne : Apr\u00e8s cinquante\u2026","rel":"","context":"Dans &quot;presse&quot;","block_context":{"text":"presse","link":"https:\/\/sinedjib.com\/index.php\/category\/presse\/"},"img":{"alt_text":"","src":"https:\/\/upload.wikimedia.org\/wikipedia\/commons\/8\/8b\/Bundesarchiv_Bild_183-B0527-0001-810%2C_Berlin%2C_Brandenburger_Tor%2C_Novemberrevolution.jpg","width":350,"height":200,"srcset":"https:\/\/upload.wikimedia.org\/wikipedia\/commons\/8\/8b\/Bundesarchiv_Bild_183-B0527-0001-810%2C_Berlin%2C_Brandenburger_Tor%2C_Novemberrevolution.jpg 1x, https:\/\/upload.wikimedia.org\/wikipedia\/commons\/8\/8b\/Bundesarchiv_Bild_183-B0527-0001-810%2C_Berlin%2C_Brandenburger_Tor%2C_Novemberrevolution.jpg 1.5x"},"classes":[]},{"id":5411,"url":"https:\/\/sinedjib.com\/index.php\/2019\/04\/16\/malatesta-14\/","url_meta":{"origin":27518,"position":3},"title":"Errico Malatesta : Encore sur la R\u00e9volution en pratique","author":"SiNedjib","date":"16\/04\/2019","format":false,"excerpt":"Article d'Errico Malatesta paru dans Le R\u00e9veil communiste-anarchiste, n\u00b0 600, 28 octobre 1922 Mon dernier article sur ce sujet a attir\u00e9 l'attention de plusieurs camarades et m'a valu de nombreuses observations et de nombreuses questions. Est-ce que je n'ai pas \u00e9t\u00e9 assez clair ? Est-ce que j'ai d\u00e9rang\u00e9 les habitudes\u2026","rel":"","context":"Dans &quot;presse&quot;","block_context":{"text":"presse","link":"https:\/\/sinedjib.com\/index.php\/category\/presse\/"},"img":{"alt_text":"","src":"","width":0,"height":0},"classes":[]},{"id":5404,"url":"https:\/\/sinedjib.com\/index.php\/2019\/04\/14\/malatesta-13\/","url_meta":{"origin":27518,"position":4},"title":"Errico Malatesta : La r\u00e9volution en pratique","author":"SiNedjib","date":"14\/04\/2019","format":false,"excerpt":"Article d'Errico Malatesta paru dans Le R\u00e9veil communiste-anarchiste, n\u00b0 599, 14 octobre 1922 L'article pr\u00e9c\u00e9dent \u00e9tait d\u00e9j\u00e0 compos\u00e9, lorsque nous avons lu dans Umanita Nova cet article sur la deuxi\u00e8me question trait\u00e9e \u00e0 Bienne : A la r\u00e9union tenue \u00e0 Bienne \u00e0 l'occasion du cinquantenaire du Congr\u00e8s de Saint-Imier, le\u2026","rel":"","context":"Dans &quot;presse&quot;","block_context":{"text":"presse","link":"https:\/\/sinedjib.com\/index.php\/category\/presse\/"},"img":{"alt_text":"","src":"","width":0,"height":0},"classes":[]},{"id":6385,"url":"https:\/\/sinedjib.com\/index.php\/2019\/10\/25\/malatesta-31\/","url_meta":{"origin":27518,"position":5},"title":"Errico Malatesta : La Terreur r\u00e9volutionnaire. En vue d&rsquo;un avenir qui pourrait \u00eatre prochain","author":"SiNedjib","date":"25\/10\/2019","format":false,"excerpt":"Article d'Errico Malatesta paru dans Le R\u00e9veil communiste-anarchiste, n\u00b0 652, 25 octobre 1924 Je ne parlerai point de la mani\u00e8re dont peut \u00eatre combattue et abattue la tyrannie qui opprime actuellement le peuple italien. Ici nous nous proposons de faire simplement \u0153uvre de clarification des id\u00e9es et de pr\u00e9paration morale\u2026","rel":"","context":"Dans &quot;presse&quot;","block_context":{"text":"presse","link":"https:\/\/sinedjib.com\/index.php\/category\/presse\/"},"img":{"alt_text":"","src":"https:\/\/i0.wp.com\/sinedjib.com\/wp-content\/uploads\/2019\/10\/1924-10-25-Le-R%C3%A9veil.png?resize=350%2C200","width":350,"height":200},"classes":[]}],"_links":{"self":[{"href":"https:\/\/sinedjib.com\/index.php\/wp-json\/wp\/v2\/posts\/27518","targetHints":{"allow":["GET"]}}],"collection":[{"href":"https:\/\/sinedjib.com\/index.php\/wp-json\/wp\/v2\/posts"}],"about":[{"href":"https:\/\/sinedjib.com\/index.php\/wp-json\/wp\/v2\/types\/post"}],"author":[{"embeddable":true,"href":"https:\/\/sinedjib.com\/index.php\/wp-json\/wp\/v2\/users\/1"}],"replies":[{"embeddable":true,"href":"https:\/\/sinedjib.com\/index.php\/wp-json\/wp\/v2\/comments?post=27518"}],"version-history":[{"count":1,"href":"https:\/\/sinedjib.com\/index.php\/wp-json\/wp\/v2\/posts\/27518\/revisions"}],"predecessor-version":[{"id":27520,"href":"https:\/\/sinedjib.com\/index.php\/wp-json\/wp\/v2\/posts\/27518\/revisions\/27520"}],"wp:attachment":[{"href":"https:\/\/sinedjib.com\/index.php\/wp-json\/wp\/v2\/media?parent=27518"}],"wp:term":[{"taxonomy":"category","embeddable":true,"href":"https:\/\/sinedjib.com\/index.php\/wp-json\/wp\/v2\/categories?post=27518"},{"taxonomy":"post_tag","embeddable":true,"href":"https:\/\/sinedjib.com\/index.php\/wp-json\/wp\/v2\/tags?post=27518"}],"curies":[{"name":"wp","href":"https:\/\/api.w.org\/{rel}","templated":true}]}}