{"id":27782,"date":"2026-01-01T13:44:00","date_gmt":"2026-01-01T12:44:00","guid":{"rendered":"https:\/\/sinedjib.com\/?p=27782"},"modified":"2026-01-01T14:13:22","modified_gmt":"2026-01-01T13:13:22","slug":"le-manifeste-des-allogenes","status":"publish","type":"post","link":"https:\/\/sinedjib.com\/index.php\/2026\/01\/01\/le-manifeste-des-allogenes\/","title":{"rendered":"Le manifeste des allog\u00e8nes"},"content":{"rendered":"\n<p><strong>Manifeste paru dans <em><a href=\"https:\/\/www.lesamisdegeneriques.org\/medias\/customer_28\/pdf\/FRGNQ_P0032_1981_012\/FRGNQ_P0032_1981_012.pdf\">Sans fronti\u00e8re<\/a><\/em>, n\u00b0 12, du 21 au 27 f\u00e9vrier 1981<\/strong><\/p>\n\n\n<div class=\"wp-block-image\">\n<figure class=\"aligncenter size-large\"><img data-recalc-dims=\"1\" loading=\"lazy\" decoding=\"async\" width=\"580\" height=\"161\" data-attachment-id=\"27783\" data-permalink=\"https:\/\/sinedjib.com\/index.php\/2026\/01\/01\/le-manifeste-des-allogenes\/sans-frontiere-1981\/\" data-orig-file=\"https:\/\/i0.wp.com\/sinedjib.com\/wp-content\/uploads\/2026\/01\/Sans-frontiere-1981.jpg?fit=1403%2C390&amp;ssl=1\" data-orig-size=\"1403,390\" data-comments-opened=\"0\" data-image-meta=\"{&quot;aperture&quot;:&quot;0&quot;,&quot;credit&quot;:&quot;&quot;,&quot;camera&quot;:&quot;&quot;,&quot;caption&quot;:&quot;&quot;,&quot;created_timestamp&quot;:&quot;0&quot;,&quot;copyright&quot;:&quot;&quot;,&quot;focal_length&quot;:&quot;0&quot;,&quot;iso&quot;:&quot;0&quot;,&quot;shutter_speed&quot;:&quot;0&quot;,&quot;title&quot;:&quot;&quot;,&quot;orientation&quot;:&quot;0&quot;}\" data-image-title=\"Sans fronti\u00e8re 1981\" data-image-description=\"\" data-image-caption=\"\" data-large-file=\"https:\/\/i0.wp.com\/sinedjib.com\/wp-content\/uploads\/2026\/01\/Sans-frontiere-1981.jpg?fit=580%2C161&amp;ssl=1\" src=\"https:\/\/i0.wp.com\/sinedjib.com\/wp-content\/uploads\/2026\/01\/Sans-frontiere-1981.jpg?resize=580%2C161&#038;ssl=1\" alt=\"\" class=\"wp-image-27783\" srcset=\"https:\/\/i0.wp.com\/sinedjib.com\/wp-content\/uploads\/2026\/01\/Sans-frontiere-1981.jpg?resize=1024%2C285&amp;ssl=1 1024w, https:\/\/i0.wp.com\/sinedjib.com\/wp-content\/uploads\/2026\/01\/Sans-frontiere-1981.jpg?resize=300%2C83&amp;ssl=1 300w, https:\/\/i0.wp.com\/sinedjib.com\/wp-content\/uploads\/2026\/01\/Sans-frontiere-1981.jpg?resize=768%2C213&amp;ssl=1 768w, https:\/\/i0.wp.com\/sinedjib.com\/wp-content\/uploads\/2026\/01\/Sans-frontiere-1981.jpg?resize=1200%2C334&amp;ssl=1 1200w, https:\/\/i0.wp.com\/sinedjib.com\/wp-content\/uploads\/2026\/01\/Sans-frontiere-1981.jpg?w=1403&amp;ssl=1 1403w\" sizes=\"auto, (max-width: 580px) 100vw, 580px\" \/><\/figure>\n<\/div>\n\n\n<p class=\"has-small-font-size\"><strong>A l&rsquo;heure o\u00f9 nous bouclons, nous publions les cent vingt (120) premi\u00e8res signatures du Manifeste des Allog\u00e8nes* qui vient de nous parvenir, contre l&rsquo;utilisation du probl\u00e8me de l&rsquo;immigration \u00e0 des fins \u00e9lectorales. La r\u00e9daction de Sans Fronti\u00e8re encourage vivement ses lecteurs allog\u00e8nes \u00e0 signer cette p\u00e9tition.<\/strong><\/p>\n\n\n\n<!--more-->\n\n\n\n<hr class=\"wp-block-separator has-alpha-channel-opacity\"\/>\n\n\n\n<p>Nous les allog\u00e8nes, de diff\u00e9rentes sensibilit\u00e9s et de diff\u00e9rentes ethnies : immigr\u00e9s, r\u00e9fugies, Antillais et Musulmans de France, SOMMES \u00e9c\u0153ur\u00e9s par les campagnes racistes qui ne cessent de se d\u00e9velopper dans cette France terre d&rsquo;asile, (un mythe qui n&rsquo;en finit pas de mourir) depuis le vote des lois anti-immigr\u00e9s.<\/p>\n\n\n\n<p>Et la fameuse phrase de M. Stol\u00e9ru, un des id\u00e9ologues de ce <em>\u00ab racisme d&rsquo;\u00e9tat \u00bb<\/em> \u00e0 propos de la gr\u00e8ve des travailleurs marocains : <em>\u00ab S&rsquo;ils ne sont pas contents, ils n&rsquo;ont qu&rsquo;\u00e0 rentrer chez eux \u00bb.<\/em><\/p>\n\n\n\n<p>Aujourd&rsquo;hui le PCF prend le relais et s&rsquo;offre sa campagne \u00e9lectorale sur le dos des immigr\u00e9s : \u00e0 Vitry, il confond victimes et bourreaux en s&rsquo;attaquant aux travailleurs maliens, tout en affirmant qu&rsquo;il m\u00e8ne la lutte contre la mairie de Saint-Maur.<\/p>\n\n\n\n<p>A Montigny, un pas de plus est franchi : du bulldozer, on passe \u00e0 la d\u00e9lation en s&rsquo;attaquant \u00e0 une famille immigr\u00e9e livr\u00e9e \u00e0 la vindicte populaire et certainement \u00e0 la haine et \u00e0 la vengeance d&rsquo;une voisine, par le maire communiste M. Hue, transform\u00e9 pour la circonstance en <em>\u00ab inquisiteur \u00bb.<\/em><\/p>\n\n\n\n<p>Nous d\u00e9non\u00e7ons avec toute notre \u00e9nergie, conscients de notre isolement, tous les racismes qui, de M. Stol\u00e9ru (qui se <em>\u00ab blanchit \u00bb<\/em> et se redonne une virginit\u00e9 \u00e0 bon compte) au PCF, ne vise en fait, qu&rsquo;\u00e0 utiliser les immigr\u00e9s dans le jeu \u00e9lectoral et pour les besoins de leur propagande.<\/p>\n\n\n\n<p>Les signataires s&rsquo;engagent \u00e0 prendre toutes les initiatives qu&rsquo;ils jugeront utiles, afin d&#8217;emp\u00eacher que la question de l&rsquo;immigration ne soit plus utilis\u00e9e \u00e0 des fins \u00e9lectoralistes et toujours aux d\u00e9pens des immigr\u00e9s.<\/p>\n\n\n\n<hr class=\"wp-block-separator has-alpha-channel-opacity\"\/>\n\n\n\n<p>La famille KHABOUCH (ouvrier Montigny). Mouloud CHELLAH (syndicaliste CFDT). Lyc\u00e9ens du Val d&rsquo;Argenteuil : KOUIRINI Belcacem, KALDI Nadia, SALEB Zoubida, RICHIME Hamid, AIT ZAID Nabil, HECHED Achour. Ecoli\u00e8res des Montigny : MANOUBI Amel, GUETTAF Malika. YACOUBI Nassera (\u00e9tudiante), SAYAD Abdelmalek (sociologue), BOUZIRI Sa\u00efd (Sans Fronti\u00e8re), Mejid Amar (Sans Fronti\u00e8re), PACO GLOGUEN (Sans Fronti\u00e8re), KARIMA Ben Abida (com\u00e9dienne IBN Khaldoun), Ridha Daman (com\u00e9dien Ibn Khaldoun), AKROUD Henia (com\u00e9dien IBN Khaldoun) AICHOUN Farid (Sans Fronti\u00e8re), KAMEL Belarbi (Sans Fronti\u00e8re), MOHAMED NEMMICHE (Sans Fronti\u00e8re), Amandio Viera (Informaticien), Taleb DILOO (m\u00e9canicien), HEERACH Jos\u00e9 (menuisier), RENE Claude (employ\u00e9 de maison), Jacqueline DESVAUX (employ\u00e9e de maison), N. SAVACO (menuisier), Nourredine ABDI (sociologue), Driss MOURAD (\u00e9ducateur), Aziz GHOZZI (typographe), Hassan BOUACRA (ouvrier) Mustapha MOHAMMED (formateur), Blaise N&rsquo;DJEHOYA, EL AFFIA Mustapha (ouvrier), KHALI Hammoud (m\u00e9decin), Tahar AICHOUNE (lyc\u00e9en), MALIKA Hammed (\u00e9ducatrice), Zohra AICHOUNE (\u00e9ducatrice), Isma\u00efl AOULI (\u00e9tudiant), Lotfi EL OUADI (peintre), H\u00e9di AKKARI (employ\u00e9 de bureau), Salem YOUNSI (charpentier), Salem KACET (p\u00e9diatre), FATOU Constant (\u00e9tudiant), Djamel ALLAM (chanteur), MUNDEL (m\u00e9canicien confection), Rene KETY (employ\u00e9 de maison), Salima CHANAMAD (m\u00e9canicien), GOOLORONING Genge, GIGON, DAVID, M. GOLL, K. BAGILLAH (aide cuisinier), PIERRE (peintre), Philippe ROSE, R. GEORGES, F. SARAH, NT RAMSAMY (femme de m\u00e9nage Boulogne), SAAD Mustapha (enseignant 18\u00e8me), LAHOUARI Ben Chellal (\u00e9tudiant), LEHEMBRE Marie-Lourdes, FARIDA Hamak (photographe), Ana STEIN (artiste peintre), GARBI Nouridine (\u00e9tudiant) BENCHEIKH Jemaleddine (professeur), ISMAIL Ahmed, OUALID Bouazizi (\u00e9tudiant), SAADIA A\u00efchoune (secr\u00e9taire), Louisa AICHOUNE (agent hospitalier), Maria Kala LOBE (SF), Aline N GOALA (SF), Salah AL KORTOBI (\u00e9conomiste), AKLI TADJER (photographe), Hamza BOUZIRI (Monteur Lib\u00e9ration), Louis XAVIER (enseignant et musicien) Herv\u00e9 Masson (artiste peintre), Le\u00efla Sebbar (\u00e9crivain), Ir\u00e8ne VON REITZENSTEIN, M&rsquo;HENI Habib (ouvrier), ERIHANI Khelifa (pupitreur au ch\u00f4mage), FARHAT (chanteur), Mimoun HALLOUS (travailleur social), Henri KALA LOBE (Sans Fronti\u00e8re), TAOUS TITRANI (responsable fran\u00e7ais musulman), Yasmina KECHEBI (employ\u00e9), Ahmed FALICH (\u00e9tudiant), Abbes KARIM (\u00e9tudiant), FERNAND (service technique), CHAMIR (secr\u00e9taire), LEMOINE (enseignant) , LEMANN (service technique), BOUDJEMAR (scientifique), Ferhat RACHID (sociologue), BELAF Noureddine (sociologue), SOUALMIA Rebiar (\u00e9tudiant), Habib LAIDA (com\u00e9dien du th\u00e9\u00e2tre Macadam) , FRIEF Nabil (professeur), SHERBIB (\u00e9tudiant), MISBAH, Henriot RAYA (cuisinier et SF) Gilles LADKANY (enseignant), Fa\u00efza Ladkany (SF), ABDI Nidam (typographe), Victor MATHIAS (chercheur), Ben CHEIKH (cr\u00eapier), ABBAS (cr\u00eapier), Malika BOUGON (animatrice), KADA (dessinateur), Saliha AMARA (enseignante et com\u00e9dienne de la troupe Kahina), Idir ZITTOUT (employ\u00e9), Fanny MERGUY (psychologue), DAOUD Moussa (technicien), Yasmina SALHI (journaliste), Nadia ABDELRAZAK, Violetta RAGOT (standardiste), AISHA (\u00e9crivain) Mohammed HARBI (historien)<\/p>\n\n\n\n<p class=\"has-text-align-right\"><strong><em>*Allog\u00e8ne : Selon le \u00ab Robert \u00bb. D&rsquo;une origine diff\u00e9rente de celle de la population autochtone, et install\u00e9 tardivement dans le pays.<\/em><\/strong><\/p>\n\n\n\n<hr class=\"wp-block-separator has-alpha-channel-opacity\"\/>\n\n\n\n<p class=\"has-text-align-center\"><strong><em>Les signatures peuvent \u00eatre envoy\u00e9es au journal,<br>33 boulevard St Martin 75003 Paris.<\/em><\/strong><\/p>\n","protected":false},"excerpt":{"rendered":"<p>Manifeste paru dans Sans fronti\u00e8re, n\u00b0 12, du 21 au 27 f\u00e9vrier 1981 A l&rsquo;heure o\u00f9 nous bouclons, nous publions les cent vingt (120) premi\u00e8res signatures du Manifeste des Allog\u00e8nes* qui vient de nous parvenir, contre l&rsquo;utilisation du probl\u00e8me de l&rsquo;immigration \u00e0 des fins \u00e9lectorales. La r\u00e9daction de Sans Fronti\u00e8re encourage vivement ses lecteurs allog\u00e8nes [&hellip;]<\/p>\n","protected":false},"author":1,"featured_media":0,"comment_status":"closed","ping_status":"","sticky":false,"template":"","format":"standard","meta":{"jetpack_post_was_ever_published":false,"_jetpack_newsletter_access":"","_jetpack_dont_email_post_to_subs":false,"_jetpack_newsletter_tier_id":0,"_jetpack_memberships_contains_paywalled_content":false,"_jetpack_memberships_contains_paid_content":false,"footnotes":""},"categories":[8],"tags":[54,3185,457,555,3264,4293],"class_list":["post-27782","post","type-post","status-publish","format-standard","hentry","category-presse","tag-54","tag-antiracisme","tag-france","tag-immigration","tag-manifeste","tag-sans-frontiere"],"jetpack_featured_media_url":"","jetpack_sharing_enabled":true,"jetpack_shortlink":"https:\/\/wp.me\/p9lTYU-7e6","jetpack_likes_enabled":true,"jetpack-related-posts":[{"id":28042,"url":"https:\/\/sinedjib.com\/index.php\/2026\/02\/07\/les-associations-immigrees-tirent-le-signal-dalarme\/","url_meta":{"origin":27782,"position":0},"title":"Les associations immigr\u00e9es tirent le signal d&rsquo;alarme","author":"SiNedjib","date":"07\/02\/2026","format":false,"excerpt":"D\u00e9claration de la Maison des travailleurs immigr\u00e9s parue dans Sans Fronti\u00e8re, n\u00b0 18, du 4 au 10 avril 1981 L'immigration en g\u00e9n\u00e9ral se trouve aujourd'hui comme prise en sandwich entre d'une part, l'arsenal juridique institutionnalis\u00e9 du pouvoir fran\u00e7ais et l'aval des pays d'origine (accords bilat\u00e9raux). La probl\u00e9matique du retour et\u2026","rel":"","context":"Dans &quot;presse&quot;","block_context":{"text":"presse","link":"https:\/\/sinedjib.com\/index.php\/category\/presse\/"},"img":{"alt_text":"","src":"https:\/\/i0.wp.com\/sinedjib.com\/wp-content\/uploads\/2026\/02\/Sans-Frontiere-1981.jpg?resize=350%2C200&ssl=1","width":350,"height":200,"srcset":"https:\/\/i0.wp.com\/sinedjib.com\/wp-content\/uploads\/2026\/02\/Sans-Frontiere-1981.jpg?resize=350%2C200&ssl=1 1x, https:\/\/i0.wp.com\/sinedjib.com\/wp-content\/uploads\/2026\/02\/Sans-Frontiere-1981.jpg?resize=525%2C300&ssl=1 1.5x, https:\/\/i0.wp.com\/sinedjib.com\/wp-content\/uploads\/2026\/02\/Sans-Frontiere-1981.jpg?resize=700%2C400&ssl=1 2x, https:\/\/i0.wp.com\/sinedjib.com\/wp-content\/uploads\/2026\/02\/Sans-Frontiere-1981.jpg?resize=1050%2C600&ssl=1 3x"},"classes":[]},{"id":15133,"url":"https:\/\/sinedjib.com\/index.php\/2021\/12\/29\/immigres-homosexuels-quel-debat\/","url_meta":{"origin":27782,"position":1},"title":"Immigr\u00e9s &#8211; homosexuels : quel d\u00e9bat ?","author":"SiNedjib","date":"29\/12\/2021","format":false,"excerpt":"Textes parus dans Homophonies, n\u00b0 21-22, juillet-ao\u00fbt 1982, p. 10-11 et n\u00b0 24, octobre 1982, p. 13 Rencontre avec \u00ab Sans Fronti\u00e8re \u00bb Nous sommes depuis quelques mois en discussion avec le journal \u00ab Sans Fronti\u00e8re \u00bb, journal de l'immigration pour commencer un dialogue entre la communaut\u00e9 homosexuelle et la\u2026","rel":"","context":"Dans &quot;presse&quot;","block_context":{"text":"presse","link":"https:\/\/sinedjib.com\/index.php\/category\/presse\/"},"img":{"alt_text":"","src":"https:\/\/i0.wp.com\/sinedjib.com\/wp-content\/uploads\/2021\/12\/Homophonies-juillet-1982.png?resize=350%2C200&ssl=1","width":350,"height":200},"classes":[]},{"id":28216,"url":"https:\/\/sinedjib.com\/index.php\/2026\/03\/02\/la-parole-aux-femmes\/","url_meta":{"origin":27782,"position":2},"title":"La parole aux femmes","author":"SiNedjib","date":"02\/03\/2026","format":false,"excerpt":"Article sign\u00e9 Ana Maria et Claude paru dans Sans Fronti\u00e8re, n\u00b0 17, semaine du 28 mars au 3 avril 1981 \u00ab Le Centre de documentation Tiers-Monde \u00bb et \u00ab Artisans du Monde \u00bb avaient d\u00e9cid\u00e9 de programmer une journ\u00e9e-femmes. Nous avons voulu rencontrer les diff\u00e9rents groupes de femmes du Tiers-Monde,\u2026","rel":"","context":"Dans &quot;presse&quot;","block_context":{"text":"presse","link":"https:\/\/sinedjib.com\/index.php\/category\/presse\/"},"img":{"alt_text":"","src":"https:\/\/i0.wp.com\/sinedjib.com\/wp-content\/uploads\/2026\/02\/Sans-Frontiere-hebdo-1981.jpg?resize=350%2C200&ssl=1","width":350,"height":200,"srcset":"https:\/\/i0.wp.com\/sinedjib.com\/wp-content\/uploads\/2026\/02\/Sans-Frontiere-hebdo-1981.jpg?resize=350%2C200&ssl=1 1x, https:\/\/i0.wp.com\/sinedjib.com\/wp-content\/uploads\/2026\/02\/Sans-Frontiere-hebdo-1981.jpg?resize=525%2C300&ssl=1 1.5x, https:\/\/i0.wp.com\/sinedjib.com\/wp-content\/uploads\/2026\/02\/Sans-Frontiere-hebdo-1981.jpg?resize=700%2C400&ssl=1 2x, https:\/\/i0.wp.com\/sinedjib.com\/wp-content\/uploads\/2026\/02\/Sans-Frontiere-hebdo-1981.jpg?resize=1050%2C600&ssl=1 3x"},"classes":[]},{"id":19200,"url":"https:\/\/sinedjib.com\/index.php\/2023\/07\/12\/venissieux-2\/","url_meta":{"origin":27782,"position":3},"title":"Incidents \u00e0 V\u00e9nissieux : \u00ab\u00a0O\u00f9 sont vos \u00e9ducateurs ?\u00a0\u00bb","author":"SiNedjib","date":"12\/07\/2023","format":false,"excerpt":"Article sign\u00e9 A. B. paru dans Sans Fronti\u00e8re, n\u00b0 31, sp\u00e9cial juillet-ao\u00fbt 1981, p. 9 Une voiture br\u00fbl\u00e9e \u00e0 Venissieux le 10 juillet 1981. (NOVOVITCH \/ AFP) Source Dimanche 12 juillet, le poste de police qui avait \u00e9t\u00e9 install\u00e9 en catastrophe, la veille, en plein quartier a disparu. En d\u00e9but\u2026","rel":"","context":"Dans &quot;presse&quot;","block_context":{"text":"presse","link":"https:\/\/sinedjib.com\/index.php\/category\/presse\/"},"img":{"alt_text":"","src":"https:\/\/i0.wp.com\/sinedjib.com\/wp-content\/uploads\/2023\/07\/Venissieux-1981.png?resize=350%2C200&ssl=1","width":350,"height":200,"srcset":"https:\/\/i0.wp.com\/sinedjib.com\/wp-content\/uploads\/2023\/07\/Venissieux-1981.png?resize=350%2C200&ssl=1 1x, https:\/\/i0.wp.com\/sinedjib.com\/wp-content\/uploads\/2023\/07\/Venissieux-1981.png?resize=525%2C300&ssl=1 1.5x, https:\/\/i0.wp.com\/sinedjib.com\/wp-content\/uploads\/2023\/07\/Venissieux-1981.png?resize=700%2C400&ssl=1 2x"},"classes":[]},{"id":27762,"url":"https:\/\/sinedjib.com\/index.php\/2026\/01\/30\/hocine-ait-ahmed-tous-doivent-sexprimer\/","url_meta":{"origin":27782,"position":4},"title":"Hocine A\u00eft Ahmed : Tous doivent s&rsquo;exprimer !","author":"SiNedjib","date":"30\/01\/2026","format":false,"excerpt":"D\u00e9claration de Hocine A\u00eft Ahmed parue dans Sans fronti\u00e8re, n\u00b0 56, du 2 au 8 avril 1982 ; suivie du communiqu\u00e9 de Hocine A\u00eft Ahmed et de Mohammed Harbi paru dans Sans fronti\u00e8re, n\u00b0 57, du 9 au 16 avril 1982 Je d\u00e9plore les affrontements qui ont eu lieu \u00e0\u2026","rel":"","context":"Dans &quot;presse&quot;","block_context":{"text":"presse","link":"https:\/\/sinedjib.com\/index.php\/category\/presse\/"},"img":{"alt_text":"","src":"https:\/\/i0.wp.com\/sinedjib.com\/wp-content\/uploads\/2026\/01\/Sans-frontiere.jpg?resize=350%2C200&ssl=1","width":350,"height":200,"srcset":"https:\/\/i0.wp.com\/sinedjib.com\/wp-content\/uploads\/2026\/01\/Sans-frontiere.jpg?resize=350%2C200&ssl=1 1x, https:\/\/i0.wp.com\/sinedjib.com\/wp-content\/uploads\/2026\/01\/Sans-frontiere.jpg?resize=525%2C300&ssl=1 1.5x, https:\/\/i0.wp.com\/sinedjib.com\/wp-content\/uploads\/2026\/01\/Sans-frontiere.jpg?resize=700%2C400&ssl=1 2x"},"classes":[]},{"id":27709,"url":"https:\/\/sinedjib.com\/index.php\/2025\/12\/21\/non-a-la-france-de-lapartheid\/","url_meta":{"origin":27782,"position":5},"title":"Non \u00e0 la France de l&rsquo;apartheid","author":"SiNedjib","date":"21\/12\/2025","format":false,"excerpt":"Manifeste r\u00e9dig\u00e9 par Jean-Louis Hurst et F\u00e9lix Guattari paru dans Sans Fronti\u00e8re, n\u00b0 19, semaine du 11 au 17 avril 1981 ; deuxi\u00e8me liste de signataires parue dans Sans Fronti\u00e8re, n\u00b0 20, 18 avril 1981 ; suite parue dans Sans Fronti\u00e8re, n\u00b0 21, 25 avril 1981 La gr\u00e8ve de la\u2026","rel":"","context":"Dans &quot;presse&quot;","block_context":{"text":"presse","link":"https:\/\/sinedjib.com\/index.php\/category\/presse\/"},"img":{"alt_text":"","src":"https:\/\/i0.wp.com\/sinedjib.com\/wp-content\/uploads\/2025\/12\/sans-frontiere-hebdo-1981.jpg?resize=350%2C200&ssl=1","width":350,"height":200,"srcset":"https:\/\/i0.wp.com\/sinedjib.com\/wp-content\/uploads\/2025\/12\/sans-frontiere-hebdo-1981.jpg?resize=350%2C200&ssl=1 1x, https:\/\/i0.wp.com\/sinedjib.com\/wp-content\/uploads\/2025\/12\/sans-frontiere-hebdo-1981.jpg?resize=525%2C300&ssl=1 1.5x, https:\/\/i0.wp.com\/sinedjib.com\/wp-content\/uploads\/2025\/12\/sans-frontiere-hebdo-1981.jpg?resize=700%2C400&ssl=1 2x, https:\/\/i0.wp.com\/sinedjib.com\/wp-content\/uploads\/2025\/12\/sans-frontiere-hebdo-1981.jpg?resize=1050%2C600&ssl=1 3x"},"classes":[]}],"_links":{"self":[{"href":"https:\/\/sinedjib.com\/index.php\/wp-json\/wp\/v2\/posts\/27782","targetHints":{"allow":["GET"]}}],"collection":[{"href":"https:\/\/sinedjib.com\/index.php\/wp-json\/wp\/v2\/posts"}],"about":[{"href":"https:\/\/sinedjib.com\/index.php\/wp-json\/wp\/v2\/types\/post"}],"author":[{"embeddable":true,"href":"https:\/\/sinedjib.com\/index.php\/wp-json\/wp\/v2\/users\/1"}],"replies":[{"embeddable":true,"href":"https:\/\/sinedjib.com\/index.php\/wp-json\/wp\/v2\/comments?post=27782"}],"version-history":[{"count":3,"href":"https:\/\/sinedjib.com\/index.php\/wp-json\/wp\/v2\/posts\/27782\/revisions"}],"predecessor-version":[{"id":27786,"href":"https:\/\/sinedjib.com\/index.php\/wp-json\/wp\/v2\/posts\/27782\/revisions\/27786"}],"wp:attachment":[{"href":"https:\/\/sinedjib.com\/index.php\/wp-json\/wp\/v2\/media?parent=27782"}],"wp:term":[{"taxonomy":"category","embeddable":true,"href":"https:\/\/sinedjib.com\/index.php\/wp-json\/wp\/v2\/categories?post=27782"},{"taxonomy":"post_tag","embeddable":true,"href":"https:\/\/sinedjib.com\/index.php\/wp-json\/wp\/v2\/tags?post=27782"}],"curies":[{"name":"wp","href":"https:\/\/api.w.org\/{rel}","templated":true}]}}