{"id":28134,"date":"2026-02-19T18:24:08","date_gmt":"2026-02-19T17:24:08","guid":{"rendered":"https:\/\/sinedjib.com\/?p=28134"},"modified":"2026-02-19T18:24:08","modified_gmt":"2026-02-19T17:24:08","slug":"a-lyon-des-femmes-maghrebines-immigrees","status":"publish","type":"post","link":"https:\/\/sinedjib.com\/index.php\/2026\/02\/19\/a-lyon-des-femmes-maghrebines-immigrees\/","title":{"rendered":"\u00c0 Lyon : des femmes maghr\u00e9bines immigr\u00e9es"},"content":{"rendered":"\n<p><strong>Article paru dans <em>Des femmes en mouvements<\/em>, n\u00b0 5, mai 1978<\/strong><\/p>\n\n\n<div class=\"wp-block-image\">\n<figure class=\"aligncenter size-full is-resized\"><img data-recalc-dims=\"1\" loading=\"lazy\" decoding=\"async\" width=\"550\" height=\"661\" data-attachment-id=\"28135\" data-permalink=\"https:\/\/sinedjib.com\/index.php\/2026\/02\/19\/a-lyon-des-femmes-maghrebines-immigrees\/femmes-immigrees-1978\/\" data-orig-file=\"https:\/\/i0.wp.com\/sinedjib.com\/wp-content\/uploads\/2026\/02\/femmes-immigrees-1978.jpg?fit=550%2C661&amp;ssl=1\" data-orig-size=\"550,661\" data-comments-opened=\"0\" data-image-meta=\"{&quot;aperture&quot;:&quot;0&quot;,&quot;credit&quot;:&quot;&quot;,&quot;camera&quot;:&quot;&quot;,&quot;caption&quot;:&quot;&quot;,&quot;created_timestamp&quot;:&quot;0&quot;,&quot;copyright&quot;:&quot;&quot;,&quot;focal_length&quot;:&quot;0&quot;,&quot;iso&quot;:&quot;0&quot;,&quot;shutter_speed&quot;:&quot;0&quot;,&quot;title&quot;:&quot;&quot;,&quot;orientation&quot;:&quot;0&quot;}\" data-image-title=\"femmes immigr\u00e9es 1978\" data-image-description=\"\" data-image-caption=\"\" data-large-file=\"https:\/\/i0.wp.com\/sinedjib.com\/wp-content\/uploads\/2026\/02\/femmes-immigrees-1978.jpg?fit=550%2C661&amp;ssl=1\" src=\"https:\/\/i0.wp.com\/sinedjib.com\/wp-content\/uploads\/2026\/02\/femmes-immigrees-1978.jpg?resize=550%2C661&#038;ssl=1\" alt=\"\" class=\"wp-image-28135\" style=\"width:388px;height:auto\" srcset=\"https:\/\/i0.wp.com\/sinedjib.com\/wp-content\/uploads\/2026\/02\/femmes-immigrees-1978.jpg?w=550&amp;ssl=1 550w, https:\/\/i0.wp.com\/sinedjib.com\/wp-content\/uploads\/2026\/02\/femmes-immigrees-1978.jpg?resize=250%2C300&amp;ssl=1 250w\" sizes=\"auto, (max-width: 550px) 100vw, 550px\" \/><figcaption class=\"wp-element-caption\"><em>photo Belkhtibia<\/em><\/figcaption><\/figure>\n<\/div>\n\n\n<hr class=\"wp-block-separator has-alpha-channel-opacity\"\/>\n\n\n\n<p class=\"has-larger-font-size\"><em>un mouvement s&rsquo;amorce, \u00e0 Lyon, \u00e0 Paris.<\/em><\/p>\n\n\n\n<p>Nous sommes une quinzaine d&rsquo;immigr\u00e9es de 20 \u00e0 25 ans qui commen\u00e7ons \u00e0 nous r\u00e9unir. En ce moment, nous voulons rencontrer des femmes qui se regroupent dans le 7e arrondissement et, \u00e0 l&rsquo;occasion d&rsquo;une semaine sur les femmes dans un th\u00e9\u00e2tre, quelques-unes d&rsquo;entre nous, qui font des sketches, du th\u00e9\u00e2tre, de la poterie pourraient y participer.<\/p>\n\n\n\n<!--more-->\n\n\n\n<p>Par ailleurs, nous sommes en contact avec un groupe de femmes alg\u00e9riennes vivant \u00e0 Paris. C&rsquo;est tr\u00e8s important que nous discutions entre nous. C&rsquo;est le premier mouvement de femmes immigr\u00e9es de Paris et de Lyon. Aussi, dans le quartier Saint-Jean et des Terreaux, depuis longtemps, existent des cours d&rsquo;alphab\u00e9tisation en arabe et en fran\u00e7ais. Ce qui nous a permis de travailler, de discuter \u00e0 partir de projection de films. Une femme, en particulier, \u00e9tait motiv\u00e9e.<\/p>\n\n\n\n<p class=\"has-text-align-center has-large-font-size\"><strong><em>apprendre le plus possible<\/em><\/strong><\/p>\n\n\n\n<p>Elle s&rsquo;est accroch\u00e9e. Elle voulait apprendre, apprendre le plus possible. On l&rsquo;a emp\u00each\u00e9e d&rsquo;aller \u00e0 l&rsquo;\u00e9cole, \u00e9tant jeune. Elle a 40 ans. Une autre, divorc\u00e9e d&rsquo;un premier mariage a \u00e9t\u00e9 remari\u00e9e par ses parents, de force. Elle vit en France avec son mari. Pour elle, ce mariage c&rsquo;est comme de la nourriture que l&rsquo;on n&rsquo;aime pas : \u00e7a ne passe pas.<\/p>\n\n\n\n<p class=\"has-text-align-center has-large-font-size\"><strong><em>mon fr\u00e8re avait pris la rel\u00e8ve<\/em><\/strong><\/p>\n\n\n\n<p>Le divorce est possible, en Alg\u00e9rie si on a un avocat. Mais quand on divorce, on retourne chez ses parents, et, c&rsquo;est pire que lorsqu&rsquo;on est jeune fille car on n&rsquo;est plus vierge. Divorc\u00e9e, \u00ab\u00a0la porte est ouverte\u00a0\u00bb comme ils disent. c&rsquo;est une surveillance serr\u00e9e. Ma s\u0153ur \u00e9tait divorc\u00e9e. Mon p\u00e8re \u00e9tait mort et c&rsquo;est mon fr\u00e8re qui avait pris la rel\u00e8ve. Immigr\u00e9es en France, nous n&rsquo;avons gu\u00e8re plus de choix. Il faut vraiment en avoir vu de toutes les couleurs. Un jour, j&rsquo;ai h\u00e9berg\u00e9 une fille alg\u00e9rienne qui, pendant qu&rsquo;elle \u00e9tait \u00e0 son boulot avait \u00e9t\u00e9 mari\u00e9e. Les parents avaient fait signer sa s\u0153ur \u00e0 sa place au Consulat \u2026 En Kabylie, contrairement \u00e0 ce que l&rsquo;on croit, les traditions ne sont pas plus lib\u00e9rales. Les femmes ne sont pas voil\u00e9es, elles travaillent dehors. Mais, c&rsquo;est plus dur car il y a des traditions d&rsquo;honneur (adult\u00e8re). Ici, en France, les Marocaines et les Tunisiennes immigrent, seules, pour travailler, alors que les Alg\u00e9riennes immigrent en famille. Au Maghreb, les Marocaines et les Tunisiennes avaient d\u00e9j\u00e0 migr\u00e9 des campagnes vers les villes. Ce qui explique que la plupart travaillent et sont ouvri\u00e8res sp\u00e9cialis\u00e9es. Alors que les Alg\u00e9riennes viennent dans le cadre du regroupement familial (mesures Stoleru (2)) et sont en majorit\u00e9 mari\u00e9es. Ce qui explique qu&rsquo;elles travaillent moins. De plus, quand l&rsquo;immigration est possible, un seul membre de la famille a le droit de travailler.<\/p>\n\n\n\n<p class=\"has-text-align-center has-large-font-size\"><strong><em>carte de s\u00e9jour en suspens<\/em><\/strong><\/p>\n\n\n\n<p>L&rsquo;immigration familiale c&rsquo;est fini. Il y a beaucoup de femmes en situation irr\u00e9guli\u00e8re. Elles arrivent en touristes avec leurs passeports et elle restent. Elles n&rsquo;ont pas la carte de s\u00e9jour. Il n&rsquo;est pas question pour une famille de changer d&rsquo;appartement. La plupart du temps, toute une famille vit dans une seule pi\u00e8ce. La promiscuit\u00e9 est grande, et, en cas de plainte du voisinage, les gens du quartier sont autoris\u00e9s \u00e0 faire leur propre police (arr\u00eat\u00e9 pr\u00e9fectoral de 1970) *. En plus \u00e0 Lyon, en vertu du m\u00eame arr\u00eat\u00e9, il y a des zones d&rsquo;habitation interdites. La population d&rsquo;un quartier ne doit pas exc\u00e9der 15 % d&rsquo;\u00e9trangers. Le reste est refoul\u00e9 *. En g\u00e9n\u00e9ral, dans ces quartiers, les logements sont d\u00e9plorables, les loyers les moins chers, et, aussi, les inscriptions dans les \u00e9coles sont limit\u00e9es. Dans les autres quartiers, les loyers ne sont pas accessibles \u00e0 un seul salaire.<\/p>\n\n\n\n<p>La carte de s\u00e9jour est compl\u00e8tement en suspens. Tout le monde sait que pour avoir une carte de s\u00e9jour il faut avoir une carte de travail. Actuellement, moi, je suis venue en France avec une carte de s\u00e9jour d&rsquo;un an. J&rsquo;aurais voulu avoir une carte de s\u00e9jour de dix ans. Tout ce que j&rsquo;ai pu obtenir c&rsquo;est une prolongation de deux mois.<\/p>\n\n\n\n<p>La plupart des femmes Alg\u00e9riennes sont en infraction. Naturellement, elles sortent tr\u00e8s peu de peur de se faire refouler.<\/p>\n\n\n\n<p class=\"has-text-align-right\"><strong>des femmes Maghr\u00e9bines de Lyon<\/strong><\/p>\n\n\n\n<hr class=\"wp-block-separator has-alpha-channel-opacity\"\/>\n\n\n\n<p class=\"has-small-font-size\">* Texte d&rsquo;arr\u00eat\u00e9s pr\u00e9fectoraux.<\/p>\n\n\n\n<p class=\"has-small-font-size\">(1) Cf. <em>des femmes en mouvements<\/em> n\u00b0 3 p. 22.<\/p>\n\n\n\n<p class=\"has-small-font-size\">(2) cf. <em>des femmes en mouvements<\/em> n\u00b0 1 p. 91.<\/p>\n\n\n\n<hr class=\"wp-block-separator has-alpha-channel-opacity\"\/>\n\n\n\n<p class=\"has-text-align-center has-larger-font-size\"><strong>Ville interdite<\/strong><\/p>\n\n\n\n<p class=\"has-large-font-size\">\u00e0 Lyon, des arr\u00eat\u00e9s pr\u00e9fectoraux \u00ab\u00a0s&rsquo;appuyant\u00a0\u00bb sur le racisme des fran\u00e7ais ferment des quartiers, des \u00e9coles, aux familles immigr\u00e9es, interdites de s\u00e9jour, ou condamn\u00e9es \u00e0 l&rsquo;irr\u00e9gularit\u00e9 pour \u00eatre mieux refoul\u00e9es<\/p>\n\n\n\n<p class=\"has-normal-font-size\">Tous les quartiers vis\u00e9s par l&rsquo;interdiction pr\u00e9fectorale sont ceux qui sont d\u00e9finis comme \u00ab\u00a0satur\u00e9s\u00a0\u00bb par le m\u00eame pr\u00e9fet. Ce n&rsquo;est pas un paradoxe. Ces quartiers sont effectivement surpeupl\u00e9s, insalubres souvent &#8211; cit\u00e9s de transit &#8211; les appartements sont d\u00e9plorables, les loyers sont donc relativement peu \u00e9lev\u00e9s, ce qui n&#8217;emp\u00eache pas les r\u00e9gisseurs d&rsquo;immeubles d&rsquo;exploiter scandaleusement les familles entass\u00e9es dans une seule pi\u00e8ce.<\/p>\n\n\n\n<p>Partout ailleurs, les loyers sont trop chers, et g\u00e9rants et propri\u00e9taires s&rsquo;entendent pour expulser les travailleurs immigr\u00e9s et leurs familles d\u00e8s la fin du bail quand ceux-ci ont r\u00e9ussi \u00e0 obtenir un appartement, ou pour leur refuser syst\u00e9matiquement l&rsquo;acc\u00e8s des logements.<\/p>\n\n\n\n<p>Ce que le pr\u00e9fet du Rh\u00f4ne appelle \u00ab\u00a0situation irr\u00e9guli\u00e8re\u00a0\u00bb, \u00ab\u00a0situation frauduleuse\u00a0\u00bb, \u00ab\u00a0venir en touristes\u00a0\u00bb, concerne la situation de la plupart des femmes alg\u00e9riennes : elles viennent rejoindre leur mari qui travaille, leurs enfants, avec un simple passeport gr\u00e2ce auquel leur s\u00e9jour ne peut exc\u00e9der trois mois \u2026<\/p>\n\n\n\n<p>Un d\u00e9cret minist\u00e9riel du 13 mai 75 limite encore pour elles l&rsquo;application de la loi sur l&rsquo;avortement du 17 janvier 75.<\/p>\n\n\n\n<blockquote class=\"wp-block-quote is-layout-flow wp-block-quote-is-layout-flow\">\n<p>\u00ab Les femmes \u00e9trang\u00e8res r\u00e9sidant r\u00e9guli\u00e8rement en France depuis plus de trois mois peuvent b\u00e9n\u00e9ficier des dispositions de cette loi qui autorise, pour toutes les femmes, l&rsquo;interruption volontaire de grossesse pratiqu\u00e9e avant la fin de la dixi\u00e8me semaine dans un \u00e9tablissement public ou priv\u00e9 agr\u00e9\u00e9, apr\u00e8s une visite m\u00e9dicale et une consultation sociale.<\/p>\n\n\n\n<p>Pour \u00eatre consid\u00e9r\u00e9es en situation r\u00e9guli\u00e8re, les femmes \u00e9trang\u00e8res doivent \u00eatre en possession d&rsquo;un titre de s\u00e9jour ou de tout autre document en tenant lieu. \u00bb<\/p>\n<\/blockquote>\n\n\n\n<p class=\"has-text-align-right\">Extrait du d\u00e9cret minist\u00e9riel du 13 mai 75 concernant \u00ab l&rsquo;application de la loi relative \u00e0 l&rsquo;interruption de grossesse aux femmes \u00e9trang\u00e8res \u00bb ; document sign\u00e9 par Chirac, alors premier ministre, Poniatowski, ministre de l&rsquo;Int\u00e9rieur et Simone Veil, ministre de la Sant\u00e9.<\/p>\n\n\n\n<hr class=\"wp-block-separator has-alpha-channel-opacity\"\/>\n\n\n\n<p><strong>Extrait d&rsquo;une circulaire pr\u00e9fectorale concernant \u00ab la limitation de l&rsquo;admission des familles \u00e9trang\u00e8res et leur refoulement \u00bb dans la ville de Lyon et sa banlieue. (1)<\/strong><\/p>\n\n\n\n<blockquote class=\"wp-block-quote is-layout-flow wp-block-quote-is-layout-flow\">\n<p>\u00ab Les cons\u00e9quences regrettables occasionn\u00e9es par une trop grande concentration d&rsquo;immigr\u00e9s dans certains quartiers, m&rsquo;ont conduit \u00e0 proposer au ministre de l&rsquo;Int\u00e9rieur, ainsi qu&rsquo;au ministre du Travail et de la Population, une mesure de refus d&rsquo;admission de nouvelles familles en provenance directe de leur pays d&rsquo;origine et une mesure de refoulement de toutes celles qui seraient en situation irr\u00e9guli\u00e8re.( \u2026 )<\/p>\n\n\n\n<p>1- Refuser dans les quartiers ci-apr\u00e8s l&rsquo;admission de nouvelles familles venant directement de l&rsquo;\u00e9tranger.<br>(suit la liste des arrondissements et banlieues interdits)<br>pour les \u00e9coles concern\u00e9es ( \u2026 ) vous trouverez en annexe la liste des rues pour lesquelles toute d\u00e9livrance de certificat de logement sera syst\u00e9matiquement refus\u00e9e ( \u2026 ). Pour tous ces secteurs, les demandes seront imm\u00e9diatement rejet\u00e9es et vous voudrez bien me saisir des cas difficiles ( \u2026 ).<\/p>\n\n\n\n<p>2- Limiter au maximum la r\u00e9gularisation des familles venues s&rsquo;installer dans les autres quartiers que ceux pr\u00e9cis\u00e9s et proposer imm\u00e9diatement une mesure de refoulement pour celles dont la situation ne vous semble pas m\u00e9riter un examen exceptionnellement bienveillant ( \u2026 ).<\/p>\n\n\n\n<p>L&rsquo;admission normale doit \u00eatre assur\u00e9e par l&rsquo;interm\u00e9diaire de l&rsquo;office national d&rsquo;immigration qui impose une visite m\u00e9dicale aux membres de la famille avant leur d\u00e9part ( \u2026 ). Dans le cas o\u00f9 il n&rsquo;existe pas de logement ou encore lorsque ce contr\u00f4le m\u00e9dical n&rsquo;est pas favorable, la famille doit faire l&rsquo;objet d&rsquo;un refus de s\u00e9jour. A l&rsquo;expiration d&rsquo;un d\u00e9lai d&rsquo;un mois apr\u00e8s la notification de ce refus de s\u00e9jour, si la famille n&rsquo;a pas regagn\u00e9 son pays d&rsquo;origine, elle s&rsquo;expose \u00e0 \u00eatre refoul\u00e9e ( \u2026 ).<\/p>\n<\/blockquote>\n\n\n\n<p>Des plaintes et des dol\u00e9ances sont  \u00e0 l&rsquo;origine de ces d\u00e9cisions ( \u2026 ). Elles prennent souvent la forme de p\u00e9titions et comportent des centaines de signatures, adress\u00e9es au premier ministre, au procureur de la R\u00e9publique, au pr\u00e9fet, aux commissaires de police ou aux maires concern\u00e9s ( \u2026 ). Dans quelques cas, les signataires, \u00e0 la limite de l&rsquo;exasp\u00e9ration, mena\u00e7aient de \u00ab faire eux-m\u00eames leur police si des mesures n&rsquo;\u00e9taient pas prises \u00bb .<\/p>\n\n\n\n<hr class=\"wp-block-separator has-alpha-channel-opacity\"\/>\n\n\n\n<p class=\"has-small-font-size\">(1) dans une circulaire du 30 novembre 1970, adress\u00e9e au Directeur d\u00e9partemental de l&rsquo;action sanitaire et social et \u00e0 celui de la R\u00e9glementation &#8211; 3\u00b0 Bureau.<\/p>\n\n\n\n<p><\/p>\n","protected":false},"excerpt":{"rendered":"<p>Article paru dans Des femmes en mouvements, n\u00b0 5, mai 1978 un mouvement s&rsquo;amorce, \u00e0 Lyon, \u00e0 Paris. Nous sommes une quinzaine d&rsquo;immigr\u00e9es de 20 \u00e0 25 ans qui commen\u00e7ons \u00e0 nous r\u00e9unir. En ce moment, nous voulons rencontrer des femmes qui se regroupent dans le 7e arrondissement et, \u00e0 l&rsquo;occasion d&rsquo;une semaine sur les [&hellip;]<\/p>\n","protected":false},"author":1,"featured_media":0,"comment_status":"closed","ping_status":"","sticky":false,"template":"","format":"standard","meta":{"jetpack_post_was_ever_published":false,"_jetpack_newsletter_access":"","_jetpack_dont_email_post_to_subs":false,"_jetpack_newsletter_tier_id":0,"_jetpack_memberships_contains_paywalled_content":false,"_jetpack_memberships_contains_paid_content":false,"footnotes":""},"categories":[8],"tags":[52,112,3185,4906,431,457,555,718,971],"class_list":["post-28134","post","type-post","status-publish","format-standard","hentry","category-presse","tag-52","tag-algerie","tag-antiracisme","tag-des-femmes-en-mouvements","tag-feminisme","tag-france","tag-immigration","tag-lyon","tag-proletariat"],"jetpack_featured_media_url":"","jetpack_sharing_enabled":true,"jetpack_shortlink":"https:\/\/wp.me\/p9lTYU-7jM","jetpack_likes_enabled":true,"jetpack-related-posts":[{"id":9077,"url":"https:\/\/sinedjib.com\/index.php\/2020\/07\/07\/femmes-algeriennes-2\/","url_meta":{"origin":28134,"position":0},"title":"Voix des femmes alg\u00e9riennes","author":"SiNedjib","date":"07\/07\/2020","format":false,"excerpt":"D\u00e9claration parue dans Tribune alg\u00e9rienne, n\u00b0 15, mai 1978, p. 44-46 \"Favoriser les conditions propres \u00e0 l'\u00e9mancipation de la femme\" (photo publi\u00e9e dans El Djeich, n\u00b0 182, juillet 1978, p. 47) Pourquoi avons-nous d\u00e9cid\u00e9 de nous regrouper dans une organisation de femmes ? Parce que nous vivons dans une oppression\u2026","rel":"","context":"Dans &quot;presse&quot;","block_context":{"text":"presse","link":"https:\/\/sinedjib.com\/index.php\/category\/presse\/"},"img":{"alt_text":"","src":"https:\/\/i0.wp.com\/sinedjib.com\/wp-content\/uploads\/2020\/07\/El-djeich-juillet-1978.png?resize=350%2C200&ssl=1","width":350,"height":200},"classes":[]},{"id":28153,"url":"https:\/\/sinedjib.com\/index.php\/2026\/02\/21\/lyon-vive-la-lutte-des-femmes-de-menage-immigrees-de-linsa\/","url_meta":{"origin":28134,"position":1},"title":"Lyon : Vive la lutte des femmes de m\u00e9nage immigr\u00e9es de l&rsquo;INSA !","author":"SiNedjib","date":"21\/02\/2026","format":false,"excerpt":"Texte paru dans La Voix des travailleurs alg\u00e9riens, n\u00b0 11, juin 1979 Depuis le 13 mars une cinquantaine de femmes m\u00e8nent une lutte exemplaire contre les conditions de travail digne des vieux temps de l'esclavagisme. Elles sont femmes, elles sont immigr\u00e9es, elles sont analphab\u00e8tes. Bref, Hamelin le directeur de l'INSA,\u2026","rel":"","context":"Dans &quot;presse&quot;","block_context":{"text":"presse","link":"https:\/\/sinedjib.com\/index.php\/category\/presse\/"},"img":{"alt_text":"","src":"https:\/\/i0.wp.com\/sinedjib.com\/wp-content\/uploads\/2026\/02\/greve-INSA-Lyon-1979.jpg?resize=350%2C200&ssl=1","width":350,"height":200,"srcset":"https:\/\/i0.wp.com\/sinedjib.com\/wp-content\/uploads\/2026\/02\/greve-INSA-Lyon-1979.jpg?resize=350%2C200&ssl=1 1x, https:\/\/i0.wp.com\/sinedjib.com\/wp-content\/uploads\/2026\/02\/greve-INSA-Lyon-1979.jpg?resize=525%2C300&ssl=1 1.5x"},"classes":[]},{"id":28300,"url":"https:\/\/sinedjib.com\/index.php\/2026\/03\/12\/saida-menebhi-intervention-meeting-1978\/","url_meta":{"origin":28134,"position":2},"title":"Sa\u00efda Menebhi (intervention meeting 1978)","author":"SiNedjib","date":"12\/03\/2026","format":false,"excerpt":"Texte unitaire lu \u00e0 l'occasion du meeting de soutien aux prisonni\u00e8res politiques du Maroc organis\u00e9 le 4 janvier 1978, publi\u00e9 dans Coordination des femmes noires, n\u00b0 1, juillet 1978 et en partie dans Le temps des femmes, n\u00b0 1, mars 1978 SAIDA, militante de l'organisation Marxiste-L\u00e9niniste \"ILLAL AMAM\", a \u00e9t\u00e9\u2026","rel":"","context":"Dans &quot;presse&quot;","block_context":{"text":"presse","link":"https:\/\/sinedjib.com\/index.php\/category\/presse\/"},"img":{"alt_text":"","src":"https:\/\/i0.wp.com\/sinedjib.com\/wp-content\/uploads\/2026\/03\/Le-temps-des-femmes-1978.jpg?resize=350%2C200&ssl=1","width":350,"height":200,"srcset":"https:\/\/i0.wp.com\/sinedjib.com\/wp-content\/uploads\/2026\/03\/Le-temps-des-femmes-1978.jpg?resize=350%2C200&ssl=1 1x, https:\/\/i0.wp.com\/sinedjib.com\/wp-content\/uploads\/2026\/03\/Le-temps-des-femmes-1978.jpg?resize=525%2C300&ssl=1 1.5x"},"classes":[]},{"id":15609,"url":"https:\/\/sinedjib.com\/index.php\/2022\/02\/23\/interview-de-mujeres-libres\/","url_meta":{"origin":28134,"position":3},"title":"Interview de \u00ab\u00a0Mujeres Libres\u00a0\u00bb","author":"SiNedjib","date":"23\/02\/2022","format":false,"excerpt":"Interview parue dans Tout le pouvoir aux travailleurs, n\u00b0 7, 15 septembre 1977, p. 6-7 Nous reproduisons ici int\u00e9gralement une interview de camarades du groupe \u00ab Mujeres Libres \u00bb. Nous pensons que c'est la meilleure fa\u00e7on de pr\u00e9senter le mouvement \u00ab Mujeres Libres \u00bb. La Commission Femmes de l'UTCL entend\u2026","rel":"","context":"Dans &quot;presse&quot;","block_context":{"text":"presse","link":"https:\/\/sinedjib.com\/index.php\/category\/presse\/"},"img":{"alt_text":"","src":"https:\/\/i0.wp.com\/sinedjib.com\/wp-content\/uploads\/2022\/02\/mujeres1.png?resize=350%2C200","width":350,"height":200,"srcset":"https:\/\/i0.wp.com\/sinedjib.com\/wp-content\/uploads\/2022\/02\/mujeres1.png?resize=350%2C200 1x, https:\/\/i0.wp.com\/sinedjib.com\/wp-content\/uploads\/2022\/02\/mujeres1.png?resize=525%2C300 1.5x"},"classes":[]},{"id":28162,"url":"https:\/\/sinedjib.com\/index.php\/2026\/02\/22\/ghani-une-femme-algerienne-a-lille\/","url_meta":{"origin":28134,"position":4},"title":"Ghani, une femme alg\u00e9rienne \u00e0 Lille","author":"SiNedjib","date":"22\/02\/2026","format":false,"excerpt":"Article paru dans Des femmes en mouvements, n\u00b0 6, juin 1978 Je suis une immigr\u00e9e alg\u00e9rienne ; je vis en France depuis l'\u00e2ge de trois ans. Nous avons toujours v\u00e9cu, mes s\u0153urs et moi, en retrait du monde ext\u00e9rieur, toujours en famille tr\u00e8s unie, ferm\u00e9e sur elle-m\u00eame et ses traditions.\u2026","rel":"","context":"Dans &quot;presse&quot;","block_context":{"text":"presse","link":"https:\/\/sinedjib.com\/index.php\/category\/presse\/"},"img":{"alt_text":"","src":"https:\/\/i0.wp.com\/sinedjib.com\/wp-content\/uploads\/2026\/02\/Ghani-1978-Des-femmes-en-mouvements.jpg?resize=350%2C200&ssl=1","width":350,"height":200,"srcset":"https:\/\/i0.wp.com\/sinedjib.com\/wp-content\/uploads\/2026\/02\/Ghani-1978-Des-femmes-en-mouvements.jpg?resize=350%2C200&ssl=1 1x, https:\/\/i0.wp.com\/sinedjib.com\/wp-content\/uploads\/2026\/02\/Ghani-1978-Des-femmes-en-mouvements.jpg?resize=525%2C300&ssl=1 1.5x"},"classes":[]},{"id":2873,"url":"https:\/\/sinedjib.com\/index.php\/2017\/03\/08\/femmes-algeriennes\/","url_meta":{"origin":28134,"position":5},"title":"Groupe femmes alg\u00e9riennes","author":"Nedjib Sidi Moussa","date":"08\/03\/2017","format":false,"excerpt":"Manifeste paru dans Alg\u00e9riennes en lutte, n\u00b0 1, janvier 1978 ; repris dans Tribune alg\u00e9rienne, n\u00b0 15, mai 1978, et Sou'al, n\u00b0 4, novembre 1983 Pr\u00e9ambule De plus en plus les femmes dans le monde sont amen\u00e9es \u00e0 lutter contre l'arbitraire et l'injustice qui leur sont faits. Les femmes alg\u00e9riennes\u2026","rel":"","context":"Dans &quot;\u00e9vocations&quot;","block_context":{"text":"\u00e9vocations","link":"https:\/\/sinedjib.com\/index.php\/category\/evocations\/"},"img":{"alt_text":"","src":"https:\/\/i0.wp.com\/sinedjib.com\/wp-content\/uploads\/2020\/04\/Alg%C3%A9riennes-en-lutte-janvier-1978.png?resize=350%2C200&ssl=1","width":350,"height":200},"classes":[]}],"_links":{"self":[{"href":"https:\/\/sinedjib.com\/index.php\/wp-json\/wp\/v2\/posts\/28134","targetHints":{"allow":["GET"]}}],"collection":[{"href":"https:\/\/sinedjib.com\/index.php\/wp-json\/wp\/v2\/posts"}],"about":[{"href":"https:\/\/sinedjib.com\/index.php\/wp-json\/wp\/v2\/types\/post"}],"author":[{"embeddable":true,"href":"https:\/\/sinedjib.com\/index.php\/wp-json\/wp\/v2\/users\/1"}],"replies":[{"embeddable":true,"href":"https:\/\/sinedjib.com\/index.php\/wp-json\/wp\/v2\/comments?post=28134"}],"version-history":[{"count":2,"href":"https:\/\/sinedjib.com\/index.php\/wp-json\/wp\/v2\/posts\/28134\/revisions"}],"predecessor-version":[{"id":28137,"href":"https:\/\/sinedjib.com\/index.php\/wp-json\/wp\/v2\/posts\/28134\/revisions\/28137"}],"wp:attachment":[{"href":"https:\/\/sinedjib.com\/index.php\/wp-json\/wp\/v2\/media?parent=28134"}],"wp:term":[{"taxonomy":"category","embeddable":true,"href":"https:\/\/sinedjib.com\/index.php\/wp-json\/wp\/v2\/categories?post=28134"},{"taxonomy":"post_tag","embeddable":true,"href":"https:\/\/sinedjib.com\/index.php\/wp-json\/wp\/v2\/tags?post=28134"}],"curies":[{"name":"wp","href":"https:\/\/api.w.org\/{rel}","templated":true}]}}