{"id":28526,"date":"2026-04-04T14:07:03","date_gmt":"2026-04-04T12:07:03","guid":{"rendered":"https:\/\/sinedjib.com\/?p=28526"},"modified":"2026-04-04T14:07:03","modified_gmt":"2026-04-04T12:07:03","slug":"les-travailleurs-nord-africains-et-le-chomage","status":"publish","type":"post","link":"https:\/\/sinedjib.com\/index.php\/2026\/04\/04\/les-travailleurs-nord-africains-et-le-chomage\/","title":{"rendered":"Les travailleurs nord-africains et le ch\u00f4mage"},"content":{"rendered":"\n<p><strong>Article paru dans <em>Al-Lioua Al-Ahmar<\/em>, journal communiste, n\u00b0 3, d\u00e9cembre 1926<\/strong><\/p>\n\n\n<div class=\"wp-block-image\">\n<figure class=\"aligncenter size-large\"><img data-recalc-dims=\"1\" loading=\"lazy\" decoding=\"async\" width=\"580\" height=\"166\" data-attachment-id=\"28528\" data-permalink=\"https:\/\/sinedjib.com\/index.php\/2026\/04\/04\/les-travailleurs-nord-africains-et-le-chomage\/al-lioua-al-ahmar-2\/\" data-orig-file=\"https:\/\/i0.wp.com\/sinedjib.com\/wp-content\/uploads\/2026\/04\/Al-Lioua-Al-Ahmar-2.jpg?fit=1127%2C323&amp;ssl=1\" data-orig-size=\"1127,323\" data-comments-opened=\"0\" data-image-meta=\"{&quot;aperture&quot;:&quot;0&quot;,&quot;credit&quot;:&quot;&quot;,&quot;camera&quot;:&quot;&quot;,&quot;caption&quot;:&quot;&quot;,&quot;created_timestamp&quot;:&quot;0&quot;,&quot;copyright&quot;:&quot;&quot;,&quot;focal_length&quot;:&quot;0&quot;,&quot;iso&quot;:&quot;0&quot;,&quot;shutter_speed&quot;:&quot;0&quot;,&quot;title&quot;:&quot;&quot;,&quot;orientation&quot;:&quot;0&quot;}\" data-image-title=\"Al-Lioua Al-Ahmar 2\" data-image-description=\"\" data-image-caption=\"\" data-large-file=\"https:\/\/i0.wp.com\/sinedjib.com\/wp-content\/uploads\/2026\/04\/Al-Lioua-Al-Ahmar-2.jpg?fit=580%2C166&amp;ssl=1\" src=\"https:\/\/i0.wp.com\/sinedjib.com\/wp-content\/uploads\/2026\/04\/Al-Lioua-Al-Ahmar-2.jpg?resize=580%2C166&#038;ssl=1\" alt=\"\" class=\"wp-image-28528\" srcset=\"https:\/\/i0.wp.com\/sinedjib.com\/wp-content\/uploads\/2026\/04\/Al-Lioua-Al-Ahmar-2.jpg?resize=1024%2C293&amp;ssl=1 1024w, https:\/\/i0.wp.com\/sinedjib.com\/wp-content\/uploads\/2026\/04\/Al-Lioua-Al-Ahmar-2.jpg?resize=300%2C86&amp;ssl=1 300w, https:\/\/i0.wp.com\/sinedjib.com\/wp-content\/uploads\/2026\/04\/Al-Lioua-Al-Ahmar-2.jpg?resize=768%2C220&amp;ssl=1 768w, https:\/\/i0.wp.com\/sinedjib.com\/wp-content\/uploads\/2026\/04\/Al-Lioua-Al-Ahmar-2.jpg?w=1127&amp;ssl=1 1127w\" sizes=\"auto, (max-width: 580px) 100vw, 580px\" \/><\/figure>\n<\/div>\n\n\n<p>Une crise de ch\u00f4mage vient de commencer en France. Elle n&rsquo;est pas passag\u00e8re. D\u00e9j\u00e0 elle atteint toutes les branches de l&rsquo;industrie. Cette crise devait fatalement se manifester ; car si la baisse du franc avait favoris\u00e9 l&rsquo;exportation, la hausse devait la restreindre. Mais comme tous les capitalistes ne veulent en rien qu&rsquo;on touche aux b\u00e9n\u00e9fices scandaleux r\u00e9alis\u00e9s par eux pendant la guerre et la p\u00e9riode d&rsquo;inflation, il leur faut produire moins cher pour se maintenir sur le march\u00e9 mondial.<\/p>\n\n\n\n<!--more-->\n\n\n\n<p>Pour cela, ils concentrent, rationalisent leur production et veulent r\u00e9cup\u00e9rer la diff\u00e9rence sur la main-d&rsquo;\u0153uvre ouvri\u00e8re.<\/p>\n\n\n\n<p>Ils s&rsquo;attaquent non seulement aux salaires, mais \u00e0 la journ\u00e9e de huit heures. Ils intensifient le ch\u00f4mage, \u00e9pouvantent les ouvriers et s\u00e8ment entre eux la division. D\u00e9j\u00e0 une vaste campagne de diffamation est reprise par le gouvernement contre nos fr\u00e8res nord-africains. On veut dresser contre eux les ouvriers fran\u00e7ais et profiter de leur lutte fratricide. Les Alg\u00e9riens, d\u00e9bauch\u00e9s par centaines des usines et \u00ab l\u00e2ch\u00e9s \u00bb par les ouvriers fran\u00e7ais, devront pour vivre travailler moins cher et pour des journ\u00e9es plus longues.<\/p>\n\n\n\n<p>Ceux d&rsquo;entre eux qui ne voudront pas se plier \u00e0 ces dures conditions, les militants indig\u00e8nes qui combattront le r\u00e9gime de p\u00e9nitence, seront impitoyablement rapatri\u00e9s et jet\u00e9s dans leur pays en pleine famine.<\/p>\n\n\n\n<p>Pour cette besogne on a renforc\u00e9 le bureau de police de la rue Lecomte. Cette officine polici\u00e8re pourvoie les industriels de main-d&rsquo;\u0153uvre \u00e0 bon march\u00e9 et expulse les Nord-Africains r\u00e9calcitrants.<\/p>\n\n\n\n<p>A Lyon, on a d\u00e9j\u00e0 rapatri\u00e9 deux convois de 200 Alg\u00e9riens. Nous nous \u00e9levons contre le rapatriement forc\u00e9.<\/p>\n\n\n\n<p>Les travailleurs alg\u00e9riens sont pour la France une propri\u00e9t\u00e9 exclusive ; elle peut disposer d&rsquo;eux comme bon lui semble ; tant\u00f4t pour les massacrer dans ses guerres, tant\u00f4t pour les exploiter o\u00f9 son \u00e9conomie l&rsquo;exige. Ils ne peuvent m\u00eame pas, \u00e0 l&rsquo;instar des ouvriers polonais, italiens, espagnols, etc., voyager librement ou \u00e9migrer \u00e0 l&rsquo;\u00e9tranger.<\/p>\n\n\n\n<p>Ce scandale doit cesser. Les Musulmans nord-africains ont assez pay\u00e9 les frais de la guerre et de l&rsquo;apr\u00e8s-guerre pour exiger qu&rsquo;on les traite sur un pied d&rsquo;\u00e9galit\u00e9.<\/p>\n\n\n\n<p>Les ch\u00f4meurs coloniaux doivent recevoir les m\u00eames secours de ch\u00f4mage que les ouvriers fran\u00e7ais. <em>Ils y ont droit<\/em>.<\/p>\n\n\n\n<p>Pour b\u00e9n\u00e9ficier des secours de ch\u00f4mage pr\u00e9vus, tout ouvrier cong\u00e9di\u00e9 doit exiger de son patron un certificat mentionnant que le licenciement a \u00e9t\u00e9 caus\u00e9 par le manque de travail.<\/p>\n\n\n\n<p>Muni de ce certificat de ch\u00f4mage et d&rsquo;une quittance de loyer ou certificat de domicile l\u00e9galis\u00e9s par le commissaire de police de son quartier, il se pr\u00e9sentera \u00e0 la mairie de son arrondissement o\u00f9 il demandera son inscription sur les listes de ch\u00f4meurs.<\/p>\n\n\n\n<p>Avant de tenter toute d\u00e9marche, il devra se pr\u00e9senter et se faire inscrire dans les diff\u00e9rents bureaux de placement.<\/p>\n\n\n\n<p>Il devra s&rsquo;opposer \u00e0 tout rapatriement forc\u00e9 et s&rsquo;adresser le plus souvent \u00e0 la permanence de son syndicat, qui lui donnera les instructions n\u00e9cessaires pour s&rsquo;organiser en vue de la d\u00e9fense des revendications et des mots d&rsquo;ordre lanc\u00e9s par la C. G. T. U. :<\/p>\n\n\n\n<p>Droit syndical int\u00e9gral ;<br>Libert\u00e9 d&rsquo;immigration ;<br>Pas de rapatriement forc\u00e9 ;<br>Respect des huit heures ;<br>Exiger des municipalit\u00e9s des secours vitaux ;<br>Cr\u00e9ation de soupes populaires ;<br>Des logements gratuits ;<br>Ouverture de chantiers ;<br>Suppression de l&rsquo;abominable code de l&rsquo;indig\u00e9nat.<\/p>\n\n\n\n<p>Nos fr\u00e8res nord-africains ne devront pas se laisser intimider par la police indig\u00e8ne de Gerolami, mais mener une action commune avec les ouvriers fran\u00e7ais pour r\u00e9sister \u00e0 la crise de ch\u00f4mage dont, seul, le capitalisme est responsable.<\/p>\n\n\n<div class=\"wp-block-image\">\n<figure class=\"aligncenter size-large\"><img data-recalc-dims=\"1\" loading=\"lazy\" decoding=\"async\" width=\"580\" height=\"154\" data-attachment-id=\"28529\" data-permalink=\"https:\/\/sinedjib.com\/index.php\/2026\/04\/04\/les-travailleurs-nord-africains-et-le-chomage\/al-lioua-al-ahmar\/\" data-orig-file=\"https:\/\/i0.wp.com\/sinedjib.com\/wp-content\/uploads\/2026\/04\/Al-Lioua-Al-Ahmar.jpg?fit=1425%2C379&amp;ssl=1\" data-orig-size=\"1425,379\" data-comments-opened=\"0\" data-image-meta=\"{&quot;aperture&quot;:&quot;0&quot;,&quot;credit&quot;:&quot;&quot;,&quot;camera&quot;:&quot;&quot;,&quot;caption&quot;:&quot;&quot;,&quot;created_timestamp&quot;:&quot;0&quot;,&quot;copyright&quot;:&quot;&quot;,&quot;focal_length&quot;:&quot;0&quot;,&quot;iso&quot;:&quot;0&quot;,&quot;shutter_speed&quot;:&quot;0&quot;,&quot;title&quot;:&quot;&quot;,&quot;orientation&quot;:&quot;1&quot;}\" data-image-title=\"Al-Lioua Al-Ahmar\" data-image-description=\"\" data-image-caption=\"\" data-large-file=\"https:\/\/i0.wp.com\/sinedjib.com\/wp-content\/uploads\/2026\/04\/Al-Lioua-Al-Ahmar.jpg?fit=580%2C154&amp;ssl=1\" src=\"https:\/\/i0.wp.com\/sinedjib.com\/wp-content\/uploads\/2026\/04\/Al-Lioua-Al-Ahmar.jpg?resize=580%2C154&#038;ssl=1\" alt=\"\" class=\"wp-image-28529\" srcset=\"https:\/\/i0.wp.com\/sinedjib.com\/wp-content\/uploads\/2026\/04\/Al-Lioua-Al-Ahmar.jpg?resize=1024%2C272&amp;ssl=1 1024w, https:\/\/i0.wp.com\/sinedjib.com\/wp-content\/uploads\/2026\/04\/Al-Lioua-Al-Ahmar.jpg?resize=300%2C80&amp;ssl=1 300w, https:\/\/i0.wp.com\/sinedjib.com\/wp-content\/uploads\/2026\/04\/Al-Lioua-Al-Ahmar.jpg?resize=768%2C204&amp;ssl=1 768w, https:\/\/i0.wp.com\/sinedjib.com\/wp-content\/uploads\/2026\/04\/Al-Lioua-Al-Ahmar.jpg?resize=1200%2C319&amp;ssl=1 1200w, https:\/\/i0.wp.com\/sinedjib.com\/wp-content\/uploads\/2026\/04\/Al-Lioua-Al-Ahmar.jpg?w=1425&amp;ssl=1 1425w\" sizes=\"auto, (max-width: 580px) 100vw, 580px\" \/><\/figure>\n<\/div>\n\n\n<p><\/p>\n","protected":false},"excerpt":{"rendered":"<p>Article paru dans Al-Lioua Al-Ahmar, journal communiste, n\u00b0 3, d\u00e9cembre 1926 Une crise de ch\u00f4mage vient de commencer en France. Elle n&rsquo;est pas passag\u00e8re. D\u00e9j\u00e0 elle atteint toutes les branches de l&rsquo;industrie. Cette crise devait fatalement se manifester ; car si la baisse du franc avait favoris\u00e9 l&rsquo;exportation, la hausse devait la restreindre. Mais comme [&hellip;]<\/p>\n","protected":false},"author":1,"featured_media":0,"comment_status":"closed","ping_status":"","sticky":false,"template":"","format":"standard","meta":{"jetpack_post_was_ever_published":false,"_jetpack_newsletter_access":"","_jetpack_dont_email_post_to_subs":false,"_jetpack_newsletter_tier_id":0,"_jetpack_memberships_contains_paywalled_content":false,"_jetpack_memberships_contains_paid_content":false,"footnotes":""},"categories":[8],"tags":[20,5994,112,138,270,333,457,555,1586,971],"class_list":["post-28526","post","type-post","status-publish","format-standard","hentry","category-presse","tag-20","tag-al-lioua-al-ahmar","tag-algerie","tag-anticolonialisme","tag-chomage","tag-crise","tag-france","tag-immigration","tag-parti-communiste","tag-proletariat"],"jetpack_featured_media_url":"","jetpack_sharing_enabled":true,"jetpack_shortlink":"https:\/\/wp.me\/p9lTYU-7q6","jetpack_likes_enabled":true,"jetpack-related-posts":[{"id":23367,"url":"https:\/\/sinedjib.com\/index.php\/2024\/06\/26\/naville-4\/","url_meta":{"origin":28526,"position":0},"title":"Pierre Naville : Le \u00ab\u00a0fascisme\u00a0\u00bb en France et la crise de la bourgeoisie","author":"SiNedjib","date":"26\/06\/2024","format":false,"excerpt":"Article de Pierre Naville paru dans La Lutte de classes. Revue th\u00e9orique mensuelle de l'opposition communiste, 3e ann\u00e9e, n\u00b0 27, janvier 1931, p. 31-42 Tardieu, Steeg, Laval \u2026 Le n\u00b0 24 (Ao\u00fbt) de la revue l'Internationale Communiste contenait un \u00e9ditorial sur la \u00ab crise europ\u00e9enne \u00bb. Le sch\u00e9ma en est\u2026","rel":"","context":"Dans &quot;presse&quot;","block_context":{"text":"presse","link":"https:\/\/sinedjib.com\/index.php\/category\/presse\/"},"img":{"alt_text":"","src":"https:\/\/i0.wp.com\/sinedjib.com\/wp-content\/uploads\/2024\/06\/La-Lutte-de-classes-janvier-1931.png?resize=350%2C200&ssl=1","width":350,"height":200},"classes":[]},{"id":19104,"url":"https:\/\/sinedjib.com\/index.php\/2023\/07\/04\/revolte\/","url_meta":{"origin":28526,"position":1},"title":"R\u00e9volte des jeunes prol\u00e9taires en Angleterre","author":"SiNedjib","date":"04\/07\/2023","format":false,"excerpt":"Article paru dans El-Oumami, n\u00b0 18, septembre-octobre 1981, p. 18 Source Apr\u00e8s les \u00e9meutes de Bristol et de Brixton (banlieue de Londres) en mai dernier, la bourgeoise, \u00e0 travers sa presse, avait voulu nous faire croire que cette s\u00e9rie d'\u00e9meutes \u00e9tait due \u00e0 un \u00ab conflit racial \u00bb entre les\u2026","rel":"","context":"Dans &quot;presse&quot;","block_context":{"text":"presse","link":"https:\/\/sinedjib.com\/index.php\/category\/presse\/"},"img":{"alt_text":"","src":"https:\/\/i0.wp.com\/sinedjib.com\/wp-content\/uploads\/2023\/07\/image.webp?resize=350%2C200&ssl=1","width":350,"height":200,"srcset":"https:\/\/i0.wp.com\/sinedjib.com\/wp-content\/uploads\/2023\/07\/image.webp?resize=350%2C200&ssl=1 1x, https:\/\/i0.wp.com\/sinedjib.com\/wp-content\/uploads\/2023\/07\/image.webp?resize=525%2C300&ssl=1 1.5x, https:\/\/i0.wp.com\/sinedjib.com\/wp-content\/uploads\/2023\/07\/image.webp?resize=700%2C400&ssl=1 2x"},"classes":[]},{"id":28502,"url":"https:\/\/sinedjib.com\/index.php\/2026\/04\/01\/abdelaziz-menouer-la-reception-de-moulay-joseph\/","url_meta":{"origin":28526,"position":2},"title":"Abdelaziz Menouer : La r\u00e9ception de Moulay Joseph","author":"SiNedjib","date":"01\/04\/2026","format":false,"excerpt":"Article d'Abdelaziz Menouer alias El Djaza\u00efri paru dans Al-Alam Al-Ahmar, organe des travailleurs coloniaux \u00e9dit\u00e9 par le Parti Communiste SFIC, n\u00b0 4 ao\u00fbt 1926 ; suivi de \"La protestation des ouvriers nord-africains de Paris contre la com\u00e9die de la Mosqu\u00e9e\" La semaine de publicit\u00e9 pour l'inauguration de la mosqu\u00e9e s'est\u2026","rel":"","context":"Dans &quot;presse&quot;","block_context":{"text":"presse","link":"https:\/\/sinedjib.com\/index.php\/category\/presse\/"},"img":{"alt_text":"","src":"https:\/\/i0.wp.com\/sinedjib.com\/wp-content\/uploads\/2026\/04\/Moulay-Joseph-a-Paris.jpg?resize=350%2C200&ssl=1","width":350,"height":200,"srcset":"https:\/\/i0.wp.com\/sinedjib.com\/wp-content\/uploads\/2026\/04\/Moulay-Joseph-a-Paris.jpg?resize=350%2C200&ssl=1 1x, https:\/\/i0.wp.com\/sinedjib.com\/wp-content\/uploads\/2026\/04\/Moulay-Joseph-a-Paris.jpg?resize=525%2C300&ssl=1 1.5x"},"classes":[]},{"id":26355,"url":"https:\/\/sinedjib.com\/index.php\/2025\/06\/19\/abdelaziz-menouer-les-travailleurs-coloniaux-et-le-chomage\/","url_meta":{"origin":28526,"position":3},"title":"Abdelaziz Menouer : Les travailleurs coloniaux et le ch\u00f4mage","author":"SiNedjib","date":"19\/06\/2025","format":false,"excerpt":"Article d\u2019Abdelaziz Menouer\u00a0alias El Djaza\u00efri paru dans La Vie ouvri\u00e8re, 8e ann\u00e9e, n\u00b0 395, 24 d\u00e9cembre 1926, p. 5 LES PREMIERS FRAPPES Quand le capitalisme subit une crise dans sa production, il s'attaque aux salaires des ouvriers sans distinction de leur race ou couleur. Naturellement, il commence par ceux des\u2026","rel":"","context":"Dans &quot;presse&quot;","block_context":{"text":"presse","link":"https:\/\/sinedjib.com\/index.php\/category\/presse\/"},"img":{"alt_text":"","src":"https:\/\/i0.wp.com\/sinedjib.com\/wp-content\/uploads\/2025\/06\/La-vie-ouvriere-24-avril-1925.jpg?resize=350%2C200&ssl=1","width":350,"height":200,"srcset":"https:\/\/i0.wp.com\/sinedjib.com\/wp-content\/uploads\/2025\/06\/La-vie-ouvriere-24-avril-1925.jpg?resize=350%2C200&ssl=1 1x, https:\/\/i0.wp.com\/sinedjib.com\/wp-content\/uploads\/2025\/06\/La-vie-ouvriere-24-avril-1925.jpg?resize=525%2C300&ssl=1 1.5x, https:\/\/i0.wp.com\/sinedjib.com\/wp-content\/uploads\/2025\/06\/La-vie-ouvriere-24-avril-1925.jpg?resize=700%2C400&ssl=1 2x, https:\/\/i0.wp.com\/sinedjib.com\/wp-content\/uploads\/2025\/06\/La-vie-ouvriere-24-avril-1925.jpg?resize=1050%2C600&ssl=1 3x"},"classes":[]},{"id":28514,"url":"https:\/\/sinedjib.com\/index.php\/2026\/04\/02\/abdelkader-hadj-ali-lhorrible-circulaire-chautemps-est-renforcee\/","url_meta":{"origin":28526,"position":4},"title":"Abdelkader Hadj Ali : L&rsquo;horrible circulaire Chautemps est renforc\u00e9e","author":"SiNedjib","date":"02\/04\/2026","format":false,"excerpt":"Article d'Abdelkader Hadj Ali alias Ali Baba paru dans Al-Be\u00efrak Al-Ahmar, organe des travailleurs coloniaux \u00e9dit\u00e9 par le Parti Communiste SFIC, n\u00b0 1, septembre 1926 Nous nous \u00e9tions toujours \u00e9lev\u00e9s contre la circulaire du ministre Chautemps, qui interdit l'\u00e9migration des travailleurs nord-africains. Nous avions expliqu\u00e9 les mobiles int\u00e9ress\u00e9s qui avaient\u2026","rel":"","context":"Dans &quot;presse&quot;","block_context":{"text":"presse","link":"https:\/\/sinedjib.com\/index.php\/category\/presse\/"},"img":{"alt_text":"","src":"https:\/\/i0.wp.com\/sinedjib.com\/wp-content\/uploads\/2026\/04\/Beirak-1926.jpg?resize=350%2C200&ssl=1","width":350,"height":200,"srcset":"https:\/\/i0.wp.com\/sinedjib.com\/wp-content\/uploads\/2026\/04\/Beirak-1926.jpg?resize=350%2C200&ssl=1 1x, https:\/\/i0.wp.com\/sinedjib.com\/wp-content\/uploads\/2026\/04\/Beirak-1926.jpg?resize=525%2C300&ssl=1 1.5x, https:\/\/i0.wp.com\/sinedjib.com\/wp-content\/uploads\/2026\/04\/Beirak-1926.jpg?resize=700%2C400&ssl=1 2x, https:\/\/i0.wp.com\/sinedjib.com\/wp-content\/uploads\/2026\/04\/Beirak-1926.jpg?resize=1050%2C600&ssl=1 3x"},"classes":[]},{"id":27131,"url":"https:\/\/sinedjib.com\/index.php\/2025\/09\/01\/immigree\/","url_meta":{"origin":28526,"position":5},"title":"La main-d&rsquo;\u0153uvre immigr\u00e9e et l&rsquo;unit\u00e9 syndicale","author":"SiNedjib","date":"01\/09\/2025","format":false,"excerpt":"Article paru dans L'Avant-garde syndicale. Organe d'action syndicale r\u00e9volutionnaire, 1\u00e8re ann\u00e9e, n\u00b0 1, novembre 1935 ; suivi de \"Il faut d\u00e9fendre les travailleurs immigr\u00e9s\", L'Avant-garde syndicale, 2e ann\u00e9e, n\u00b0 3, janvier 1936 Les prol\u00e9taires \u00e9trangers ont suivi avec beaucoup d'int\u00e9r\u00eat et un grand espoir la marche \u00e0 l'unit\u00e9 syndicale. Leur\u2026","rel":"","context":"Dans &quot;presse&quot;","block_context":{"text":"presse","link":"https:\/\/sinedjib.com\/index.php\/category\/presse\/"},"img":{"alt_text":"","src":"https:\/\/i0.wp.com\/sinedjib.com\/wp-content\/uploads\/2025\/09\/LAvant-garde-syndicale-1935.jpg?resize=350%2C200&ssl=1","width":350,"height":200,"srcset":"https:\/\/i0.wp.com\/sinedjib.com\/wp-content\/uploads\/2025\/09\/LAvant-garde-syndicale-1935.jpg?resize=350%2C200&ssl=1 1x, https:\/\/i0.wp.com\/sinedjib.com\/wp-content\/uploads\/2025\/09\/LAvant-garde-syndicale-1935.jpg?resize=525%2C300&ssl=1 1.5x, https:\/\/i0.wp.com\/sinedjib.com\/wp-content\/uploads\/2025\/09\/LAvant-garde-syndicale-1935.jpg?resize=700%2C400&ssl=1 2x, https:\/\/i0.wp.com\/sinedjib.com\/wp-content\/uploads\/2025\/09\/LAvant-garde-syndicale-1935.jpg?resize=1050%2C600&ssl=1 3x, https:\/\/i0.wp.com\/sinedjib.com\/wp-content\/uploads\/2025\/09\/LAvant-garde-syndicale-1935.jpg?resize=1400%2C800&ssl=1 4x"},"classes":[]}],"_links":{"self":[{"href":"https:\/\/sinedjib.com\/index.php\/wp-json\/wp\/v2\/posts\/28526","targetHints":{"allow":["GET"]}}],"collection":[{"href":"https:\/\/sinedjib.com\/index.php\/wp-json\/wp\/v2\/posts"}],"about":[{"href":"https:\/\/sinedjib.com\/index.php\/wp-json\/wp\/v2\/types\/post"}],"author":[{"embeddable":true,"href":"https:\/\/sinedjib.com\/index.php\/wp-json\/wp\/v2\/users\/1"}],"replies":[{"embeddable":true,"href":"https:\/\/sinedjib.com\/index.php\/wp-json\/wp\/v2\/comments?post=28526"}],"version-history":[{"count":2,"href":"https:\/\/sinedjib.com\/index.php\/wp-json\/wp\/v2\/posts\/28526\/revisions"}],"predecessor-version":[{"id":28530,"href":"https:\/\/sinedjib.com\/index.php\/wp-json\/wp\/v2\/posts\/28526\/revisions\/28530"}],"wp:attachment":[{"href":"https:\/\/sinedjib.com\/index.php\/wp-json\/wp\/v2\/media?parent=28526"}],"wp:term":[{"taxonomy":"category","embeddable":true,"href":"https:\/\/sinedjib.com\/index.php\/wp-json\/wp\/v2\/categories?post=28526"},{"taxonomy":"post_tag","embeddable":true,"href":"https:\/\/sinedjib.com\/index.php\/wp-json\/wp\/v2\/tags?post=28526"}],"curies":[{"name":"wp","href":"https:\/\/api.w.org\/{rel}","templated":true}]}}