{"id":28549,"date":"2026-04-07T20:01:24","date_gmt":"2026-04-07T18:01:24","guid":{"rendered":"https:\/\/sinedjib.com\/?p=28549"},"modified":"2026-04-07T20:07:05","modified_gmt":"2026-04-07T18:07:05","slug":"film-debat-et-concert-a-roubaix-samedi-11-avril-a-19h","status":"publish","type":"post","link":"https:\/\/sinedjib.com\/index.php\/2026\/04\/07\/film-debat-et-concert-a-roubaix-samedi-11-avril-a-19h\/","title":{"rendered":"Film, d\u00e9bat et concert \u00e0 Roubaix, samedi 11 avril \u00e0 19h"},"content":{"rendered":"\n<p><strong>J&rsquo;aurai l&rsquo;honneur de participer au d\u00e9bat mod\u00e9r\u00e9 par Nadia Bouferkas suite \u00e0 la projection de l&rsquo;excellent film de Hassen Ferhani \u00ab\u00a0<a href=\"https:\/\/laconditionpublique.com\/agenda\/les-samedis-docu-au-comptoir-du-doc-avec-tribu-documentaires\">Dans ma t\u00eate un rond point<\/a>\u00ab\u00a0.<\/strong><\/p>\n\n\n<div class=\"wp-block-image\">\n<figure class=\"aligncenter size-large is-resized\"><img data-recalc-dims=\"1\" loading=\"lazy\" decoding=\"async\" width=\"580\" height=\"767\" data-attachment-id=\"28550\" data-permalink=\"https:\/\/sinedjib.com\/index.php\/2026\/04\/07\/film-debat-et-concert-a-roubaix-samedi-11-avril-a-19h\/attachment\/185423\/\" data-orig-file=\"https:\/\/i0.wp.com\/sinedjib.com\/wp-content\/uploads\/2026\/04\/185423.webp?fit=1209%2C1600&amp;ssl=1\" data-orig-size=\"1209,1600\" data-comments-opened=\"0\" data-image-meta=\"{&quot;aperture&quot;:&quot;0&quot;,&quot;credit&quot;:&quot;&quot;,&quot;camera&quot;:&quot;&quot;,&quot;caption&quot;:&quot;&quot;,&quot;created_timestamp&quot;:&quot;0&quot;,&quot;copyright&quot;:&quot;&quot;,&quot;focal_length&quot;:&quot;0&quot;,&quot;iso&quot;:&quot;0&quot;,&quot;shutter_speed&quot;:&quot;0&quot;,&quot;title&quot;:&quot;&quot;,&quot;orientation&quot;:&quot;0&quot;}\" data-image-title=\"185423\" data-image-description=\"\" data-image-caption=\"\" data-large-file=\"https:\/\/i0.wp.com\/sinedjib.com\/wp-content\/uploads\/2026\/04\/185423.webp?fit=580%2C767&amp;ssl=1\" src=\"https:\/\/i0.wp.com\/sinedjib.com\/wp-content\/uploads\/2026\/04\/185423.webp?resize=580%2C767&#038;ssl=1\" alt=\"\" class=\"wp-image-28550\" style=\"width:386px;height:auto\" srcset=\"https:\/\/i0.wp.com\/sinedjib.com\/wp-content\/uploads\/2026\/04\/185423.webp?resize=774%2C1024&amp;ssl=1 774w, https:\/\/i0.wp.com\/sinedjib.com\/wp-content\/uploads\/2026\/04\/185423.webp?resize=227%2C300&amp;ssl=1 227w, https:\/\/i0.wp.com\/sinedjib.com\/wp-content\/uploads\/2026\/04\/185423.webp?resize=768%2C1016&amp;ssl=1 768w, https:\/\/i0.wp.com\/sinedjib.com\/wp-content\/uploads\/2026\/04\/185423.webp?resize=1161%2C1536&amp;ssl=1 1161w, https:\/\/i0.wp.com\/sinedjib.com\/wp-content\/uploads\/2026\/04\/185423.webp?resize=1200%2C1588&amp;ssl=1 1200w, https:\/\/i0.wp.com\/sinedjib.com\/wp-content\/uploads\/2026\/04\/185423.webp?w=1209&amp;ssl=1 1209w\" sizes=\"auto, (max-width: 580px) 100vw, 580px\" \/><\/figure>\n<\/div>\n\n\n<!--more-->\n\n\n\n<p>Cet \u00e9v\u00e9nement, organis\u00e9 par Tribu documentaires, aura lieu samedi 11 avril \u00e0 partir de 19h \u00e0 La Condition publique (14, place Faidherbe 59100 Roubaix) et sera suivi d&rsquo;un concert cha\u00e2bi de Hassen Kerbiche.<\/p>\n\n\n\n<p>Au plaisir de vous y retrouver pour \u00e9changer dans cette ville ch\u00e8re \u00e0 mon c\u0153ur !<\/p>\n","protected":false},"excerpt":{"rendered":"<p>J&rsquo;aurai l&rsquo;honneur de participer au d\u00e9bat mod\u00e9r\u00e9 par Nadia Bouferkas suite \u00e0 la projection de l&rsquo;excellent film de Hassen Ferhani \u00ab\u00a0Dans ma t\u00eate un rond point\u00ab\u00a0.<\/p>\n","protected":false},"author":1,"featured_media":0,"comment_status":"closed","ping_status":"","sticky":false,"template":"","format":"standard","meta":{"jetpack_post_was_ever_published":false,"_jetpack_newsletter_access":"","_jetpack_dont_email_post_to_subs":false,"_jetpack_newsletter_tier_id":0,"_jetpack_memberships_contains_paywalled_content":false,"_jetpack_memberships_contains_paid_content":false,"footnotes":""},"categories":[6],"tags":[5908,112,1431,6000,6003,6001,5999,1040,6002],"class_list":["post-28549","post","type-post","status-publish","format-standard","hentry","category-interventions","tag-5908","tag-algerie","tag-cinema","tag-hassen-ferhani","tag-hassen-kerbiche","tag-la-condition-publique","tag-nadia-bouferkas","tag-roubaix","tag-tribu-documentaires"],"jetpack_featured_media_url":"","jetpack_sharing_enabled":true,"jetpack_shortlink":"https:\/\/wp.me\/p9lTYU-7qt","jetpack_likes_enabled":true,"jetpack-related-posts":[{"id":17587,"url":"https:\/\/sinedjib.com\/index.php\/2022\/12\/10\/histoire-algerienne-de-la-france-rencontre-a-roubaix-samedi-10-decembre-a-15h\/","url_meta":{"origin":28549,"position":0},"title":"Histoire alg\u00e9rienne de la France : rencontre \u00e0 Roubaix, samedi 10 d\u00e9cembre \u00e0 15h","author":"SiNedjib","date":"10\/12\/2022","format":false,"excerpt":"Je suis heureux d\u2019annoncer \u00e0 mes amis et lecteurs la tenue d\u2019une nouvelle rencontre autour de mon dernier ouvrage, Histoire alg\u00e9rienne de la France, qui vient de para\u00eetre aux Puf. Cet \u00e9v\u00e9nement, organis\u00e9 par l'association Le Camion, se tiendra aujourd'hui, samedi 10 d\u00e9cembre, \u00e0 partir de 15h \u00e0 l\u2019adresse suivante\u2026","rel":"","context":"Dans &quot;interventions&quot;","block_context":{"text":"interventions","link":"https:\/\/sinedjib.com\/index.php\/category\/interventions\/"},"img":{"alt_text":"","src":"https:\/\/i0.wp.com\/sinedjib.com\/wp-content\/uploads\/2022\/12\/nedjib1-scaled.jpg?resize=350%2C200&ssl=1","width":350,"height":200,"srcset":"https:\/\/i0.wp.com\/sinedjib.com\/wp-content\/uploads\/2022\/12\/nedjib1-scaled.jpg?resize=350%2C200&ssl=1 1x, https:\/\/i0.wp.com\/sinedjib.com\/wp-content\/uploads\/2022\/12\/nedjib1-scaled.jpg?resize=525%2C300&ssl=1 1.5x, https:\/\/i0.wp.com\/sinedjib.com\/wp-content\/uploads\/2022\/12\/nedjib1-scaled.jpg?resize=700%2C400&ssl=1 2x, https:\/\/i0.wp.com\/sinedjib.com\/wp-content\/uploads\/2022\/12\/nedjib1-scaled.jpg?resize=1050%2C600&ssl=1 3x, https:\/\/i0.wp.com\/sinedjib.com\/wp-content\/uploads\/2022\/12\/nedjib1-scaled.jpg?resize=1400%2C800&ssl=1 4x"},"classes":[]},{"id":17565,"url":"https:\/\/sinedjib.com\/index.php\/2022\/12\/06\/situation-dans-les-quartiers-a-roubaix\/","url_meta":{"origin":28549,"position":1},"title":"Situation dans les quartiers \u00e0 Roubaix","author":"SiNedjib","date":"06\/12\/2022","format":false,"excerpt":"Article paru dans El-Oumami, n\u00b0 24, avril 1982, p. 13 La situation des jeunes dans les quartiers ouvriers de Roubaix, dont beaucoup font partie de la \u00ab 2e g\u00e9n\u00e9ration \u00bb d'immigr\u00e9s, s'aggrave continuellement. Qu'ils aient pris la nationalit\u00e9 fran\u00e7aise ou gard\u00e9 celle de leurs parents, ces jeunes connaissent une situation\u2026","rel":"","context":"Dans &quot;presse&quot;","block_context":{"text":"presse","link":"https:\/\/sinedjib.com\/index.php\/category\/presse\/"},"img":{"alt_text":"","src":"","width":0,"height":0},"classes":[]},{"id":28625,"url":"https:\/\/sinedjib.com\/index.php\/2026\/04\/18\/centenaire-de-letoile-nord-africaine-colloque-a-paris-samedi-25-avril-a-13h30\/","url_meta":{"origin":28549,"position":2},"title":"Centenaire de l&rsquo;Etoile nord-africaine : colloque \u00e0 Paris, samedi 25 avril \u00e0 13h30","author":"SiNedjib","date":"18\/04\/2026","format":false,"excerpt":"J'aurai l'honneur de participer au colloque pour le centenaire de l'Etoile nord-africaine qui se tiendra \u00e0 la Bourse du travail de Paris (29, boulevard du Temple 75003) le samedi 25 avril de 13h30 \u00e0 18h. J'interviendrai \u00e0 14h dans le cadre de la table ronde mod\u00e9r\u00e9e par Nasser Kettane, pr\u00e9sident\u2026","rel":"","context":"Dans &quot;communications&quot;","block_context":{"text":"communications","link":"https:\/\/sinedjib.com\/index.php\/category\/communications\/"},"img":{"alt_text":"","src":"https:\/\/i0.wp.com\/sinedjib.com\/wp-content\/uploads\/2026\/04\/colloque-ENA-2026.jpg?resize=350%2C200&ssl=1","width":350,"height":200,"srcset":"https:\/\/i0.wp.com\/sinedjib.com\/wp-content\/uploads\/2026\/04\/colloque-ENA-2026.jpg?resize=350%2C200&ssl=1 1x, https:\/\/i0.wp.com\/sinedjib.com\/wp-content\/uploads\/2026\/04\/colloque-ENA-2026.jpg?resize=525%2C300&ssl=1 1.5x"},"classes":[]},{"id":5606,"url":"https:\/\/sinedjib.com\/index.php\/2019\/05\/15\/algerie-28\/","url_meta":{"origin":28549,"position":3},"title":"En France comme en Alg\u00e9rie, un \u00ab\u00a0syst\u00e8me\u00a0\u00bb \u00e0 abattre : d\u00e9bat \u00e0 Noisy-le-Sec, jeudi 16 mai \u00e0 19h","author":"SiNedjib","date":"15\/05\/2019","format":false,"excerpt":"J'ai le plaisir d'informer mes amis et lecteurs que j'interviendrai lors du d\u00e9bat intitul\u00e9 \"En France comme en Alg\u00e9rie, un 'syst\u00e8me' \u00e0 abattre !\", ce jeudi 16 mai \u00e0 19h \u00e0 Noisy-le-Sec. Cette r\u00e9union publique, \u00e0 laquelle prendra \u00e9galement part Ma\u00efssa Tahar qui a particip\u00e9 aux mobilisations d'Alger, est organis\u00e9e\u2026","rel":"","context":"Dans &quot;interventions&quot;","block_context":{"text":"interventions","link":"https:\/\/sinedjib.com\/index.php\/category\/interventions\/"},"img":{"alt_text":"","src":"","width":0,"height":0},"classes":[]},{"id":22654,"url":"https:\/\/sinedjib.com\/index.php\/2024\/04\/18\/roubaix\/","url_meta":{"origin":28549,"position":4},"title":"La GESTAPO fran\u00e7aise \u00ab\u00a0se fait la main\u00a0\u00bb sur les travailleurs alg\u00e9riens \u00e0 Roubaix","author":"SiNedjib","date":"18\/04\/2024","format":false,"excerpt":"Article paru dans Le Libertaire, 57e ann\u00e9e, n\u00b0 422, 17 mars 1955, p. 1 Les deux flics, effray\u00e9s, n'osent pas encadrer leur prisonni\u00e8re ! LE 6 novembre 1954, \u00e0 6 h. 15 du matin, une douzaine de policiers, conduits par un commissaire, se pr\u00e9sentaient rue Cadeau, \u00e0 Roubaix, au domicile\u2026","rel":"","context":"Dans &quot;presse&quot;","block_context":{"text":"presse","link":"https:\/\/sinedjib.com\/index.php\/category\/presse\/"},"img":{"alt_text":"","src":"https:\/\/i0.wp.com\/sinedjib.com\/wp-content\/uploads\/2024\/04\/Le-Libertaire-17-mars-1955-Debah-Roubaix.png?resize=350%2C200&ssl=1","width":350,"height":200,"srcset":"https:\/\/i0.wp.com\/sinedjib.com\/wp-content\/uploads\/2024\/04\/Le-Libertaire-17-mars-1955-Debah-Roubaix.png?resize=350%2C200&ssl=1 1x, https:\/\/i0.wp.com\/sinedjib.com\/wp-content\/uploads\/2024\/04\/Le-Libertaire-17-mars-1955-Debah-Roubaix.png?resize=525%2C300&ssl=1 1.5x, https:\/\/i0.wp.com\/sinedjib.com\/wp-content\/uploads\/2024\/04\/Le-Libertaire-17-mars-1955-Debah-Roubaix.png?resize=700%2C400&ssl=1 2x"},"classes":[]},{"id":459,"url":"https:\/\/sinedjib.com\/index.php\/2015\/05\/24\/m-k-roubaix\/","url_meta":{"origin":28549,"position":5},"title":"M.K. (d\u00e9l\u00e9gu\u00e9e f\u00e9minine de Roubaix) traite de la condition de la femme alg\u00e9rienne","author":"Nedjib Sidi Moussa","date":"24\/05\/2015","format":false,"excerpt":"Intervention de M.K. au 1er congr\u00e8s de l'U.S.T.A publi\u00e9e dans La Voix du travailleur alg\u00e9rien, n\u00b05, juillet 1957 M.K. (D\u00e9l\u00e9gu\u00e9e f\u00e9minine de Roubaix). - Traite de la condition de la femme alg\u00e9rienne. \u00ab\u00a0Il faut avouer que certaines personnes ont \u00e9t\u00e9 \u00e9tonn\u00e9es de voir pr\u00e9sente \u00e0 ce Congr\u00e8s une d\u00e9l\u00e9gation de\u2026","rel":"","context":"Dans &quot;presse&quot;","block_context":{"text":"presse","link":"https:\/\/sinedjib.com\/index.php\/category\/presse\/"},"img":{"alt_text":"","src":"https:\/\/i0.wp.com\/sinedjib.com\/wp-content\/uploads\/2020\/05\/1957-07-VTA.png?resize=350%2C200&ssl=1","width":350,"height":200,"srcset":"https:\/\/i0.wp.com\/sinedjib.com\/wp-content\/uploads\/2020\/05\/1957-07-VTA.png?resize=350%2C200&ssl=1 1x, https:\/\/i0.wp.com\/sinedjib.com\/wp-content\/uploads\/2020\/05\/1957-07-VTA.png?resize=525%2C300&ssl=1 1.5x, https:\/\/i0.wp.com\/sinedjib.com\/wp-content\/uploads\/2020\/05\/1957-07-VTA.png?resize=700%2C400&ssl=1 2x"},"classes":[]}],"_links":{"self":[{"href":"https:\/\/sinedjib.com\/index.php\/wp-json\/wp\/v2\/posts\/28549","targetHints":{"allow":["GET"]}}],"collection":[{"href":"https:\/\/sinedjib.com\/index.php\/wp-json\/wp\/v2\/posts"}],"about":[{"href":"https:\/\/sinedjib.com\/index.php\/wp-json\/wp\/v2\/types\/post"}],"author":[{"embeddable":true,"href":"https:\/\/sinedjib.com\/index.php\/wp-json\/wp\/v2\/users\/1"}],"replies":[{"embeddable":true,"href":"https:\/\/sinedjib.com\/index.php\/wp-json\/wp\/v2\/comments?post=28549"}],"version-history":[{"count":2,"href":"https:\/\/sinedjib.com\/index.php\/wp-json\/wp\/v2\/posts\/28549\/revisions"}],"predecessor-version":[{"id":28552,"href":"https:\/\/sinedjib.com\/index.php\/wp-json\/wp\/v2\/posts\/28549\/revisions\/28552"}],"wp:attachment":[{"href":"https:\/\/sinedjib.com\/index.php\/wp-json\/wp\/v2\/media?parent=28549"}],"wp:term":[{"taxonomy":"category","embeddable":true,"href":"https:\/\/sinedjib.com\/index.php\/wp-json\/wp\/v2\/categories?post=28549"},{"taxonomy":"post_tag","embeddable":true,"href":"https:\/\/sinedjib.com\/index.php\/wp-json\/wp\/v2\/tags?post=28549"}],"curies":[{"name":"wp","href":"https:\/\/api.w.org\/{rel}","templated":true}]}}