{"id":28562,"date":"2026-04-09T18:09:59","date_gmt":"2026-04-09T16:09:59","guid":{"rendered":"https:\/\/sinedjib.com\/?p=28562"},"modified":"2026-04-09T18:09:59","modified_gmt":"2026-04-09T16:09:59","slug":"le-spectre-du-colonialisme-presentation-a-paris-jeudi-16-avril-a-19h30","status":"publish","type":"post","link":"https:\/\/sinedjib.com\/index.php\/2026\/04\/09\/le-spectre-du-colonialisme-presentation-a-paris-jeudi-16-avril-a-19h30\/","title":{"rendered":"Le Spectre du colonialisme : pr\u00e9sentation \u00e0 Paris, jeudi 16 avril \u00e0 19h30"},"content":{"rendered":"\n<p><strong>Je suis tr\u00e8s heureux d\u2019annoncer une nouvelle rencontre organis\u00e9e autour de mon septi\u00e8me livre, <em><a href=\"https:\/\/www.lechappee.org\/collections\/hors-collection\/le-spectre-du-colonialisme\">Le Spectre du colonialisme<\/a><\/em>.<\/strong><\/p>\n\n\n<div class=\"wp-block-image\">\n<figure class=\"aligncenter size-full is-resized\"><img data-recalc-dims=\"1\" loading=\"lazy\" decoding=\"async\" width=\"546\" height=\"800\" data-attachment-id=\"27669\" data-permalink=\"https:\/\/sinedjib.com\/index.php\/mes-livres\/le-spectre-du-colonialisme-couv\/\" data-orig-file=\"https:\/\/i0.wp.com\/sinedjib.com\/wp-content\/uploads\/2025\/12\/LE-SPECTRE-DU-COLONIALISME-Couv.jpg?fit=546%2C800&amp;ssl=1\" data-orig-size=\"546,800\" data-comments-opened=\"0\" data-image-meta=\"{&quot;aperture&quot;:&quot;0&quot;,&quot;credit&quot;:&quot;&quot;,&quot;camera&quot;:&quot;&quot;,&quot;caption&quot;:&quot;&quot;,&quot;created_timestamp&quot;:&quot;0&quot;,&quot;copyright&quot;:&quot;&quot;,&quot;focal_length&quot;:&quot;0&quot;,&quot;iso&quot;:&quot;0&quot;,&quot;shutter_speed&quot;:&quot;0&quot;,&quot;title&quot;:&quot;&quot;,&quot;orientation&quot;:&quot;0&quot;}\" data-image-title=\"LE SPECTRE DU COLONIALISME &amp;#8211; Couv\" data-image-description=\"\" data-image-caption=\"\" data-large-file=\"https:\/\/i0.wp.com\/sinedjib.com\/wp-content\/uploads\/2025\/12\/LE-SPECTRE-DU-COLONIALISME-Couv.jpg?fit=546%2C800&amp;ssl=1\" src=\"https:\/\/i0.wp.com\/sinedjib.com\/wp-content\/uploads\/2025\/12\/LE-SPECTRE-DU-COLONIALISME-Couv.jpg?resize=546%2C800&#038;ssl=1\" alt=\"\" class=\"wp-image-27669\" style=\"width:328px;height:auto\" srcset=\"https:\/\/i0.wp.com\/sinedjib.com\/wp-content\/uploads\/2025\/12\/LE-SPECTRE-DU-COLONIALISME-Couv.jpg?w=546&amp;ssl=1 546w, https:\/\/i0.wp.com\/sinedjib.com\/wp-content\/uploads\/2025\/12\/LE-SPECTRE-DU-COLONIALISME-Couv.jpg?resize=205%2C300&amp;ssl=1 205w\" sizes=\"auto, (max-width: 546px) 100vw, 546px\" \/><\/figure>\n<\/div>\n\n\n<!--more-->\n\n\n\n<p>Cet \u00e9v\u00e9nement aura lieu jeudi 16 avril \u00e0 19h30 dans les locaux de la librairie Libre Ere : 111, boulevard de M\u00e9nilmontant 75011 Paris.<\/p>\n\n\n\n<p>La discussion sera mod\u00e9r\u00e9e par le journaliste Faris Lounis.<\/p>\n\n\n\n<p>Au plaisir de vous y retrouver !<\/p>\n\n\n\n<hr class=\"wp-block-separator has-alpha-channel-opacity\"\/>\n\n\n\n<p>Pour rappel, vous pouvez (faire) commander l&rsquo;ouvrage aupr\u00e8s de votre librairie pr\u00e9f\u00e9r\u00e9e, comme\u00a0<a href=\"https:\/\/librairie-quilombo.org\/le-spectre-du-colonialisme\">Quilombo<\/a>, mais aussi vous le procurer dans pr\u00e8s de 170 autres librairies ind\u00e9pendantes \u00e0 travers toute la France (voir les sites\u00a0<a href=\"https:\/\/www.placedeslibraires.fr\/livre\/9782373091861-le-spectre-du-colonialisme-nedjib-sidi-moussa\/\">Place des libraires<\/a>\u00a0ou\u00a0<a href=\"https:\/\/www.librairiesindependantes.com\/product\/9782373091861\/\">Librairies ind\u00e9pendantes<\/a>).<\/p>\n\n\n\n<hr class=\"wp-block-separator has-alpha-channel-opacity\"\/>\n\n\n\n<p>Si vous souhaitez organiser des discussions, d\u00e9bats, pr\u00e9sentations ou signatures, n\u2019h\u00e9sitez pas \u00e0 contacter les\u00a0<a href=\"https:\/\/www.lechappee.org\/contact\" target=\"_blank\" rel=\"noreferrer noopener\">\u00e9ditions l\u2019\u00e9chapp\u00e9e<\/a>.<\/p>\n","protected":false},"excerpt":{"rendered":"<p>Je suis tr\u00e8s heureux d\u2019annoncer une nouvelle rencontre organis\u00e9e autour de mon septi\u00e8me livre, Le Spectre du colonialisme.<\/p>\n","protected":false},"author":1,"featured_media":0,"comment_status":"closed","ping_status":"","sticky":false,"template":"","format":"standard","meta":{"jetpack_post_was_ever_published":false,"_jetpack_newsletter_access":"","_jetpack_dont_email_post_to_subs":false,"_jetpack_newsletter_tier_id":0,"_jetpack_memberships_contains_paywalled_content":false,"_jetpack_memberships_contains_paid_content":false,"footnotes":""},"categories":[6,9],"tags":[5908,302,2140,5193,457,534,5971,5211,703,908,1495],"class_list":["post-28562","post","type-post","status-publish","format-standard","hentry","category-interventions","category-publications","tag-5908","tag-colonialisme","tag-culture","tag-faris-lounis","tag-france","tag-histoire","tag-lechappee-3","tag-libre-ere","tag-livre","tag-paris","tag-politique"],"jetpack_featured_media_url":"","jetpack_sharing_enabled":true,"jetpack_shortlink":"https:\/\/wp.me\/p9lTYU-7qG","jetpack_likes_enabled":true,"jetpack-related-posts":[{"id":17449,"url":"https:\/\/sinedjib.com\/index.php\/2022\/11\/20\/histoire-algerienne-de-la-france-rencontre-a-paris-mardi-22-novembre-a-19h\/","url_meta":{"origin":28562,"position":0},"title":"Histoire alg\u00e9rienne de la France : rencontre \u00e0 Paris, mardi 22 novembre \u00e0 19h","author":"SiNedjib","date":"20\/11\/2022","format":false,"excerpt":"Je suis heureux d'annoncer \u00e0 mes amis et lecteurs la tenue d'une nouvelle rencontre autour de mon dernier ouvrage, Histoire alg\u00e9rienne de la France, qui vient de para\u00eetre aux PUF. Cet \u00e9v\u00e9nement, organis\u00e9 par le Forum France Alg\u00e9rie, aura lieu ce mardi 22 novembre \u00e0 partir de 19h dans la\u2026","rel":"","context":"Dans &quot;interventions&quot;","block_context":{"text":"interventions","link":"https:\/\/sinedjib.com\/index.php\/category\/interventions\/"},"img":{"alt_text":"","src":"https:\/\/i0.wp.com\/sinedjib.com\/wp-content\/uploads\/2022\/07\/histoire-algerienne-de-la-france.png?resize=350%2C200&ssl=1","width":350,"height":200},"classes":[]},{"id":28224,"url":"https:\/\/sinedjib.com\/index.php\/2026\/03\/03\/le-spectre-du-colonialisme-bientot-disponible\/","url_meta":{"origin":28562,"position":1},"title":"Le Spectre du colonialisme : bient\u00f4t disponible !","author":"SiNedjib","date":"03\/03\/2026","format":false,"excerpt":"Mon septi\u00e8me ouvrage, intitul\u00e9 Le Spectre du colonialisme et \u00e9dit\u00e9 par L'\u00e9chapp\u00e9e, sera disponible le 3 avril dans toutes les bonnes librairies. Voici le texte de la quatri\u00e8me de couverture : Un spectre hante la France : le spectre du colonialisme. Depuis au moins deux d\u00e9cennies, les factions id\u00e9ologis\u00e9es de\u2026","rel":"","context":"Dans &quot;livres&quot;","block_context":{"text":"livres","link":"https:\/\/sinedjib.com\/index.php\/category\/livres\/"},"img":{"alt_text":"","src":"https:\/\/i0.wp.com\/sinedjib.com\/wp-content\/uploads\/2025\/12\/LE-SPECTRE-DU-COLONIALISME-Couv.jpg?resize=350%2C200&ssl=1","width":350,"height":200,"srcset":"https:\/\/i0.wp.com\/sinedjib.com\/wp-content\/uploads\/2025\/12\/LE-SPECTRE-DU-COLONIALISME-Couv.jpg?resize=350%2C200&ssl=1 1x, https:\/\/i0.wp.com\/sinedjib.com\/wp-content\/uploads\/2025\/12\/LE-SPECTRE-DU-COLONIALISME-Couv.jpg?resize=525%2C300&ssl=1 1.5x"},"classes":[]},{"id":17453,"url":"https:\/\/sinedjib.com\/index.php\/2022\/11\/21\/histoire-algerienne-de-la-france-entretien-avec-faris-lounis-pour-reporters-suite-et-fin\/","url_meta":{"origin":28562,"position":2},"title":"Histoire alg\u00e9rienne de la France : entretien avec Faris Lounis pour \u00ab\u00a0Reporters\u00a0\u00bb (suite et fin)","author":"SiNedjib","date":"21\/11\/2022","format":false,"excerpt":"Retrouvez aujourd'hui dans Reporters la troisi\u00e8me et derni\u00e8re partie de mon entretien avec Faris Lounis autour de mon ouvrage Histoire alg\u00e9rienne de la France qui vient de para\u00eetre aux PUF. Le quotidien est disponible dans tous les bons kiosques d\u2019Alg\u00e9rie et l\u2019entretien est librement consultable en cliquant sur ce lien.\u2026","rel":"","context":"Dans &quot;interventions&quot;","block_context":{"text":"interventions","link":"https:\/\/sinedjib.com\/index.php\/category\/interventions\/"},"img":{"alt_text":"","src":"https:\/\/i0.wp.com\/sinedjib.com\/wp-content\/uploads\/2022\/07\/histoire-algerienne-de-la-france.png?resize=350%2C200&ssl=1","width":350,"height":200},"classes":[]},{"id":17433,"url":"https:\/\/sinedjib.com\/index.php\/2022\/11\/15\/histoire-algerienne-de-la-france-entretien-avec-faris-lounis-pour-reporters-suite\/","url_meta":{"origin":28562,"position":3},"title":"Histoire alg\u00e9rienne de la France : entretien avec Faris Lounis pour \u00ab Reporters \u00bb (suite)","author":"SiNedjib","date":"15\/11\/2022","format":false,"excerpt":"Le journal Reporters a publi\u00e9 aujourd'hui la deuxi\u00e8me partie de mon entretien avec Faris Lounis autour de mon dernier ouvrage Histoire alg\u00e9rienne de la France qui vient de para\u00eetre aux Puf. Le quotidien est disponible dans tous les bons kiosques d'Alg\u00e9rie et l'entretien est accessible en cliquant sur ce lien.\u2026","rel":"","context":"Dans &quot;presse&quot;","block_context":{"text":"presse","link":"https:\/\/sinedjib.com\/index.php\/category\/presse\/"},"img":{"alt_text":"","src":"https:\/\/i0.wp.com\/sinedjib.com\/wp-content\/uploads\/2022\/07\/histoire-algerienne-de-la-france.png?resize=350%2C200&ssl=1","width":350,"height":200},"classes":[]},{"id":19790,"url":"https:\/\/sinedjib.com\/index.php\/2023\/09\/15\/remplacant-rencontre-paris-22-septembre\/","url_meta":{"origin":28562,"position":4},"title":"Le Rempla\u00e7ant : rencontre \u00e0 Paris, vendredi 22 septembre \u00e0 19h30","author":"SiNedjib","date":"15\/09\/2023","format":false,"excerpt":"Je suis heureux d\u2019annoncer \u00e0 mes amis, camarades et lecteurs la tenue d\u2019une nouvelle rencontre autour de mon dernier livre intitul\u00e9 Le Rempla\u00e7ant. Journal d\u2019un prof (pr\u00e9caire) de banlieue. Cet \u00e9v\u00e9nement aura lieu le vendredi 22 septembre \u00e0 partir de 19h30 \u00e0 la librairie Libre \u00c8re : 111, boulevard de\u2026","rel":"","context":"Dans &quot;interventions&quot;","block_context":{"text":"interventions","link":"https:\/\/sinedjib.com\/index.php\/category\/interventions\/"},"img":{"alt_text":"","src":"https:\/\/i0.wp.com\/sinedjib.com\/wp-content\/uploads\/2023\/05\/LE-REMPLACANT-couv.jpg?resize=350%2C200&ssl=1","width":350,"height":200},"classes":[]},{"id":17365,"url":"https:\/\/sinedjib.com\/index.php\/2022\/11\/02\/histoire-algerienne-de-la-france-entretien-avec-faris-lounis-pour-reporters\/","url_meta":{"origin":28562,"position":5},"title":"Histoire alg\u00e9rienne de la France : entretien avec Faris Lounis pour \u00ab\u00a0Reporters\u00a0\u00bb","author":"SiNedjib","date":"02\/11\/2022","format":false,"excerpt":"Le journal Reporters a publi\u00e9 dans son \u00e9dition du 1er novembre 2022 la recension de mon Histoire alg\u00e9rienne de la France (Puf) ainsi que la premi\u00e8re partie de mon entretien avec Faris Lounis autour de cet ouvrage. En voici la pr\u00e9sentation : Choisir ou ne pas choisir, se replier dans\u2026","rel":"","context":"Dans &quot;livres&quot;","block_context":{"text":"livres","link":"https:\/\/sinedjib.com\/index.php\/category\/livres\/"},"img":{"alt_text":"","src":"https:\/\/i0.wp.com\/sinedjib.com\/wp-content\/uploads\/2022\/07\/histoire-algerienne-de-la-france.png?resize=350%2C200&ssl=1","width":350,"height":200},"classes":[]}],"_links":{"self":[{"href":"https:\/\/sinedjib.com\/index.php\/wp-json\/wp\/v2\/posts\/28562","targetHints":{"allow":["GET"]}}],"collection":[{"href":"https:\/\/sinedjib.com\/index.php\/wp-json\/wp\/v2\/posts"}],"about":[{"href":"https:\/\/sinedjib.com\/index.php\/wp-json\/wp\/v2\/types\/post"}],"author":[{"embeddable":true,"href":"https:\/\/sinedjib.com\/index.php\/wp-json\/wp\/v2\/users\/1"}],"replies":[{"embeddable":true,"href":"https:\/\/sinedjib.com\/index.php\/wp-json\/wp\/v2\/comments?post=28562"}],"version-history":[{"count":1,"href":"https:\/\/sinedjib.com\/index.php\/wp-json\/wp\/v2\/posts\/28562\/revisions"}],"predecessor-version":[{"id":28564,"href":"https:\/\/sinedjib.com\/index.php\/wp-json\/wp\/v2\/posts\/28562\/revisions\/28564"}],"wp:attachment":[{"href":"https:\/\/sinedjib.com\/index.php\/wp-json\/wp\/v2\/media?parent=28562"}],"wp:term":[{"taxonomy":"category","embeddable":true,"href":"https:\/\/sinedjib.com\/index.php\/wp-json\/wp\/v2\/categories?post=28562"},{"taxonomy":"post_tag","embeddable":true,"href":"https:\/\/sinedjib.com\/index.php\/wp-json\/wp\/v2\/tags?post=28562"}],"curies":[{"name":"wp","href":"https:\/\/api.w.org\/{rel}","templated":true}]}}