{"id":28569,"date":"2026-04-10T18:38:46","date_gmt":"2026-04-10T16:38:46","guid":{"rendered":"https:\/\/sinedjib.com\/?p=28569"},"modified":"2026-04-10T18:38:46","modified_gmt":"2026-04-10T16:38:46","slug":"nos-delegues-au-congres-de-bruxelles-ont-rendu-compte-de-leur-mandat","status":"publish","type":"post","link":"https:\/\/sinedjib.com\/index.php\/2026\/04\/10\/nos-delegues-au-congres-de-bruxelles-ont-rendu-compte-de-leur-mandat\/","title":{"rendered":"Nos d\u00e9l\u00e9gu\u00e9s au Congr\u00e8s de Bruxelles ont rendu compte de leur mandat"},"content":{"rendered":"\n<p><strong>Article paru dans <em><a href=\"https:\/\/www.siv.archives-nationales.culture.gouv.fr\/siv\/rechercheconsultation\/consultation\/ir\/consultationIR.action?irId=FRAN_IR_050130&amp;udId=c-8bc8ksxju-1tu5r08tpgl3o&amp;details=true&amp;numberImage=FRAN_0020_15389_L\">L&rsquo;Ikdam nord-africain<\/a><\/em>, n\u00b0 1, mai 1927 ; suivi de \u00ab\u00a0Un appel de l&rsquo;Etoile \u00e0 l&rsquo;opinion fran\u00e7aise\u00a0\u00bb<\/strong><\/p>\n\n\n<div class=\"wp-block-image\">\n<figure class=\"aligncenter size-large\"><img data-recalc-dims=\"1\" loading=\"lazy\" decoding=\"async\" width=\"580\" height=\"155\" data-attachment-id=\"28570\" data-permalink=\"https:\/\/sinedjib.com\/index.php\/2026\/04\/10\/nos-delegues-au-congres-de-bruxelles-ont-rendu-compte-de-leur-mandat\/likdam-nord-africain-1927b\/\" data-orig-file=\"https:\/\/i0.wp.com\/sinedjib.com\/wp-content\/uploads\/2026\/04\/Likdam-nord-africain-1927b.jpg?fit=1548%2C412&amp;ssl=1\" data-orig-size=\"1548,412\" data-comments-opened=\"0\" data-image-meta=\"{&quot;aperture&quot;:&quot;0&quot;,&quot;credit&quot;:&quot;&quot;,&quot;camera&quot;:&quot;&quot;,&quot;caption&quot;:&quot;&quot;,&quot;created_timestamp&quot;:&quot;0&quot;,&quot;copyright&quot;:&quot;&quot;,&quot;focal_length&quot;:&quot;0&quot;,&quot;iso&quot;:&quot;0&quot;,&quot;shutter_speed&quot;:&quot;0&quot;,&quot;title&quot;:&quot;&quot;,&quot;orientation&quot;:&quot;0&quot;}\" data-image-title=\"L&amp;rsquo;ikdam nord-africain 1927b\" data-image-description=\"\" data-image-caption=\"\" data-large-file=\"https:\/\/i0.wp.com\/sinedjib.com\/wp-content\/uploads\/2026\/04\/Likdam-nord-africain-1927b.jpg?fit=580%2C155&amp;ssl=1\" src=\"https:\/\/i0.wp.com\/sinedjib.com\/wp-content\/uploads\/2026\/04\/Likdam-nord-africain-1927b.jpg?resize=580%2C155&#038;ssl=1\" alt=\"\" class=\"wp-image-28570\" srcset=\"https:\/\/i0.wp.com\/sinedjib.com\/wp-content\/uploads\/2026\/04\/Likdam-nord-africain-1927b.jpg?resize=1024%2C273&amp;ssl=1 1024w, https:\/\/i0.wp.com\/sinedjib.com\/wp-content\/uploads\/2026\/04\/Likdam-nord-africain-1927b.jpg?resize=300%2C80&amp;ssl=1 300w, https:\/\/i0.wp.com\/sinedjib.com\/wp-content\/uploads\/2026\/04\/Likdam-nord-africain-1927b.jpg?resize=768%2C204&amp;ssl=1 768w, https:\/\/i0.wp.com\/sinedjib.com\/wp-content\/uploads\/2026\/04\/Likdam-nord-africain-1927b.jpg?resize=1536%2C409&amp;ssl=1 1536w, https:\/\/i0.wp.com\/sinedjib.com\/wp-content\/uploads\/2026\/04\/Likdam-nord-africain-1927b.jpg?resize=1200%2C319&amp;ssl=1 1200w, https:\/\/i0.wp.com\/sinedjib.com\/wp-content\/uploads\/2026\/04\/Likdam-nord-africain-1927b.jpg?w=1548&amp;ssl=1 1548w\" sizes=\"auto, (max-width: 580px) 100vw, 580px\" \/><\/figure>\n<\/div>\n\n\n<p>Au cours du mois dernier, l&rsquo;Etoile Nord-Africaine a tenu un grand meeting pour permettre \u00e0 ses d\u00e9l\u00e9gu\u00e9s au Congr\u00e8s de Bruxelles de rendre compte de leur mission.<\/p>\n\n\n\n<!--more-->\n\n\n\n<p>Apr\u00e8s lecture du rapport de la d\u00e9l\u00e9gation et traduction en arabe et en kabyle de ce document, les membres de l&rsquo;Etoile en ont approuv\u00e9 la teneur et ont exprim\u00e9 leur satisfaction aux d\u00e9l\u00e9gu\u00e9s de l&rsquo;organisation.<\/p>\n\n\n\n<p>Ensuite le camarade Chedly, pr\u00e9sident, a pris la parole. En une \u00e9vocation rapide, il rappelle les noms de ceux qui ont lutt\u00e9 pour l&rsquo;ind\u00e9pendance des pays de l&rsquo;Afrique du Nord et que tout patriote doit conserver jalousement au fond du c\u0153ur :<\/p>\n\n\n\n<blockquote class=\"wp-block-quote is-layout-flow wp-block-quote-is-layout-flow\">\n<p>\u00ab L&rsquo;Emir Khaled, son fr\u00e8re, l&rsquo;\u00e9mir Izzeddine, Abd el Krim et le cheikh Taalbi resteront imp\u00e9rissables pour t\u00e9moigner de la volont\u00e9 d&rsquo;ind\u00e9pendance du peuple nord-africain et symboliser l&rsquo;\u00e9pop\u00e9e nord-africaine. \u00bb<\/p>\n<\/blockquote>\n\n\n\n<p>Il retrace \u00e0 tr\u00e8s grandes lignes le tableau de la situation de fait dans laquelle se d\u00e9bat le peuple nord-africain et nous dit comment, apr\u00e8s s&rsquo;\u00eatre servie de nous, pendant la guerre, la France, loin d&rsquo;am\u00e9liorer notre sort, nous exploite et nous brime plus durement qu&rsquo;auparavant.<\/p>\n\n\n\n<p>Parlant d&rsquo;Abd el Krim, l&rsquo;orateur recommande d&rsquo;\u00e9voquer avec le plus profond respect le nom de celui qui a tent\u00e9 de nous d\u00e9livrer des cha\u00eenes de la mis\u00e8re et de l&rsquo;oppression. <\/p>\n\n\n\n<blockquote class=\"wp-block-quote is-layout-flow wp-block-quote-is-layout-flow\">\n<p>\u00ab\u00a0S&rsquo;il n&rsquo;a pas r\u00e9ussi, la honte en rejaillit sur les Nord-Africains, en particulier, et sur les autres peuples musulmans. Vous avez promis de l&rsquo;aider, puis vous l&rsquo;avez trahi. Encore, si l&rsquo;on s&rsquo;en \u00e9tait tenu l\u00e0. Mais c&rsquo;est parmi ces peuples fr\u00e8res que les imp\u00e9rialistes espagnols et fran\u00e7ais ont trouv\u00e9 des hommes pour participer \u00e0 la lutte contre Abd el Krim.\u00a0\u00bb<\/p>\n<\/blockquote>\n\n\n\n<p>L&rsquo;indignation des assistants est \u00e0 son comble. Un seul cri jaillit : \u00ab\u00a0Vive Abd el Krim! Malheur aux tra\u00eetres !\u00a0\u00bb<\/p>\n\n\n\n<p>Touchant d&rsquo;un mot la Soci\u00e9t\u00e9 des Nations, l&rsquo;orateur stigmatise en elle l&rsquo;Internationale du brigandage et salue la Soci\u00e9t\u00e9 des Peuples opprim\u00e9s, issue du Congr\u00e8s de Bruxelles.<\/p>\n\n\n\n<p>La parole est ensuite donn\u00e9e \u00e0 M. Sia Ting, d\u00e9l\u00e9gu\u00e9 du Kuomintang en Europe, qui est venu pr\u00e9ciser que la Chine r\u00e9volutionnaire lutte pour le r\u00e9tablissement de la justice dans le monde, justice que les imp\u00e9rialistes ont pi\u00e9tin\u00e9e et affirmer que la Chine, une fois lib\u00e9r\u00e9e, ne m\u00e9nagera pas son sang pour l&rsquo;\u00e9mancipation des autres peuples faibles.<\/p>\n\n\n\n<p>Notons l&rsquo;intervention du camarade Sa\u00efdoun, pour protester contre la crise de ch\u00f4mage et les man\u0153uvres coercitives tendant au rapatriement forc\u00e9 de nos camarades ch\u00f4meurs.<\/p>\n\n\n\n<p>Les camarades Messali, secr\u00e9taire g\u00e9n\u00e9ral de l&rsquo;Etoile, et Djilani, membre du comit\u00e9 central, assuraient le service de la traduction en arabe et en kabyle.<\/p>\n\n\n<div class=\"wp-block-image\">\n<figure class=\"aligncenter size-full is-resized\"><img data-recalc-dims=\"1\" loading=\"lazy\" decoding=\"async\" width=\"283\" height=\"728\" data-attachment-id=\"28572\" data-permalink=\"https:\/\/sinedjib.com\/index.php\/2026\/04\/10\/nos-delegues-au-congres-de-bruxelles-ont-rendu-compte-de-leur-mandat\/chedly-messali-1927\/\" data-orig-file=\"https:\/\/i0.wp.com\/sinedjib.com\/wp-content\/uploads\/2026\/04\/Chedly-Messali-1927.jpg?fit=283%2C728&amp;ssl=1\" data-orig-size=\"283,728\" data-comments-opened=\"0\" data-image-meta=\"{&quot;aperture&quot;:&quot;0&quot;,&quot;credit&quot;:&quot;&quot;,&quot;camera&quot;:&quot;&quot;,&quot;caption&quot;:&quot;&quot;,&quot;created_timestamp&quot;:&quot;0&quot;,&quot;copyright&quot;:&quot;&quot;,&quot;focal_length&quot;:&quot;0&quot;,&quot;iso&quot;:&quot;0&quot;,&quot;shutter_speed&quot;:&quot;0&quot;,&quot;title&quot;:&quot;&quot;,&quot;orientation&quot;:&quot;0&quot;}\" data-image-title=\"Chedly Messali 1927\" data-image-description=\"\" data-image-caption=\"\" data-large-file=\"https:\/\/i0.wp.com\/sinedjib.com\/wp-content\/uploads\/2026\/04\/Chedly-Messali-1927.jpg?fit=283%2C728&amp;ssl=1\" src=\"https:\/\/i0.wp.com\/sinedjib.com\/wp-content\/uploads\/2026\/04\/Chedly-Messali-1927.jpg?resize=283%2C728&#038;ssl=1\" alt=\"\" class=\"wp-image-28572\" style=\"width:213px;height:auto\" srcset=\"https:\/\/i0.wp.com\/sinedjib.com\/wp-content\/uploads\/2026\/04\/Chedly-Messali-1927.jpg?w=283&amp;ssl=1 283w, https:\/\/i0.wp.com\/sinedjib.com\/wp-content\/uploads\/2026\/04\/Chedly-Messali-1927.jpg?resize=117%2C300&amp;ssl=1 117w\" sizes=\"auto, (max-width: 283px) 100vw, 283px\" \/><\/figure>\n<\/div>\n\n\n<hr class=\"wp-block-separator has-alpha-channel-opacity\"\/>\n\n\n\n<p class=\"has-text-align-right\">CONTRE L&rsquo;ARBITRAIRE GOUVERNEMENTAL<\/p>\n\n\n\n<p class=\"has-text-align-center has-larger-font-size\"><strong>Un appel de \u00ab\u00a0l&rsquo;Etoile\u00a0\u00bb \u00e0 l&rsquo;opinion fran\u00e7aise<\/strong><\/p>\n\n\n\n<p>Une nouvelle restriction vient d&rsquo;\u00eatre apport\u00e9e aux droits politiques, d\u00e9j\u00e0 si minimes, des indig\u00e8nes alg\u00e9riens. Un arr\u00eat\u00e9 du Conseil d&rsquo;Etat d\u00e9clare non \u00e9ligibles aux fonctions de maire et d&rsquo;adjoint, les indig\u00e8nes musulmans non naturalis\u00e9s fran\u00e7ais.<\/p>\n\n\n\n<p>Interpr\u00e8te de la majorit\u00e9 des indig\u00e8nes alg\u00e9riens, l&rsquo;Etoile Nord-Africaine \u00e9l\u00e8ve une vigoureuse protestation contre cette d\u00e9cision qui r\u00e9vise la loi du 4 f\u00e9vrier 1919, relative aux droits politiques des musulmans alg\u00e9riens non naturalis\u00e9s.<\/p>\n\n\n\n<p>Il y a, en effet, r\u00e9vision de la loi du 4 f\u00e9vrier 1919, car son article 12 dit : <\/p>\n\n\n\n<blockquote class=\"wp-block-quote is-layout-flow wp-block-quote-is-layout-flow\">\n<p>\u00ab Les indig\u00e8nes musulmans alg\u00e9riens qui n&rsquo;ont pas r\u00e9clam\u00e9 la qualit\u00e9 de citoyen fran\u00e7ais sont repr\u00e9sent\u00e9s dans toutes les assembl\u00e9es d\u00e9lib\u00e9rantes de l&rsquo;Alg\u00e9rie \u2026 par des membres \u00e9lus, <em>si\u00e9geant au m\u00eame titre et avec les m\u00eames droits<\/em> que les membres fran\u00e7ais. \u00bb<\/p>\n<\/blockquote>\n\n\n\n<p>Que devient cette \u00e9galit\u00e9 de droits \u00e9dict\u00e9e par la loi, si on refuse aux conseillers municipaux indig\u00e8nes non naturalis\u00e9s celui d&rsquo;\u00eatre maire ou adjoint comme les conseillers fran\u00e7ais.<\/p>\n\n\n\n<p>De plus, l&rsquo;article 14 de la m\u00eame loi pr\u00e9cise que les indig\u00e8nes musulmans non naturalis\u00e9s \u00ab sont admis au m\u00eame titre que les citoyens fran\u00e7ais et sous les m\u00eames conditions d&rsquo;aptitude aux fonctions et emplois publics \u00bb. Exception est faite pour certaines fonctions d&rsquo;autorit\u00e9 \u00e9num\u00e9r\u00e9es dans le d\u00e9cret du 26 mars 1919, qui ne fait naturellement mention ou allusion \u00e0 celles de maire et d&rsquo;adjoint.<\/p>\n\n\n\n<p>Il est donc \u00e9vident que la loi reconnaissait les indig\u00e8nes musulmans non naturalis\u00e9s \u00e9ligibles comme maire et adjoint. C&rsquo;est ce que plusieurs municipalit\u00e9s d&rsquo;Alg\u00e9rie, celles d&rsquo;Alger, de Constantine, de Bougie, de Blida, entre autres, reconnurent, apr\u00e8s les \u00e9lections de mai 1925, en r\u00e9servant \u00e0 nos compatriotes un poste d&rsquo;adjoint.<\/p>\n\n\n\n<p>L&rsquo;arr\u00eat\u00e9 du Conseil d&rsquo;Etat retire donc en 1927 aux indig\u00e8nes alg\u00e9riens une partie des droits qui leur avaient \u00e9t\u00e9 reconnus en 1919 au lendemain de la grande guerre, et qui, en ce qui concerne l&rsquo;\u00e9lection des adjoints, fut mis en application en mai 1925, au moment de la guerre du Maroc. Ainsi, les gros colons rapaces et les colonialistes ont satisfaction, leur presse ne cache pas leur joie ; enhardis par ce succ\u00e8s et le silence des soi-disant d\u00e9fenseurs du peuple alg\u00e9rien, ils entendent, soutenus par le gouvernement g\u00e9n\u00e9ral, reprendre une \u00e0 une les concessions qui ont d\u00fb \u00eatre faites apr\u00e8s la guerre aux Alg\u00e9riens, dont des dizaines de milliers \u00e9taient morts au nom des id\u00e9es de libert\u00e9 et du principe du droit des peuples \u00e0 disposer d&rsquo;eux-m\u00eames.<\/p>\n\n\n\n<p>L&rsquo;Etoile Nord-Africaine veille et elle crie aux profiteurs de la mis\u00e8re du peuple alg\u00e9rien (qui sont les m\u00eames que ceux qui profitent de la mis\u00e8re, du peuple fran\u00e7ais) : halte l\u00e0 ! Le peuple alg\u00e9rien est trop opprim\u00e9, il est trop malheureux, il est las de vos exactions.<\/p>\n\n\n\n<p>Chaque jour les oppresseurs de l&rsquo;Alg\u00e9rie d\u00e9chirent le voile qui nous emp\u00eachait de voir la route que nous devons suivre. Chaque jour leurs actes nous apprennent que leurs promesses \u00e9taient et restent mensong\u00e8res. Pendant 1914-1918, pour nous entra\u00eener \u00e0 la guerre, ils nous ont promis d&rsquo;importantes am\u00e9liorations \u00e0 notre sort : confiants, nous n&rsquo;avons pas su exiger apr\u00e8s la guerre et leurs promesses se sont r\u00e9duites \u00e0 des aum\u00f4nes. Pendant que la guerre du Maroc mettait en p\u00e9ril leur domination, ils ont jet\u00e9 du lest en \u00e9lisant adjoints aux maires et vice-pr\u00e9sidents des Conseils g\u00e9n\u00e9raux quelques-uns des n\u00f4tres. Le p\u00e9ril imm\u00e9diat pass\u00e9, la pouss\u00e9e des peuples qu&rsquo;ils oppriment amoindrie, ils reprennent ce qu&rsquo;ils avaient donn\u00e9 pour nous faire croire \u00e0 leur lib\u00e9ralisme, afin de cr\u00e9er chez nous des illusions sur leurs intentions \u00e0 notre \u00e9gard et nous d\u00e9tourner de la lutte.<\/p>\n\n\n\n<p>L&rsquo;Etoile Nord-Africaine s&rsquo;adresse au peuple fran\u00e7ais pour lui dire de ne pas assister indiff\u00e9rent aux menaces que les gros colons et leur alli\u00e9 le gouvernement, font peser sur le peuple alg\u00e9rien. La restriction des droits politiques des indig\u00e8nes alg\u00e9riens, leur oppression aggrav\u00e9e, cela a pour r\u00e9sultat un renforcement du gouvernement et des soci\u00e9t\u00e9s financi\u00e8res qui sont responsables \u00e0 la fois et de la mis\u00e8re du peuple fran\u00e7ais et de celle du peuple alg\u00e9rien. L&rsquo;int\u00e9r\u00eat des deux peuples est donc de se soutenir dans la lutte qu&rsquo;ils m\u00e8nent contre les m\u00eames ennemis.<\/p>\n\n\n\n<p>L&rsquo;Etoile Nord-Africaine entreprend une action vive pour que la dignit\u00e9 d&rsquo;homme des Alg\u00e9riens soit respect\u00e9e et pour que dans leur pays ils aient le droit de parler, d&rsquo;\u00e9crire, de se r\u00e9unir librement et de vivre honorablement en travaillant. Elle ne doute pas que le peuple fran\u00e7ais, dont les traditions sont lib\u00e9rales, soit avec elle pour :<\/p>\n\n\n\n<p><em>L&rsquo;abolition du code de l&rsquo;indig\u00e9nat qui maintient les Alg\u00e9riens dans un r\u00e9gime d&rsquo;esclavage en les punissant pour des actes consid\u00e9r\u00e9s ou non comme \u00ab d\u00e9lits \u00bb, suivant qu&rsquo;il s&rsquo;agit d&rsquo;un Alg\u00e9rien ou d&rsquo;un Fran\u00e7ais.<\/em><\/p>\n\n\n\n<p><em>La libert\u00e9 pour les Alg\u00e9riens d&rsquo;\u00e9crire, de parler, de s&rsquo;organiser dans leur pays, de la m\u00eame fa\u00e7on que peuvent d\u00e9j\u00e0 le faire les Fran\u00e7ais qui sont en Alg\u00e9rie.<\/em><\/p>\n\n\n\n<p><em>Le droit pour l&rsquo;Alg\u00e9rie comme pour tous les autres peuples de disposer d&rsquo;elle-m\u00eame, suivant les d\u00e9clarations du pr\u00e9sident Wilson et les principes au nom desquels les peuples fran\u00e7ais et alg\u00e9rien ont combattu c\u00f4te \u00e0 c\u00f4te de 1914 \u00e0 1918.<\/em><\/p>\n\n\n<div class=\"wp-block-image\">\n<figure class=\"aligncenter size-large\"><img data-recalc-dims=\"1\" loading=\"lazy\" decoding=\"async\" width=\"580\" height=\"131\" data-attachment-id=\"28571\" data-permalink=\"https:\/\/sinedjib.com\/index.php\/2026\/04\/10\/nos-delegues-au-congres-de-bruxelles-ont-rendu-compte-de-leur-mandat\/likdam-nord-africain-1927\/\" data-orig-file=\"https:\/\/i0.wp.com\/sinedjib.com\/wp-content\/uploads\/2026\/04\/Likdam-nord-africain-1927.jpg?fit=1521%2C343&amp;ssl=1\" data-orig-size=\"1521,343\" data-comments-opened=\"0\" data-image-meta=\"{&quot;aperture&quot;:&quot;0&quot;,&quot;credit&quot;:&quot;&quot;,&quot;camera&quot;:&quot;&quot;,&quot;caption&quot;:&quot;&quot;,&quot;created_timestamp&quot;:&quot;0&quot;,&quot;copyright&quot;:&quot;&quot;,&quot;focal_length&quot;:&quot;0&quot;,&quot;iso&quot;:&quot;0&quot;,&quot;shutter_speed&quot;:&quot;0&quot;,&quot;title&quot;:&quot;&quot;,&quot;orientation&quot;:&quot;0&quot;}\" data-image-title=\"L&amp;rsquo;ikdam nord-africain 1927\" data-image-description=\"\" data-image-caption=\"\" data-large-file=\"https:\/\/i0.wp.com\/sinedjib.com\/wp-content\/uploads\/2026\/04\/Likdam-nord-africain-1927.jpg?fit=580%2C131&amp;ssl=1\" src=\"https:\/\/i0.wp.com\/sinedjib.com\/wp-content\/uploads\/2026\/04\/Likdam-nord-africain-1927.jpg?resize=580%2C131&#038;ssl=1\" alt=\"\" class=\"wp-image-28571\" srcset=\"https:\/\/i0.wp.com\/sinedjib.com\/wp-content\/uploads\/2026\/04\/Likdam-nord-africain-1927.jpg?resize=1024%2C231&amp;ssl=1 1024w, https:\/\/i0.wp.com\/sinedjib.com\/wp-content\/uploads\/2026\/04\/Likdam-nord-africain-1927.jpg?resize=300%2C68&amp;ssl=1 300w, https:\/\/i0.wp.com\/sinedjib.com\/wp-content\/uploads\/2026\/04\/Likdam-nord-africain-1927.jpg?resize=768%2C173&amp;ssl=1 768w, https:\/\/i0.wp.com\/sinedjib.com\/wp-content\/uploads\/2026\/04\/Likdam-nord-africain-1927.jpg?resize=1200%2C271&amp;ssl=1 1200w, https:\/\/i0.wp.com\/sinedjib.com\/wp-content\/uploads\/2026\/04\/Likdam-nord-africain-1927.jpg?w=1521&amp;ssl=1 1521w\" sizes=\"auto, (max-width: 580px) 100vw, 580px\" \/><\/figure>\n<\/div>\n\n\n<p><\/p>\n","protected":false},"excerpt":{"rendered":"<p>Article paru dans L&rsquo;Ikdam nord-africain, n\u00b0 1, mai 1927 ; suivi de \u00ab\u00a0Un appel de l&rsquo;Etoile \u00e0 l&rsquo;opinion fran\u00e7aise\u00a0\u00bb Au cours du mois dernier, l&rsquo;Etoile Nord-Africaine a tenu un grand meeting pour permettre \u00e0 ses d\u00e9l\u00e9gu\u00e9s au Congr\u00e8s de Bruxelles de rendre compte de leur mission.<\/p>\n","protected":false},"author":1,"featured_media":0,"comment_status":"closed","ping_status":"","sticky":false,"template":"","format":"standard","meta":{"jetpack_post_was_ever_published":false,"_jetpack_newsletter_access":"","_jetpack_dont_email_post_to_subs":false,"_jetpack_newsletter_tier_id":0,"_jetpack_memberships_contains_paywalled_content":false,"_jetpack_memberships_contains_paid_content":false,"footnotes":""},"categories":[8],"tags":[1527,112,138,409,457,555,6007,908],"class_list":["post-28569","post","type-post","status-publish","format-standard","hentry","category-presse","tag-1527","tag-algerie","tag-anticolonialisme","tag-etoile-nord-africaine","tag-france","tag-immigration","tag-likdam-nord-africain","tag-paris"],"jetpack_featured_media_url":"","jetpack_sharing_enabled":true,"jetpack_shortlink":"https:\/\/wp.me\/p9lTYU-7qN","jetpack_likes_enabled":true,"jetpack-related-posts":[{"id":28575,"url":"https:\/\/sinedjib.com\/index.php\/2026\/04\/11\/notre-objectif-unique-lindependance-nationale-espoir-supreme-et-supreme-salut\/","url_meta":{"origin":28569,"position":0},"title":"Notre objectif unique : l&rsquo;Ind\u00e9pendance Nationale. Espoir supr\u00eame et supr\u00eame salut","author":"SiNedjib","date":"11\/04\/2026","format":false,"excerpt":"Article de Chedly Khairallah paru dans L'Ikdam nord-africain, n\u00b0 3, ao\u00fbt-septembre 1927 ; suivi de \"Le banquet de l'Etoile nord-africaine\" par Mustapha Pendant les s\u00e9ances du congr\u00e8s anti-colonial de Bruxelles, nous avons assist\u00e9 - de la part de la presse r\u00e9actionnaire - \u00e0 une v\u00e9ritable conspiration du silence. Les envoy\u00e9s\u2026","rel":"","context":"Dans &quot;presse&quot;","block_context":{"text":"presse","link":"https:\/\/sinedjib.com\/index.php\/category\/presse\/"},"img":{"alt_text":"","src":"https:\/\/i0.wp.com\/sinedjib.com\/wp-content\/uploads\/2026\/04\/ikdam-1927-3b.jpg?resize=350%2C200&ssl=1","width":350,"height":200,"srcset":"https:\/\/i0.wp.com\/sinedjib.com\/wp-content\/uploads\/2026\/04\/ikdam-1927-3b.jpg?resize=350%2C200&ssl=1 1x, https:\/\/i0.wp.com\/sinedjib.com\/wp-content\/uploads\/2026\/04\/ikdam-1927-3b.jpg?resize=525%2C300&ssl=1 1.5x, https:\/\/i0.wp.com\/sinedjib.com\/wp-content\/uploads\/2026\/04\/ikdam-1927-3b.jpg?resize=700%2C400&ssl=1 2x, https:\/\/i0.wp.com\/sinedjib.com\/wp-content\/uploads\/2026\/04\/ikdam-1927-3b.jpg?resize=1050%2C600&ssl=1 3x, https:\/\/i0.wp.com\/sinedjib.com\/wp-content\/uploads\/2026\/04\/ikdam-1927-3b.jpg?resize=1400%2C800&ssl=1 4x"},"classes":[]},{"id":28553,"url":"https:\/\/sinedjib.com\/index.php\/2026\/04\/08\/les-algeriens-veulent-leur-independance\/","url_meta":{"origin":28569,"position":1},"title":"Les Alg\u00e9riens veulent leur ind\u00e9pendance","author":"SiNedjib","date":"08\/04\/2026","format":false,"excerpt":"Article paru dans Al-Ra\u00efat Al-Hamra, organe du Parti Communiste (S.F.I.C.), n\u00b0 2, mars 1927 ; suivi de \"La signification du congr\u00e8s de Bruxelles\" par I. Ifriqui Au Congr\u00e8s contre l'oppression coloniale et l'imp\u00e9rialisme, \"L'Etoile Nord-Africaine\" fut repr\u00e9sent\u00e9e par 3 d\u00e9l\u00e9gu\u00e9s. Cette association de Musulmans de Tunisie, d'Alg\u00e9rie et du Maroc\u2026","rel":"","context":"Dans &quot;presse&quot;","block_context":{"text":"presse","link":"https:\/\/sinedjib.com\/index.php\/category\/presse\/"},"img":{"alt_text":"","src":"https:\/\/i0.wp.com\/sinedjib.com\/wp-content\/uploads\/2026\/04\/Chen-Kuen-1927.jpg?resize=350%2C200&ssl=1","width":350,"height":200,"srcset":"https:\/\/i0.wp.com\/sinedjib.com\/wp-content\/uploads\/2026\/04\/Chen-Kuen-1927.jpg?resize=350%2C200&ssl=1 1x, https:\/\/i0.wp.com\/sinedjib.com\/wp-content\/uploads\/2026\/04\/Chen-Kuen-1927.jpg?resize=525%2C300&ssl=1 1.5x, https:\/\/i0.wp.com\/sinedjib.com\/wp-content\/uploads\/2026\/04\/Chen-Kuen-1927.jpg?resize=700%2C400&ssl=1 2x"},"classes":[]},{"id":28603,"url":"https:\/\/sinedjib.com\/index.php\/2026\/04\/16\/manifeste-contre-la-representation-au-parlement-francais-pour-un-parlement-algerien\/","url_meta":{"origin":28569,"position":2},"title":"Manifeste : Contre la repr\u00e9sentation au parlement fran\u00e7ais, pour un parlement alg\u00e9rien","author":"SiNedjib","date":"16\/04\/2026","format":false,"excerpt":"Manifeste paru dans L'Ikdam, organe de l'Etoile nord-africaine, n\u00b0 1, d\u00e9cembre 1927 [lacunes en raison de la mauvaise qualit\u00e9 du document original] Une d\u00e9l\u00e9gation d'\u00e9lus alg\u00e9riens vient \u00e0 Paris soumettre au Parlement fran\u00e7ais des revendications qu'elle pr\u00e9tend pr\u00e9senter au nom du peuple alg\u00e9rien. Ces \u00e9lus, d\u00e9sign\u00e9s par un coll\u00e8ge \u00e9lectoral\u2026","rel":"","context":"Dans &quot;presse&quot;","block_context":{"text":"presse","link":"https:\/\/sinedjib.com\/index.php\/category\/presse\/"},"img":{"alt_text":"","src":"https:\/\/i0.wp.com\/sinedjib.com\/wp-content\/uploads\/2026\/04\/ikdam-1927.jpg?resize=350%2C200&ssl=1","width":350,"height":200,"srcset":"https:\/\/i0.wp.com\/sinedjib.com\/wp-content\/uploads\/2026\/04\/ikdam-1927.jpg?resize=350%2C200&ssl=1 1x, https:\/\/i0.wp.com\/sinedjib.com\/wp-content\/uploads\/2026\/04\/ikdam-1927.jpg?resize=525%2C300&ssl=1 1.5x, https:\/\/i0.wp.com\/sinedjib.com\/wp-content\/uploads\/2026\/04\/ikdam-1927.jpg?resize=700%2C400&ssl=1 2x, https:\/\/i0.wp.com\/sinedjib.com\/wp-content\/uploads\/2026\/04\/ikdam-1927.jpg?resize=1050%2C600&ssl=1 3x, https:\/\/i0.wp.com\/sinedjib.com\/wp-content\/uploads\/2026\/04\/ikdam-1927.jpg?resize=1400%2C800&ssl=1 4x"},"classes":[]},{"id":28670,"url":"https:\/\/sinedjib.com\/index.php\/2026\/04\/27\/un-appel-de-letoile-nord-africaine-respectez-nos-maigres-droits\/","url_meta":{"origin":28569,"position":3},"title":"Un appel de l&rsquo;Etoile Nord-Africaine : Respectez nos maigres droits","author":"SiNedjib","date":"27\/04\/2026","format":false,"excerpt":"Appel de l'Etoile Nord-Africaine paru dans La Lutte Sociale, n\u00b0 451, 22 avril 1927 ; suivi d'une lettre de l'Etoile Nord-Africaine parue dans L'Humanit\u00e9, 17 mai 1927 Une nouvelle restriction vient d'\u00eatre apport\u00e9e aux droits politiques, d\u00e9j\u00e0 si minimes, des indig\u00e8nes alg\u00e9riens. Un arr\u00eat\u00e9 du Conseil d'Etat d\u00e9clare non \u00e9ligibles\u2026","rel":"","context":"Dans &quot;presse&quot;","block_context":{"text":"presse","link":"https:\/\/sinedjib.com\/index.php\/category\/presse\/"},"img":{"alt_text":"","src":"https:\/\/i0.wp.com\/sinedjib.com\/wp-content\/uploads\/2026\/04\/La-Lutte-Sociale-22-avril-1927.jpg?resize=350%2C200&ssl=1","width":350,"height":200,"srcset":"https:\/\/i0.wp.com\/sinedjib.com\/wp-content\/uploads\/2026\/04\/La-Lutte-Sociale-22-avril-1927.jpg?resize=350%2C200&ssl=1 1x, https:\/\/i0.wp.com\/sinedjib.com\/wp-content\/uploads\/2026\/04\/La-Lutte-Sociale-22-avril-1927.jpg?resize=525%2C300&ssl=1 1.5x, https:\/\/i0.wp.com\/sinedjib.com\/wp-content\/uploads\/2026\/04\/La-Lutte-Sociale-22-avril-1927.jpg?resize=700%2C400&ssl=1 2x, https:\/\/i0.wp.com\/sinedjib.com\/wp-content\/uploads\/2026\/04\/La-Lutte-Sociale-22-avril-1927.jpg?resize=1050%2C600&ssl=1 3x, https:\/\/i0.wp.com\/sinedjib.com\/wp-content\/uploads\/2026\/04\/La-Lutte-Sociale-22-avril-1927.jpg?resize=1400%2C800&ssl=1 4x"},"classes":[]},{"id":28678,"url":"https:\/\/sinedjib.com\/index.php\/2026\/04\/29\/letoile-nord-africaine-injustement-poursuivie-vient-dadresser-a-toutes-les-organisations-du-front-populaire-la-lettre-suivante\/","url_meta":{"origin":28569,"position":4},"title":"L&rsquo;\u00c9toile Nord-Africaine injustement poursuivie vient d&rsquo;adresser \u00e0 toutes les Organisations du Front Populaire la Lettre suivante :","author":"SiNedjib","date":"29\/04\/2026","format":false,"excerpt":"Lettre de l'Etoile Nord-Africaine parue dans L'Alg\u00e9rie Ouvri\u00e8re, Organe des Travailleurs de l'Afrique du Nord, publi\u00e9 sous le contr\u00f4le des Syndicats R\u00e9unifi\u00e9s d'Alg\u00e9rie, Nouvelle S\u00e9rie, n\u00b0 105, du 21 janvier au 7 f\u00e9vrier 1936 ETOILE NORD-AFRICAINEAssociation des Musulmans Alg\u00e9riens, Tunisiens et Marocains19, rue Daguerre - PARIS Le Gouvernement LAVAL complice\u2026","rel":"","context":"Dans &quot;presse&quot;","block_context":{"text":"presse","link":"https:\/\/sinedjib.com\/index.php\/category\/presse\/"},"img":{"alt_text":"","src":"https:\/\/i0.wp.com\/sinedjib.com\/wp-content\/uploads\/2026\/04\/LAlgerie-ouvriere-1936.jpg?resize=350%2C200&ssl=1","width":350,"height":200,"srcset":"https:\/\/i0.wp.com\/sinedjib.com\/wp-content\/uploads\/2026\/04\/LAlgerie-ouvriere-1936.jpg?resize=350%2C200&ssl=1 1x, https:\/\/i0.wp.com\/sinedjib.com\/wp-content\/uploads\/2026\/04\/LAlgerie-ouvriere-1936.jpg?resize=525%2C300&ssl=1 1.5x, https:\/\/i0.wp.com\/sinedjib.com\/wp-content\/uploads\/2026\/04\/LAlgerie-ouvriere-1936.jpg?resize=700%2C400&ssl=1 2x, https:\/\/i0.wp.com\/sinedjib.com\/wp-content\/uploads\/2026\/04\/LAlgerie-ouvriere-1936.jpg?resize=1050%2C600&ssl=1 3x, https:\/\/i0.wp.com\/sinedjib.com\/wp-content\/uploads\/2026\/04\/LAlgerie-ouvriere-1936.jpg?resize=1400%2C800&ssl=1 4x"},"classes":[]},{"id":28674,"url":"https:\/\/sinedjib.com\/index.php\/2026\/04\/28\/letoile-nord-africaine-est-poursuivie\/","url_meta":{"origin":28569,"position":5},"title":"L&rsquo;Etoile Nord-Africaine est poursuivie !","author":"SiNedjib","date":"28\/04\/2026","format":false,"excerpt":"Article paru dans La Lutte Sociale, organe bi-mensuel du Parti Communiste Alg\u00e9rien, Nouvelle s\u00e9rie, 25e ann\u00e9e, n\u00b0 13, du 1er au 15 novembre 1934 Apr\u00e8s les poursuites contre les dirigeants de l'Etoile Nord-Africaine et la dissolution de cette organisation, un autre groupement s'\u00e9tait constitu\u00e9 sous le nom de la \u00ab\u2026","rel":"","context":"Dans &quot;presse&quot;","block_context":{"text":"presse","link":"https:\/\/sinedjib.com\/index.php\/category\/presse\/"},"img":{"alt_text":"","src":"https:\/\/i0.wp.com\/sinedjib.com\/wp-content\/uploads\/2026\/04\/La-Lutte-sociale-1er-novembre-1934.jpg?resize=350%2C200&ssl=1","width":350,"height":200,"srcset":"https:\/\/i0.wp.com\/sinedjib.com\/wp-content\/uploads\/2026\/04\/La-Lutte-sociale-1er-novembre-1934.jpg?resize=350%2C200&ssl=1 1x, https:\/\/i0.wp.com\/sinedjib.com\/wp-content\/uploads\/2026\/04\/La-Lutte-sociale-1er-novembre-1934.jpg?resize=525%2C300&ssl=1 1.5x, https:\/\/i0.wp.com\/sinedjib.com\/wp-content\/uploads\/2026\/04\/La-Lutte-sociale-1er-novembre-1934.jpg?resize=700%2C400&ssl=1 2x, https:\/\/i0.wp.com\/sinedjib.com\/wp-content\/uploads\/2026\/04\/La-Lutte-sociale-1er-novembre-1934.jpg?resize=1050%2C600&ssl=1 3x, https:\/\/i0.wp.com\/sinedjib.com\/wp-content\/uploads\/2026\/04\/La-Lutte-sociale-1er-novembre-1934.jpg?resize=1400%2C800&ssl=1 4x"},"classes":[]}],"_links":{"self":[{"href":"https:\/\/sinedjib.com\/index.php\/wp-json\/wp\/v2\/posts\/28569","targetHints":{"allow":["GET"]}}],"collection":[{"href":"https:\/\/sinedjib.com\/index.php\/wp-json\/wp\/v2\/posts"}],"about":[{"href":"https:\/\/sinedjib.com\/index.php\/wp-json\/wp\/v2\/types\/post"}],"author":[{"embeddable":true,"href":"https:\/\/sinedjib.com\/index.php\/wp-json\/wp\/v2\/users\/1"}],"replies":[{"embeddable":true,"href":"https:\/\/sinedjib.com\/index.php\/wp-json\/wp\/v2\/comments?post=28569"}],"version-history":[{"count":2,"href":"https:\/\/sinedjib.com\/index.php\/wp-json\/wp\/v2\/posts\/28569\/revisions"}],"predecessor-version":[{"id":28574,"href":"https:\/\/sinedjib.com\/index.php\/wp-json\/wp\/v2\/posts\/28569\/revisions\/28574"}],"wp:attachment":[{"href":"https:\/\/sinedjib.com\/index.php\/wp-json\/wp\/v2\/media?parent=28569"}],"wp:term":[{"taxonomy":"category","embeddable":true,"href":"https:\/\/sinedjib.com\/index.php\/wp-json\/wp\/v2\/categories?post=28569"},{"taxonomy":"post_tag","embeddable":true,"href":"https:\/\/sinedjib.com\/index.php\/wp-json\/wp\/v2\/tags?post=28569"}],"curies":[{"name":"wp","href":"https:\/\/api.w.org\/{rel}","templated":true}]}}