{"id":28670,"date":"2026-04-27T10:14:22","date_gmt":"2026-04-27T08:14:22","guid":{"rendered":"https:\/\/sinedjib.com\/?p=28670"},"modified":"2026-04-27T10:14:22","modified_gmt":"2026-04-27T08:14:22","slug":"un-appel-de-letoile-nord-africaine-respectez-nos-maigres-droits","status":"publish","type":"post","link":"https:\/\/sinedjib.com\/index.php\/2026\/04\/27\/un-appel-de-letoile-nord-africaine-respectez-nos-maigres-droits\/","title":{"rendered":"Un appel de l&rsquo;Etoile Nord-Africaine : Respectez nos maigres droits"},"content":{"rendered":"\n<p><strong>Appel de l&rsquo;Etoile Nord-Africaine paru dans <em>La Lutte Sociale<\/em>, n\u00b0 451, 22 avril 1927 ; suivi d&rsquo;une lettre de l&rsquo;Etoile Nord-Africaine parue dans <em><a href=\"https:\/\/gallica.bnf.fr\/ark:\/12148\/bpt6k4024378\/f1.image.zoom#\">L&rsquo;Humanit\u00e9<\/a><\/em>, 17 mai 1927<\/strong><\/p>\n\n\n<div class=\"wp-block-image\">\n<figure class=\"aligncenter size-large\"><img data-recalc-dims=\"1\" loading=\"lazy\" decoding=\"async\" width=\"580\" height=\"126\" data-attachment-id=\"28671\" data-permalink=\"https:\/\/sinedjib.com\/index.php\/2026\/04\/27\/un-appel-de-letoile-nord-africaine-respectez-nos-maigres-droits\/la-lutte-sociale-22-avril-1927\/\" data-orig-file=\"https:\/\/i0.wp.com\/sinedjib.com\/wp-content\/uploads\/2026\/04\/La-Lutte-Sociale-22-avril-1927.jpg?fit=1489%2C324&amp;ssl=1\" data-orig-size=\"1489,324\" data-comments-opened=\"0\" data-image-meta=\"{&quot;aperture&quot;:&quot;0&quot;,&quot;credit&quot;:&quot;&quot;,&quot;camera&quot;:&quot;&quot;,&quot;caption&quot;:&quot;&quot;,&quot;created_timestamp&quot;:&quot;0&quot;,&quot;copyright&quot;:&quot;&quot;,&quot;focal_length&quot;:&quot;0&quot;,&quot;iso&quot;:&quot;0&quot;,&quot;shutter_speed&quot;:&quot;0&quot;,&quot;title&quot;:&quot;&quot;,&quot;orientation&quot;:&quot;1&quot;}\" data-image-title=\"La Lutte Sociale 22 avril 1927\" data-image-description=\"\" data-image-caption=\"\" data-large-file=\"https:\/\/i0.wp.com\/sinedjib.com\/wp-content\/uploads\/2026\/04\/La-Lutte-Sociale-22-avril-1927.jpg?fit=580%2C126&amp;ssl=1\" src=\"https:\/\/i0.wp.com\/sinedjib.com\/wp-content\/uploads\/2026\/04\/La-Lutte-Sociale-22-avril-1927.jpg?resize=580%2C126&#038;ssl=1\" alt=\"\" class=\"wp-image-28671\" srcset=\"https:\/\/i0.wp.com\/sinedjib.com\/wp-content\/uploads\/2026\/04\/La-Lutte-Sociale-22-avril-1927.jpg?resize=1024%2C223&amp;ssl=1 1024w, https:\/\/i0.wp.com\/sinedjib.com\/wp-content\/uploads\/2026\/04\/La-Lutte-Sociale-22-avril-1927.jpg?resize=300%2C65&amp;ssl=1 300w, https:\/\/i0.wp.com\/sinedjib.com\/wp-content\/uploads\/2026\/04\/La-Lutte-Sociale-22-avril-1927.jpg?resize=768%2C167&amp;ssl=1 768w, https:\/\/i0.wp.com\/sinedjib.com\/wp-content\/uploads\/2026\/04\/La-Lutte-Sociale-22-avril-1927.jpg?resize=1200%2C261&amp;ssl=1 1200w, https:\/\/i0.wp.com\/sinedjib.com\/wp-content\/uploads\/2026\/04\/La-Lutte-Sociale-22-avril-1927.jpg?w=1489&amp;ssl=1 1489w\" sizes=\"auto, (max-width: 580px) 100vw, 580px\" \/><\/figure>\n<\/div>\n\n\n<p>Une nouvelle restriction vient d&rsquo;\u00eatre apport\u00e9e aux droits politiques, d\u00e9j\u00e0 si minimes, des indig\u00e8nes alg\u00e9riens. Un arr\u00eat\u00e9 du Conseil d&rsquo;Etat d\u00e9clare non \u00e9ligibles aux fonctions de maires et d&rsquo;adjoint les indig\u00e8nes non naturalis\u00e9s fran\u00e7ais.<\/p>\n\n\n\n<!--more-->\n\n\n\n<p>Interpr\u00e8te de la majorit\u00e9 des indig\u00e8nes alg\u00e9riens, l&rsquo;Etoile Nord-Africaine \u00e9l\u00e8ve une vigoureuse protestation contre cette d\u00e9cision qui r\u00e9vise la loi du 4 f\u00e9vrier 1919 relative aux droits politiques des alg\u00e9riens non naturalis\u00e9s.<\/p>\n\n\n\n<p>Il y a en effet r\u00e9vision de la loi du 4 f\u00e9vrier 1919, dont l&rsquo;article 12 dit : <\/p>\n\n\n\n<blockquote class=\"wp-block-quote is-layout-flow wp-block-quote-is-layout-flow\">\n<p>\u00ab\u00a0Les indig\u00e8nes musulmans alg\u00e9riens qui n&rsquo;ont pas r\u00e9clam\u00e9 la qualit\u00e9 de citoyen fran\u00e7ais, sont repr\u00e9sent\u00e9s dans toutes les assembl\u00e9es d\u00e9lib\u00e9rantes de l&rsquo;Alg\u00e9rie \u2026. par des membres \u00e9lus, si\u00e9geant au m\u00eame titre et avec les m\u00eames droits que les membres fran\u00e7ais\u00a0\u00bb. <\/p>\n<\/blockquote>\n\n\n\n<p>Que devient cette \u00e9galit\u00e9 de droits \u00e9dict\u00e9e par la loi si on refuse aux conseillers municipaux indig\u00e8nes non naturalis\u00e9s le droit d&rsquo;\u00eatre maire ou adjoint comme les conseillers fran\u00e7ais ?<\/p>\n\n\n\n<p>La loi reconnaissait donc les indig\u00e8nes non naturalis\u00e9s \u00e9ligibles comme maire ou adjoint. C&rsquo;est ce que plusieurs municipalit\u00e9s d&rsquo;Alg\u00e9rie (Alger, Constantine, Bougie, Blida), reconnurent en r\u00e9servant aux indig\u00e8nes un poste d&rsquo;adjoint.<\/p>\n\n\n\n<p>L&rsquo;arr\u00eat\u00e9 du Conseil d&rsquo;Etat retire donc en 1927 aux indig\u00e8nes alg\u00e9riens une partie des droits qui leur avaient \u00e9t\u00e9 reconnus en 1919 au lendemain de la grande guerre, et qui, en ce qui concerne l&rsquo;\u00e9lection des adjoints, fut mis en application en mai 1925, au moment de la guerre du Maroc.<\/p>\n\n\n\n<p>Ainsi, les gros colons rapaces et les colonialistes ont satisfaction, leur presse ne cache pas leur joie ; enhardis par ce succ\u00e8s et le silence des soi-disants d\u00e9fenseurs du peuple alg\u00e9rien, ils entendent, soutenus par le Gouvernement G\u00e9n\u00e9ral, reprendre une \u00e0 une les concessions qui ont d\u00fb \u00eatre faites apr\u00e8s la guerre aux Alg\u00e9riens, dont des dizaines de milliers \u00e9taient morts au nom des id\u00e9es de libert\u00e9 et du principe du droit des peuples \u00e0 disposer d&rsquo;eux-m\u00eames.<\/p>\n\n\n\n<p>Chaque jour les oppresseurs de l&rsquo;Alg\u00e9rie d\u00e9chirent le voile qui emp\u00eachait des indig\u00e8nes de voir la route qu&rsquo;ils devaient suivre. Pendant 1914-1915, pour nous entra\u00eener \u00e0 la guerre, ils nous ont promis des am\u00e9liorations \u00e0 notre sort, et leurs promesses se sont r\u00e9duites \u00e0 des aum\u00f4nes. Pendant que la guerre du Maroc mettait en p\u00e9ril leur domination, ils ont jet\u00e9 du lest en \u00e9lisant adjoints aux maires et vice-pr\u00e9sidents des Conseils G\u00e9n\u00e9raux quelques indig\u00e8nes. Le p\u00e9ril imm\u00e9diat pass\u00e9, ils reprennent ce qu&rsquo;ils avaient donn\u00e9.<\/p>\n\n\n\n<p>L&rsquo;Etoile Nord-Africaine s&rsquo;adresse au peuple fran\u00e7ais pour lui demander de ne pas assister indiff\u00e9rent aux menaces que les gros colons et leur alli\u00e9 le Gouvernement, font peser sur le peuple alg\u00e9rien. La restriction des droits politiques des indig\u00e8nes, leur oppression aggrav\u00e9e, renforcent la puissance du Gouvernement et des soci\u00e9t\u00e9s financi\u00e8res responsables de la mis\u00e8re du peuple fran\u00e7ais et de celle du peuple alg\u00e9rien. L&rsquo;int\u00e9r\u00eat des deux peuples est donc de se soutenir dans la lutte qu&rsquo;ils m\u00e8nent contre les m\u00eames ennemis.<\/p>\n\n\n\n<p>L&rsquo;Etoile Nord-Africaine entreprend une action vive pour que les Alg\u00e9riens aient le droit de parler, d&rsquo;\u00e9crire, de se r\u00e9unir librement et de vivre honorablement en travaillant. Elle ne doute pas que le peuple fran\u00e7ais, dont les traditions sont lib\u00e9rales, soit avec elle pour :<\/p>\n\n\n\n<p>L&rsquo;abolition du code de l&rsquo;indig\u00e9nat qui maintient les Alg\u00e9riens dans un r\u00e9gime d&rsquo;esclavage en les punissant pour des actes consid\u00e9r\u00e9s ou non comme \u00ab\u00a0d\u00e9lits\u00a0\u00bb suivant qu&rsquo;il s&rsquo;agit d&rsquo;un Alg\u00e9rien ou d&rsquo;un Fran\u00e7ais.<\/p>\n\n\n\n<p>Le droit pour les Alg\u00e9riens d&rsquo;\u00e9crire, de parler, de s&rsquo;organiser librement dans  leur pays.<\/p>\n\n\n\n<p>L&rsquo;\u00e9galit\u00e9 des droits politiques entre les Alg\u00e9riens et les Fran\u00e7ais qui sont en Alg\u00e9rie.<\/p>\n\n\n\n<p>Le droit pour l&rsquo;Algerie comme pour tous les autres peuples, de disposer d&rsquo;elle-m\u00eame, suivant les d\u00e9clarations du Pr\u00e9sident Wilson et les principes au nom desquels les peuples fran\u00e7ais et alg\u00e9rien ont combattu c\u00f4te \u00e0 c\u00f4te de 1914 \u00e0 1918.<\/p>\n\n\n\n<hr class=\"wp-block-separator has-alpha-channel-opacity\"\/>\n\n\n<div class=\"wp-block-image\">\n<figure class=\"aligncenter size-full\"><img data-recalc-dims=\"1\" loading=\"lazy\" decoding=\"async\" width=\"580\" height=\"91\" data-attachment-id=\"28672\" data-permalink=\"https:\/\/sinedjib.com\/index.php\/2026\/04\/27\/un-appel-de-letoile-nord-africaine-respectez-nos-maigres-droits\/lhumanite-17-mai-1927\/\" data-orig-file=\"https:\/\/i0.wp.com\/sinedjib.com\/wp-content\/uploads\/2026\/04\/LHumanite-17-mai-1927.jpg?fit=977%2C153&amp;ssl=1\" data-orig-size=\"977,153\" data-comments-opened=\"0\" data-image-meta=\"{&quot;aperture&quot;:&quot;0&quot;,&quot;credit&quot;:&quot;&quot;,&quot;camera&quot;:&quot;&quot;,&quot;caption&quot;:&quot;&quot;,&quot;created_timestamp&quot;:&quot;0&quot;,&quot;copyright&quot;:&quot;&quot;,&quot;focal_length&quot;:&quot;0&quot;,&quot;iso&quot;:&quot;0&quot;,&quot;shutter_speed&quot;:&quot;0&quot;,&quot;title&quot;:&quot;&quot;,&quot;orientation&quot;:&quot;0&quot;}\" data-image-title=\"L&amp;rsquo;Humanit\u00e9 17 mai 1927\" data-image-description=\"\" data-image-caption=\"\" data-large-file=\"https:\/\/i0.wp.com\/sinedjib.com\/wp-content\/uploads\/2026\/04\/LHumanite-17-mai-1927.jpg?fit=580%2C91&amp;ssl=1\" src=\"https:\/\/i0.wp.com\/sinedjib.com\/wp-content\/uploads\/2026\/04\/LHumanite-17-mai-1927.jpg?resize=580%2C91&#038;ssl=1\" alt=\"\" class=\"wp-image-28672\" srcset=\"https:\/\/i0.wp.com\/sinedjib.com\/wp-content\/uploads\/2026\/04\/LHumanite-17-mai-1927.jpg?w=977&amp;ssl=1 977w, https:\/\/i0.wp.com\/sinedjib.com\/wp-content\/uploads\/2026\/04\/LHumanite-17-mai-1927.jpg?resize=300%2C47&amp;ssl=1 300w, https:\/\/i0.wp.com\/sinedjib.com\/wp-content\/uploads\/2026\/04\/LHumanite-17-mai-1927.jpg?resize=768%2C120&amp;ssl=1 768w\" sizes=\"auto, (max-width: 580px) 100vw, 580px\" \/><\/figure>\n<\/div>\n\n\n<p class=\"has-text-align-center has-larger-font-size\"><strong>UNE LETTRE DE \u00ab\u00a0L&rsquo;ETOILE NORD-AFRICAINE\u00a0\u00bb<\/strong><\/p>\n\n\n\n<p><em>A la suite de l&rsquo;arr\u00eat\u00e9 du Conseil d&rsquo;Etat annulant les \u00e9lections \u00ab d&rsquo;indig\u00e8nes \u00bb musulmans comme adjoints aux maires, l&rsquo;Etoile Nord-Africaine, association des musulmans alg\u00e9riens, tunisiens et marocains dont l&rsquo;\u00e9mir Khaled est le pr\u00e9sident d&rsquo;honneur, a adress\u00e9 une protestation aux parlementaires int\u00e9ress\u00e9s et \u00e0 la grande presse.<\/em><\/p>\n\n\n\n<p><em>Avec un ensemble touchant, parlementaires et grande presse ont fait le silence sur cette r\u00e9clamation justifi\u00e9e. Seule, la presse arabophobe en a parl\u00e9, mais pour jeter l&rsquo;anath\u00e8me sur \u00ab\u00a0l&rsquo;Etoile Nord-Africaine\u00a0\u00bb qu&rsquo;elle repr\u00e9sente comme fauteur de haine et de d\u00e9sordre.<\/em><\/p>\n\n\n\n<p><em>Nous donnons ci-dessous les principaux passages d&rsquo;une lettre que cette association nous a adress\u00e9e :<\/em><\/p>\n\n\n\n<p>\u2026 \u00ab Nous tenons, par la m\u00eame occasion, \u00e0 attirer votre attention sur les enseignements que nous tirons de la nouvelle mesure qui restreint nos quelques droits. A notre avis, elle est la continuation et partie int\u00e9grante de la politique des conqu\u00e9rants \u00e0 notre \u00e9gard ; des concessions nous sont de temps en temps faites, non par sympathie, mais parce que nos oppresseurs ont besoin de nous (la guerre de 1914-18 en est un exemple) ou nous craignent (comme pendant l&rsquo;insurrection riffaine). Par quelques concessions, ils tentent de nous d\u00e9tourner de la lutte pour le respect de nos droits et pour l&rsquo;ex\u00e9cution de leurs promesses, mais d\u00e8s que la situation le leur permet, ils nous reprennent ce qu&rsquo;ils nous avaient donn\u00e9 quelque temps auparavant (exemples : pouvoirs r\u00e9pressifs des administrateurs, libett\u00e9 de voyage, \u00e9lection comme adjoint, etc \u2026 )<\/p>\n\n\n\n<p>Nous devons donc constater que nos droits ne sont respect\u00e9s que dans la mesure o\u00f9 nous sommes en mesure de les faire respecter. Il en sera de m\u00eame pour toute am\u00e9lioration \u00e0 notre sort : l&rsquo;histoire nous apprend que les conqu\u00e9rants n&rsquo;abandonnent pas volontairement les privil\u00e8ges qu&rsquo;ils se sont octroy\u00e9s au m\u00e9pris des droits du peuple qu&rsquo;ils ont assujetti. Les luttes qu&rsquo;a d\u00fb mener la Turquie et les grandioses \u00e9v\u00e9nements qui se d\u00e9roulent en Chine en sont la preuve \u00e9vidente. C&rsquo;est aussi ce qui ressort des d\u00e9bats du congr\u00e8s mondial de Bruxelles contre l&rsquo;oppression coloniale et l&rsquo;imp\u00e9rialisme au quel ont particip\u00e9 des repr\u00e9sentants de Chine, des Indes, de l&rsquo;Indon\u00e9sie, de Cor\u00e9e, de Syrie, de Perse, d&rsquo;Egypte, d&rsquo;Afrique Noire dite \u00ab fran\u00e7aise \u00bb, de l&rsquo;Afrique du Sud, etc., etc. Notre groupement \u00e9tait repr\u00e9sent\u00e9 \u00e0 ce congr\u00e8s. <\/p>\n\n\n\n<p>Nous inspirant de ces enseignements nous avons entrepris de d\u00e9velopper chez le peuple alg\u00e9rien l&rsquo;id\u00e9e qu&rsquo;il n&rsquo;aura les libert\u00e9s et la meilleure existence auxquelles il a droit, qu&rsquo;en luttant pour les obtenir et en s&rsquo;organisant pour cette lutte, \u00e0 la t\u00eate de laquelle, comme en Chine, comme aux Indes, comme en Indon\u00e9sie, devrait \u00eatre un parti national populaire.<\/p>\n\n\n\n<p>Ce n&rsquo;est pas une chose impossible : les bonnes volont\u00e9s et les hommes sinc\u00e8rement alg\u00e9riens s&rsquo;y emploient. Comme tous les peuples coloniaux, notre peuple a, dans la population fran\u00e7aise \u00e9clair\u00e9e et active, de grandes sympathies qui ne demandent qu&rsquo;\u00e0 se manifester, mais encore faut-il que nous, alg\u00e9riens, nous soyons d\u00e9cid\u00e9s \u00e0 d\u00e9fendre notre dignit\u00e9 constamment bafou\u00e9e et \u00e0 exiger nos droits.<\/p>\n\n\n\n<p><\/p>\n","protected":false},"excerpt":{"rendered":"<p>Appel de l&rsquo;Etoile Nord-Africaine paru dans La Lutte Sociale, n\u00b0 451, 22 avril 1927 ; suivi d&rsquo;une lettre de l&rsquo;Etoile Nord-Africaine parue dans L&rsquo;Humanit\u00e9, 17 mai 1927 Une nouvelle restriction vient d&rsquo;\u00eatre apport\u00e9e aux droits politiques, d\u00e9j\u00e0 si minimes, des indig\u00e8nes alg\u00e9riens. Un arr\u00eat\u00e9 du Conseil d&rsquo;Etat d\u00e9clare non \u00e9ligibles aux fonctions de maires et [&hellip;]<\/p>\n","protected":false},"author":1,"featured_media":0,"comment_status":"closed","ping_status":"","sticky":false,"template":"","format":"standard","meta":{"jetpack_post_was_ever_published":false,"_jetpack_newsletter_access":"","_jetpack_dont_email_post_to_subs":false,"_jetpack_newsletter_tier_id":0,"_jetpack_memberships_contains_paywalled_content":false,"_jetpack_memberships_contains_paid_content":false,"footnotes":""},"categories":[8],"tags":[1527,112,138,409,457,1583,1586,6009],"class_list":["post-28670","post","type-post","status-publish","format-standard","hentry","category-presse","tag-1527","tag-algerie","tag-anticolonialisme","tag-etoile-nord-africaine","tag-france","tag-la-lutte-sociale","tag-parti-communiste","tag-section-francaise-de-linternationale-communiste"],"jetpack_featured_media_url":"","jetpack_sharing_enabled":true,"jetpack_shortlink":"https:\/\/wp.me\/p9lTYU-7sq","jetpack_likes_enabled":true,"jetpack-related-posts":[{"id":28569,"url":"https:\/\/sinedjib.com\/index.php\/2026\/04\/10\/nos-delegues-au-congres-de-bruxelles-ont-rendu-compte-de-leur-mandat\/","url_meta":{"origin":28670,"position":0},"title":"Nos d\u00e9l\u00e9gu\u00e9s au Congr\u00e8s de Bruxelles ont rendu compte de leur mandat","author":"SiNedjib","date":"10\/04\/2026","format":false,"excerpt":"Article paru dans L'Ikdam nord-africain, n\u00b0 1, mai 1927 ; suivi de \"Un appel de l'Etoile \u00e0 l'opinion fran\u00e7aise\" Au cours du mois dernier, l'Etoile Nord-Africaine a tenu un grand meeting pour permettre \u00e0 ses d\u00e9l\u00e9gu\u00e9s au Congr\u00e8s de Bruxelles de rendre compte de leur mission. Apr\u00e8s lecture du rapport\u2026","rel":"","context":"Dans &quot;presse&quot;","block_context":{"text":"presse","link":"https:\/\/sinedjib.com\/index.php\/category\/presse\/"},"img":{"alt_text":"","src":"https:\/\/i0.wp.com\/sinedjib.com\/wp-content\/uploads\/2026\/04\/Likdam-nord-africain-1927b.jpg?resize=350%2C200&ssl=1","width":350,"height":200,"srcset":"https:\/\/i0.wp.com\/sinedjib.com\/wp-content\/uploads\/2026\/04\/Likdam-nord-africain-1927b.jpg?resize=350%2C200&ssl=1 1x, https:\/\/i0.wp.com\/sinedjib.com\/wp-content\/uploads\/2026\/04\/Likdam-nord-africain-1927b.jpg?resize=525%2C300&ssl=1 1.5x, https:\/\/i0.wp.com\/sinedjib.com\/wp-content\/uploads\/2026\/04\/Likdam-nord-africain-1927b.jpg?resize=700%2C400&ssl=1 2x, https:\/\/i0.wp.com\/sinedjib.com\/wp-content\/uploads\/2026\/04\/Likdam-nord-africain-1927b.jpg?resize=1050%2C600&ssl=1 3x, https:\/\/i0.wp.com\/sinedjib.com\/wp-content\/uploads\/2026\/04\/Likdam-nord-africain-1927b.jpg?resize=1400%2C800&ssl=1 4x"},"classes":[]},{"id":28603,"url":"https:\/\/sinedjib.com\/index.php\/2026\/04\/16\/manifeste-contre-la-representation-au-parlement-francais-pour-un-parlement-algerien\/","url_meta":{"origin":28670,"position":1},"title":"Manifeste : Contre la repr\u00e9sentation au parlement fran\u00e7ais, pour un parlement alg\u00e9rien","author":"SiNedjib","date":"16\/04\/2026","format":false,"excerpt":"Manifeste paru dans L'Ikdam, organe de l'Etoile nord-africaine, n\u00b0 1, d\u00e9cembre 1927 [lacunes en raison de la mauvaise qualit\u00e9 du document original] Une d\u00e9l\u00e9gation d'\u00e9lus alg\u00e9riens vient \u00e0 Paris soumettre au Parlement fran\u00e7ais des revendications qu'elle pr\u00e9tend pr\u00e9senter au nom du peuple alg\u00e9rien. Ces \u00e9lus, d\u00e9sign\u00e9s par un coll\u00e8ge \u00e9lectoral\u2026","rel":"","context":"Dans &quot;presse&quot;","block_context":{"text":"presse","link":"https:\/\/sinedjib.com\/index.php\/category\/presse\/"},"img":{"alt_text":"","src":"https:\/\/i0.wp.com\/sinedjib.com\/wp-content\/uploads\/2026\/04\/ikdam-1927.jpg?resize=350%2C200&ssl=1","width":350,"height":200,"srcset":"https:\/\/i0.wp.com\/sinedjib.com\/wp-content\/uploads\/2026\/04\/ikdam-1927.jpg?resize=350%2C200&ssl=1 1x, https:\/\/i0.wp.com\/sinedjib.com\/wp-content\/uploads\/2026\/04\/ikdam-1927.jpg?resize=525%2C300&ssl=1 1.5x, https:\/\/i0.wp.com\/sinedjib.com\/wp-content\/uploads\/2026\/04\/ikdam-1927.jpg?resize=700%2C400&ssl=1 2x, https:\/\/i0.wp.com\/sinedjib.com\/wp-content\/uploads\/2026\/04\/ikdam-1927.jpg?resize=1050%2C600&ssl=1 3x, https:\/\/i0.wp.com\/sinedjib.com\/wp-content\/uploads\/2026\/04\/ikdam-1927.jpg?resize=1400%2C800&ssl=1 4x"},"classes":[]},{"id":420,"url":"https:\/\/sinedjib.com\/index.php\/2015\/05\/08\/mosquee-de-paris\/","url_meta":{"origin":28670,"position":2},"title":"Moulay Youssef va inaugurer la Mosqu\u00e9e de Paris","author":"Nedjib Sidi Moussa","date":"08\/05\/2015","format":false,"excerpt":"Article paru dans L'Humanit\u00e9, 15 juillet 1926 LA REPRESENTATION CONTINUE... Mais les travailleurs indig\u00e8nes protestent \u00e0 la Grange-aux-Belles contre l'union sacr\u00e9e des oppresseurs Le sultan tra\u00eetre au peuple marocain qu'il a livr\u00e9 au capitalisme europ\u00e9en continue ses exhibitions carnavalesques. Aujourd'hui, il inaugure la mosqu\u00e9e de Paris. Cependant que des milliers\u2026","rel":"","context":"Dans &quot;presse&quot;","block_context":{"text":"presse","link":"https:\/\/sinedjib.com\/index.php\/category\/presse\/"},"img":{"alt_text":"","src":"https:\/\/i0.wp.com\/sinedjib.com\/wp-content\/uploads\/2015\/05\/LHumanit%C3%A9-15-juillet-1926.png?resize=350%2C200&ssl=1","width":350,"height":200},"classes":[]},{"id":28662,"url":"https:\/\/sinedjib.com\/index.php\/2026\/04\/26\/lettre-de-letoile-nord-africaine-au-ministre-de-linterieur\/","url_meta":{"origin":28670,"position":3},"title":"Lettre de \u00ab\u00a0l&rsquo;Etoile Nord-Africaine\u00a0\u00bb au Ministre de l&rsquo;Int\u00e9rieur","author":"SiNedjib","date":"26\/04\/2026","format":false,"excerpt":"Lettre de la Commission ex\u00e9cutive de l'Etoile Nord-Africaine parue dans La Lutte Sociale, journal du Parti Communiste de la R\u00e9gion Alg\u00e9rienne, n\u00b0 411, 4 septembre 1926 ; parue dans sa version int\u00e9grale dans L'Humanit\u00e9, 25 ao\u00fbt 1926 Nous avons re\u00e7u de l' \u00ab Etoile Nord-Africaine \u00bb, association des musulmans alg\u00e9riens,\u2026","rel":"","context":"Dans &quot;presse&quot;","block_context":{"text":"presse","link":"https:\/\/sinedjib.com\/index.php\/category\/presse\/"},"img":{"alt_text":"","src":"https:\/\/i0.wp.com\/sinedjib.com\/wp-content\/uploads\/2026\/04\/La-Lutte-sociale-4-septembre-1926.jpg?resize=350%2C200&ssl=1","width":350,"height":200,"srcset":"https:\/\/i0.wp.com\/sinedjib.com\/wp-content\/uploads\/2026\/04\/La-Lutte-sociale-4-septembre-1926.jpg?resize=350%2C200&ssl=1 1x, https:\/\/i0.wp.com\/sinedjib.com\/wp-content\/uploads\/2026\/04\/La-Lutte-sociale-4-septembre-1926.jpg?resize=525%2C300&ssl=1 1.5x, https:\/\/i0.wp.com\/sinedjib.com\/wp-content\/uploads\/2026\/04\/La-Lutte-sociale-4-septembre-1926.jpg?resize=700%2C400&ssl=1 2x, https:\/\/i0.wp.com\/sinedjib.com\/wp-content\/uploads\/2026\/04\/La-Lutte-sociale-4-septembre-1926.jpg?resize=1050%2C600&ssl=1 3x, https:\/\/i0.wp.com\/sinedjib.com\/wp-content\/uploads\/2026\/04\/La-Lutte-sociale-4-septembre-1926.jpg?resize=1400%2C800&ssl=1 4x"},"classes":[]},{"id":41,"url":"https:\/\/sinedjib.com\/index.php\/2012\/10\/29\/simone-weil-ces-membres-palpitants-de-la-patrie-1938\/","url_meta":{"origin":28670,"position":4},"title":"Simone Weil\u00a0: \u00ab\u00a0Ces membres palpitants de la patrie\u00a0\u00bb","author":"Nedjib Sidi Moussa","date":"29\/10\/2012","format":false,"excerpt":"J'ai choisi de partager ce texte de la philosophe fran\u00e7aise Simone Weil (1909-1943) dans lequel elle prend position contre la dissolution de l'Etoile nord-africaine (ENA) par le gouvernement de Front populaire. L'ENA, dirig\u00e9e par Messali Hadj, est surtout pr\u00e9sente dans l'\u00e9migration alg\u00e9rienne en France et repr\u00e9sente le courant politique le\u2026","rel":"","context":"Dans &quot;\u00e9vocations&quot;","block_context":{"text":"\u00e9vocations","link":"https:\/\/sinedjib.com\/index.php\/category\/evocations\/"},"img":{"alt_text":"","src":"","width":0,"height":0},"classes":[]},{"id":28575,"url":"https:\/\/sinedjib.com\/index.php\/2026\/04\/11\/notre-objectif-unique-lindependance-nationale-espoir-supreme-et-supreme-salut\/","url_meta":{"origin":28670,"position":5},"title":"Notre objectif unique : l&rsquo;Ind\u00e9pendance Nationale. Espoir supr\u00eame et supr\u00eame salut","author":"SiNedjib","date":"11\/04\/2026","format":false,"excerpt":"Article de Chedly Khairallah paru dans L'Ikdam nord-africain, n\u00b0 3, ao\u00fbt-septembre 1927 ; suivi de \"Le banquet de l'Etoile nord-africaine\" par Mustapha Pendant les s\u00e9ances du congr\u00e8s anti-colonial de Bruxelles, nous avons assist\u00e9 - de la part de la presse r\u00e9actionnaire - \u00e0 une v\u00e9ritable conspiration du silence. Les envoy\u00e9s\u2026","rel":"","context":"Dans &quot;presse&quot;","block_context":{"text":"presse","link":"https:\/\/sinedjib.com\/index.php\/category\/presse\/"},"img":{"alt_text":"","src":"https:\/\/i0.wp.com\/sinedjib.com\/wp-content\/uploads\/2026\/04\/ikdam-1927-3b.jpg?resize=350%2C200&ssl=1","width":350,"height":200,"srcset":"https:\/\/i0.wp.com\/sinedjib.com\/wp-content\/uploads\/2026\/04\/ikdam-1927-3b.jpg?resize=350%2C200&ssl=1 1x, https:\/\/i0.wp.com\/sinedjib.com\/wp-content\/uploads\/2026\/04\/ikdam-1927-3b.jpg?resize=525%2C300&ssl=1 1.5x, https:\/\/i0.wp.com\/sinedjib.com\/wp-content\/uploads\/2026\/04\/ikdam-1927-3b.jpg?resize=700%2C400&ssl=1 2x, https:\/\/i0.wp.com\/sinedjib.com\/wp-content\/uploads\/2026\/04\/ikdam-1927-3b.jpg?resize=1050%2C600&ssl=1 3x, https:\/\/i0.wp.com\/sinedjib.com\/wp-content\/uploads\/2026\/04\/ikdam-1927-3b.jpg?resize=1400%2C800&ssl=1 4x"},"classes":[]}],"_links":{"self":[{"href":"https:\/\/sinedjib.com\/index.php\/wp-json\/wp\/v2\/posts\/28670","targetHints":{"allow":["GET"]}}],"collection":[{"href":"https:\/\/sinedjib.com\/index.php\/wp-json\/wp\/v2\/posts"}],"about":[{"href":"https:\/\/sinedjib.com\/index.php\/wp-json\/wp\/v2\/types\/post"}],"author":[{"embeddable":true,"href":"https:\/\/sinedjib.com\/index.php\/wp-json\/wp\/v2\/users\/1"}],"replies":[{"embeddable":true,"href":"https:\/\/sinedjib.com\/index.php\/wp-json\/wp\/v2\/comments?post=28670"}],"version-history":[{"count":1,"href":"https:\/\/sinedjib.com\/index.php\/wp-json\/wp\/v2\/posts\/28670\/revisions"}],"predecessor-version":[{"id":28673,"href":"https:\/\/sinedjib.com\/index.php\/wp-json\/wp\/v2\/posts\/28670\/revisions\/28673"}],"wp:attachment":[{"href":"https:\/\/sinedjib.com\/index.php\/wp-json\/wp\/v2\/media?parent=28670"}],"wp:term":[{"taxonomy":"category","embeddable":true,"href":"https:\/\/sinedjib.com\/index.php\/wp-json\/wp\/v2\/categories?post=28670"},{"taxonomy":"post_tag","embeddable":true,"href":"https:\/\/sinedjib.com\/index.php\/wp-json\/wp\/v2\/tags?post=28670"}],"curies":[{"name":"wp","href":"https:\/\/api.w.org\/{rel}","templated":true}]}}