{"id":28674,"date":"2026-04-28T10:22:16","date_gmt":"2026-04-28T08:22:16","guid":{"rendered":"https:\/\/sinedjib.com\/?p=28674"},"modified":"2026-04-28T10:22:16","modified_gmt":"2026-04-28T08:22:16","slug":"letoile-nord-africaine-est-poursuivie","status":"publish","type":"post","link":"https:\/\/sinedjib.com\/index.php\/2026\/04\/28\/letoile-nord-africaine-est-poursuivie\/","title":{"rendered":"L&rsquo;Etoile Nord-Africaine est poursuivie !"},"content":{"rendered":"\n<p><strong>Article paru dans <em>La Lutte Sociale<\/em>, organe bi-mensuel du Parti Communiste Alg\u00e9rien, Nouvelle s\u00e9rie, 25e ann\u00e9e, n\u00b0 13, du 1er au 15 novembre 1934<\/strong><\/p>\n\n\n<div class=\"wp-block-image\">\n<figure class=\"aligncenter size-large\"><img data-recalc-dims=\"1\" loading=\"lazy\" decoding=\"async\" width=\"580\" height=\"143\" data-attachment-id=\"28675\" data-permalink=\"https:\/\/sinedjib.com\/index.php\/2026\/04\/28\/letoile-nord-africaine-est-poursuivie\/la-lutte-sociale-1er-novembre-1934\/\" data-orig-file=\"https:\/\/i0.wp.com\/sinedjib.com\/wp-content\/uploads\/2026\/04\/La-Lutte-sociale-1er-novembre-1934.jpg?fit=1688%2C417&amp;ssl=1\" data-orig-size=\"1688,417\" data-comments-opened=\"0\" data-image-meta=\"{&quot;aperture&quot;:&quot;0&quot;,&quot;credit&quot;:&quot;&quot;,&quot;camera&quot;:&quot;&quot;,&quot;caption&quot;:&quot;&quot;,&quot;created_timestamp&quot;:&quot;0&quot;,&quot;copyright&quot;:&quot;&quot;,&quot;focal_length&quot;:&quot;0&quot;,&quot;iso&quot;:&quot;0&quot;,&quot;shutter_speed&quot;:&quot;0&quot;,&quot;title&quot;:&quot;&quot;,&quot;orientation&quot;:&quot;0&quot;}\" data-image-title=\"La Lutte sociale 1er novembre 1934\" data-image-description=\"\" data-image-caption=\"\" data-large-file=\"https:\/\/i0.wp.com\/sinedjib.com\/wp-content\/uploads\/2026\/04\/La-Lutte-sociale-1er-novembre-1934.jpg?fit=580%2C143&amp;ssl=1\" src=\"https:\/\/i0.wp.com\/sinedjib.com\/wp-content\/uploads\/2026\/04\/La-Lutte-sociale-1er-novembre-1934.jpg?resize=580%2C143&#038;ssl=1\" alt=\"\" class=\"wp-image-28675\" srcset=\"https:\/\/i0.wp.com\/sinedjib.com\/wp-content\/uploads\/2026\/04\/La-Lutte-sociale-1er-novembre-1934.jpg?resize=1024%2C253&amp;ssl=1 1024w, https:\/\/i0.wp.com\/sinedjib.com\/wp-content\/uploads\/2026\/04\/La-Lutte-sociale-1er-novembre-1934.jpg?resize=300%2C74&amp;ssl=1 300w, https:\/\/i0.wp.com\/sinedjib.com\/wp-content\/uploads\/2026\/04\/La-Lutte-sociale-1er-novembre-1934.jpg?resize=768%2C190&amp;ssl=1 768w, https:\/\/i0.wp.com\/sinedjib.com\/wp-content\/uploads\/2026\/04\/La-Lutte-sociale-1er-novembre-1934.jpg?resize=1536%2C379&amp;ssl=1 1536w, https:\/\/i0.wp.com\/sinedjib.com\/wp-content\/uploads\/2026\/04\/La-Lutte-sociale-1er-novembre-1934.jpg?resize=1200%2C296&amp;ssl=1 1200w, https:\/\/i0.wp.com\/sinedjib.com\/wp-content\/uploads\/2026\/04\/La-Lutte-sociale-1er-novembre-1934.jpg?w=1688&amp;ssl=1 1688w\" sizes=\"auto, (max-width: 580px) 100vw, 580px\" \/><\/figure>\n<\/div>\n\n\n<p>Apr\u00e8s les poursuites contre les dirigeants de l&rsquo;Etoile Nord-Africaine et la dissolution de cette organisation, un autre groupement s&rsquo;\u00e9tait constitu\u00e9 sous le nom de la \u00ab Glorieuse Etoile Nord-Africaine \u00bb.<\/p>\n\n\n\n<!--more-->\n\n\n\n<p>Le journal <em>El Ouma<\/em> \u00e9tant l&rsquo;organe de cette association, la direction du journal <em>El Ouma<\/em> tient \u00e0 protester avec la derni\u00e8re \u00e9nergie contre l&rsquo;attitude du gouvernement fran\u00e7ais et nous prie de joindre notre protestation \u00e0 la sienne contre l&rsquo;interdiction du meeting projet\u00e9 pour le samedi, 13 octobre.<\/p>\n\n\n\n<p>Elle nous communique la protestation ci-dessous :<\/p>\n\n\n\n<blockquote class=\"wp-block-quote is-layout-flow wp-block-quote-is-layout-flow\">\n<p>Ce meeting, pour lequel une d\u00e9marche avait \u00e9t\u00e9 effectu\u00e9e huit jours auparavant aupr\u00e8s de la Pr\u00e9fecture de police, n&rsquo;a \u00e9t\u00e9 interdit que deux heures avant sa tenue.<\/p>\n\n\n\n<p>Cette interdiction, qui est la troisi\u00e8me en quelques mois, d\u00e9montre clairement le b\u00e2illon m\u00eame au milieu du peuple fran\u00e7ais et de continuer sa politique d&rsquo;oppression en vertu de l&rsquo;odieux Code de l&rsquo;indig\u00e9nat, sous lequel nous g\u00e9missons toujours, en d\u00e9pit des promesses cyniquement reni\u00e9es. Cela nous prouve, une fois de plus, que les sentiments de droit et justice dont la France se d\u00e9clare le champion, ne nous concernent pas et que les musulmans nord-africains sont syst\u00e9matiquement \u00e9cart\u00e9s de tous droits auxquels ils aspirent et vou\u00e9s \u00e0 demeurer sous la botte de la tyrannie colonialiste.<\/p>\n\n\n\n<p>D&rsquo;autre part, le fait d&rsquo;interdire nos r\u00e9unions \u00e0 la derni\u00e8re minute pr\u00e9sente un danger dont la gravit\u00e9 n&rsquo;\u00e9chappe \u00e0 personne.<\/p>\n\n\n\n<p>En effet, en nous laissant dans l&rsquo;ignorance de leurs d\u00e9cisions, les chefs responsables du Gouvernement ont risqu\u00e9 \u00e0 plusieurs reprises de provoquer des bagarres entre la police avec son habituelle brutalit\u00e9, et nos compatriotes que nous ne pouvons pr\u00e9venir et que cette police bouscule, fouille ou arr\u00eate sans raison, allant m\u00eame jusqu&rsquo;\u00e0 emp\u00eacher notre service d&rsquo;ordre de refouler lui-m\u00eame nos co-religionnaires, dont l&rsquo;admirable sang-froid ne r\u00e9ussit pas a calmer l&rsquo;ardeur polici\u00e8re. A quoi tend le but du Gouvernement en agissant ainsi ? esp\u00e8re-t-il faire reculer ce mouvement de revendications et continuer \u00e0 nous maintenir en \u00e9tat d&rsquo;esclavage perp\u00e9tuel ? Nous pouvons assurer ceux qui l&rsquo;esp\u00e8rent que le peuple est d\u00e9cid\u00e9 \u00e0 briser ses cha\u00eenes et arracher ses droits coute que coute. Les lois d&rsquo;exceptions n&rsquo;arr\u00eateront pas un peuple d\u00e9cid\u00e9 \u00e0 \u00eatre libre. Nous faisons appel \u00e0 l&rsquo;opinion publique, aux hommes de bonne foi, au peuple fran\u00e7ais jaloux de sa libert\u00e9, de protester avec nous et de nous aider \u00e0 abolir cette tyrannie s\u00e9culaire. \u00bb<\/p>\n<\/blockquote>\n\n\n\n<p>Nous apprenons par ailleurs que les dirigeants de la \u00ab Glorieuse Etoile Nord-Africaine \u00bb sont poursuivis pour  reconstitution ill\u00e9gale d&rsquo;association.<\/p>\n\n\n\n<p>L&rsquo;affaire viendra devant la 14e Chambre, \u00e0 Paris. Me Jean Longuet, d\u00e9put\u00e9 socialiste, d\u00e9fendra les inculp\u00e9s. Au moment o\u00f9 ces poursuites \u00e9taient engag\u00e9es, les organisations r\u00e9volutionnaires parisiennes, soucieuses de d\u00e9fendre les libert\u00e9s d\u00e9mocratiques et de les imposer en faveur des travailleurs nord-africains, mettait ses salles \u00e0 la disposition de l&rsquo;Etoile Nord-Africaine.<\/p>\n\n\n\n<p>Vendredi, 26 octobre, au cours du compte-rendu de la d\u00e9l\u00e9gation ouvri\u00e8re d&rsquo;enqu\u00eate \u00e0 Constantine, organis\u00e9e par le Secours International Rouge, \u00e0 la salle de la Maison des Syndicats, rue de la Grange-aux-Belles, deux orateurs de l&rsquo;Etoile Nord-Africaine, Messali et Radjef, prenaient la parole aux c\u00f4t\u00e9s de Me Hajje, avocat du S. R. I., le d\u00e9put\u00e9 communiste Monjauvis, tous deux de retour de Constantine, de L\u00e9o Wanner, de la Ligue Antiimp\u00e9rialiste, de Sellem, des Amis d&rsquo;El Amel, et de A\u00eftaly, de la Ligue de d\u00e9fense des musulmans Alg\u00e9riens.<\/p>\n\n\n\n<p>Il faut regretter que les r\u00e9ticences de certains dirigeants de l&rsquo;Etoile Nord-Africaine, en ce qui concerne l&rsquo;organisation de l&rsquo;action commun en faveur des inculp\u00e9s de Constantine, leur attitude sectaire envers le mouvement ouvrier fran\u00e7ais ait abouti \u00e0 l&rsquo;isolement de nombreux travailleurs nord-africains de la r\u00e9gion parisienne et facilit\u00e9 les coups de la r\u00e9pression imp\u00e9rialiste.<\/p>\n\n\n\n<p>Nous souhaitons que la le\u00e7on ne sera pas oubli\u00e9e et que les dirigeants de l&rsquo;Etoile Nord-Africaine favorables \u00e0 un rapprochement avec le mouvement ouvrier r\u00e9volutionnaire, feront triompher leurs vues au sein de leur organisation. Le r\u00e9cent meeting de la rue Grange-aux-Belles autorise ces espoirs.<\/p>\n\n\n\n<p>Le parti Communiste appelle ses organisations \u00e0 protester contre la dissolution et les poursuites envers l&rsquo;Etoile Nord-Africaine et \u00e0 organiser l&rsquo;action commune avec les sections de cette organisation contre la r\u00e9pression imp\u00e9rialiste, pour l&rsquo;abandon des poursuites, pour le droit d&rsquo;organisation aux travailleurs nord-africains, pour la suppression de l&rsquo;office de mouchardage de la rue Lecomte \u00ab commune mixte \u00bb \u00e0 Paris, contre l&rsquo;odieux Code de l&rsquo;indig\u00e9nat.<\/p>\n\n\n\n<p><\/p>\n","protected":false},"excerpt":{"rendered":"<p>Article paru dans La Lutte Sociale, organe bi-mensuel du Parti Communiste Alg\u00e9rien, Nouvelle s\u00e9rie, 25e ann\u00e9e, n\u00b0 13, du 1er au 15 novembre 1934 Apr\u00e8s les poursuites contre les dirigeants de l&rsquo;Etoile Nord-Africaine et la dissolution de cette organisation, un autre groupement s&rsquo;\u00e9tait constitu\u00e9 sous le nom de la \u00ab Glorieuse Etoile Nord-Africaine \u00bb.<\/p>\n","protected":false},"author":1,"featured_media":0,"comment_status":"closed","ping_status":"","sticky":false,"template":"","format":"standard","meta":{"jetpack_post_was_ever_published":false,"_jetpack_newsletter_access":"","_jetpack_dont_email_post_to_subs":false,"_jetpack_newsletter_tier_id":0,"_jetpack_memberships_contains_paywalled_content":false,"_jetpack_memberships_contains_paid_content":false,"footnotes":""},"categories":[8],"tags":[22,112,138,409,457,1583,909,1005,1094],"class_list":["post-28674","post","type-post","status-publish","format-standard","hentry","category-presse","tag-22","tag-algerie","tag-anticolonialisme","tag-etoile-nord-africaine","tag-france","tag-la-lutte-sociale","tag-parti-communiste-algerien","tag-repression","tag-solidarite"],"jetpack_featured_media_url":"","jetpack_sharing_enabled":true,"jetpack_shortlink":"https:\/\/wp.me\/p9lTYU-7su","jetpack_likes_enabled":true,"jetpack-related-posts":[{"id":420,"url":"https:\/\/sinedjib.com\/index.php\/2015\/05\/08\/mosquee-de-paris\/","url_meta":{"origin":28674,"position":0},"title":"Moulay Youssef va inaugurer la Mosqu\u00e9e de Paris","author":"Nedjib Sidi Moussa","date":"08\/05\/2015","format":false,"excerpt":"Article paru dans L'Humanit\u00e9, 15 juillet 1926 LA REPRESENTATION CONTINUE... Mais les travailleurs indig\u00e8nes protestent \u00e0 la Grange-aux-Belles contre l'union sacr\u00e9e des oppresseurs Le sultan tra\u00eetre au peuple marocain qu'il a livr\u00e9 au capitalisme europ\u00e9en continue ses exhibitions carnavalesques. Aujourd'hui, il inaugure la mosqu\u00e9e de Paris. Cependant que des milliers\u2026","rel":"","context":"Dans &quot;presse&quot;","block_context":{"text":"presse","link":"https:\/\/sinedjib.com\/index.php\/category\/presse\/"},"img":{"alt_text":"","src":"https:\/\/i0.wp.com\/sinedjib.com\/wp-content\/uploads\/2015\/05\/LHumanit%C3%A9-15-juillet-1926.png?resize=350%2C200&ssl=1","width":350,"height":200},"classes":[]},{"id":28670,"url":"https:\/\/sinedjib.com\/index.php\/2026\/04\/27\/un-appel-de-letoile-nord-africaine-respectez-nos-maigres-droits\/","url_meta":{"origin":28674,"position":1},"title":"Un appel de l&rsquo;Etoile Nord-Africaine : Respectez nos maigres droits","author":"SiNedjib","date":"27\/04\/2026","format":false,"excerpt":"Appel de l'Etoile Nord-Africaine paru dans La Lutte Sociale, n\u00b0 451, 22 avril 1927 ; suivi d'une lettre de l'Etoile Nord-Africaine parue dans L'Humanit\u00e9, 17 mai 1927 Une nouvelle restriction vient d'\u00eatre apport\u00e9e aux droits politiques, d\u00e9j\u00e0 si minimes, des indig\u00e8nes alg\u00e9riens. Un arr\u00eat\u00e9 du Conseil d'Etat d\u00e9clare non \u00e9ligibles\u2026","rel":"","context":"Dans &quot;presse&quot;","block_context":{"text":"presse","link":"https:\/\/sinedjib.com\/index.php\/category\/presse\/"},"img":{"alt_text":"","src":"https:\/\/i0.wp.com\/sinedjib.com\/wp-content\/uploads\/2026\/04\/La-Lutte-Sociale-22-avril-1927.jpg?resize=350%2C200&ssl=1","width":350,"height":200,"srcset":"https:\/\/i0.wp.com\/sinedjib.com\/wp-content\/uploads\/2026\/04\/La-Lutte-Sociale-22-avril-1927.jpg?resize=350%2C200&ssl=1 1x, https:\/\/i0.wp.com\/sinedjib.com\/wp-content\/uploads\/2026\/04\/La-Lutte-Sociale-22-avril-1927.jpg?resize=525%2C300&ssl=1 1.5x, https:\/\/i0.wp.com\/sinedjib.com\/wp-content\/uploads\/2026\/04\/La-Lutte-Sociale-22-avril-1927.jpg?resize=700%2C400&ssl=1 2x, https:\/\/i0.wp.com\/sinedjib.com\/wp-content\/uploads\/2026\/04\/La-Lutte-Sociale-22-avril-1927.jpg?resize=1050%2C600&ssl=1 3x, https:\/\/i0.wp.com\/sinedjib.com\/wp-content\/uploads\/2026\/04\/La-Lutte-Sociale-22-avril-1927.jpg?resize=1400%2C800&ssl=1 4x"},"classes":[]},{"id":28603,"url":"https:\/\/sinedjib.com\/index.php\/2026\/04\/16\/manifeste-contre-la-representation-au-parlement-francais-pour-un-parlement-algerien\/","url_meta":{"origin":28674,"position":2},"title":"Manifeste : Contre la repr\u00e9sentation au parlement fran\u00e7ais, pour un parlement alg\u00e9rien","author":"SiNedjib","date":"16\/04\/2026","format":false,"excerpt":"Manifeste paru dans L'Ikdam, organe de l'Etoile nord-africaine, n\u00b0 1, d\u00e9cembre 1927 [lacunes en raison de la mauvaise qualit\u00e9 du document original] Une d\u00e9l\u00e9gation d'\u00e9lus alg\u00e9riens vient \u00e0 Paris soumettre au Parlement fran\u00e7ais des revendications qu'elle pr\u00e9tend pr\u00e9senter au nom du peuple alg\u00e9rien. Ces \u00e9lus, d\u00e9sign\u00e9s par un coll\u00e8ge \u00e9lectoral\u2026","rel":"","context":"Dans &quot;presse&quot;","block_context":{"text":"presse","link":"https:\/\/sinedjib.com\/index.php\/category\/presse\/"},"img":{"alt_text":"","src":"https:\/\/i0.wp.com\/sinedjib.com\/wp-content\/uploads\/2026\/04\/ikdam-1927.jpg?resize=350%2C200&ssl=1","width":350,"height":200,"srcset":"https:\/\/i0.wp.com\/sinedjib.com\/wp-content\/uploads\/2026\/04\/ikdam-1927.jpg?resize=350%2C200&ssl=1 1x, https:\/\/i0.wp.com\/sinedjib.com\/wp-content\/uploads\/2026\/04\/ikdam-1927.jpg?resize=525%2C300&ssl=1 1.5x, https:\/\/i0.wp.com\/sinedjib.com\/wp-content\/uploads\/2026\/04\/ikdam-1927.jpg?resize=700%2C400&ssl=1 2x, https:\/\/i0.wp.com\/sinedjib.com\/wp-content\/uploads\/2026\/04\/ikdam-1927.jpg?resize=1050%2C600&ssl=1 3x, https:\/\/i0.wp.com\/sinedjib.com\/wp-content\/uploads\/2026\/04\/ikdam-1927.jpg?resize=1400%2C800&ssl=1 4x"},"classes":[]},{"id":28633,"url":"https:\/\/sinedjib.com\/index.php\/2026\/04\/20\/resserrons-les-liens-qui-nous-unissent-avec-les-travailleurs-francais\/","url_meta":{"origin":28674,"position":3},"title":"Resserrons les liens qui nous unissent avec les travailleurs fran\u00e7ais !","author":"SiNedjib","date":"20\/04\/2026","format":false,"excerpt":"Article paru dans El Amel, organe des travailleurs nord-africains, n\u00b0 8, janvier 1935 ; suivi de \"La condamnation inique de Radjef Belkacem\" La lutte contre la r\u00e9pression Ob\u00e9issant aux injonctions de la presse bourgeoise et colonialiste, le gouvernement imp\u00e9rialiste fran\u00e7ais a interdit trois meetings de travailleurs coloniaux organis\u00e9s par l'Etoile\u2026","rel":"","context":"Dans &quot;presse&quot;","block_context":{"text":"presse","link":"https:\/\/sinedjib.com\/index.php\/category\/presse\/"},"img":{"alt_text":"","src":"https:\/\/i0.wp.com\/sinedjib.com\/wp-content\/uploads\/2026\/04\/El-Amel-janvier-1935.jpg?resize=350%2C200&ssl=1","width":350,"height":200,"srcset":"https:\/\/i0.wp.com\/sinedjib.com\/wp-content\/uploads\/2026\/04\/El-Amel-janvier-1935.jpg?resize=350%2C200&ssl=1 1x, https:\/\/i0.wp.com\/sinedjib.com\/wp-content\/uploads\/2026\/04\/El-Amel-janvier-1935.jpg?resize=525%2C300&ssl=1 1.5x, https:\/\/i0.wp.com\/sinedjib.com\/wp-content\/uploads\/2026\/04\/El-Amel-janvier-1935.jpg?resize=700%2C400&ssl=1 2x"},"classes":[]},{"id":28662,"url":"https:\/\/sinedjib.com\/index.php\/2026\/04\/26\/lettre-de-letoile-nord-africaine-au-ministre-de-linterieur\/","url_meta":{"origin":28674,"position":4},"title":"Lettre de \u00ab\u00a0l&rsquo;Etoile Nord-Africaine\u00a0\u00bb au Ministre de l&rsquo;Int\u00e9rieur","author":"SiNedjib","date":"26\/04\/2026","format":false,"excerpt":"Lettre de la Commission ex\u00e9cutive de l'Etoile Nord-Africaine parue dans La Lutte Sociale, journal du Parti Communiste de la R\u00e9gion Alg\u00e9rienne, n\u00b0 411, 4 septembre 1926 ; parue dans sa version int\u00e9grale dans L'Humanit\u00e9, 25 ao\u00fbt 1926 Nous avons re\u00e7u de l' \u00ab Etoile Nord-Africaine \u00bb, association des musulmans alg\u00e9riens,\u2026","rel":"","context":"Dans &quot;presse&quot;","block_context":{"text":"presse","link":"https:\/\/sinedjib.com\/index.php\/category\/presse\/"},"img":{"alt_text":"","src":"https:\/\/i0.wp.com\/sinedjib.com\/wp-content\/uploads\/2026\/04\/La-Lutte-sociale-4-septembre-1926.jpg?resize=350%2C200&ssl=1","width":350,"height":200,"srcset":"https:\/\/i0.wp.com\/sinedjib.com\/wp-content\/uploads\/2026\/04\/La-Lutte-sociale-4-septembre-1926.jpg?resize=350%2C200&ssl=1 1x, https:\/\/i0.wp.com\/sinedjib.com\/wp-content\/uploads\/2026\/04\/La-Lutte-sociale-4-septembre-1926.jpg?resize=525%2C300&ssl=1 1.5x, https:\/\/i0.wp.com\/sinedjib.com\/wp-content\/uploads\/2026\/04\/La-Lutte-sociale-4-septembre-1926.jpg?resize=700%2C400&ssl=1 2x, https:\/\/i0.wp.com\/sinedjib.com\/wp-content\/uploads\/2026\/04\/La-Lutte-sociale-4-septembre-1926.jpg?resize=1050%2C600&ssl=1 3x, https:\/\/i0.wp.com\/sinedjib.com\/wp-content\/uploads\/2026\/04\/La-Lutte-sociale-4-septembre-1926.jpg?resize=1400%2C800&ssl=1 4x"},"classes":[]},{"id":28625,"url":"https:\/\/sinedjib.com\/index.php\/2026\/04\/18\/centenaire-de-letoile-nord-africaine-colloque-a-paris-samedi-25-avril-a-13h30\/","url_meta":{"origin":28674,"position":5},"title":"Centenaire de l&rsquo;Etoile nord-africaine : colloque \u00e0 Paris, samedi 25 avril \u00e0 13h30","author":"SiNedjib","date":"18\/04\/2026","format":false,"excerpt":"J'aurai l'honneur de participer au colloque pour le centenaire de l'Etoile nord-africaine qui se tiendra \u00e0 la Bourse du travail de Paris (29, boulevard du Temple 75003) le samedi 25 avril de 13h30 \u00e0 18h. J'interviendrai \u00e0 14h dans le cadre de la table ronde mod\u00e9r\u00e9e par Nasser Kettane, pr\u00e9sident\u2026","rel":"","context":"Dans &quot;communications&quot;","block_context":{"text":"communications","link":"https:\/\/sinedjib.com\/index.php\/category\/communications\/"},"img":{"alt_text":"","src":"https:\/\/i0.wp.com\/sinedjib.com\/wp-content\/uploads\/2026\/04\/colloque-ENA-2026.jpg?resize=350%2C200&ssl=1","width":350,"height":200,"srcset":"https:\/\/i0.wp.com\/sinedjib.com\/wp-content\/uploads\/2026\/04\/colloque-ENA-2026.jpg?resize=350%2C200&ssl=1 1x, https:\/\/i0.wp.com\/sinedjib.com\/wp-content\/uploads\/2026\/04\/colloque-ENA-2026.jpg?resize=525%2C300&ssl=1 1.5x"},"classes":[]}],"_links":{"self":[{"href":"https:\/\/sinedjib.com\/index.php\/wp-json\/wp\/v2\/posts\/28674","targetHints":{"allow":["GET"]}}],"collection":[{"href":"https:\/\/sinedjib.com\/index.php\/wp-json\/wp\/v2\/posts"}],"about":[{"href":"https:\/\/sinedjib.com\/index.php\/wp-json\/wp\/v2\/types\/post"}],"author":[{"embeddable":true,"href":"https:\/\/sinedjib.com\/index.php\/wp-json\/wp\/v2\/users\/1"}],"replies":[{"embeddable":true,"href":"https:\/\/sinedjib.com\/index.php\/wp-json\/wp\/v2\/comments?post=28674"}],"version-history":[{"count":1,"href":"https:\/\/sinedjib.com\/index.php\/wp-json\/wp\/v2\/posts\/28674\/revisions"}],"predecessor-version":[{"id":28676,"href":"https:\/\/sinedjib.com\/index.php\/wp-json\/wp\/v2\/posts\/28674\/revisions\/28676"}],"wp:attachment":[{"href":"https:\/\/sinedjib.com\/index.php\/wp-json\/wp\/v2\/media?parent=28674"}],"wp:term":[{"taxonomy":"category","embeddable":true,"href":"https:\/\/sinedjib.com\/index.php\/wp-json\/wp\/v2\/categories?post=28674"},{"taxonomy":"post_tag","embeddable":true,"href":"https:\/\/sinedjib.com\/index.php\/wp-json\/wp\/v2\/tags?post=28674"}],"curies":[{"name":"wp","href":"https:\/\/api.w.org\/{rel}","templated":true}]}}