{"id":28678,"date":"2026-04-29T13:44:30","date_gmt":"2026-04-29T11:44:30","guid":{"rendered":"https:\/\/sinedjib.com\/?p=28678"},"modified":"2026-04-29T13:45:30","modified_gmt":"2026-04-29T11:45:30","slug":"letoile-nord-africaine-injustement-poursuivie-vient-dadresser-a-toutes-les-organisations-du-front-populaire-la-lettre-suivante","status":"publish","type":"post","link":"https:\/\/sinedjib.com\/index.php\/2026\/04\/29\/letoile-nord-africaine-injustement-poursuivie-vient-dadresser-a-toutes-les-organisations-du-front-populaire-la-lettre-suivante\/","title":{"rendered":"L&rsquo;\u00c9toile Nord-Africaine injustement poursuivie vient d&rsquo;adresser \u00e0 toutes les Organisations du Front Populaire la Lettre suivante :"},"content":{"rendered":"\n<p><strong>Lettre de l&rsquo;Etoile Nord-Africaine parue dans <em>L&rsquo;Alg\u00e9rie Ouvri\u00e8re<\/em>, Organe des Travailleurs de l&rsquo;Afrique du Nord, publi\u00e9 sous le contr\u00f4le des Syndicats R\u00e9unifi\u00e9s d&rsquo;Alg\u00e9rie, Nouvelle S\u00e9rie, n\u00b0 105, du 21 janvier au 7 f\u00e9vrier 1936<\/strong><\/p>\n\n\n\n<figure class=\"wp-block-image size-large\"><img data-recalc-dims=\"1\" loading=\"lazy\" decoding=\"async\" width=\"580\" height=\"176\" data-attachment-id=\"28679\" data-permalink=\"https:\/\/sinedjib.com\/index.php\/2026\/04\/29\/letoile-nord-africaine-injustement-poursuivie-vient-dadresser-a-toutes-les-organisations-du-front-populaire-la-lettre-suivante\/lalgerie-ouvriere-1936\/\" data-orig-file=\"https:\/\/i0.wp.com\/sinedjib.com\/wp-content\/uploads\/2026\/04\/LAlgerie-ouvriere-1936.jpg?fit=1442%2C437&amp;ssl=1\" data-orig-size=\"1442,437\" data-comments-opened=\"0\" data-image-meta=\"{&quot;aperture&quot;:&quot;0&quot;,&quot;credit&quot;:&quot;&quot;,&quot;camera&quot;:&quot;&quot;,&quot;caption&quot;:&quot;&quot;,&quot;created_timestamp&quot;:&quot;0&quot;,&quot;copyright&quot;:&quot;&quot;,&quot;focal_length&quot;:&quot;0&quot;,&quot;iso&quot;:&quot;0&quot;,&quot;shutter_speed&quot;:&quot;0&quot;,&quot;title&quot;:&quot;&quot;,&quot;orientation&quot;:&quot;1&quot;}\" data-image-title=\"L&amp;rsquo;Alg\u00e9rie ouvri\u00e8re 1936\" data-image-description=\"\" data-image-caption=\"\" data-large-file=\"https:\/\/i0.wp.com\/sinedjib.com\/wp-content\/uploads\/2026\/04\/LAlgerie-ouvriere-1936.jpg?fit=580%2C176&amp;ssl=1\" src=\"https:\/\/i0.wp.com\/sinedjib.com\/wp-content\/uploads\/2026\/04\/LAlgerie-ouvriere-1936.jpg?resize=580%2C176&#038;ssl=1\" alt=\"\" class=\"wp-image-28679\" srcset=\"https:\/\/i0.wp.com\/sinedjib.com\/wp-content\/uploads\/2026\/04\/LAlgerie-ouvriere-1936.jpg?resize=1024%2C310&amp;ssl=1 1024w, https:\/\/i0.wp.com\/sinedjib.com\/wp-content\/uploads\/2026\/04\/LAlgerie-ouvriere-1936.jpg?resize=300%2C91&amp;ssl=1 300w, https:\/\/i0.wp.com\/sinedjib.com\/wp-content\/uploads\/2026\/04\/LAlgerie-ouvriere-1936.jpg?resize=768%2C233&amp;ssl=1 768w, https:\/\/i0.wp.com\/sinedjib.com\/wp-content\/uploads\/2026\/04\/LAlgerie-ouvriere-1936.jpg?resize=1200%2C364&amp;ssl=1 1200w, https:\/\/i0.wp.com\/sinedjib.com\/wp-content\/uploads\/2026\/04\/LAlgerie-ouvriere-1936.jpg?w=1442&amp;ssl=1 1442w\" sizes=\"auto, (max-width: 580px) 100vw, 580px\" \/><\/figure>\n\n\n\n<p class=\"has-text-align-center\">ETOILE NORD-AFRICAINE<br>Association des Musulmans Alg\u00e9riens, Tunisiens et Marocains<br>19, rue Daguerre &#8211; PARIS<\/p>\n\n\n\n<hr class=\"wp-block-separator has-alpha-channel-opacity\"\/>\n\n\n\n<p>Le Gouvernement LAVAL complice des factieux, et ennemi du Peuple, vient de lancer une poursuite en dissolution contre l&rsquo;ETOILE NORD-AFRICAINE.<\/p>\n\n\n\n<!--more-->\n\n\n\n<p>Le r\u00e9quisitoire du Procureur de la R\u00e9publique introduisant l&rsquo;action en dissolution aupr\u00e8s du Pr\u00e9sident du Tribunal civil de la Seine, se base sur plusieurs d\u00e9crets, entre autres sur le d\u00e9cret-loi du mois d&rsquo;Octobre dernier, que Monsieur LAVAL pr\u00e9tend avoir pris pour juguler les factieux. En fait de factieux, il commence par s&rsquo;attaquer \u00e0 une organisation prol\u00e9tarienne groupant les travailleurs Nord-Africains et qui a particip\u00e9 activement au Front populaire et au rassemblement du 14 Juillet.<\/p>\n\n\n\n<p>L&rsquo;ETOILE NORD-AFRICAINE qui a pour t\u00e2che d&rsquo;\u00e9duquer et de d\u00e9fendre les Nord-Africains, a d\u00e9fil\u00e9 \u00e0 la t\u00eate de 7 000 Alg\u00e9riens, Tunisiens et Marocains, de la Place de la Bastille \u00e0 la Porte de Vincennes. Elle a pr\u00eat\u00e9 serment de rester unie au Front Populaire, et de d\u00e9fendre le pain, la paix, la libert\u00e9 menac\u00e9s par les factieux. Pendant son d\u00e9fil\u00e9, elle a cri\u00e9 aussi \u00ab Lib\u00e9rez les Colonies \u00bb et les masses ouvri\u00e8res l&rsquo;ont applaudie et soutenue de leur sympathie.<\/p>\n\n\n\n<p>Le Procureur de la R\u00e9publique lui reproche de \u00ab porter atteinte \u00e0 l&rsquo;int\u00e9grit\u00e9 du territoire national \u00bb parce qu&rsquo;elle \u0153uvre pour l&rsquo;\u00e9mancipation de l&rsquo;Afrique du Nord. Les organisations du Front Populaire qui ont soutenu et soutiennent le peuple Ethiopien dans sa lutte contre l&rsquo;agresseur fasciste ne peuvent refuser aux Nord-Africains l&rsquo;espoir de s&rsquo;\u00e9manciper un jour et de mettre fin au r\u00e9gime odieux de la colonisation, g\u00e9n\u00e9rateur de guerre, de mis\u00e8re et d&rsquo;ignorance. \u00ab Un peuple qui opprime un autre n&rsquo;est pas libre \u00bb et ceux qui exploitent les colonis\u00e9s sont ceux qui exploitent le peuple fran\u00e7ais.<\/p>\n\n\n\n<p>LAVAL complice de tous les factieux, s&rsquo;attaque d&rsquo;abord \u00e0 une organisation de colonis\u00e9s, qu&rsquo;il juge plus vuln\u00e9rable et qui a le tort d&rsquo;appartenir au Front Populaire.<\/p>\n\n\n\n<p>Les mesures qu&rsquo;il pr\u00e9tend destin\u00e9es aux factieux, il les applique \u00e0 une organisation prol\u00e9tarienne.<\/p>\n\n\n\n<p>Nous mettons en garde les organisations du Front Populaire, qui peuvent n\u00e9gliger la port\u00e9e de cette attaque parce qu&rsquo;elle atteint une organisation de colonis\u00e9s.<\/p>\n\n\n\n<p>Aussi l&rsquo;ETOILE NORD-AFRICAINE les invite-t-elle \u00e0 protester par des ordres du jour et par tous les moyens contre cette premi\u00e8re application des lois r\u00e9serv\u00e9es aux factieux.<\/p>\n\n\n\n<p class=\"has-text-align-right\">L&rsquo;ETOILE NORD-AFRICAINE.<br>19 Rue Daguerre &#8211; PARIS (14e)<\/p>\n","protected":false},"excerpt":{"rendered":"<p>Lettre de l&rsquo;Etoile Nord-Africaine parue dans L&rsquo;Alg\u00e9rie Ouvri\u00e8re, Organe des Travailleurs de l&rsquo;Afrique du Nord, publi\u00e9 sous le contr\u00f4le des Syndicats R\u00e9unifi\u00e9s d&rsquo;Alg\u00e9rie, Nouvelle S\u00e9rie, n\u00b0 105, du 21 janvier au 7 f\u00e9vrier 1936 ETOILE NORD-AFRICAINEAssociation des Musulmans Alg\u00e9riens, Tunisiens et Marocains19, rue Daguerre &#8211; PARIS Le Gouvernement LAVAL complice des factieux, et ennemi du [&hellip;]<\/p>\n","protected":false},"author":1,"featured_media":0,"comment_status":"closed","ping_status":"","sticky":false,"template":"","format":"standard","meta":{"jetpack_post_was_ever_published":false,"_jetpack_newsletter_access":"","_jetpack_dont_email_post_to_subs":false,"_jetpack_newsletter_tier_id":0,"_jetpack_memberships_contains_paywalled_content":false,"_jetpack_memberships_contains_paid_content":false,"footnotes":""},"categories":[8],"tags":[23,112,138,409,457,474,6022,1005,1116],"class_list":["post-28678","post","type-post","status-publish","format-standard","hentry","category-presse","tag-23","tag-algerie","tag-anticolonialisme","tag-etoile-nord-africaine","tag-france","tag-front-populaire","tag-lalgerie-ouvriere","tag-repression","tag-syndicalisme"],"jetpack_featured_media_url":"","jetpack_sharing_enabled":true,"jetpack_shortlink":"https:\/\/wp.me\/p9lTYU-7sy","jetpack_likes_enabled":true,"jetpack-related-posts":[{"id":28670,"url":"https:\/\/sinedjib.com\/index.php\/2026\/04\/27\/un-appel-de-letoile-nord-africaine-respectez-nos-maigres-droits\/","url_meta":{"origin":28678,"position":0},"title":"Un appel de l&rsquo;Etoile Nord-Africaine : Respectez nos maigres droits","author":"SiNedjib","date":"27\/04\/2026","format":false,"excerpt":"Appel de l'Etoile Nord-Africaine paru dans La Lutte Sociale, n\u00b0 451, 22 avril 1927 ; suivi d'une lettre de l'Etoile Nord-Africaine parue dans L'Humanit\u00e9, 17 mai 1927 Une nouvelle restriction vient d'\u00eatre apport\u00e9e aux droits politiques, d\u00e9j\u00e0 si minimes, des indig\u00e8nes alg\u00e9riens. Un arr\u00eat\u00e9 du Conseil d'Etat d\u00e9clare non \u00e9ligibles\u2026","rel":"","context":"Dans &quot;presse&quot;","block_context":{"text":"presse","link":"https:\/\/sinedjib.com\/index.php\/category\/presse\/"},"img":{"alt_text":"","src":"https:\/\/i0.wp.com\/sinedjib.com\/wp-content\/uploads\/2026\/04\/La-Lutte-Sociale-22-avril-1927.jpg?resize=350%2C200&ssl=1","width":350,"height":200,"srcset":"https:\/\/i0.wp.com\/sinedjib.com\/wp-content\/uploads\/2026\/04\/La-Lutte-Sociale-22-avril-1927.jpg?resize=350%2C200&ssl=1 1x, https:\/\/i0.wp.com\/sinedjib.com\/wp-content\/uploads\/2026\/04\/La-Lutte-Sociale-22-avril-1927.jpg?resize=525%2C300&ssl=1 1.5x, https:\/\/i0.wp.com\/sinedjib.com\/wp-content\/uploads\/2026\/04\/La-Lutte-Sociale-22-avril-1927.jpg?resize=700%2C400&ssl=1 2x, https:\/\/i0.wp.com\/sinedjib.com\/wp-content\/uploads\/2026\/04\/La-Lutte-Sociale-22-avril-1927.jpg?resize=1050%2C600&ssl=1 3x, https:\/\/i0.wp.com\/sinedjib.com\/wp-content\/uploads\/2026\/04\/La-Lutte-Sociale-22-avril-1927.jpg?resize=1400%2C800&ssl=1 4x"},"classes":[]},{"id":28662,"url":"https:\/\/sinedjib.com\/index.php\/2026\/04\/26\/lettre-de-letoile-nord-africaine-au-ministre-de-linterieur\/","url_meta":{"origin":28678,"position":1},"title":"Lettre de \u00ab\u00a0l&rsquo;Etoile Nord-Africaine\u00a0\u00bb au Ministre de l&rsquo;Int\u00e9rieur","author":"SiNedjib","date":"26\/04\/2026","format":false,"excerpt":"Lettre de la Commission ex\u00e9cutive de l'Etoile Nord-Africaine parue dans La Lutte Sociale, journal du Parti Communiste de la R\u00e9gion Alg\u00e9rienne, n\u00b0 411, 4 septembre 1926 ; parue dans sa version int\u00e9grale dans L'Humanit\u00e9, 25 ao\u00fbt 1926 Nous avons re\u00e7u de l' \u00ab Etoile Nord-Africaine \u00bb, association des musulmans alg\u00e9riens,\u2026","rel":"","context":"Dans &quot;presse&quot;","block_context":{"text":"presse","link":"https:\/\/sinedjib.com\/index.php\/category\/presse\/"},"img":{"alt_text":"","src":"https:\/\/i0.wp.com\/sinedjib.com\/wp-content\/uploads\/2026\/04\/La-Lutte-sociale-4-septembre-1926.jpg?resize=350%2C200&ssl=1","width":350,"height":200,"srcset":"https:\/\/i0.wp.com\/sinedjib.com\/wp-content\/uploads\/2026\/04\/La-Lutte-sociale-4-septembre-1926.jpg?resize=350%2C200&ssl=1 1x, https:\/\/i0.wp.com\/sinedjib.com\/wp-content\/uploads\/2026\/04\/La-Lutte-sociale-4-septembre-1926.jpg?resize=525%2C300&ssl=1 1.5x, https:\/\/i0.wp.com\/sinedjib.com\/wp-content\/uploads\/2026\/04\/La-Lutte-sociale-4-septembre-1926.jpg?resize=700%2C400&ssl=1 2x, https:\/\/i0.wp.com\/sinedjib.com\/wp-content\/uploads\/2026\/04\/La-Lutte-sociale-4-septembre-1926.jpg?resize=1050%2C600&ssl=1 3x, https:\/\/i0.wp.com\/sinedjib.com\/wp-content\/uploads\/2026\/04\/La-Lutte-sociale-4-septembre-1926.jpg?resize=1400%2C800&ssl=1 4x"},"classes":[]},{"id":28674,"url":"https:\/\/sinedjib.com\/index.php\/2026\/04\/28\/letoile-nord-africaine-est-poursuivie\/","url_meta":{"origin":28678,"position":2},"title":"L&rsquo;Etoile Nord-Africaine est poursuivie !","author":"SiNedjib","date":"28\/04\/2026","format":false,"excerpt":"Article paru dans La Lutte Sociale, organe bi-mensuel du Parti Communiste Alg\u00e9rien, Nouvelle s\u00e9rie, 25e ann\u00e9e, n\u00b0 13, du 1er au 15 novembre 1934 Apr\u00e8s les poursuites contre les dirigeants de l'Etoile Nord-Africaine et la dissolution de cette organisation, un autre groupement s'\u00e9tait constitu\u00e9 sous le nom de la \u00ab\u2026","rel":"","context":"Dans &quot;presse&quot;","block_context":{"text":"presse","link":"https:\/\/sinedjib.com\/index.php\/category\/presse\/"},"img":{"alt_text":"","src":"https:\/\/i0.wp.com\/sinedjib.com\/wp-content\/uploads\/2026\/04\/La-Lutte-sociale-1er-novembre-1934.jpg?resize=350%2C200&ssl=1","width":350,"height":200,"srcset":"https:\/\/i0.wp.com\/sinedjib.com\/wp-content\/uploads\/2026\/04\/La-Lutte-sociale-1er-novembre-1934.jpg?resize=350%2C200&ssl=1 1x, https:\/\/i0.wp.com\/sinedjib.com\/wp-content\/uploads\/2026\/04\/La-Lutte-sociale-1er-novembre-1934.jpg?resize=525%2C300&ssl=1 1.5x, https:\/\/i0.wp.com\/sinedjib.com\/wp-content\/uploads\/2026\/04\/La-Lutte-sociale-1er-novembre-1934.jpg?resize=700%2C400&ssl=1 2x, https:\/\/i0.wp.com\/sinedjib.com\/wp-content\/uploads\/2026\/04\/La-Lutte-sociale-1er-novembre-1934.jpg?resize=1050%2C600&ssl=1 3x, https:\/\/i0.wp.com\/sinedjib.com\/wp-content\/uploads\/2026\/04\/La-Lutte-sociale-1er-novembre-1934.jpg?resize=1400%2C800&ssl=1 4x"},"classes":[]},{"id":28625,"url":"https:\/\/sinedjib.com\/index.php\/2026\/04\/18\/centenaire-de-letoile-nord-africaine-colloque-a-paris-samedi-25-avril-a-13h30\/","url_meta":{"origin":28678,"position":3},"title":"Centenaire de l&rsquo;Etoile nord-africaine : colloque \u00e0 Paris, samedi 25 avril \u00e0 13h30","author":"SiNedjib","date":"18\/04\/2026","format":false,"excerpt":"J'aurai l'honneur de participer au colloque pour le centenaire de l'Etoile nord-africaine qui se tiendra \u00e0 la Bourse du travail de Paris (29, boulevard du Temple 75003) le samedi 25 avril de 13h30 \u00e0 18h. J'interviendrai \u00e0 14h dans le cadre de la table ronde mod\u00e9r\u00e9e par Nasser Kettane, pr\u00e9sident\u2026","rel":"","context":"Dans &quot;communications&quot;","block_context":{"text":"communications","link":"https:\/\/sinedjib.com\/index.php\/category\/communications\/"},"img":{"alt_text":"","src":"https:\/\/i0.wp.com\/sinedjib.com\/wp-content\/uploads\/2026\/04\/colloque-ENA-2026.jpg?resize=350%2C200&ssl=1","width":350,"height":200,"srcset":"https:\/\/i0.wp.com\/sinedjib.com\/wp-content\/uploads\/2026\/04\/colloque-ENA-2026.jpg?resize=350%2C200&ssl=1 1x, https:\/\/i0.wp.com\/sinedjib.com\/wp-content\/uploads\/2026\/04\/colloque-ENA-2026.jpg?resize=525%2C300&ssl=1 1.5x"},"classes":[]},{"id":28603,"url":"https:\/\/sinedjib.com\/index.php\/2026\/04\/16\/manifeste-contre-la-representation-au-parlement-francais-pour-un-parlement-algerien\/","url_meta":{"origin":28678,"position":4},"title":"Manifeste : Contre la repr\u00e9sentation au parlement fran\u00e7ais, pour un parlement alg\u00e9rien","author":"SiNedjib","date":"16\/04\/2026","format":false,"excerpt":"Manifeste paru dans L'Ikdam, organe de l'Etoile nord-africaine, n\u00b0 1, d\u00e9cembre 1927 [lacunes en raison de la mauvaise qualit\u00e9 du document original] Une d\u00e9l\u00e9gation d'\u00e9lus alg\u00e9riens vient \u00e0 Paris soumettre au Parlement fran\u00e7ais des revendications qu'elle pr\u00e9tend pr\u00e9senter au nom du peuple alg\u00e9rien. Ces \u00e9lus, d\u00e9sign\u00e9s par un coll\u00e8ge \u00e9lectoral\u2026","rel":"","context":"Dans &quot;presse&quot;","block_context":{"text":"presse","link":"https:\/\/sinedjib.com\/index.php\/category\/presse\/"},"img":{"alt_text":"","src":"https:\/\/i0.wp.com\/sinedjib.com\/wp-content\/uploads\/2026\/04\/ikdam-1927.jpg?resize=350%2C200&ssl=1","width":350,"height":200,"srcset":"https:\/\/i0.wp.com\/sinedjib.com\/wp-content\/uploads\/2026\/04\/ikdam-1927.jpg?resize=350%2C200&ssl=1 1x, https:\/\/i0.wp.com\/sinedjib.com\/wp-content\/uploads\/2026\/04\/ikdam-1927.jpg?resize=525%2C300&ssl=1 1.5x, https:\/\/i0.wp.com\/sinedjib.com\/wp-content\/uploads\/2026\/04\/ikdam-1927.jpg?resize=700%2C400&ssl=1 2x, https:\/\/i0.wp.com\/sinedjib.com\/wp-content\/uploads\/2026\/04\/ikdam-1927.jpg?resize=1050%2C600&ssl=1 3x, https:\/\/i0.wp.com\/sinedjib.com\/wp-content\/uploads\/2026\/04\/ikdam-1927.jpg?resize=1400%2C800&ssl=1 4x"},"classes":[]},{"id":28569,"url":"https:\/\/sinedjib.com\/index.php\/2026\/04\/10\/nos-delegues-au-congres-de-bruxelles-ont-rendu-compte-de-leur-mandat\/","url_meta":{"origin":28678,"position":5},"title":"Nos d\u00e9l\u00e9gu\u00e9s au Congr\u00e8s de Bruxelles ont rendu compte de leur mandat","author":"SiNedjib","date":"10\/04\/2026","format":false,"excerpt":"Article paru dans L'Ikdam nord-africain, n\u00b0 1, mai 1927 ; suivi de \"Un appel de l'Etoile \u00e0 l'opinion fran\u00e7aise\" Au cours du mois dernier, l'Etoile Nord-Africaine a tenu un grand meeting pour permettre \u00e0 ses d\u00e9l\u00e9gu\u00e9s au Congr\u00e8s de Bruxelles de rendre compte de leur mission. Apr\u00e8s lecture du rapport\u2026","rel":"","context":"Dans &quot;presse&quot;","block_context":{"text":"presse","link":"https:\/\/sinedjib.com\/index.php\/category\/presse\/"},"img":{"alt_text":"","src":"https:\/\/i0.wp.com\/sinedjib.com\/wp-content\/uploads\/2026\/04\/Likdam-nord-africain-1927b.jpg?resize=350%2C200&ssl=1","width":350,"height":200,"srcset":"https:\/\/i0.wp.com\/sinedjib.com\/wp-content\/uploads\/2026\/04\/Likdam-nord-africain-1927b.jpg?resize=350%2C200&ssl=1 1x, https:\/\/i0.wp.com\/sinedjib.com\/wp-content\/uploads\/2026\/04\/Likdam-nord-africain-1927b.jpg?resize=525%2C300&ssl=1 1.5x, https:\/\/i0.wp.com\/sinedjib.com\/wp-content\/uploads\/2026\/04\/Likdam-nord-africain-1927b.jpg?resize=700%2C400&ssl=1 2x, https:\/\/i0.wp.com\/sinedjib.com\/wp-content\/uploads\/2026\/04\/Likdam-nord-africain-1927b.jpg?resize=1050%2C600&ssl=1 3x, https:\/\/i0.wp.com\/sinedjib.com\/wp-content\/uploads\/2026\/04\/Likdam-nord-africain-1927b.jpg?resize=1400%2C800&ssl=1 4x"},"classes":[]}],"_links":{"self":[{"href":"https:\/\/sinedjib.com\/index.php\/wp-json\/wp\/v2\/posts\/28678","targetHints":{"allow":["GET"]}}],"collection":[{"href":"https:\/\/sinedjib.com\/index.php\/wp-json\/wp\/v2\/posts"}],"about":[{"href":"https:\/\/sinedjib.com\/index.php\/wp-json\/wp\/v2\/types\/post"}],"author":[{"embeddable":true,"href":"https:\/\/sinedjib.com\/index.php\/wp-json\/wp\/v2\/users\/1"}],"replies":[{"embeddable":true,"href":"https:\/\/sinedjib.com\/index.php\/wp-json\/wp\/v2\/comments?post=28678"}],"version-history":[{"count":3,"href":"https:\/\/sinedjib.com\/index.php\/wp-json\/wp\/v2\/posts\/28678\/revisions"}],"predecessor-version":[{"id":28682,"href":"https:\/\/sinedjib.com\/index.php\/wp-json\/wp\/v2\/posts\/28678\/revisions\/28682"}],"wp:attachment":[{"href":"https:\/\/sinedjib.com\/index.php\/wp-json\/wp\/v2\/media?parent=28678"}],"wp:term":[{"taxonomy":"category","embeddable":true,"href":"https:\/\/sinedjib.com\/index.php\/wp-json\/wp\/v2\/categories?post=28678"},{"taxonomy":"post_tag","embeddable":true,"href":"https:\/\/sinedjib.com\/index.php\/wp-json\/wp\/v2\/tags?post=28678"}],"curies":[{"name":"wp","href":"https:\/\/api.w.org\/{rel}","templated":true}]}}