{"id":28683,"date":"2026-04-30T12:43:46","date_gmt":"2026-04-30T10:43:46","guid":{"rendered":"https:\/\/sinedjib.com\/?p=28683"},"modified":"2026-04-30T12:43:46","modified_gmt":"2026-04-30T10:43:46","slug":"le-malaise-algerien-au-club-du-faubourg","status":"publish","type":"post","link":"https:\/\/sinedjib.com\/index.php\/2026\/04\/30\/le-malaise-algerien-au-club-du-faubourg\/","title":{"rendered":"Le Malaise Alg\u00e9rien au Club du Faubourg"},"content":{"rendered":"\n<p><strong>Article sign\u00e9 Naceur paru dans <em>El Ouma<\/em>, n\u00b0 39, mars-avril 1936<\/strong><\/p>\n\n\n<div class=\"wp-block-image\">\n<figure class=\"aligncenter size-large\"><img data-recalc-dims=\"1\" loading=\"lazy\" decoding=\"async\" width=\"580\" height=\"190\" data-attachment-id=\"28684\" data-permalink=\"https:\/\/sinedjib.com\/index.php\/2026\/04\/30\/le-malaise-algerien-au-club-du-faubourg\/el-ouma-mars-avril-1936\/\" data-orig-file=\"https:\/\/i0.wp.com\/sinedjib.com\/wp-content\/uploads\/2026\/04\/El-Ouma-mars-avril-1936.jpg?fit=1603%2C524&amp;ssl=1\" data-orig-size=\"1603,524\" data-comments-opened=\"0\" data-image-meta=\"{&quot;aperture&quot;:&quot;0&quot;,&quot;credit&quot;:&quot;&quot;,&quot;camera&quot;:&quot;&quot;,&quot;caption&quot;:&quot;&quot;,&quot;created_timestamp&quot;:&quot;0&quot;,&quot;copyright&quot;:&quot;&quot;,&quot;focal_length&quot;:&quot;0&quot;,&quot;iso&quot;:&quot;0&quot;,&quot;shutter_speed&quot;:&quot;0&quot;,&quot;title&quot;:&quot;&quot;,&quot;orientation&quot;:&quot;1&quot;}\" data-image-title=\"El Ouma mars-avril 1936\" data-image-description=\"\" data-image-caption=\"\" data-large-file=\"https:\/\/i0.wp.com\/sinedjib.com\/wp-content\/uploads\/2026\/04\/El-Ouma-mars-avril-1936.jpg?fit=580%2C190&amp;ssl=1\" src=\"https:\/\/i0.wp.com\/sinedjib.com\/wp-content\/uploads\/2026\/04\/El-Ouma-mars-avril-1936.jpg?resize=580%2C190&#038;ssl=1\" alt=\"\" class=\"wp-image-28684\" srcset=\"https:\/\/i0.wp.com\/sinedjib.com\/wp-content\/uploads\/2026\/04\/El-Ouma-mars-avril-1936.jpg?resize=1024%2C335&amp;ssl=1 1024w, https:\/\/i0.wp.com\/sinedjib.com\/wp-content\/uploads\/2026\/04\/El-Ouma-mars-avril-1936.jpg?resize=300%2C98&amp;ssl=1 300w, https:\/\/i0.wp.com\/sinedjib.com\/wp-content\/uploads\/2026\/04\/El-Ouma-mars-avril-1936.jpg?resize=768%2C251&amp;ssl=1 768w, https:\/\/i0.wp.com\/sinedjib.com\/wp-content\/uploads\/2026\/04\/El-Ouma-mars-avril-1936.jpg?resize=1536%2C502&amp;ssl=1 1536w, https:\/\/i0.wp.com\/sinedjib.com\/wp-content\/uploads\/2026\/04\/El-Ouma-mars-avril-1936.jpg?resize=1200%2C392&amp;ssl=1 1200w, https:\/\/i0.wp.com\/sinedjib.com\/wp-content\/uploads\/2026\/04\/El-Ouma-mars-avril-1936.jpg?w=1603&amp;ssl=1 1603w\" sizes=\"auto, (max-width: 580px) 100vw, 580px\" \/><\/figure>\n<\/div>\n\n\n<p>Leo Pold\u00e8s, l&rsquo;actif directeur du Club du Faubourg, avait organis\u00e9, le mercredi 18 mars, un d\u00e9bat sur le malaise alg\u00e9rien. <\/p>\n\n\n\n<p><em>L&rsquo;Etoile Nord-Africaine<\/em>, toujours \u00e0 la pointe du combat quand il s&rsquo;agit de d\u00e9fendre les Nords-Africains, avait d\u00e9l\u00e9gu\u00e9 le Docteur Ben Sliman pour exposer son point de vue sur la question.<\/p>\n\n\n\n<!--more-->\n\n\n\n<p>Beaucoup de Nord-Africains assistaient \u00e0 cette r\u00e9union. Il y avait l\u00e0 aussi tous les mercenaires et les \u00e9crivaillons de la presse coloniale et de la presse quotidienne \u00e0 la d\u00e9votion des profiteurs et des suceurs de sang des colonies. Quelques Fran\u00e7ais d&rsquo;Alg\u00e9rie, qui se feront remarquer par leurs hurlements contre la d\u00e9claration de notre d\u00e9l\u00e9gu\u00e9 et quelques curieux, client\u00e8le fid\u00e8le du Club du Faubourg.<\/p>\n\n\n\n<p>Le d\u00e9bat, calme au d\u00e9but, deviendra de plus en plus passionn\u00e9 et, \u00e0 part quelques interruptions orchestr\u00e9es par des provocateurs et suivies par des inorganis\u00e9s, le d\u00e9bat, quoique passionn\u00e9, s&rsquo;est d\u00e9roul\u00e9 jusqu&rsquo;au bout, gr\u00e2ce \u00e0 la maestria de L\u00e9o Pold\u00e8s.<\/p>\n\n\n\n<p>Le premier orateur est le Docteur Ben Djelloul, qui lit un long discours o\u00f9 il parle de la situation des Alg\u00e9riens, de l&rsquo;indiff\u00e9rence des Fran\u00e7ais devant cette situation, du probl\u00e8me juif en Alg\u00e9rie et des \u00e9v\u00e9nements de Constantine, tout cela, malheureusement, dans un style un peu trop litt\u00e9raire. On s&rsquo;attendait \u00e0 plus d&rsquo;\u00e9nergie de la part du Dr Ben Djelloul.<\/p>\n\n\n\n<p>Apr\u00e8s le Dr Ben Djelloul, Bernard Lecache, pr\u00e9sident de la Ligue contre l&rsquo;Antis\u00e9mitisme, prend la parole et fait une bonne intervention qui contraste avec sa pr\u00e9c\u00e9dente intervention sur le probl\u00e8me juif en Afrique du Nord. Cela tient au dernier voyage qu&rsquo;il vient de faire dans notre pays et qui lui a ouvert les yeux sur la profondeur de la mis\u00e8re de nos fr\u00e8res.<\/p>\n\n\n\n<p>Apr\u00e8s les deux principaux orateurs inscrits au d\u00e9bat, la parole est donn\u00e9 au Dr Sa\u00e2dane, conseiller g\u00e9n\u00e9ral de Biskra, puis au Dr Ben Sliman, notre d\u00e9l\u00e9gu\u00e9 qui exposera le point de vue de l&rsquo;<em>Etoile Nord-Africaine<\/em>, sur le malaise alg\u00e9rien. Le Dr Ben Sliman, aussit\u00f4t sur la tribune, tous les Nord-Africains se lev\u00e8rent et salu\u00e8rent nationalement et applaudirent chaleureusement.<\/p>\n\n\n\n<p>Puis, commen\u00e7ant son expos\u00e9, il d\u00e9clare : <\/p>\n\n\n\n<blockquote class=\"wp-block-quote is-layout-flow wp-block-quote-is-layout-flow\">\n<p><em>Je viens exposer le point de vue de l&rsquo;<\/em>Etoile Nord-Africaine<em> sur le malaise alg\u00e9rien.<\/em><\/p>\n\n\n\n<p><em>Qu&rsquo;est-ce que l&rsquo;<\/em>Etoile Nord-Africaine<em> ? Une organisation qui groupe les travailleurs alg\u00e9riens, tunisiens et marocains \u00e9migr\u00e9s en France et qui a pour but leur \u00e9ducation politique pour leur permettre de travailler \u00e0 l&rsquo;\u00e9mancipation nationale et sociale de l&rsquo;Afrique du Nord.<\/em><\/p>\n\n\n\n<p><em>Elle d\u00e9fend aussi les Nord-Africains traqu\u00e9s par la rue Lecomte, les ch\u00f4meurs radi\u00e9s et tous ceux qui sont brim\u00e9s par l&rsquo;Administration.<\/em><\/p>\n\n\n\n<p><em>On a dit que l&rsquo;<\/em>Etoile Nord-Africaine<em> est une organisation antifran\u00e7aise et antijuive elle n&rsquo;est ni l&rsquo;une ni l&rsquo;autre, elle est anticolonialiste et antiimp\u00e9rialiste.<\/em><\/p>\n\n\n\n<p><em>Elle est pour l&rsquo;\u00e9mancipation nationale, pour l&rsquo;ind\u00e9pendance de l&rsquo;Alg\u00e9rie, car l&rsquo;Alg\u00e9rie existe, et, comme l&rsquo;a d\u00e9clar\u00e9 notre vaillant pr\u00e9sident Messali au Tribunal Civil de la Seine : \u00ab Au-del\u00e0 de la M\u00e9diterran\u00e9e, c&rsquo;est l&rsquo;Alg\u00e9rie qui appartient aux Alg\u00e9riens et qui est territoire alg\u00e9rien. L&rsquo;Alg\u00e9rie est bien en Afrique du Nord et la France en Europe. L&rsquo;Alg\u00e9rie a son pass\u00e9 historique, politique, elle a eu ses po\u00e8tes, ses historiens, ses g\u00e9ographes, et ceci, les Alg\u00e9riens le savent bien, et tous, nous travaillons pour donner \u00e0 notre pays sa v\u00e9ritable figure et tirer ce peuple de la mis\u00e8re et de l&rsquo;obscurantisme dans lequel il est plong\u00e9 apr\u00e8s un si\u00e8cle de colonisation. L&rsquo;Alg\u00e9rie n&rsquo;est pas fran\u00e7aise \u00bb.<\/em><\/p>\n<\/blockquote>\n\n\n\n<p>A ces derniers mots, les Nords-Africains applaudissent, les Fran\u00e7ais d&rsquo;Alg\u00e9rie et les supp\u00f4ts de la colonisation hurlent et les d\u00e9l\u00e9gu\u00e9s musulmans s&rsquo;agitent, tr\u00e8s d\u00e9sesp\u00e9r\u00e9s. Certains Fran\u00e7ais d&rsquo;Alg\u00e9rie crient : \u00ab Descendez cet \u00e9nergum\u00e8ne, on ne doit pas admettre des paroles semblables \u00bb. Quelques-uns somment le Dr Ben Djelloul d&rsquo;intervenir en lui criant : \u00ab Est-ce que vous admettez des paroles semblables, des paroles impies ? Qu&rsquo;est-ce que vous attendez pour intervenir ? \u00bb. Sur, ces injonctions, le Dr Ben Djelloul se l\u00e8ve et prouve ainsi qu&rsquo;il n&rsquo;a pas assez d&rsquo;exp\u00e9rience politique et m\u00eame de sang-froid. Il essaie de placer quelques mots qui se perdent dans le brouhaha et crie \u00e0 notre d\u00e9l\u00e9gu\u00e9 qu&rsquo;il n&rsquo;a pas le droit de parler ainsi. Mais le Dr Ben Sliman continue son discours et \u00e9vite ainsi un colloque malvenu qui aurait fait mauvaise impression sur la salle. L\u00e9o Pold\u00e8s r\u00e9tablit la situation en faisant observer qu&rsquo;\u00e0 la tribune du Club du Faubourg, chacun a le droit d&rsquo;exposer son point de vue. Les provocateurs des premiers rangs crient : \u00ab Vive la France ! \u00bb et notre d\u00e9l\u00e9gu\u00e9 les d\u00e9gonfle et d\u00e9joue leur provocation en reprenant leur cri :<\/p>\n\n\n\n<blockquote class=\"wp-block-quote is-layout-flow wp-block-quote-is-layout-flow\">\n<p><em>Oui ! Vive la France de la R\u00e9volution de 89 ! Vive la France des Droits de l&rsquo;Homme ! Vive la France r\u00e9publicaine et d\u00e9mocratique du Front Populaire, qui soutient les revendications des Alg\u00e9riens ! Vive le peuple fran\u00e7ais qui se solidarise avec le peuple nord-africain contre leurs exploiteurs communs ! Quant \u00e0 ceux qui ont cri\u00e9 : \u00ab Descendez cet \u00e9nergum\u00e8ne \u00bb, je leur dit : ce sont eux les \u00e9nergum\u00e8nes puisqu&rsquo;ils protestent contre une v\u00e9rit\u00e9 qui a \u00e9t\u00e9 dite devant le Tribunal Civil de la Seine par notre pr\u00e9sident, Messali.<\/em><\/p>\n<\/blockquote>\n\n\n\n<p>Apr\u00e8s mise au point, le Dr Ben Sliman continue l&rsquo;expos\u00e9 du point de vue de l&rsquo;<em>Etoile Nord-Africaine<\/em>.<\/p>\n\n\n\n<blockquote class=\"wp-block-quote is-layout-flow wp-block-quote-is-layout-flow\">\n<p><em>Nous sommes pour l&rsquo;\u00e9mancipation nationale parce que la colonisation que nous subissons depuis un si\u00e8cle n&rsquo;est pas une \u0153uvre humanitaire, ni un apostolat, ni l&rsquo;\u00e9ducation d&rsquo;un peuple mineur par un peuple majeur, mais l&rsquo;exploitation \u00e9conomique par l&rsquo;oppression politique. Cette exploitation \u00e9conomique, c&rsquo;est l&rsquo;expropriation des tribus et des propri\u00e9taires alg\u00e9riens, commenc\u00e9e avec la conqu\u00eate et qui a pris toutes les formes. Les domaines expropri\u00e9s, d&rsquo;une superficie de plusieurs milliers d&rsquo;hectares ont \u00e9t\u00e9 livr\u00e9s \u00e0 des concessionnaires ou \u00e0 des colons qu&rsquo;on a install\u00e9s pour faire du peuplement. En plus de ces expropriations, des imp\u00f4ts lourds frappent la masse alg\u00e9rienne qui ne profite pas du budget. Ces imp\u00f4ts serviront \u00e0 entretenir une arm\u00e9e de fonctionnaires, \u00e0 payer des subventions aux colons qu&rsquo;on installe et \u00e0 subventionner les P\u00e8res Blancs. Ces concessionnaires et ces colons trouvent aussi une main-d&rsquo;\u0153uvre \u00e0 bon march\u00e9. Les salaires des ouvriers alg\u00e9riens sont trop bas et il n&rsquo;existe pas de lois sociales ni d&rsquo;allocation de ch\u00f4mage, ni d&rsquo;indemnit\u00e9 familiale.<\/em><\/p>\n\n\n\n<p><em>Je ne cite que quelques exemples de cette exploitation g\u00e9n\u00e9ratrice de mis\u00e8re et de maladie. Les preuves ! Sur 60.000 conscrits indig\u00e8nes appel\u00e9s en 1921, 12.000 seulement avaient pu \u00eatre incorpor\u00e9s. C&rsquo;est la mis\u00e8re physiologique qui a fait du peuple alg\u00e9rien un peuple de d\u00e9bilit\u00e9s, en proie \u00e0 toutes les maladies.<\/em><\/p>\n\n\n\n<p><em>Mais cette exploitation \u00e9conomique ne r\u00e9sisterait pas \u00e0 l&rsquo;assaut d&rsquo;un peuple affam\u00e9 s&rsquo;il avait toutes ses libert\u00e9s.<\/em><\/p>\n\n\n\n<p><em>L&rsquo;Imp\u00e9rialisme assoit son exploitation \u00e9conomique sur l&rsquo;oppression politique.<\/em><\/p>\n\n\n\n<p><em>L&rsquo;instruction est insuffisante. Sur une population de 900.000 enfants d&rsquo;\u00e2ge scolaire, 76.000 seulement trouvent place dans les \u00e9coles qui existent. Plus de 800.000 enfants courent les rues.<\/em><\/p>\n\n\n\n<p><em>A c\u00f4t\u00e9 d&rsquo;une instruction donn\u00e9e au compte-goutte, aucune libert\u00e9 n&rsquo;existe, par suite du Code de l&rsquo;Indig\u00e9nat.<\/em><\/p>\n\n\n\n<p><em>Ce code enl\u00e8ve aux indig\u00e8nes tous les droits conf\u00e9r\u00e9s par les lois fran\u00e7aises, mais maintient, en les aggravant, les obligations qui en d\u00e9coulent. L&rsquo;Alg\u00e9rien n&rsquo;est pas citoyen fran\u00e7ais, mais sujet fran\u00e7ais.<\/em><\/p>\n\n\n\n<p><em>Le Code de l&rsquo;Indig\u00e9nat, c&rsquo;est le maintien du s\u00e9questre introduit en 1844 : en vertu de cette disposition, des communes indig\u00e8nes sont frapp\u00e9s de contributions collectives si un crime vient \u00e0 \u00eatre commis sur leur territoire sans que le coupable soit d\u00e9couvert.<\/em><\/p>\n\n\n\n<p><em>C&rsquo;est l&rsquo;interdiction aux indig\u00e8nes de se r\u00e9unir, de cr\u00e9er des institutions. C&rsquo;est l&rsquo;absence de la libert\u00e9 de voyage, c&rsquo;est les d\u00e9lits forestiers, c&rsquo;est la mise en surveillance sp\u00e9ciale dans les territoires du Sud, et j&rsquo;en passe d&rsquo;autres.<\/em><\/p>\n\n\n\n<p><em>Ainsi, ni libert\u00e9 de r\u00e9union, ni libert\u00e9 d&rsquo;association, ni libert\u00e9 de presse.<\/em><\/p>\n\n\n\n<p><em>En vertu de ce Code de l&rsquo;Indig\u00e9nat, plusieurs de nos militants de l&rsquo;Etoile Nord-Africaine et des militants communistes et syndicalistes sont dans le sud alg\u00e9rien, en plein d\u00e9sert, comme d&rsquo;ailleurs M. Peyrouton a son camp de concentration \u00e0 Bordj-le-B\u0153uf.<\/em><\/p>\n\n\n\n<p><em>Ainsi, la colonisation, comme je viens de vous l&rsquo;expliquer, n&rsquo;est pas une \u0153uvre humanitaire mais une affaire qui rapporte des b\u00e9n\u00e9fices.<\/em><\/p>\n\n\n\n<p><em>C&rsquo;est parce que nous sommes convaincus &#8211; et l&rsquo;histoire et l&rsquo;exp\u00e9rience d&rsquo;un si\u00e8cle en Alg\u00e9rie et ailleurs, l&rsquo;ont prouv\u00e9 &#8211; que la colonisation n&rsquo;est pas un apostolat mais une affaire commerciale qui rapporte des dividendes aux banquiers et aux capitalistes qui nous exploitent, qui fait vivre une multitude de parasites. C&rsquo;est parce que la situation du peuple alg\u00e9rien va en s&rsquo;aggravant de jour en jour que nous croyons sinc\u00e8rement que l&rsquo;\u00e9mancipation nationale est la premi\u00e8re \u00e9tape \u00e0 r\u00e9aliser et elle se fera par la suppression du r\u00e9gime colonial, par la suppression de la colonisation du peuple alg\u00e9rien, par une minorit\u00e9 \u00e9trang\u00e8re qui n&rsquo;a aucun sentiment de fraternit\u00e9 pour ce peuple.<\/em><\/p>\n\n\n\n<p><em>La suppression de la colonisation, la victoire qui sera remport\u00e9e sur ce r\u00e9gime inhumain remettra les destin\u00e9es de l&rsquo;Alg\u00e9rie entre les mains du peuple alg\u00e9rien.<\/em><\/p>\n\n\n\n<p><em>Et, \u00e0 ce moment, l&rsquo;argent qui allait \u00e0 toutes sortes de parasites sera employ\u00e9 pour construire des \u00e9coles o\u00f9 tous les enfants trouveront place, \u00e0 lutter par tous les moyens contre l&rsquo;ignorance, contre les maladies, contre toutes les vires laiss\u00e9es par le r\u00e9gime colonial.<\/em><\/p>\n\n\n\n<p><em>Le peuple alg\u00e9rien, ma\u00eetre de ses destin\u00e9es, mettra fin \u00e0 l&rsquo;oppression politique, et, dans une Alg\u00e9rie libre et ind\u00e9pendante, il n&rsquo;y aura ni juif, ni Fran\u00e7ais, ni indig\u00e8nes, mais des Alg\u00e9riens r\u00e9concili\u00e9s dans la libert\u00e9. Il y aura aussi, ce, jour-l\u00e0, comme l&rsquo;a dit notre vaillant pr\u00e9sident, Messali, du pain pour tout le monde et la libert\u00e9 pour tous.<\/em><\/p>\n\n\n\n<p><em>Mais avant d&rsquo;arriver \u00e0 ce jour lointain &#8211; qui viendra, que les colonialistes et leurs soutiens le veuillent ou non &#8211; en hommes du peuple qui vivent avec la r\u00e9alit\u00e9, pr\u00e8s de la r\u00e9alit\u00e9, nous avons compris que nous avons des revendications imm\u00e9diates pour la r\u00e9alisation desquelles nous luttons et nous appelons nos fr\u00e8res d&rsquo;Alg\u00e9rie \u00e0 lutter \u00e0 nos c\u00f4t\u00e9s. La r\u00e9alisation de ces revendications imm\u00e9diates nous permettra d&rsquo;aller de l&rsquo;avant, d&rsquo;arracher d&rsquo;autres libert\u00e9s et de tendre de jour en jour vers l&rsquo;\u00e9mancipation de notre pays.<\/em><\/p>\n\n\n\n<p><em>Ces revendications imm\u00e9diates, notre organisation, qui appartient au Front Populaire, et qui a d\u00e9fil\u00e9 le 14 juillet avec 7.000 de ses adh\u00e9rents, les a pr\u00e9sent\u00e9es au Comit\u00e9 National du Rassemblement Populaire.<\/em><\/p>\n\n\n\n<p><em>Pour la r\u00e9alisation de ces revendications humaines, nous faisons appel \u00e0 la solidarit\u00e9 de tous nos fr\u00e8res d&rsquo;Alg\u00e9rie et \u00e0 l&rsquo;appui du peuple fran\u00e7ais, imbu des immortels principes de 89 et qui a toujours \u00e9t\u00e9 aux c\u00f4t\u00e9s des peuples qui ont lutt\u00e9 pour leurs libert\u00e9s.<\/em><\/p>\n<\/blockquote>\n\n\n\n<p>Apr\u00e8s l&rsquo;intervention tr\u00e8s applaudie de notre d\u00e9l\u00e9gu\u00e9, la parole est donn\u00e9 \u00e0 Ferhat Abbas, qui se tire d&rsquo;affaire comme d&rsquo;habitude.<\/p>\n\n\n\n<p>Le dernier orateur est le s\u00e9nateur Violette, qui fait une intervention favorable aux Alg\u00e9riens, mais qui commet une erreur en appelant le d\u00e9l\u00e9gu\u00e9 de l&rsquo;<em>Etoile<\/em> l&rsquo;orateur communiste, ce qui soul\u00e8ve les protestations de nos fr\u00e8res nord-africains.<\/p>\n\n\n\n<p>En conclusion, les d\u00e9l\u00e9gu\u00e9s alg\u00e9riens ont d\u00e9\u00e7u nos compatriotes par leurs d\u00e9clarations exag\u00e9r\u00e9es de loyalisme et leurs craintes de toutes d\u00e9clarations nationales alg\u00e9riennes, par leur coalition, pendant la r\u00e9union, avec les Fran\u00e7ais d&rsquo;Alg\u00e9rie et les supp\u00f4ts de la colonisation contre le d\u00e9l\u00e9gu\u00e9 de l&rsquo;<em>Etoile Nord-Africaine<\/em>, par leur inexp\u00e9rience politique qui leur a fait prononcer des paroles malheureuses. La salle, hormis les provocateurs soudoy\u00e9s par la rue Lecomte assez nombreux et les inorganis\u00e9s, \u00e9tait divis\u00e9e en deux parties : les Nord-Africains, qui \u00e9taient la grande majorit\u00e9, sympathisant avec le d\u00e9l\u00e9gu\u00e9 de l&rsquo;<em>Etoile<\/em>, ce qui ne fit pas plaisir \u00e0 ces Messieurs, de l&rsquo;autre c\u00f4t\u00e9, les d\u00e9l\u00e9gu\u00e9s musulmans alg\u00e9riens, coalis\u00e9s avec les Fran\u00e7ais d&rsquo;Alg\u00e9rie et les supp\u00f4ts de la colonisation.<\/p>\n\n\n\n<p>Bonne soir\u00e9e pour l&rsquo;<em>Etoile<\/em>, car elle a ouvert les yeux \u00e0 plusieurs de nos fr\u00e8res.<\/p>\n\n\n\n<p class=\"has-text-align-right\">NACEUR.<\/p>\n\n\n\n<hr class=\"wp-block-separator has-alpha-channel-opacity\"\/>\n\n\n\n<p>N .- B. &#8211; Nous avons re\u00e7u d&rsquo;Alg\u00e9rie beaucoup de marques de sympathie pour notre intervention.<\/p>\n\n\n\n<p>Nous faisons remarquer \u00e0 l&rsquo;Entente que les dirigeants de l&rsquo;<em>Etoile<\/em> ne sont pas absents mais en prison et dans le Sud-Alg\u00e9rien, que le Dr Ben Sliman n&rsquo;est plus \u00e9tudiant et qu&rsquo;un Tunisien a le droit de d\u00e9fendre l&rsquo;Alg\u00e9rie.<\/p>\n","protected":false},"excerpt":{"rendered":"<p>Article sign\u00e9 Naceur paru dans El Ouma, n\u00b0 39, mars-avril 1936 Leo Pold\u00e8s, l&rsquo;actif directeur du Club du Faubourg, avait organis\u00e9, le mercredi 18 mars, un d\u00e9bat sur le malaise alg\u00e9rien. L&rsquo;Etoile Nord-Africaine, toujours \u00e0 la pointe du combat quand il s&rsquo;agit de d\u00e9fendre les Nords-Africains, avait d\u00e9l\u00e9gu\u00e9 le Docteur Ben Sliman pour exposer son [&hellip;]<\/p>\n","protected":false},"author":1,"featured_media":0,"comment_status":"closed","ping_status":"","sticky":false,"template":"","format":"standard","meta":{"jetpack_post_was_ever_published":false,"_jetpack_newsletter_access":"","_jetpack_dont_email_post_to_subs":false,"_jetpack_newsletter_tier_id":0,"_jetpack_memberships_contains_paywalled_content":false,"_jetpack_memberships_contains_paid_content":false,"footnotes":""},"categories":[8],"tags":[23,112,138,6025,380,409,457,6023,858,6024],"class_list":["post-28683","post","type-post","status-publish","format-standard","hentry","category-presse","tag-23","tag-algerie","tag-anticolonialisme","tag-club-du-faubourg","tag-el-ouma","tag-etoile-nord-africaine","tag-france","tag-naceur","tag-nationalisme","tag-sliman-ben-sliman"],"jetpack_featured_media_url":"","jetpack_sharing_enabled":true,"jetpack_shortlink":"https:\/\/wp.me\/p9lTYU-7sD","jetpack_likes_enabled":true,"jetpack-related-posts":[{"id":28674,"url":"https:\/\/sinedjib.com\/index.php\/2026\/04\/28\/letoile-nord-africaine-est-poursuivie\/","url_meta":{"origin":28683,"position":0},"title":"L&rsquo;Etoile Nord-Africaine est poursuivie !","author":"SiNedjib","date":"28\/04\/2026","format":false,"excerpt":"Article paru dans La Lutte Sociale, organe bi-mensuel du Parti Communiste Alg\u00e9rien, Nouvelle s\u00e9rie, 25e ann\u00e9e, n\u00b0 13, du 1er au 15 novembre 1934 Apr\u00e8s les poursuites contre les dirigeants de l'Etoile Nord-Africaine et la dissolution de cette organisation, un autre groupement s'\u00e9tait constitu\u00e9 sous le nom de la \u00ab\u2026","rel":"","context":"Dans &quot;presse&quot;","block_context":{"text":"presse","link":"https:\/\/sinedjib.com\/index.php\/category\/presse\/"},"img":{"alt_text":"","src":"https:\/\/i0.wp.com\/sinedjib.com\/wp-content\/uploads\/2026\/04\/La-Lutte-sociale-1er-novembre-1934.jpg?resize=350%2C200&ssl=1","width":350,"height":200,"srcset":"https:\/\/i0.wp.com\/sinedjib.com\/wp-content\/uploads\/2026\/04\/La-Lutte-sociale-1er-novembre-1934.jpg?resize=350%2C200&ssl=1 1x, https:\/\/i0.wp.com\/sinedjib.com\/wp-content\/uploads\/2026\/04\/La-Lutte-sociale-1er-novembre-1934.jpg?resize=525%2C300&ssl=1 1.5x, https:\/\/i0.wp.com\/sinedjib.com\/wp-content\/uploads\/2026\/04\/La-Lutte-sociale-1er-novembre-1934.jpg?resize=700%2C400&ssl=1 2x, https:\/\/i0.wp.com\/sinedjib.com\/wp-content\/uploads\/2026\/04\/La-Lutte-sociale-1er-novembre-1934.jpg?resize=1050%2C600&ssl=1 3x, https:\/\/i0.wp.com\/sinedjib.com\/wp-content\/uploads\/2026\/04\/La-Lutte-sociale-1er-novembre-1934.jpg?resize=1400%2C800&ssl=1 4x"},"classes":[]},{"id":3546,"url":"https:\/\/sinedjib.com\/index.php\/2018\/07\/08\/premier-bilan-7-morts-dont-6-ouvriers-nord-africains\/","url_meta":{"origin":28683,"position":1},"title":"Premier bilan : 7 morts dont 6 ouvriers Nord-Africains","author":"SiNedjib","date":"08\/07\/2018","format":false,"excerpt":"D\u00e9claration de la F\u00e9d\u00e9ration anarchiste parue dans Le Libertaire, n\u00b0 368, 16 juillet 1953. \u00a0 \u00a0 Les assassinats continuent ! Sur ordre du Gouvernement les flics du \"socialiste\" franc-ma\u00e7on Baylot tire sur la classe ouvri\u00e8re PREMIER BILAN 7 morts dont 6 ouvriers Nord-Africains Plus de 100 bless\u00e9s \u00a0 Paris ouvrier\u2026","rel":"","context":"Dans &quot;presse&quot;","block_context":{"text":"presse","link":"https:\/\/sinedjib.com\/index.php\/category\/presse\/"},"img":{"alt_text":"","src":"https:\/\/i0.wp.com\/sinedjib.com\/wp-content\/uploads\/2018\/07\/1953-07-16-Lib-300x165.png?resize=350%2C200","width":350,"height":200},"classes":[]},{"id":28678,"url":"https:\/\/sinedjib.com\/index.php\/2026\/04\/29\/letoile-nord-africaine-injustement-poursuivie-vient-dadresser-a-toutes-les-organisations-du-front-populaire-la-lettre-suivante\/","url_meta":{"origin":28683,"position":2},"title":"L&rsquo;\u00c9toile Nord-Africaine injustement poursuivie vient d&rsquo;adresser \u00e0 toutes les Organisations du Front Populaire la Lettre suivante :","author":"SiNedjib","date":"29\/04\/2026","format":false,"excerpt":"Lettre de l'Etoile Nord-Africaine parue dans L'Alg\u00e9rie Ouvri\u00e8re, Organe des Travailleurs de l'Afrique du Nord, publi\u00e9 sous le contr\u00f4le des Syndicats R\u00e9unifi\u00e9s d'Alg\u00e9rie, Nouvelle S\u00e9rie, n\u00b0 105, du 21 janvier au 7 f\u00e9vrier 1936 ETOILE NORD-AFRICAINEAssociation des Musulmans Alg\u00e9riens, Tunisiens et Marocains19, rue Daguerre - PARIS Le Gouvernement LAVAL complice\u2026","rel":"","context":"Dans &quot;presse&quot;","block_context":{"text":"presse","link":"https:\/\/sinedjib.com\/index.php\/category\/presse\/"},"img":{"alt_text":"","src":"https:\/\/i0.wp.com\/sinedjib.com\/wp-content\/uploads\/2026\/04\/LAlgerie-ouvriere-1936.jpg?resize=350%2C200&ssl=1","width":350,"height":200,"srcset":"https:\/\/i0.wp.com\/sinedjib.com\/wp-content\/uploads\/2026\/04\/LAlgerie-ouvriere-1936.jpg?resize=350%2C200&ssl=1 1x, https:\/\/i0.wp.com\/sinedjib.com\/wp-content\/uploads\/2026\/04\/LAlgerie-ouvriere-1936.jpg?resize=525%2C300&ssl=1 1.5x, https:\/\/i0.wp.com\/sinedjib.com\/wp-content\/uploads\/2026\/04\/LAlgerie-ouvriere-1936.jpg?resize=700%2C400&ssl=1 2x, https:\/\/i0.wp.com\/sinedjib.com\/wp-content\/uploads\/2026\/04\/LAlgerie-ouvriere-1936.jpg?resize=1050%2C600&ssl=1 3x, https:\/\/i0.wp.com\/sinedjib.com\/wp-content\/uploads\/2026\/04\/LAlgerie-ouvriere-1936.jpg?resize=1400%2C800&ssl=1 4x"},"classes":[]},{"id":418,"url":"https:\/\/sinedjib.com\/index.php\/2015\/05\/08\/troupes-communisme\/","url_meta":{"origin":28683,"position":3},"title":"Les Nord-Africains, Troupes de choc du communisme","author":"Nedjib Sidi Moussa","date":"08\/05\/2015","format":false,"excerpt":"Article paru dans Le Figaro, 12 novembre 1936. \u00a0 Les Nord-Africains, Troupes de choc du communisme, ne sont plus surveill\u00e9s par la police parisienne L'agitateur Messali se montre ouvertement \u00e0 Paris M. Le Provost de Launay, conseiller municipal de Paris, adresse au pr\u00e9fet de Police la lettre suivante : Monsieur\u2026","rel":"","context":"Dans &quot;presse&quot;","block_context":{"text":"presse","link":"https:\/\/sinedjib.com\/index.php\/category\/presse\/"},"img":{"alt_text":"","src":"https:\/\/i0.wp.com\/sinedjib.com\/wp-content\/uploads\/2015\/05\/Le-Figaro-12-novembre-1936-210x300.png?resize=350%2C200","width":350,"height":200},"classes":[]},{"id":26460,"url":"https:\/\/sinedjib.com\/index.php\/2025\/07\/10\/messali-22\/","url_meta":{"origin":28683,"position":4},"title":"Messali Hadj \u00e9crit au \u00ab\u00a0Lib\u00e9rateur\u00a0\u00bb","author":"SiNedjib","date":"10\/07\/2025","format":false,"excerpt":"Article de\u00a0Messali Hadj\u00a0paru dans Le Lib\u00e9rateur, 2e ann\u00e9e, n\u00b0 40, 17 juillet 1955 Soucieux d'informer tr\u00e8s exactement nos lecteurs sur les positions des grands partis populaires d'outre-mer, nous avions demand\u00e9 \u00e0 Messali Hadj d'\u00e9crire pour le Lib\u00e9rateur un article sur le probl\u00e8me alg\u00e9rien. L'on sait que, depuis plus de trente\u2026","rel":"","context":"Dans &quot;presse&quot;","block_context":{"text":"presse","link":"https:\/\/sinedjib.com\/index.php\/category\/presse\/"},"img":{"alt_text":"","src":"https:\/\/i0.wp.com\/sinedjib.com\/wp-content\/uploads\/2025\/07\/Le-Liberateur-1955.jpg?resize=350%2C200&ssl=1","width":350,"height":200,"srcset":"https:\/\/i0.wp.com\/sinedjib.com\/wp-content\/uploads\/2025\/07\/Le-Liberateur-1955.jpg?resize=350%2C200&ssl=1 1x, https:\/\/i0.wp.com\/sinedjib.com\/wp-content\/uploads\/2025\/07\/Le-Liberateur-1955.jpg?resize=525%2C300&ssl=1 1.5x, https:\/\/i0.wp.com\/sinedjib.com\/wp-content\/uploads\/2025\/07\/Le-Liberateur-1955.jpg?resize=700%2C400&ssl=1 2x"},"classes":[]},{"id":28652,"url":"https:\/\/sinedjib.com\/index.php\/2026\/04\/23\/amar-imache-les-exiles-volontaires-l-invasion-des-kabyles\/","url_meta":{"origin":28683,"position":5},"title":"Amar Imache : Les exil\u00e9s volontaires. L&rsquo; \u00ab\u00a0invasion des Kabyles\u00a0\u00bb","author":"SiNedjib","date":"23\/04\/2026","format":false,"excerpt":"Article d'Amar Imache paru dans El Ouma, n\u00b0 17, d\u00e9cembre 1933 Etrange co\u00efncidence \u2026 Je pr\u00e9parais justement un article o\u00f9 je voulais mettre en parall\u00e8le notre mis\u00e9rable existence avec celle de tous les \u00e9trangers venus en notre pays. Et je voulais d\u00e9dier cet article \u00e0 tous mes fr\u00e8res. A ceux\u2026","rel":"","context":"Dans &quot;presse&quot;","block_context":{"text":"presse","link":"https:\/\/sinedjib.com\/index.php\/category\/presse\/"},"img":{"alt_text":"","src":"https:\/\/i0.wp.com\/sinedjib.com\/wp-content\/uploads\/2026\/04\/El-Ouma-decembre-1933.jpg?resize=350%2C200&ssl=1","width":350,"height":200,"srcset":"https:\/\/i0.wp.com\/sinedjib.com\/wp-content\/uploads\/2026\/04\/El-Ouma-decembre-1933.jpg?resize=350%2C200&ssl=1 1x, https:\/\/i0.wp.com\/sinedjib.com\/wp-content\/uploads\/2026\/04\/El-Ouma-decembre-1933.jpg?resize=525%2C300&ssl=1 1.5x, https:\/\/i0.wp.com\/sinedjib.com\/wp-content\/uploads\/2026\/04\/El-Ouma-decembre-1933.jpg?resize=700%2C400&ssl=1 2x, https:\/\/i0.wp.com\/sinedjib.com\/wp-content\/uploads\/2026\/04\/El-Ouma-decembre-1933.jpg?resize=1050%2C600&ssl=1 3x"},"classes":[]}],"_links":{"self":[{"href":"https:\/\/sinedjib.com\/index.php\/wp-json\/wp\/v2\/posts\/28683","targetHints":{"allow":["GET"]}}],"collection":[{"href":"https:\/\/sinedjib.com\/index.php\/wp-json\/wp\/v2\/posts"}],"about":[{"href":"https:\/\/sinedjib.com\/index.php\/wp-json\/wp\/v2\/types\/post"}],"author":[{"embeddable":true,"href":"https:\/\/sinedjib.com\/index.php\/wp-json\/wp\/v2\/users\/1"}],"replies":[{"embeddable":true,"href":"https:\/\/sinedjib.com\/index.php\/wp-json\/wp\/v2\/comments?post=28683"}],"version-history":[{"count":2,"href":"https:\/\/sinedjib.com\/index.php\/wp-json\/wp\/v2\/posts\/28683\/revisions"}],"predecessor-version":[{"id":28686,"href":"https:\/\/sinedjib.com\/index.php\/wp-json\/wp\/v2\/posts\/28683\/revisions\/28686"}],"wp:attachment":[{"href":"https:\/\/sinedjib.com\/index.php\/wp-json\/wp\/v2\/media?parent=28683"}],"wp:term":[{"taxonomy":"category","embeddable":true,"href":"https:\/\/sinedjib.com\/index.php\/wp-json\/wp\/v2\/categories?post=28683"},{"taxonomy":"post_tag","embeddable":true,"href":"https:\/\/sinedjib.com\/index.php\/wp-json\/wp\/v2\/tags?post=28683"}],"curies":[{"name":"wp","href":"https:\/\/api.w.org\/{rel}","templated":true}]}}