{"id":28687,"date":"2026-05-01T14:24:11","date_gmt":"2026-05-01T12:24:11","guid":{"rendered":"https:\/\/sinedjib.com\/?p=28687"},"modified":"2026-05-01T14:33:04","modified_gmt":"2026-05-01T12:33:04","slug":"messali-hadj-a-bernard-lecache-president-de-la-l-i-c-a","status":"publish","type":"post","link":"https:\/\/sinedjib.com\/index.php\/2026\/05\/01\/messali-hadj-a-bernard-lecache-president-de-la-l-i-c-a\/","title":{"rendered":"Messali Hadj : \u00c0 Bernard Lecache, pr\u00e9sident de la L.I.C.A."},"content":{"rendered":"\n<p><strong>Adresse de <a href=\"https:\/\/maitron.fr\/messali-hadj-mesli-ahmed-dit-hadj-messali\/\">Messali Hadj<\/a> parue dans <em>El Ouma<\/em>, \u00e9dition sp\u00e9ciale, n\u00b0 46, 1937 ; suivie d&rsquo;un appel de la r\u00e9daction et d&rsquo;un communiqu\u00e9 de l&rsquo;Etoile nord-africaine<\/strong><\/p>\n\n\n<div class=\"wp-block-image\">\n<figure class=\"aligncenter size-large\"><img data-recalc-dims=\"1\" loading=\"lazy\" decoding=\"async\" width=\"580\" height=\"223\" data-attachment-id=\"28688\" data-permalink=\"https:\/\/sinedjib.com\/index.php\/2026\/05\/01\/messali-hadj-a-bernard-lecache-president-de-la-l-i-c-a\/el-ouma-1937\/\" data-orig-file=\"https:\/\/i0.wp.com\/sinedjib.com\/wp-content\/uploads\/2026\/05\/El-Ouma-1937.jpg?fit=1476%2C566&amp;ssl=1\" data-orig-size=\"1476,566\" data-comments-opened=\"0\" data-image-meta=\"{&quot;aperture&quot;:&quot;0&quot;,&quot;credit&quot;:&quot;&quot;,&quot;camera&quot;:&quot;&quot;,&quot;caption&quot;:&quot;&quot;,&quot;created_timestamp&quot;:&quot;0&quot;,&quot;copyright&quot;:&quot;&quot;,&quot;focal_length&quot;:&quot;0&quot;,&quot;iso&quot;:&quot;0&quot;,&quot;shutter_speed&quot;:&quot;0&quot;,&quot;title&quot;:&quot;&quot;,&quot;orientation&quot;:&quot;1&quot;}\" data-image-title=\"El Ouma 1937\" data-image-description=\"\" data-image-caption=\"\" data-large-file=\"https:\/\/i0.wp.com\/sinedjib.com\/wp-content\/uploads\/2026\/05\/El-Ouma-1937.jpg?fit=580%2C223&amp;ssl=1\" src=\"https:\/\/i0.wp.com\/sinedjib.com\/wp-content\/uploads\/2026\/05\/El-Ouma-1937.jpg?resize=580%2C223&#038;ssl=1\" alt=\"\" class=\"wp-image-28688\" srcset=\"https:\/\/i0.wp.com\/sinedjib.com\/wp-content\/uploads\/2026\/05\/El-Ouma-1937.jpg?resize=1024%2C393&amp;ssl=1 1024w, https:\/\/i0.wp.com\/sinedjib.com\/wp-content\/uploads\/2026\/05\/El-Ouma-1937.jpg?resize=300%2C115&amp;ssl=1 300w, https:\/\/i0.wp.com\/sinedjib.com\/wp-content\/uploads\/2026\/05\/El-Ouma-1937.jpg?resize=768%2C295&amp;ssl=1 768w, https:\/\/i0.wp.com\/sinedjib.com\/wp-content\/uploads\/2026\/05\/El-Ouma-1937.jpg?resize=1200%2C460&amp;ssl=1 1200w, https:\/\/i0.wp.com\/sinedjib.com\/wp-content\/uploads\/2026\/05\/El-Ouma-1937.jpg?w=1476&amp;ssl=1 1476w\" sizes=\"auto, (max-width: 580px) 100vw, 580px\" \/><\/figure>\n<\/div>\n\n\n<p>Vous n&rsquo;\u00eates pas sans savoir que l&rsquo;Etoile Nord-Africaine est frapp\u00e9e de dissolution. Cela vous indigne \u00e0 juste titre, comme tous les hommes de c\u0153ur et d&rsquo;esprit libre. En pareille circonstance, il est de mon devoir de faire appel \u00e0 vous et \u00e0 votre organisation pour deux choses : d&rsquo;abord, pour vous pr.er de joindre votre protestation \u00e0 la n\u00f4tre pour s&rsquo;\u00e9lever contre la dissolution qui frappe notre organisation, et puis, \u00e9tant donn\u00e9 l&rsquo;objet et le titre des votre ligue qui lutte contre le racisme, je dois et c&rsquo;est mon devoir de souligner devant vous la gravit\u00e9 de cette mesure que rien ne justifie ; il est certain que vous avez d\u00e9j\u00e0 compris, mais il importe de pr\u00e9ciser. L&rsquo;Etoile Nord-Africaine est frapp\u00e9e de dissolution par un gouvernement issu du rassemblement populaire dont elle est membre d\u00e8s le jour d\u00e8s sa cr\u00e9ation.<\/p>\n\n\n\n<!--more-->\n\n\n\n<p>Je me souviens du magnifique appel que vous m&rsquo;avez adress\u00e9 par la voix de votre journal au lendemain du d\u00e9fil\u00e9 du 14 juillet 1936, par lequel vous avez exprim\u00e9 le d\u00e9sir de voir le cort\u00e8ge de l&rsquo;Etoile Nord-Africaine d\u00e9filer c\u00f4te \u00e0 c\u00f4te avec la L. I. C. A. Appel d&rsquo;ailleurs qui a fait sensation dans les milieux nord-africains, et auquel j&rsquo;ai r\u00e9pondu par un article dans <em>El Ouma<\/em> o\u00f9 je me suis montr\u00e9 digne de la confiance que vous mettiez en nous. Souvenez-vous du meeting auquel nous avons tous les deux pris la parole \u00e0 Clermont-Ferrand en octobre 1935 ! Et bien, nous sommes toujours vos amis ; vous pouvez compter sur nous, sur nos sentiments antifascistes et anti-racistes. Cependant, la mesure qui vient de nous frapper, soul\u00e8ve une profonde indignation chez mes compatriotes, que le fascisme et le racisme peut exploiter en cherchant \u00e0 dresser le m\u00e9contentement des masses, leur col\u00e8res en faveur de l&rsquo;antis\u00e9mitisme. Quant \u00e0 nous, nous n&rsquo;avons jamais cess\u00e9 et nous ne cesserons jamais d&rsquo;appeler nos compatriotes au calme, et \u00e0 lutter de toutes nos forces contre le racisme et le fascisme. Je voudrais en pareille circonstance, pour faciliter ma t\u00e2che, voir publier cet appel dans votre journal accompagn\u00e9 d&rsquo;une protestation de votre part contre la dissolution. Au moment o\u00f9 le fascisme se r\u00e9jouit de la dissolution de l&rsquo;Etoile Nord-Africaine, unissons-nous, et luttons tous contre ce fascisme, pour la libert\u00e9 et l&rsquo;union des races.<\/p>\n\n\n\n<p class=\"has-text-align-right\"><strong>MESSALI HADJ.<\/strong><\/p>\n\n\n\n<hr class=\"wp-block-separator has-alpha-channel-opacity\"\/>\n\n\n<div class=\"wp-block-image\">\n<figure class=\"aligncenter size-large\"><img data-recalc-dims=\"1\" loading=\"lazy\" decoding=\"async\" width=\"580\" height=\"346\" data-attachment-id=\"28691\" data-permalink=\"https:\/\/sinedjib.com\/index.php\/2026\/05\/01\/messali-hadj-a-bernard-lecache-president-de-la-l-i-c-a\/img_5363-3\/\" data-orig-file=\"https:\/\/i0.wp.com\/sinedjib.com\/wp-content\/uploads\/2026\/05\/IMG_5363-2-scaled.jpg?fit=2560%2C1528&amp;ssl=1\" data-orig-size=\"2560,1528\" data-comments-opened=\"0\" data-image-meta=\"{&quot;aperture&quot;:&quot;1.8&quot;,&quot;credit&quot;:&quot;&quot;,&quot;camera&quot;:&quot;iPhone XR&quot;,&quot;caption&quot;:&quot;&quot;,&quot;created_timestamp&quot;:&quot;1776872427&quot;,&quot;copyright&quot;:&quot;&quot;,&quot;focal_length&quot;:&quot;4.25&quot;,&quot;iso&quot;:&quot;125&quot;,&quot;shutter_speed&quot;:&quot;0.02&quot;,&quot;title&quot;:&quot;&quot;,&quot;orientation&quot;:&quot;1&quot;}\" data-image-title=\"IMG_5363\" data-image-description=\"\" data-image-caption=\"\" data-large-file=\"https:\/\/i0.wp.com\/sinedjib.com\/wp-content\/uploads\/2026\/05\/IMG_5363-2-scaled.jpg?fit=580%2C346&amp;ssl=1\" src=\"https:\/\/i0.wp.com\/sinedjib.com\/wp-content\/uploads\/2026\/05\/IMG_5363-2.jpg?resize=580%2C346&#038;ssl=1\" alt=\"\" class=\"wp-image-28691\" srcset=\"https:\/\/i0.wp.com\/sinedjib.com\/wp-content\/uploads\/2026\/05\/IMG_5363-2-scaled.jpg?resize=1024%2C611&amp;ssl=1 1024w, https:\/\/i0.wp.com\/sinedjib.com\/wp-content\/uploads\/2026\/05\/IMG_5363-2-scaled.jpg?resize=300%2C179&amp;ssl=1 300w, https:\/\/i0.wp.com\/sinedjib.com\/wp-content\/uploads\/2026\/05\/IMG_5363-2-scaled.jpg?resize=768%2C458&amp;ssl=1 768w, https:\/\/i0.wp.com\/sinedjib.com\/wp-content\/uploads\/2026\/05\/IMG_5363-2-scaled.jpg?resize=1536%2C917&amp;ssl=1 1536w, https:\/\/i0.wp.com\/sinedjib.com\/wp-content\/uploads\/2026\/05\/IMG_5363-2-scaled.jpg?resize=2048%2C1222&amp;ssl=1 2048w, https:\/\/i0.wp.com\/sinedjib.com\/wp-content\/uploads\/2026\/05\/IMG_5363-2-scaled.jpg?resize=1200%2C716&amp;ssl=1 1200w, https:\/\/i0.wp.com\/sinedjib.com\/wp-content\/uploads\/2026\/05\/IMG_5363-2-scaled.jpg?resize=1980%2C1182&amp;ssl=1 1980w, https:\/\/i0.wp.com\/sinedjib.com\/wp-content\/uploads\/2026\/05\/IMG_5363-2-scaled.jpg?w=1740&amp;ssl=1 1740w\" sizes=\"auto, (max-width: 580px) 100vw, 580px\" \/><\/figure>\n<\/div>\n\n\n<p class=\"has-text-align-center has-larger-font-size\"><strong>APPEL<\/strong><\/p>\n\n\n\n<p class=\"has-large-font-size\"><strong>Au Rassemblement populaire ;<\/strong><\/p>\n\n\n\n<p class=\"has-large-font-size\"><strong>Au Comit\u00e9 de Vigilance des intellectuels antifascistes ;<\/strong><\/p>\n\n\n\n<p class=\"has-large-font-size\"><strong>A la Ligue des Droits de l&rsquo;Homme,<\/strong><\/p>\n\n\n\n<p class=\"has-large-font-size\"><strong>et \u00e0 toutes les organisations du Rassemblement populaire.<\/strong><\/p>\n\n\n\n<p>Qui n&rsquo;a pas \u00e9t\u00e9 indign\u00e9 par la dissolution de l&rsquo;Etoile Nord-Africaine ? L&rsquo;opinion publique a \u00e9t\u00e9 surprise par cette mesure injuste et inique.<\/p>\n\n\n\n<p>Le peuple fran\u00e7ais, qui conna\u00eet parfaitement l&rsquo;Etoile Nord-Africaine, est, lui aussi, m\u00e9content, car il n&rsquo;a pas oubli\u00e9 que cette organisation, compos\u00e9e de travailleurs nord-africains, \u00e9tait \u00e0 ses c\u00f4t\u00e9s dans toutes les manifestations et dans tous ses meetings. Tout derni\u00e8rement, \u00e0 l&rsquo;occasion des obs\u00e8ques d&rsquo;Acherchour, plus de 40.000 travailleurs alg\u00e9riens et 160.0.0 travailleurs fran\u00e7ais \u00e9taient unis ensemble pour accompagner la d\u00e9pouille de ce travailleur alg\u00e9rien, assassin\u00e9 par le fascisme. Acherchour, s&rsquo;il \u00e9tait en vie, aurait \u00e9t\u00e9 indign\u00e9 par cette dissolution ; d&rsquo;ailleurs ses fr\u00e8res et tous ses compatriotes n&rsquo;ont pas oubli\u00e9 le serment ni les discours qui ont \u00e9t\u00e9 prononc\u00e9s le jour de ses obs\u00e8ques. L&rsquo;appel que nous adressons \u00e0 toutes ces organisations cit\u00e9es plus haut, nous en sommes certains, sera \u00e9cout\u00e9, mais, et en peu de mots, nous voudrions insister pour souligner la gravit\u00e9 que peut engendrer dans les rapports entre les travailleurs alg\u00e9riens et fran\u00e7ais cette mesure que rien ne justifie, et qui peut faciliter le travail des fascistes dans les milieux nord-africains.<\/p>\n\n\n\n<p>Contre cette mesure qui est une atteinte \u00e0 la libert\u00e9 d&rsquo;opinion, nous nous adressons \u00e0 nos amis, \u00e0 nos camarades, \u00e0 ceux qui ont manifest\u00e9 \u00e0 c\u00f4t\u00e9 de nous le 14 juillet 1936, pour protester avec la derni\u00e8re \u00e9nergie contre la dissolution de l&rsquo;Etoile Nord-Africaine.<\/p>\n\n\n\n<p class=\"has-text-align-right\"><strong>EL OUMA.<\/strong><\/p>\n\n\n\n<hr class=\"wp-block-separator has-alpha-channel-opacity\"\/>\n\n\n<div class=\"wp-block-image\">\n<figure class=\"aligncenter size-large\"><img data-recalc-dims=\"1\" loading=\"lazy\" decoding=\"async\" width=\"580\" height=\"359\" data-attachment-id=\"28692\" data-permalink=\"https:\/\/sinedjib.com\/index.php\/2026\/05\/01\/messali-hadj-a-bernard-lecache-president-de-la-l-i-c-a\/img_5364\/\" data-orig-file=\"https:\/\/i0.wp.com\/sinedjib.com\/wp-content\/uploads\/2026\/05\/IMG_5364-scaled.jpg?fit=2560%2C1582&amp;ssl=1\" data-orig-size=\"2560,1582\" data-comments-opened=\"0\" data-image-meta=\"{&quot;aperture&quot;:&quot;1.8&quot;,&quot;credit&quot;:&quot;&quot;,&quot;camera&quot;:&quot;iPhone XR&quot;,&quot;caption&quot;:&quot;&quot;,&quot;created_timestamp&quot;:&quot;1776872432&quot;,&quot;copyright&quot;:&quot;&quot;,&quot;focal_length&quot;:&quot;4.25&quot;,&quot;iso&quot;:&quot;100&quot;,&quot;shutter_speed&quot;:&quot;0.02&quot;,&quot;title&quot;:&quot;&quot;,&quot;orientation&quot;:&quot;1&quot;}\" data-image-title=\"IMG_5364\" data-image-description=\"\" data-image-caption=\"\" data-large-file=\"https:\/\/i0.wp.com\/sinedjib.com\/wp-content\/uploads\/2026\/05\/IMG_5364-scaled.jpg?fit=580%2C359&amp;ssl=1\" src=\"https:\/\/i0.wp.com\/sinedjib.com\/wp-content\/uploads\/2026\/05\/IMG_5364.jpg?resize=580%2C359&#038;ssl=1\" alt=\"\" class=\"wp-image-28692\" srcset=\"https:\/\/i0.wp.com\/sinedjib.com\/wp-content\/uploads\/2026\/05\/IMG_5364-scaled.jpg?resize=1024%2C633&amp;ssl=1 1024w, https:\/\/i0.wp.com\/sinedjib.com\/wp-content\/uploads\/2026\/05\/IMG_5364-scaled.jpg?resize=300%2C185&amp;ssl=1 300w, https:\/\/i0.wp.com\/sinedjib.com\/wp-content\/uploads\/2026\/05\/IMG_5364-scaled.jpg?resize=768%2C475&amp;ssl=1 768w, https:\/\/i0.wp.com\/sinedjib.com\/wp-content\/uploads\/2026\/05\/IMG_5364-scaled.jpg?resize=1536%2C949&amp;ssl=1 1536w, https:\/\/i0.wp.com\/sinedjib.com\/wp-content\/uploads\/2026\/05\/IMG_5364-scaled.jpg?resize=2048%2C1265&amp;ssl=1 2048w, https:\/\/i0.wp.com\/sinedjib.com\/wp-content\/uploads\/2026\/05\/IMG_5364-scaled.jpg?resize=1200%2C741&amp;ssl=1 1200w, https:\/\/i0.wp.com\/sinedjib.com\/wp-content\/uploads\/2026\/05\/IMG_5364-scaled.jpg?resize=1980%2C1223&amp;ssl=1 1980w, https:\/\/i0.wp.com\/sinedjib.com\/wp-content\/uploads\/2026\/05\/IMG_5364-scaled.jpg?w=1740&amp;ssl=1 1740w\" sizes=\"auto, (max-width: 580px) 100vw, 580px\" \/><\/figure>\n<\/div>\n\n\n<p class=\"has-text-align-center has-larger-font-size\"><strong>\u00ab PRIERE D&rsquo;INSERER \u00bb<\/strong><\/p>\n\n\n\n<p class=\"has-text-align-center has-large-font-size\"><strong>adress\u00e9 \u00e0 tous les journaux des partis du Front populaire<\/strong><\/p>\n\n\n\n<p>Monsieur le directeur,<\/p>\n\n\n\n<p>La direction de l&rsquo;Etoile Nord-Africaine \u00e9l\u00e8ve la protestation la plus \u00e9nergique contre le d\u00e9cret de dissolution qui vient de frapper notre organisation d&rsquo;une fa\u00e7on aussi injuste qu&rsquo;inattendue. Membre adh\u00e9rent au Rassemblement populaire depuis sa cr\u00e9ation, elle n&rsquo;a cess\u00e9 d&rsquo;\u00eatre aux c\u00f4t\u00e9s du peuple fran\u00e7ais dans toutes ses manifestations pour le pain, la paix, la libert\u00e9.<\/p>\n\n\n\n<p>La dissolution dont notre organisation vient d&rsquo;\u00eatre l&rsquo;objet soul\u00e8ve d\u00e9j\u00e0 un profond m\u00e9contentement dans tous les milieux nord-africains, tant en France qu&rsquo;en Alg\u00e9rie.<\/p>\n\n\n\n<p>Les peuples de l&rsquo;Afrique du Nord sont profond\u00e9ment indign\u00e9s de pareille mesure inique et raciale qui ne pourra qu&rsquo;engendrer des cons\u00e9quences graves et dont nous d\u00e9gageons notre responsabilit\u00e9.<\/p>\n\n\n\n<p>Il n&rsquo;y a pas de doute, au surplus, que cette mesure ne soul\u00e8ve dans le peuple fran\u00e7ais lui-m\u00eame un profond m\u00e9contentement, car l&rsquo;Etoile est tr\u00e8s populaire en France.<\/p>\n\n\n\n<p>En tout cas, nous doutons fort que ce soit l\u00e0 un moyen de satisfaire aux aspirations des Alg\u00e9riens ou celui de les emp\u00eacher de r\u00e9clamer leurs droits \u00e0 la vie.<\/p>\n\n\n\n<p class=\"has-text-align-right\"><strong>L&rsquo;ETOILE NORD-AFRICAINE<\/strong><\/p>\n\n\n\n<p><\/p>\n","protected":false},"excerpt":{"rendered":"<p>Adresse de Messali Hadj parue dans El Ouma, \u00e9dition sp\u00e9ciale, n\u00b0 46, 1937 ; suivie d&rsquo;un appel de la r\u00e9daction et d&rsquo;un communiqu\u00e9 de l&rsquo;Etoile nord-africaine Vous n&rsquo;\u00eates pas sans savoir que l&rsquo;Etoile Nord-Africaine est frapp\u00e9e de dissolution. Cela vous indigne \u00e0 juste titre, comme tous les hommes de c\u0153ur et d&rsquo;esprit libre. En pareille [&hellip;]<\/p>\n","protected":false},"author":1,"featured_media":0,"comment_status":"closed","ping_status":"","sticky":false,"template":"","format":"standard","meta":{"jetpack_post_was_ever_published":false,"_jetpack_newsletter_access":"","_jetpack_dont_email_post_to_subs":false,"_jetpack_newsletter_tier_id":0,"_jetpack_memberships_contains_paywalled_content":false,"_jetpack_memberships_contains_paid_content":false,"footnotes":""},"categories":[8],"tags":[24,112,138,380,409,457,474,776,858,1005],"class_list":["post-28687","post","type-post","status-publish","format-standard","hentry","category-presse","tag-24","tag-algerie","tag-anticolonialisme","tag-el-ouma","tag-etoile-nord-africaine","tag-france","tag-front-populaire","tag-messali-hadj","tag-nationalisme","tag-repression"],"jetpack_featured_media_url":"","jetpack_sharing_enabled":true,"jetpack_shortlink":"https:\/\/wp.me\/p9lTYU-7sH","jetpack_likes_enabled":true,"jetpack-related-posts":[{"id":28698,"url":"https:\/\/sinedjib.com\/index.php\/2026\/05\/02\/daniel-guerin-la-dissolution-de-letoile-nord-africaine\/","url_meta":{"origin":28687,"position":0},"title":"Daniel Gu\u00e9rin : La dissolution de \u00ab\u00a0l&rsquo;Etoile Nord-Africaine\u00a0\u00bb","author":"SiNedjib","date":"02\/05\/2026","format":false,"excerpt":"Article de Daniel Gu\u00e9rin paru dans La Vague, organe de rassemblement r\u00e9volutionnaire, Nouvelle s\u00e9rie, n\u00b0 6, 1er f\u00e9vrier 1937 UN COUP DE FORCE A la veille du Congr\u00e8s de Biarritz, le gouvernement, pour amadouer messieurs les radicaux, avait fait \u00e9vacuer brutalement par des forces de police, une usine parisienne. A\u2026","rel":"","context":"Dans &quot;presse&quot;","block_context":{"text":"presse","link":"https:\/\/sinedjib.com\/index.php\/category\/presse\/"},"img":{"alt_text":"","src":"https:\/\/i0.wp.com\/sinedjib.com\/wp-content\/uploads\/2026\/05\/La-Vague-1er-fevrier-1937.jpg?resize=350%2C200&ssl=1","width":350,"height":200,"srcset":"https:\/\/i0.wp.com\/sinedjib.com\/wp-content\/uploads\/2026\/05\/La-Vague-1er-fevrier-1937.jpg?resize=350%2C200&ssl=1 1x, https:\/\/i0.wp.com\/sinedjib.com\/wp-content\/uploads\/2026\/05\/La-Vague-1er-fevrier-1937.jpg?resize=525%2C300&ssl=1 1.5x, https:\/\/i0.wp.com\/sinedjib.com\/wp-content\/uploads\/2026\/05\/La-Vague-1er-fevrier-1937.jpg?resize=700%2C400&ssl=1 2x, https:\/\/i0.wp.com\/sinedjib.com\/wp-content\/uploads\/2026\/05\/La-Vague-1er-fevrier-1937.jpg?resize=1050%2C600&ssl=1 3x, https:\/\/i0.wp.com\/sinedjib.com\/wp-content\/uploads\/2026\/05\/La-Vague-1er-fevrier-1937.jpg?resize=1400%2C800&ssl=1 4x"},"classes":[]},{"id":26849,"url":"https:\/\/sinedjib.com\/index.php\/2025\/08\/02\/messali-28\/","url_meta":{"origin":28687,"position":1},"title":"Apr\u00e8s la dissolution de l&rsquo;Etoile nord-africaine. Messali Hadj chef de l&rsquo;organisation dissoute nous d\u00e9clare&#8230;","author":"SiNedjib","date":"02\/08\/2025","format":false,"excerpt":"D\u00e9claration de Messali Hadj parue dans La Fl\u00e8che de Paris, 4e ann\u00e9e, n\u00b0 51, 30 janvier 1937 La dissolution de l'Etoile Nord-Africaine ayant \u00e9t\u00e9 d\u00e9cr\u00e9t\u00e9e, alors que rien ne la laissait pr\u00e9voir, il nous a paru int\u00e9ressant de conna\u00eetre l'opinion du pr\u00e9sident de cette organisation dont l'attitude, depuis l'av\u00e8nement du\u2026","rel":"","context":"Dans &quot;presse&quot;","block_context":{"text":"presse","link":"https:\/\/sinedjib.com\/index.php\/category\/presse\/"},"img":{"alt_text":"","src":"https:\/\/i0.wp.com\/sinedjib.com\/wp-content\/uploads\/2025\/08\/La-Fleche-de-Paris-30-janvier-1937.jpg?resize=350%2C200&ssl=1","width":350,"height":200,"srcset":"https:\/\/i0.wp.com\/sinedjib.com\/wp-content\/uploads\/2025\/08\/La-Fleche-de-Paris-30-janvier-1937.jpg?resize=350%2C200&ssl=1 1x, https:\/\/i0.wp.com\/sinedjib.com\/wp-content\/uploads\/2025\/08\/La-Fleche-de-Paris-30-janvier-1937.jpg?resize=525%2C300&ssl=1 1.5x, https:\/\/i0.wp.com\/sinedjib.com\/wp-content\/uploads\/2025\/08\/La-Fleche-de-Paris-30-janvier-1937.jpg?resize=700%2C400&ssl=1 2x, https:\/\/i0.wp.com\/sinedjib.com\/wp-content\/uploads\/2025\/08\/La-Fleche-de-Paris-30-janvier-1937.jpg?resize=1050%2C600&ssl=1 3x, https:\/\/i0.wp.com\/sinedjib.com\/wp-content\/uploads\/2025\/08\/La-Fleche-de-Paris-30-janvier-1937.jpg?resize=1400%2C800&ssl=1 4x"},"classes":[]},{"id":23095,"url":"https:\/\/sinedjib.com\/index.php\/2024\/05\/30\/messali-7\/","url_meta":{"origin":28687,"position":2},"title":"Jean Rous : \u00ab\u00a0Ind\u00e9pendance, tel est le v\u0153u du Parti du peuple\u00a0\u00bb nous dit Messali Hadj, son leader et son proph\u00e8te","author":"SiNedjib","date":"30\/05\/2024","format":false,"excerpt":"Article de Jean Rous paru dans Franc-Tireur, 7e ann\u00e9e, n\u00b0 328, 30-31 mars 1947, p. 1 et 3 Messali Hadj L'ALGERIE CHERCHE SA VOIE (II) De notre envoy\u00e9 sp\u00e9cial Jean ROUS Alger, mars. - La grande personnalit\u00e9 myst\u00e9rieuse de l'Alg\u00e9rie, le proph\u00e8te de l'ind\u00e9pendance, Messali Hadj, a bien voulu nous\u2026","rel":"","context":"Dans &quot;presse&quot;","block_context":{"text":"presse","link":"https:\/\/sinedjib.com\/index.php\/category\/presse\/"},"img":{"alt_text":"","src":"https:\/\/i0.wp.com\/sinedjib.com\/wp-content\/uploads\/2024\/05\/Messali-Hadj.png?resize=350%2C200&ssl=1","width":350,"height":200},"classes":[]},{"id":28674,"url":"https:\/\/sinedjib.com\/index.php\/2026\/04\/28\/letoile-nord-africaine-est-poursuivie\/","url_meta":{"origin":28687,"position":3},"title":"L&rsquo;Etoile Nord-Africaine est poursuivie !","author":"SiNedjib","date":"28\/04\/2026","format":false,"excerpt":"Article paru dans La Lutte Sociale, organe bi-mensuel du Parti Communiste Alg\u00e9rien, Nouvelle s\u00e9rie, 25e ann\u00e9e, n\u00b0 13, du 1er au 15 novembre 1934 Apr\u00e8s les poursuites contre les dirigeants de l'Etoile Nord-Africaine et la dissolution de cette organisation, un autre groupement s'\u00e9tait constitu\u00e9 sous le nom de la \u00ab\u2026","rel":"","context":"Dans &quot;presse&quot;","block_context":{"text":"presse","link":"https:\/\/sinedjib.com\/index.php\/category\/presse\/"},"img":{"alt_text":"","src":"https:\/\/i0.wp.com\/sinedjib.com\/wp-content\/uploads\/2026\/04\/La-Lutte-sociale-1er-novembre-1934.jpg?resize=350%2C200&ssl=1","width":350,"height":200,"srcset":"https:\/\/i0.wp.com\/sinedjib.com\/wp-content\/uploads\/2026\/04\/La-Lutte-sociale-1er-novembre-1934.jpg?resize=350%2C200&ssl=1 1x, https:\/\/i0.wp.com\/sinedjib.com\/wp-content\/uploads\/2026\/04\/La-Lutte-sociale-1er-novembre-1934.jpg?resize=525%2C300&ssl=1 1.5x, https:\/\/i0.wp.com\/sinedjib.com\/wp-content\/uploads\/2026\/04\/La-Lutte-sociale-1er-novembre-1934.jpg?resize=700%2C400&ssl=1 2x, https:\/\/i0.wp.com\/sinedjib.com\/wp-content\/uploads\/2026\/04\/La-Lutte-sociale-1er-novembre-1934.jpg?resize=1050%2C600&ssl=1 3x, https:\/\/i0.wp.com\/sinedjib.com\/wp-content\/uploads\/2026\/04\/La-Lutte-sociale-1er-novembre-1934.jpg?resize=1400%2C800&ssl=1 4x"},"classes":[]},{"id":480,"url":"https:\/\/sinedjib.com\/index.php\/2015\/06\/06\/lettre-monde\/","url_meta":{"origin":28687,"position":4},"title":"Yves Dech\u00e9zelles : Lettre au directeur du \u00ab Monde \u00bb","author":"Nedjib Sidi Moussa","date":"06\/06\/2015","format":false,"excerpt":"Lettre d\u2019Yves Dech\u00e9zelles parue int\u00e9gralement dans Informations ouvri\u00e8res, n\u00b0 661, 12-19 juin 1974, et partiellement dans Le Monde, 19 juin 1974. 4 juin 1974 Monsieur le Directeur, Permettez \u00e0 l\u2019avocat et \u00e0 l\u2019ami fid\u00e8le de Messali Hadj d\u2019apporter imm\u00e9diatement une rectification \u00e0 l\u2019article que lui consacre Jean Lacouture dans \u00ab\u00a0le\u2026","rel":"","context":"Dans &quot;presse&quot;","block_context":{"text":"presse","link":"https:\/\/sinedjib.com\/index.php\/category\/presse\/"},"img":{"alt_text":"","src":"","width":0,"height":0},"classes":[]},{"id":15760,"url":"https:\/\/sinedjib.com\/index.php\/2022\/03\/11\/heureux-presage-le-25eme-anniversaire-du-p-p-a-coincide-avec-laid-es-seghir-le-cessez-le-feu-et-lindependance-de-lalgerie\/","url_meta":{"origin":28687,"position":5},"title":"Heureux pr\u00e9sage ! Le 25\u00e8me anniversaire du P.P.A. co\u00efncide avec l&rsquo;A\u00efd Es-Seghir, le cessez-le-feu et l&rsquo;Ind\u00e9pendance de l&rsquo;Alg\u00e9rie","author":"SiNedjib","date":"11\/03\/2022","format":false,"excerpt":"Article paru dans La Voix du peuple, mars 1962, p. 1, 2 et 4 Ils ont lutt\u00e9 pour que tous les Alg\u00e9riens vivent librement et d\u00e9mocratiquement Il y a un quart de si\u00e8cle, le PARTI DU PEUPLE ALGERIEN (P.P.A.) a vu le jour dans la r\u00e9gion parisienne. Effectivement, la date\u2026","rel":"","context":"Dans &quot;presse&quot;","block_context":{"text":"presse","link":"https:\/\/sinedjib.com\/index.php\/category\/presse\/"},"img":{"alt_text":"","src":"https:\/\/i0.wp.com\/sinedjib.com\/wp-content\/uploads\/2022\/03\/1955.png?resize=350%2C200&ssl=1","width":350,"height":200,"srcset":"https:\/\/i0.wp.com\/sinedjib.com\/wp-content\/uploads\/2022\/03\/1955.png?resize=350%2C200&ssl=1 1x, https:\/\/i0.wp.com\/sinedjib.com\/wp-content\/uploads\/2022\/03\/1955.png?resize=525%2C300&ssl=1 1.5x"},"classes":[]}],"_links":{"self":[{"href":"https:\/\/sinedjib.com\/index.php\/wp-json\/wp\/v2\/posts\/28687","targetHints":{"allow":["GET"]}}],"collection":[{"href":"https:\/\/sinedjib.com\/index.php\/wp-json\/wp\/v2\/posts"}],"about":[{"href":"https:\/\/sinedjib.com\/index.php\/wp-json\/wp\/v2\/types\/post"}],"author":[{"embeddable":true,"href":"https:\/\/sinedjib.com\/index.php\/wp-json\/wp\/v2\/users\/1"}],"replies":[{"embeddable":true,"href":"https:\/\/sinedjib.com\/index.php\/wp-json\/wp\/v2\/comments?post=28687"}],"version-history":[{"count":3,"href":"https:\/\/sinedjib.com\/index.php\/wp-json\/wp\/v2\/posts\/28687\/revisions"}],"predecessor-version":[{"id":28695,"href":"https:\/\/sinedjib.com\/index.php\/wp-json\/wp\/v2\/posts\/28687\/revisions\/28695"}],"wp:attachment":[{"href":"https:\/\/sinedjib.com\/index.php\/wp-json\/wp\/v2\/media?parent=28687"}],"wp:term":[{"taxonomy":"category","embeddable":true,"href":"https:\/\/sinedjib.com\/index.php\/wp-json\/wp\/v2\/categories?post=28687"},{"taxonomy":"post_tag","embeddable":true,"href":"https:\/\/sinedjib.com\/index.php\/wp-json\/wp\/v2\/tags?post=28687"}],"curies":[{"name":"wp","href":"https:\/\/api.w.org\/{rel}","templated":true}]}}