{"id":28698,"date":"2026-05-02T12:02:07","date_gmt":"2026-05-02T10:02:07","guid":{"rendered":"https:\/\/sinedjib.com\/?p=28698"},"modified":"2026-05-02T12:02:07","modified_gmt":"2026-05-02T10:02:07","slug":"daniel-guerin-la-dissolution-de-letoile-nord-africaine","status":"publish","type":"post","link":"https:\/\/sinedjib.com\/index.php\/2026\/05\/02\/daniel-guerin-la-dissolution-de-letoile-nord-africaine\/","title":{"rendered":"Daniel Gu\u00e9rin : La dissolution de \u00ab\u00a0l&rsquo;Etoile Nord-Africaine\u00a0\u00bb"},"content":{"rendered":"\n<p><strong>Article de <a href=\"https:\/\/maitron.fr\/guerin-daniel-eugene-edmond\/\">Daniel Gu\u00e9rin<\/a> paru dans <em><a href=\"https:\/\/www.retronews.fr\/journal\/la-vague\/01-fevrier-1937\/1\/a68d0178-da8b-4c71-b628-912ee9861dea\">La Vague<\/a><\/em>, organe de rassemblement r\u00e9volutionnaire, Nouvelle s\u00e9rie, n\u00b0 6, 1er f\u00e9vrier 1937<\/strong><\/p>\n\n\n<div class=\"wp-block-image\">\n<figure class=\"aligncenter size-large\"><img data-recalc-dims=\"1\" loading=\"lazy\" decoding=\"async\" width=\"580\" height=\"152\" data-attachment-id=\"28699\" data-permalink=\"https:\/\/sinedjib.com\/index.php\/2026\/05\/02\/daniel-guerin-la-dissolution-de-letoile-nord-africaine\/la-vague-1er-fevrier-1937\/\" data-orig-file=\"https:\/\/i0.wp.com\/sinedjib.com\/wp-content\/uploads\/2026\/05\/La-Vague-1er-fevrier-1937.jpg?fit=1650%2C432&amp;ssl=1\" data-orig-size=\"1650,432\" data-comments-opened=\"0\" data-image-meta=\"{&quot;aperture&quot;:&quot;0&quot;,&quot;credit&quot;:&quot;&quot;,&quot;camera&quot;:&quot;&quot;,&quot;caption&quot;:&quot;&quot;,&quot;created_timestamp&quot;:&quot;0&quot;,&quot;copyright&quot;:&quot;&quot;,&quot;focal_length&quot;:&quot;0&quot;,&quot;iso&quot;:&quot;0&quot;,&quot;shutter_speed&quot;:&quot;0&quot;,&quot;title&quot;:&quot;&quot;,&quot;orientation&quot;:&quot;0&quot;}\" data-image-title=\"La Vague 1er f\u00e9vrier 1937\" data-image-description=\"\" data-image-caption=\"\" data-large-file=\"https:\/\/i0.wp.com\/sinedjib.com\/wp-content\/uploads\/2026\/05\/La-Vague-1er-fevrier-1937.jpg?fit=580%2C152&amp;ssl=1\" src=\"https:\/\/i0.wp.com\/sinedjib.com\/wp-content\/uploads\/2026\/05\/La-Vague-1er-fevrier-1937.jpg?resize=580%2C152&#038;ssl=1\" alt=\"\" class=\"wp-image-28699\" srcset=\"https:\/\/i0.wp.com\/sinedjib.com\/wp-content\/uploads\/2026\/05\/La-Vague-1er-fevrier-1937.jpg?resize=1024%2C268&amp;ssl=1 1024w, https:\/\/i0.wp.com\/sinedjib.com\/wp-content\/uploads\/2026\/05\/La-Vague-1er-fevrier-1937.jpg?resize=300%2C79&amp;ssl=1 300w, https:\/\/i0.wp.com\/sinedjib.com\/wp-content\/uploads\/2026\/05\/La-Vague-1er-fevrier-1937.jpg?resize=768%2C201&amp;ssl=1 768w, https:\/\/i0.wp.com\/sinedjib.com\/wp-content\/uploads\/2026\/05\/La-Vague-1er-fevrier-1937.jpg?resize=1536%2C402&amp;ssl=1 1536w, https:\/\/i0.wp.com\/sinedjib.com\/wp-content\/uploads\/2026\/05\/La-Vague-1er-fevrier-1937.jpg?resize=1200%2C314&amp;ssl=1 1200w, https:\/\/i0.wp.com\/sinedjib.com\/wp-content\/uploads\/2026\/05\/La-Vague-1er-fevrier-1937.jpg?w=1650&amp;ssl=1 1650w\" sizes=\"auto, (max-width: 580px) 100vw, 580px\" \/><\/figure>\n<\/div>\n\n\n<p class=\"has-text-align-center has-larger-font-size\"><strong>UN COUP DE FORCE<\/strong><\/p>\n\n\n\n<p>A la veille du Congr\u00e8s de Biarritz, le gouvernement, pour amadouer messieurs les radicaux, avait fait \u00e9vacuer brutalement par des forces de police, une usine parisienne. A la veille d&rsquo;une interpellation au S\u00e9nat, sur l&rsquo;Afrique du Nord, le gouvernement, pour amadouer messieurs les s\u00e9nateurs, vient de d\u00e9cider la dissolution de l&rsquo;<em>Etoile Nord-Africaine<\/em>. M\u00eames causes, m\u00eames effets.<\/p>\n\n\n\n<!--more-->\n\n\n\n<p>Et la bourgeoisie d&rsquo;applaudir. Une feuille boursi\u00e8re, le <em>Journal des Finances<\/em>, \u00e9crit : <\/p>\n\n\n\n<blockquote class=\"wp-block-quote is-layout-flow wp-block-quote-is-layout-flow\">\n<p>\u00ab\u00a0La dissolution de l&rsquo;Etoile Nord-Africaine, si elle doit \u00eatre le point de d\u00e9part d&rsquo;une intervention plus \u00e9nergique pour maintenir le calme en Afrique du Nord, est de nature \u00e0 favoriser le groupe des entreprises qui y sont install\u00e9es\u00a0\u00bb.<\/p>\n<\/blockquote>\n\n\n\n<p>Rappelons, tout d&rsquo;abord, que, si le calme est loin de r\u00e9gner, \u00e0 l&rsquo;heure actuelle, en Afrique du Nord, ce n&rsquo;est pas du fait de l&rsquo;<em>Etoile Nord-Africaine<\/em> mais du fait des fascistes qui s&rsquo;organisent, s&rsquo;arment, se pr\u00e9parent impun\u00e9ment et presque ouvertement \u00e0 la r\u00e9bellion contre le gouvernement de Front Populaire. Vis-\u00e0-vis d&rsquo;eux, carence totale de l&rsquo;autorit\u00e9 ; vis-\u00e0-vis de l&rsquo;<em>Etoile Nord-Africaine<\/em>, r\u00e9pression brutale.<\/p>\n\n\n\n<hr class=\"wp-block-separator has-alpha-channel-opacity\"\/>\n\n\n\n<p>Et maintenant, pour ceux qui l&rsquo;ignoreraient, qu&rsquo;est-ce que l&rsquo;<em>Etoile Nord-Africaine<\/em> ? L&rsquo;Etoile est une organisation fond\u00e9e en 1926 et qui groupe des indig\u00e8nes nord-africains, alg\u00e9riens la plupart, autour d&rsquo;un programme d&rsquo;\u00e9mancipation, \u00e0 la fois sociale et nationale. C&rsquo;est dire que l&rsquo;<em>Etoile nord-africaine<\/em>, elle est \u00e0 la fois prol\u00e9tarienne et anti-imp\u00e9rialiste.<\/p>\n\n\n\n<p>A ce double titre, elle m\u00e9rite toute notre sympathie. Et c&rsquo;est \u00e0 ce m\u00eame titre, qu&rsquo;elle a attir\u00e9 sur elle, la haine tenace de la bourgeoisie. Dissoute une premi\u00e8re fois en 1929, reconstitu\u00e9e sous le nom de <em>Glorieuse Etoile Nord-Africaine<\/em>, dissoute \u00e0 nouveau en 1934-1935, ses chefs condamn\u00e9s \u00e0 de lourdes peines de prison, poursuivie encore une fois au d\u00e9but de 1936, <em>l&rsquo;Etoile <\/em>n&rsquo;a cess\u00e9 d&rsquo;\u00eatre pers\u00e9cut\u00e9e, qu&rsquo;\u00e0 l&rsquo;arriv\u00e9e au pouvoir du Front populaire.<\/p>\n\n\n\n<p>Mais <em>l&rsquo;Etoile <\/em>n&rsquo;est pas qu&rsquo;une organisation anticolonialiste. Elle est aussi, elle est surtout une admirable ligue de d\u00e9fense des ouvriers nord-africains, travaillant en France et notamment dans la r\u00e9gion parisienne ; intervenant chaque fois que ceux-ci sont brim\u00e9s par l&rsquo;administration, radi\u00e9s du ch\u00f4mage, etc \u2026<\/p>\n\n\n\n<p><em>L&rsquo;Etoile<\/em>, avait naturellement sa place dans le Rassemblement populaire. Elle y a adh\u00e9r\u00e9 d\u00e8s le d\u00e9but. Et, le 14 juillet 1935, comme le 14 juillet 1936, le peuple de Paris a fait un vif succ\u00e8s \u00e0 ses milliers d&rsquo;adh\u00e9rents d\u00e9filant en rangs serr\u00e9s, dans les rues de la capitale.<\/p>\n\n\n\n<hr class=\"wp-block-separator has-alpha-channel-opacity\"\/>\n\n\n\n<p>Je rappellerai, ici, deux souvenirs personnels. Au lendemain du 6 f\u00e9vrier 1934, alors que nous \u00e9tions quelques-uns \u00e0 nous pr\u00e9occuper de la propagande et du recrutement fascistes aupr\u00e8s des Nord-Africains de la r\u00e9gion parisienne, Messali, l&rsquo;animateur de <em>l&rsquo;Etoile<\/em>, vint se mettre \u00e0 notre enti\u00e8re disposition, pour nous aider \u00e0 disputer les Nord-Africains au fascisme. En septembre 1936, aux Lilas, les ouvriers occupaient une usine : parmi eux, des Nord-Africains que les \u00e9missaires du service de police sp\u00e9ciale de la rue Lecomte (1) incitaient \u00e0 se d\u00e9solidariser de leurs camarades et \u00e0 briser la gr\u00e8ve. Il me suffit d&rsquo;envoyer un pneu et un camarade de <em>l&rsquo;Etoile <\/em>vint aussit\u00f4t haranguer, en arabe, les gr\u00e9vistes nord-africains, les exhortant \u00e0 rester dans la lutte aux c\u00f4t\u00e9s de leurs fr\u00e8res de misere.<\/p>\n\n\n\n<p>Et, aujourd&rsquo;hui, le gouvernement de Front populaire remercie <em>l&rsquo;Etoile <\/em>de son attachement au Front populaire, en d\u00e9cr\u00e9tant sa dissolution ! Et le texte de loi invoqu\u00e9 pour l\u00e9galiser cette dissolution, c&rsquo;est \u2026 la loi de dissolution des ligues fascistes ! A l&rsquo;\u00e9poque o\u00f9 cette loi a \u00e9t\u00e9 vot\u00e9e, nous avions \u00e9t\u00e9 quelques-uns \u00e0 mettre en garde contre un paragraphe \u00e0 double tranchant qui pouvait s&rsquo;appliquer, non seulement aux formations paramilitaires de La Rocque, mais aussi \u00e0 des organisations du genre de l&rsquo;<em>Etoile Nord-Africaine<\/em>.<\/p>\n\n\n\n<p>Le ministre de l&rsquo;Int\u00e9rieur du Front populaire s&rsquo;est charg\u00e9 de justifier nos appr\u00e9hensions.<\/p>\n\n\n\n<p><em>L&rsquo;Etoile <\/em>est donc, encore une fois, dissoute. Allez-vous laisser passer \u00e7a, sans protester, vous tous qui, en d&rsquo;autre temps, avez d\u00e9fendu l&rsquo;<em>Etoile Nord-Africaine<\/em> contre les coups de la bourgeoisie ? Je pense notamment aux organisations qui, en octobre 1934, participaient, \u00e0 la Mutualit\u00e9, \u00e0 un grand meeting en faveur de l&rsquo;<em>Etoile Nord-Africaine<\/em> : partis communiste, socialiste, radical-socialiste, Camille Pelletan, C.G.T., ligue contre l&rsquo;imp\u00e9rialisme, etc. Je pense au Rassemblement populaire, lui-m\u00eame, dont <em>l&rsquo;Etoile <\/em>FAIT PARTIE. Et je pense, en particulier, a notre ami Me Depreux qui, il y a un an, d\u00e9fendait si vaillamment l&rsquo;<em>Etoile Nord-Africaine<\/em> devant les tribunaux ?<\/p>\n\n\n\n<p>Si, par malheur, le Front populaire ne r\u00e9agissait pas contre ce coup de force, s&rsquo;il d\u00e9cevait les immenses esp\u00e9rances que les peuples coloniaux ont plac\u00e9es en lui, s&rsquo;il laissait au fascisme d\u00e9magogique l&rsquo;avantage de promettre aux indig\u00e8nes, les fameuses \u00ab\u00a0libert\u00e9s d\u00e9mocratiques\u00a0\u00bb, que, par une cruelle d\u00e9rision, la \u00ab\u00a0d\u00e9mocratie\u00a0\u00bb leur refuse, alors le pire serait \u00e0 craindre.<\/p>\n\n\n\n<p>Qui sait, en effet, si alors les adh\u00e9rents d\u00e9cus, de l&rsquo;<em>Etoile Nord-Africaine<\/em> ne pr\u00eateraient pas, en Alg\u00e9rie, une oreille complaisante aux bobards des La Rocque et des Doriot : et si, en France m\u00eame, ils ne seraient pas faciles \u00e0 embaucher pour un nouveau Six F\u00e9vrier ?<\/p>\n\n\n\n<p class=\"has-text-align-right\"><strong>DANIEL GUERIN<\/strong><\/p>\n\n\n\n<hr class=\"wp-block-separator has-alpha-channel-opacity\"\/>\n\n\n\n<p class=\"has-small-font-size\">(1) Ces services de la rue Lecomte, charg\u00e9s de la surveillance polici\u00e8re des Nord-Africains, n&rsquo;ont jamais \u00e9t\u00e9 dissous, eux, malgr\u00e9 nos d\u00e9marches pressantes aupr\u00e8s du minist\u00e8re de l&rsquo;Int\u00e9rieur.<\/p>\n","protected":false},"excerpt":{"rendered":"<p>Article de Daniel Gu\u00e9rin paru dans La Vague, organe de rassemblement r\u00e9volutionnaire, Nouvelle s\u00e9rie, n\u00b0 6, 1er f\u00e9vrier 1937 UN COUP DE FORCE A la veille du Congr\u00e8s de Biarritz, le gouvernement, pour amadouer messieurs les radicaux, avait fait \u00e9vacuer brutalement par des forces de police, une usine parisienne. A la veille d&rsquo;une interpellation au [&hellip;]<\/p>\n","protected":false},"author":1,"featured_media":0,"comment_status":"closed","ping_status":"","sticky":false,"template":"","format":"standard","meta":{"jetpack_post_was_ever_published":false,"_jetpack_newsletter_access":"","_jetpack_dont_email_post_to_subs":false,"_jetpack_newsletter_tier_id":0,"_jetpack_memberships_contains_paywalled_content":false,"_jetpack_memberships_contains_paid_content":false,"footnotes":""},"categories":[8],"tags":[24,112,138,340,409,457,474,555,6026,1005],"class_list":["post-28698","post","type-post","status-publish","format-standard","hentry","category-presse","tag-24","tag-algerie","tag-anticolonialisme","tag-daniel-guerin","tag-etoile-nord-africaine","tag-france","tag-front-populaire","tag-immigration","tag-la-vague","tag-repression"],"jetpack_featured_media_url":"","jetpack_sharing_enabled":true,"jetpack_shortlink":"https:\/\/wp.me\/p9lTYU-7sS","jetpack_likes_enabled":true,"jetpack-related-posts":[{"id":28687,"url":"https:\/\/sinedjib.com\/index.php\/2026\/05\/01\/messali-hadj-a-bernard-lecache-president-de-la-l-i-c-a\/","url_meta":{"origin":28698,"position":0},"title":"Messali Hadj : \u00c0 Bernard Lecache, pr\u00e9sident de la L.I.C.A.","author":"SiNedjib","date":"01\/05\/2026","format":false,"excerpt":"Adresse de Messali Hadj parue dans El Ouma, \u00e9dition sp\u00e9ciale, n\u00b0 46, 1937 ; suivie d'un appel de la r\u00e9daction et d'un communiqu\u00e9 de l'Etoile nord-africaine Vous n'\u00eates pas sans savoir que l'Etoile Nord-Africaine est frapp\u00e9e de dissolution. Cela vous indigne \u00e0 juste titre, comme tous les hommes de c\u0153ur\u2026","rel":"","context":"Dans &quot;presse&quot;","block_context":{"text":"presse","link":"https:\/\/sinedjib.com\/index.php\/category\/presse\/"},"img":{"alt_text":"","src":"https:\/\/i0.wp.com\/sinedjib.com\/wp-content\/uploads\/2026\/05\/El-Ouma-1937.jpg?resize=350%2C200&ssl=1","width":350,"height":200,"srcset":"https:\/\/i0.wp.com\/sinedjib.com\/wp-content\/uploads\/2026\/05\/El-Ouma-1937.jpg?resize=350%2C200&ssl=1 1x, https:\/\/i0.wp.com\/sinedjib.com\/wp-content\/uploads\/2026\/05\/El-Ouma-1937.jpg?resize=525%2C300&ssl=1 1.5x, https:\/\/i0.wp.com\/sinedjib.com\/wp-content\/uploads\/2026\/05\/El-Ouma-1937.jpg?resize=700%2C400&ssl=1 2x, https:\/\/i0.wp.com\/sinedjib.com\/wp-content\/uploads\/2026\/05\/El-Ouma-1937.jpg?resize=1050%2C600&ssl=1 3x, https:\/\/i0.wp.com\/sinedjib.com\/wp-content\/uploads\/2026\/05\/El-Ouma-1937.jpg?resize=1400%2C800&ssl=1 4x"},"classes":[]},{"id":28678,"url":"https:\/\/sinedjib.com\/index.php\/2026\/04\/29\/letoile-nord-africaine-injustement-poursuivie-vient-dadresser-a-toutes-les-organisations-du-front-populaire-la-lettre-suivante\/","url_meta":{"origin":28698,"position":1},"title":"L&rsquo;\u00c9toile Nord-Africaine injustement poursuivie vient d&rsquo;adresser \u00e0 toutes les Organisations du Front Populaire la Lettre suivante :","author":"SiNedjib","date":"29\/04\/2026","format":false,"excerpt":"Lettre de l'Etoile Nord-Africaine parue dans L'Alg\u00e9rie Ouvri\u00e8re, Organe des Travailleurs de l'Afrique du Nord, publi\u00e9 sous le contr\u00f4le des Syndicats R\u00e9unifi\u00e9s d'Alg\u00e9rie, Nouvelle S\u00e9rie, n\u00b0 105, du 21 janvier au 7 f\u00e9vrier 1936 ETOILE NORD-AFRICAINEAssociation des Musulmans Alg\u00e9riens, Tunisiens et Marocains19, rue Daguerre - PARIS Le Gouvernement LAVAL complice\u2026","rel":"","context":"Dans &quot;presse&quot;","block_context":{"text":"presse","link":"https:\/\/sinedjib.com\/index.php\/category\/presse\/"},"img":{"alt_text":"","src":"https:\/\/i0.wp.com\/sinedjib.com\/wp-content\/uploads\/2026\/04\/LAlgerie-ouvriere-1936.jpg?resize=350%2C200&ssl=1","width":350,"height":200,"srcset":"https:\/\/i0.wp.com\/sinedjib.com\/wp-content\/uploads\/2026\/04\/LAlgerie-ouvriere-1936.jpg?resize=350%2C200&ssl=1 1x, https:\/\/i0.wp.com\/sinedjib.com\/wp-content\/uploads\/2026\/04\/LAlgerie-ouvriere-1936.jpg?resize=525%2C300&ssl=1 1.5x, https:\/\/i0.wp.com\/sinedjib.com\/wp-content\/uploads\/2026\/04\/LAlgerie-ouvriere-1936.jpg?resize=700%2C400&ssl=1 2x, https:\/\/i0.wp.com\/sinedjib.com\/wp-content\/uploads\/2026\/04\/LAlgerie-ouvriere-1936.jpg?resize=1050%2C600&ssl=1 3x, https:\/\/i0.wp.com\/sinedjib.com\/wp-content\/uploads\/2026\/04\/LAlgerie-ouvriere-1936.jpg?resize=1400%2C800&ssl=1 4x"},"classes":[]},{"id":28674,"url":"https:\/\/sinedjib.com\/index.php\/2026\/04\/28\/letoile-nord-africaine-est-poursuivie\/","url_meta":{"origin":28698,"position":2},"title":"L&rsquo;Etoile Nord-Africaine est poursuivie !","author":"SiNedjib","date":"28\/04\/2026","format":false,"excerpt":"Article paru dans La Lutte Sociale, organe bi-mensuel du Parti Communiste Alg\u00e9rien, Nouvelle s\u00e9rie, 25e ann\u00e9e, n\u00b0 13, du 1er au 15 novembre 1934 Apr\u00e8s les poursuites contre les dirigeants de l'Etoile Nord-Africaine et la dissolution de cette organisation, un autre groupement s'\u00e9tait constitu\u00e9 sous le nom de la \u00ab\u2026","rel":"","context":"Dans &quot;presse&quot;","block_context":{"text":"presse","link":"https:\/\/sinedjib.com\/index.php\/category\/presse\/"},"img":{"alt_text":"","src":"https:\/\/i0.wp.com\/sinedjib.com\/wp-content\/uploads\/2026\/04\/La-Lutte-sociale-1er-novembre-1934.jpg?resize=350%2C200&ssl=1","width":350,"height":200,"srcset":"https:\/\/i0.wp.com\/sinedjib.com\/wp-content\/uploads\/2026\/04\/La-Lutte-sociale-1er-novembre-1934.jpg?resize=350%2C200&ssl=1 1x, https:\/\/i0.wp.com\/sinedjib.com\/wp-content\/uploads\/2026\/04\/La-Lutte-sociale-1er-novembre-1934.jpg?resize=525%2C300&ssl=1 1.5x, https:\/\/i0.wp.com\/sinedjib.com\/wp-content\/uploads\/2026\/04\/La-Lutte-sociale-1er-novembre-1934.jpg?resize=700%2C400&ssl=1 2x, https:\/\/i0.wp.com\/sinedjib.com\/wp-content\/uploads\/2026\/04\/La-Lutte-sociale-1er-novembre-1934.jpg?resize=1050%2C600&ssl=1 3x, https:\/\/i0.wp.com\/sinedjib.com\/wp-content\/uploads\/2026\/04\/La-Lutte-sociale-1er-novembre-1934.jpg?resize=1400%2C800&ssl=1 4x"},"classes":[]},{"id":26849,"url":"https:\/\/sinedjib.com\/index.php\/2025\/08\/02\/messali-28\/","url_meta":{"origin":28698,"position":3},"title":"Apr\u00e8s la dissolution de l&rsquo;Etoile nord-africaine. Messali Hadj chef de l&rsquo;organisation dissoute nous d\u00e9clare&#8230;","author":"SiNedjib","date":"02\/08\/2025","format":false,"excerpt":"D\u00e9claration de Messali Hadj parue dans La Fl\u00e8che de Paris, 4e ann\u00e9e, n\u00b0 51, 30 janvier 1937 La dissolution de l'Etoile Nord-Africaine ayant \u00e9t\u00e9 d\u00e9cr\u00e9t\u00e9e, alors que rien ne la laissait pr\u00e9voir, il nous a paru int\u00e9ressant de conna\u00eetre l'opinion du pr\u00e9sident de cette organisation dont l'attitude, depuis l'av\u00e8nement du\u2026","rel":"","context":"Dans &quot;presse&quot;","block_context":{"text":"presse","link":"https:\/\/sinedjib.com\/index.php\/category\/presse\/"},"img":{"alt_text":"","src":"https:\/\/i0.wp.com\/sinedjib.com\/wp-content\/uploads\/2025\/08\/La-Fleche-de-Paris-30-janvier-1937.jpg?resize=350%2C200&ssl=1","width":350,"height":200,"srcset":"https:\/\/i0.wp.com\/sinedjib.com\/wp-content\/uploads\/2025\/08\/La-Fleche-de-Paris-30-janvier-1937.jpg?resize=350%2C200&ssl=1 1x, https:\/\/i0.wp.com\/sinedjib.com\/wp-content\/uploads\/2025\/08\/La-Fleche-de-Paris-30-janvier-1937.jpg?resize=525%2C300&ssl=1 1.5x, https:\/\/i0.wp.com\/sinedjib.com\/wp-content\/uploads\/2025\/08\/La-Fleche-de-Paris-30-janvier-1937.jpg?resize=700%2C400&ssl=1 2x, https:\/\/i0.wp.com\/sinedjib.com\/wp-content\/uploads\/2025\/08\/La-Fleche-de-Paris-30-janvier-1937.jpg?resize=1050%2C600&ssl=1 3x, https:\/\/i0.wp.com\/sinedjib.com\/wp-content\/uploads\/2025\/08\/La-Fleche-de-Paris-30-janvier-1937.jpg?resize=1400%2C800&ssl=1 4x"},"classes":[]},{"id":41,"url":"https:\/\/sinedjib.com\/index.php\/2012\/10\/29\/simone-weil-ces-membres-palpitants-de-la-patrie-1938\/","url_meta":{"origin":28698,"position":4},"title":"Simone Weil\u00a0: \u00ab\u00a0Ces membres palpitants de la patrie\u00a0\u00bb","author":"Nedjib Sidi Moussa","date":"29\/10\/2012","format":false,"excerpt":"J'ai choisi de partager ce texte de la philosophe fran\u00e7aise Simone Weil (1909-1943) dans lequel elle prend position contre la dissolution de l'Etoile nord-africaine (ENA) par le gouvernement de Front populaire. L'ENA, dirig\u00e9e par Messali Hadj, est surtout pr\u00e9sente dans l'\u00e9migration alg\u00e9rienne en France et repr\u00e9sente le courant politique le\u2026","rel":"","context":"Dans &quot;\u00e9vocations&quot;","block_context":{"text":"\u00e9vocations","link":"https:\/\/sinedjib.com\/index.php\/category\/evocations\/"},"img":{"alt_text":"","src":"","width":0,"height":0},"classes":[]},{"id":28670,"url":"https:\/\/sinedjib.com\/index.php\/2026\/04\/27\/un-appel-de-letoile-nord-africaine-respectez-nos-maigres-droits\/","url_meta":{"origin":28698,"position":5},"title":"Un appel de l&rsquo;Etoile Nord-Africaine : Respectez nos maigres droits","author":"SiNedjib","date":"27\/04\/2026","format":false,"excerpt":"Appel de l'Etoile Nord-Africaine paru dans La Lutte Sociale, n\u00b0 451, 22 avril 1927 ; suivi d'une lettre de l'Etoile Nord-Africaine parue dans L'Humanit\u00e9, 17 mai 1927 Une nouvelle restriction vient d'\u00eatre apport\u00e9e aux droits politiques, d\u00e9j\u00e0 si minimes, des indig\u00e8nes alg\u00e9riens. Un arr\u00eat\u00e9 du Conseil d'Etat d\u00e9clare non \u00e9ligibles\u2026","rel":"","context":"Dans &quot;presse&quot;","block_context":{"text":"presse","link":"https:\/\/sinedjib.com\/index.php\/category\/presse\/"},"img":{"alt_text":"","src":"https:\/\/i0.wp.com\/sinedjib.com\/wp-content\/uploads\/2026\/04\/La-Lutte-Sociale-22-avril-1927.jpg?resize=350%2C200&ssl=1","width":350,"height":200,"srcset":"https:\/\/i0.wp.com\/sinedjib.com\/wp-content\/uploads\/2026\/04\/La-Lutte-Sociale-22-avril-1927.jpg?resize=350%2C200&ssl=1 1x, https:\/\/i0.wp.com\/sinedjib.com\/wp-content\/uploads\/2026\/04\/La-Lutte-Sociale-22-avril-1927.jpg?resize=525%2C300&ssl=1 1.5x, https:\/\/i0.wp.com\/sinedjib.com\/wp-content\/uploads\/2026\/04\/La-Lutte-Sociale-22-avril-1927.jpg?resize=700%2C400&ssl=1 2x, https:\/\/i0.wp.com\/sinedjib.com\/wp-content\/uploads\/2026\/04\/La-Lutte-Sociale-22-avril-1927.jpg?resize=1050%2C600&ssl=1 3x, https:\/\/i0.wp.com\/sinedjib.com\/wp-content\/uploads\/2026\/04\/La-Lutte-Sociale-22-avril-1927.jpg?resize=1400%2C800&ssl=1 4x"},"classes":[]}],"_links":{"self":[{"href":"https:\/\/sinedjib.com\/index.php\/wp-json\/wp\/v2\/posts\/28698","targetHints":{"allow":["GET"]}}],"collection":[{"href":"https:\/\/sinedjib.com\/index.php\/wp-json\/wp\/v2\/posts"}],"about":[{"href":"https:\/\/sinedjib.com\/index.php\/wp-json\/wp\/v2\/types\/post"}],"author":[{"embeddable":true,"href":"https:\/\/sinedjib.com\/index.php\/wp-json\/wp\/v2\/users\/1"}],"replies":[{"embeddable":true,"href":"https:\/\/sinedjib.com\/index.php\/wp-json\/wp\/v2\/comments?post=28698"}],"version-history":[{"count":2,"href":"https:\/\/sinedjib.com\/index.php\/wp-json\/wp\/v2\/posts\/28698\/revisions"}],"predecessor-version":[{"id":28701,"href":"https:\/\/sinedjib.com\/index.php\/wp-json\/wp\/v2\/posts\/28698\/revisions\/28701"}],"wp:attachment":[{"href":"https:\/\/sinedjib.com\/index.php\/wp-json\/wp\/v2\/media?parent=28698"}],"wp:term":[{"taxonomy":"category","embeddable":true,"href":"https:\/\/sinedjib.com\/index.php\/wp-json\/wp\/v2\/categories?post=28698"},{"taxonomy":"post_tag","embeddable":true,"href":"https:\/\/sinedjib.com\/index.php\/wp-json\/wp\/v2\/tags?post=28698"}],"curies":[{"name":"wp","href":"https:\/\/api.w.org\/{rel}","templated":true}]}}