{"id":28702,"date":"2026-05-03T12:10:46","date_gmt":"2026-05-03T10:10:46","guid":{"rendered":"https:\/\/sinedjib.com\/?p=28702"},"modified":"2026-05-03T12:16:15","modified_gmt":"2026-05-03T10:16:15","slug":"pour-la-defense-de-lempire-francais-le-front-populaire-fait-dissoudre-et-matraquer-letoile-nord-africaine","status":"publish","type":"post","link":"https:\/\/sinedjib.com\/index.php\/2026\/05\/03\/pour-la-defense-de-lempire-francais-le-front-populaire-fait-dissoudre-et-matraquer-letoile-nord-africaine\/","title":{"rendered":"Pour la d\u00e9fense de l&rsquo;Empire fran\u00e7ais, le Front Populaire fait dissoudre et matraquer l&rsquo;Etoile Nord-Africaine"},"content":{"rendered":"\n<p><strong>Article paru dans <em><a href=\"https:\/\/www.cermtri.com\/index.php\/system\/files\/Adherents\/La_Lutte_Ouvri%C3%A8re_1937_num%C3%A9ro_30.pdf\">La Lutte ouvri\u00e8re<\/a><\/em>, organe du Parti ouvrier internationaliste, 2e ann\u00e9e, n\u00b0 30, 5 f\u00e9vrier 1937, \u00e9dition sp\u00e9ciale<\/strong><\/p>\n\n\n<div class=\"wp-block-image\">\n<figure class=\"aligncenter size-large\"><img data-recalc-dims=\"1\" loading=\"lazy\" decoding=\"async\" width=\"580\" height=\"160\" data-attachment-id=\"28703\" data-permalink=\"https:\/\/sinedjib.com\/index.php\/2026\/05\/03\/pour-la-defense-de-lempire-francais-le-front-populaire-fait-dissoudre-et-matraquer-letoile-nord-africaine\/la-lutte-ouvriere-5-fevrier-1937\/\" data-orig-file=\"https:\/\/i0.wp.com\/sinedjib.com\/wp-content\/uploads\/2026\/05\/La-Lutte-ouvriere-5-fevrier-1937.jpg?fit=1672%2C461&amp;ssl=1\" data-orig-size=\"1672,461\" data-comments-opened=\"0\" data-image-meta=\"{&quot;aperture&quot;:&quot;0&quot;,&quot;credit&quot;:&quot;&quot;,&quot;camera&quot;:&quot;&quot;,&quot;caption&quot;:&quot;&quot;,&quot;created_timestamp&quot;:&quot;0&quot;,&quot;copyright&quot;:&quot;&quot;,&quot;focal_length&quot;:&quot;0&quot;,&quot;iso&quot;:&quot;0&quot;,&quot;shutter_speed&quot;:&quot;0&quot;,&quot;title&quot;:&quot;&quot;,&quot;orientation&quot;:&quot;0&quot;}\" data-image-title=\"La Lutte ouvri\u00e8re 5 f\u00e9vrier 1937\" data-image-description=\"\" data-image-caption=\"\" data-large-file=\"https:\/\/i0.wp.com\/sinedjib.com\/wp-content\/uploads\/2026\/05\/La-Lutte-ouvriere-5-fevrier-1937.jpg?fit=580%2C160&amp;ssl=1\" src=\"https:\/\/i0.wp.com\/sinedjib.com\/wp-content\/uploads\/2026\/05\/La-Lutte-ouvriere-5-fevrier-1937.jpg?resize=580%2C160&#038;ssl=1\" alt=\"\" class=\"wp-image-28703\" srcset=\"https:\/\/i0.wp.com\/sinedjib.com\/wp-content\/uploads\/2026\/05\/La-Lutte-ouvriere-5-fevrier-1937.jpg?resize=1024%2C282&amp;ssl=1 1024w, https:\/\/i0.wp.com\/sinedjib.com\/wp-content\/uploads\/2026\/05\/La-Lutte-ouvriere-5-fevrier-1937.jpg?resize=300%2C83&amp;ssl=1 300w, https:\/\/i0.wp.com\/sinedjib.com\/wp-content\/uploads\/2026\/05\/La-Lutte-ouvriere-5-fevrier-1937.jpg?resize=768%2C212&amp;ssl=1 768w, https:\/\/i0.wp.com\/sinedjib.com\/wp-content\/uploads\/2026\/05\/La-Lutte-ouvriere-5-fevrier-1937.jpg?resize=1536%2C424&amp;ssl=1 1536w, https:\/\/i0.wp.com\/sinedjib.com\/wp-content\/uploads\/2026\/05\/La-Lutte-ouvriere-5-fevrier-1937.jpg?resize=1200%2C331&amp;ssl=1 1200w, https:\/\/i0.wp.com\/sinedjib.com\/wp-content\/uploads\/2026\/05\/La-Lutte-ouvriere-5-fevrier-1937.jpg?w=1672&amp;ssl=1 1672w\" sizes=\"auto, (max-width: 580px) 100vw, 580px\" \/><\/figure>\n<\/div>\n\n\n<p class=\"has-text-align-center has-large-font-size\"><strong>Les patrons ont tu\u00e9 Acherchour et les domestiques dissolvent l&rsquo;Etoile Nord-Africaine !<br>Il faut imposer le droit pour les coloniaux de s&rsquo;organiser librement !<br>Solidarit\u00e9 de classe avec les Travailleurs Nord-Africains<\/strong><\/p>\n\n\n\n<p>Mardi, 2 f\u00e9vrier, la Ligue pour la D\u00e9fense des Droits des N\u00e8gres organisait, \u00e0 la Mutualit\u00e9, un meeting pour protester contre la dissolution de l&rsquo;Etoile Nord-Africaine. Vers 19 h. 45, un imposant service d&rsquo;ordre bouchait les acc\u00e8s de la Mutualit\u00e9 pour signifier que ce meeting n&rsquo;aurait pas lieu. Les nombreux Nord-Africains qui \u00e9taient venus pour assister \u00e0 ce meeting, durent s&rsquo;en retourner.<\/p>\n\n\n\n<!--more-->\n\n\n\n<p class=\"has-text-align-center\"><strong>POUR DEFENDRE L&rsquo;IMPERIALISME FRAN\u00c7AIS ET PREPARER LA GUERRE, LE GOUVERNEMENT ET LES STALINISTES ONT DISSOUS L&rsquo;ETOILE NORD-AFRICAINE<\/strong><\/p>\n\n\n\n<p>Il n&rsquo;est nullement surprenant qu&rsquo;\u00e0 l&rsquo;approche de la guerre imp\u00e9rialiste, la r\u00e9pression s&rsquo;accentue contre les organisations qui ont un caract\u00e8re anti-imp\u00e9rialiste.<\/p>\n\n\n\n<p>Ce qui est aujourd&rsquo;hui caract\u00e9ristique, c&rsquo;est que les \u00ab communistes \u00bb <em>(sic)<\/em> et les \u00ab socialistes \u00bb <em>(sic)<\/em> sont \u00e0 l&rsquo;avant-garde de cette r\u00e9pression. <\/p>\n\n\n\n<p>L&rsquo;Etoile Nord-Africaine, organisation groupant les travailleurs nord-africains, sur des revendications d\u00e9mocratiques et d&rsquo;\u00e9mancipation nationale, vient d&rsquo;\u00eatre dissoute par le Gouvernement de Front Populaire, d&rsquo;une mani\u00e8re encore plus r\u00e9actionnaire et odieuse, qu&rsquo;elle avait \u00e9t\u00e9 dissoute par les pr\u00e9c\u00e9dents gouvernements radicaux d&rsquo;union nationale. On a m\u00eame man\u0153uvr\u00e9 pour \u00e9viter toute possibilit\u00e9 d&rsquo;appel devant les tribunaux !<\/p>\n\n\n\n<p>Les travailleurs nord-africains de cette organisation avaient particip\u00e9 \u00e0 toutes les actions et manifestations de lutte contre le fascisme.<\/p>\n\n\n\n<p>Toutes les fois que, dans une usine, le patronat f\u00e9roce s&rsquo;effor\u00e7ait d&rsquo;utiliser les travailleurs nord-africains contre les ouvriers fran\u00e7ais, l&rsquo;Etoile intervenait pour pr\u00eacher la solidarit\u00e9 de classe. Elle n&rsquo;acceptait pas que l&rsquo;imp\u00e9rialisme divise les exploit\u00e9s m\u00e9tropolitains, en se servant des esclaves coloniaux !<\/p>\n\n\n\n<p>Elle luttait contre l&rsquo;imp\u00e9rialisme ! Mais c&rsquo;est pr\u00e9cis\u00e9ment pourquoi le parti qui s&rsquo;intitule, par le plus singulier paradoxe, \u00ab communiste \u00bb, a compl\u00e8tement trahi l&rsquo;Etoile Nord-Africaine. Mieux, il r\u00e9alise \u00ab l&rsquo;amalgame \u00bb qui nous est devenu familier \u00e0 nous autres \u00ab trotskystes \u00bb. Il r\u00e9pand le bruit que l&rsquo;Etoile Nord-Africaine est une organisation fasciste ! ! ! Il pr\u00e9pare une grande attaque d&rsquo;envergure sur ce terrain bassement policier et typiquement stalinien. Quelle le\u00e7on pratique pour ceux qui n&rsquo;auraient pas compris \u00ab le Proc\u00e8s de Moscou \u00bb !<\/p>\n\n\n\n<p>Il n&rsquo;est pas besoin de dire que, dans cette lutte qui est une lutte contre l&rsquo;imp\u00e9rialisme, le Parti Ouvrier Internationaliste et ses Jeunesses sont aux c\u00f4t\u00e9s de l&rsquo;Etoile Nord-Africaine qu&rsquo;ils veulent aider de leur mieux et de toutes leurs forces.<\/p>\n\n\n\n<p>D&rsquo;abord pour faire r\u00e9voquer le d\u00e9cret inf\u00e2me de dissolution et arracher leur droit de s&rsquo;organiser librement.<\/p>\n\n\n\n<p>Ensuite, nous entendons appuyer toute action de lutte contre l&rsquo;imp\u00e9rialisme pour les libert\u00e9s d\u00e9mocratiques, pour la conqu\u00eate de revendications \u00e9conomiques sur un pied d&rsquo;\u00e9galit\u00e9 avec les travailleurs de la M\u00e9tropole.<\/p>\n\n\n\n<p>Nous pensons, conform\u00e9ment au programme communiste, que le peuple alg\u00e9rien doit \u00eatre enti\u00e8rement libre de d\u00e9cider de ses destin\u00e9es jusques et y compris la s\u00e9paration, s&rsquo;il le veut.<\/p>\n\n\n\n<p>Pour cela, il faut le consulter et lui permettre de s&rsquo;exprimer. Il faut lutter pour une Constituante du peuple alg\u00e9rien qui d\u00e9terminera sa volont\u00e9 et sa constitution. Il faut d\u00e9masquer les projets du style <em>Viollette <\/em>qui sont une caricature imp\u00e9rialiste destin\u00e9s \u00e0 utiliser certains gros alg\u00e9riens contre le peuple !<\/p>\n\n\n\n<p>Ci-dessous, l&rsquo;article de <em>Imache Amar<\/em>, de <em>El Ouma<\/em>, organe de l&rsquo;Etoile Nord-Africaine, caract\u00e9risant la grande trahison :<\/p>\n\n\n\n<hr class=\"wp-block-separator has-alpha-channel-opacity\"\/>\n\n\n\n<p class=\"has-text-align-center has-larger-font-size\"><strong>Ils nous ont trahis<\/strong><\/p>\n\n\n\n<p class=\"has-large-font-size\"><strong>Le Front Populaire est parjure. Le Front Populaire a immol\u00e9 un de ses membres avec l&rsquo;appui des  Communistes<\/strong><\/p>\n\n\n\n<p>L&rsquo;Etoile Nord-Africaine, adh\u00e9rente au Front Populaire, vient d&rsquo;\u00eatre dissoute par ce m\u00eame Front Populaire !<\/p>\n\n\n\n<p>Le parti politique qui avait le plus recherch\u00e9 l&rsquo;alliance avec nous et sur qui beaucoup des n\u00f4tres croyaient pouvoir compter, s&rsquo;est fait l&rsquo;adversaire le plus acharn\u00e9 et le complice du gouvernement qui vient de nous dissoudre.<\/p>\n\n\n\n<p>Les attaques les plus insens\u00e9es et les plus injustifi\u00e9es n&rsquo;avaient pour but que de pr\u00e9parer l&rsquo;opinion au coup terrible que le gouvernement s&rsquo;appr\u00eatait \u00e0 porter \u00e0 une organisation de travailleurs musulmans.<\/p>\n\n\n\n<p>Ali Boukort, que l&rsquo;on veut placer comme vedette en Alg\u00e9rie, \u00e9tait charg\u00e9 par ses ma\u00eetres de commencer l&rsquo;attaque, et les accusations les plus stupides \u00e9taient imprim\u00e9es, noir sur blanc, dans <em>La lutte sociale<\/em> d&rsquo;abord, puis dans <em>L&rsquo;Humanit\u00e9<\/em>.<\/p>\n\n\n\n<p>\u00ab Hitl\u00e9riens \u00bb, nous qui avons combattu le fascisme et souffert par lui plus qu&rsquo;aucune organisation ou parti ?<\/p>\n\n\n\n<p>Hitl\u00e9riens, nous qui nous sommes plac\u00e9s aux c\u00f4t\u00e9s des travailleurs d\u00e8s la premi\u00e8re minute ? Nous qui avons manifest\u00e9 avec le peuple et qui avons soutenu sa lutte en toutes circonstances ? Allons donc, messieurs les \u00ab camarades prol\u00e9taires \u00bb ! Il n&rsquo;y a pas un travailleur sens\u00e9 et honn\u00eate qui puisse croire \u00e0 vos sornettes. Dites plut\u00f4t que vous avez pris la place de l&rsquo;imp\u00e9rialisme ou que vous avez endoss\u00e9 sa livr\u00e9e et que vous \u00eates devenus des chauvins de la pire esp\u00e8ce alli\u00e9s du colonialisme. Il y a d&rsquo;ailleurs longtemps qu&rsquo;on s&rsquo;en doutait et ce n&rsquo;est un myst\u00e8re que pour les aveugles ou les fanatiques.<\/p>\n\n\n\n<p>Car enfin le programme de l&rsquo;Etoile date de 1926.<\/p>\n\n\n\n<p>Depuis cette date, vous connaissiez son programme et aussi ses dirigeants. Le connaissant, vous l&rsquo;aviez approuv\u00e9 par vos d\u00e9clarations ; mieux, vous l&rsquo;aviez soutenu et d\u00e9fendu par vos avocats et cela jusqu&rsquo;en juin 1936. C&rsquo;est-\u00e0-dire tant que vous n&rsquo;\u00e9tiez pas au pouvoir. C&rsquo;est-\u00e0-dire avant que vous ne chantiez la Marseillaise et avant que ceux que vous appeliez les \u00ab gueules de vaches \u00bb ne soient devenus des \u00ab camarades g\u00e9n\u00e9raux \u00bb. Du changement ? Certes, il y en a eu, mais pas chez nous. Si la pr\u00e9occupation de la \u00ab d\u00e9fense nationale \u00bb vous laissait un peu de r\u00e9pit, vous pourriez peut-\u00eatre vous rappeler votre ancienne doctrine qui \u00e9tait pour la d\u00e9fense des opprim\u00e9s et la lib\u00e9ration des colonies. Mais c&rsquo;\u00e9tait \u00e0 l&rsquo;\u00e9poque o\u00f9 vous \u00e9tiez contre la bourgeoisie et contre la guerre. Aujourd&rsquo;hui, vous \u00eates vous-m\u00eames devenus bourgeois et vous \u00eates plus qualifi\u00e9s que quiconque pour faire sur-armer votre patrie et opprimer vos esclaves.<\/p>\n\n\n\n<p>C&rsquo;\u00e9tait inattendu, beaucoup des n\u00f4tres n&rsquo;osent pas en croire leurs yeux. Mais chacun sera oblig\u00e9 de se rendre \u00e0 l&rsquo;\u00e9vidence. Chacun y trouvera aussi un avant-go\u00fbt du paradis qui nous attend quand vous vous serez compl\u00e8tement au pouvoir, quand le Soviet r\u00e9gnera en ma\u00eetre.<\/p>\n\n\n\n<p>Nos compatriotes s&rsquo;en aper\u00e7oivent d\u00e9j\u00e0 en certaines usines o\u00f9 ils ont \u00e0 choisir entre la carte du parti, en plus de celle du syndicat, ou la porte. Et l&rsquo;ombre du malheureux Acherchour est \u00e0 peine effac\u00e9e que traitez les Nord-Africains d&rsquo;antifran\u00e7ais, dans le journal des prol\u00e9taires. Ce n&rsquo;est pas seulement de l&rsquo;audace, mais du pur cynisme, et c&rsquo;est une odieuse provocation \u00e0 l&rsquo;\u00e9gard de nos fr\u00e8res. En faisant passer pour fascistes ceux-l\u00e0 m\u00eame qui se sont attir\u00e9 la haine du fascisme, vous ne ferez que provoquer un antagonisme entre les ouvriers fran\u00e7ais et alg\u00e9riens. Mais cela ne vous inqui\u00e8te peut-\u00eatre plus. Le danger fasciste est sans doute \u00e9cart\u00e9 maintenant.<\/p>\n\n\n\n<p>La fraternit\u00e9 avec \u00ab les camarades nord-africains \u00bb \u00e9tait bonne quand ce danger \u00e9tait mena\u00e7ant. A ce moment l\u00e0, l&rsquo;appoint de l&rsquo;Etoile Nord-Africaine \u00e9tait excellent. Vous nous avez admis au Front Populaire.<\/p>\n\n\n\n<p>Mais maintenant, il faut nous noyer et, pour cela, il faut nous faire passer pour enrag\u00e9s. Soit, messieurs les \u00ab d\u00e9fenseurs des opprim\u00e9s \u00bb, vous avez la main pr\u00e8s du manche, frappez. Mais frappez fort car nous sommes durs \u00e0 mourir. D&rsquo;autres, comme vous le savez, ont d\u00e9j\u00e0 suffisamment cogn\u00e9 sans r\u00e9sultat ; vos coups, m\u00eame donn\u00e9s en tra\u00eetre, ne feront que nous rendre plus vigoureux. Et quelle que soit l&rsquo;issue du combat, nous serons vainqueurs.<\/p>\n\n\n\n<p>D&rsquo;abord parce que l&rsquo;Alg\u00e9rie et les Alg\u00e9riens sont n\u00f4tres, ensuite parce que l&rsquo;opinion fran\u00e7aise elle-m\u00eame vous confondra et vous condamnera si votre conscience ne vous inflige pas le ch\u00e2timent d&rsquo;avoir reni\u00e9 votre doctrine, pi\u00e9tin\u00e9 vos promesses et parjurer le serment du 14 juillet 1935. \u00ab Le pain, la paix, la libert\u00e9. \u00bb<\/p>\n\n\n\n<p>\u00ab La libert\u00e9 pour tous. \u00bb Mais vous ne la voulez que pour vous et pour vous seulement.<\/p>\n\n\n\n<p class=\"has-text-align-right\"><strong>IMACHE AMAR.<\/strong><\/p>\n","protected":false},"excerpt":{"rendered":"<p>Article paru dans La Lutte ouvri\u00e8re, organe du Parti ouvrier internationaliste, 2e ann\u00e9e, n\u00b0 30, 5 f\u00e9vrier 1937, \u00e9dition sp\u00e9ciale Les patrons ont tu\u00e9 Acherchour et les domestiques dissolvent l&rsquo;Etoile Nord-Africaine !Il faut imposer le droit pour les coloniaux de s&rsquo;organiser librement !Solidarit\u00e9 de classe avec les Travailleurs Nord-Africains Mardi, 2 f\u00e9vrier, la Ligue pour [&hellip;]<\/p>\n","protected":false},"author":1,"featured_media":0,"comment_status":"closed","ping_status":"","sticky":false,"template":"","format":"standard","meta":{"jetpack_post_was_ever_published":false,"_jetpack_newsletter_access":"","_jetpack_dont_email_post_to_subs":false,"_jetpack_newsletter_tier_id":0,"_jetpack_memberships_contains_paywalled_content":false,"_jetpack_memberships_contains_paid_content":false,"footnotes":""},"categories":[8],"tags":[24,112,6021,138,380,409,457,5316,5831],"class_list":["post-28702","post","type-post","status-publish","format-standard","hentry","category-presse","tag-24","tag-algerie","tag-amar-imache","tag-anticolonialisme","tag-el-ouma","tag-etoile-nord-africaine","tag-france","tag-la-lutte-ouvriere","tag-parti-ouvrier-internationaliste"],"jetpack_featured_media_url":"","jetpack_sharing_enabled":true,"jetpack_shortlink":"https:\/\/wp.me\/p9lTYU-7sW","jetpack_likes_enabled":true,"jetpack-related-posts":[{"id":28698,"url":"https:\/\/sinedjib.com\/index.php\/2026\/05\/02\/daniel-guerin-la-dissolution-de-letoile-nord-africaine\/","url_meta":{"origin":28702,"position":0},"title":"Daniel Gu\u00e9rin : La dissolution de \u00ab\u00a0l&rsquo;Etoile Nord-Africaine\u00a0\u00bb","author":"SiNedjib","date":"02\/05\/2026","format":false,"excerpt":"Article de Daniel Gu\u00e9rin paru dans La Vague, organe de rassemblement r\u00e9volutionnaire, Nouvelle s\u00e9rie, n\u00b0 6, 1er f\u00e9vrier 1937 UN COUP DE FORCE A la veille du Congr\u00e8s de Biarritz, le gouvernement, pour amadouer messieurs les radicaux, avait fait \u00e9vacuer brutalement par des forces de police, une usine parisienne. A\u2026","rel":"","context":"Dans &quot;presse&quot;","block_context":{"text":"presse","link":"https:\/\/sinedjib.com\/index.php\/category\/presse\/"},"img":{"alt_text":"","src":"https:\/\/i0.wp.com\/sinedjib.com\/wp-content\/uploads\/2026\/05\/La-Vague-1er-fevrier-1937.jpg?resize=350%2C200&ssl=1","width":350,"height":200,"srcset":"https:\/\/i0.wp.com\/sinedjib.com\/wp-content\/uploads\/2026\/05\/La-Vague-1er-fevrier-1937.jpg?resize=350%2C200&ssl=1 1x, https:\/\/i0.wp.com\/sinedjib.com\/wp-content\/uploads\/2026\/05\/La-Vague-1er-fevrier-1937.jpg?resize=525%2C300&ssl=1 1.5x, https:\/\/i0.wp.com\/sinedjib.com\/wp-content\/uploads\/2026\/05\/La-Vague-1er-fevrier-1937.jpg?resize=700%2C400&ssl=1 2x, https:\/\/i0.wp.com\/sinedjib.com\/wp-content\/uploads\/2026\/05\/La-Vague-1er-fevrier-1937.jpg?resize=1050%2C600&ssl=1 3x, https:\/\/i0.wp.com\/sinedjib.com\/wp-content\/uploads\/2026\/05\/La-Vague-1er-fevrier-1937.jpg?resize=1400%2C800&ssl=1 4x"},"classes":[]},{"id":28678,"url":"https:\/\/sinedjib.com\/index.php\/2026\/04\/29\/letoile-nord-africaine-injustement-poursuivie-vient-dadresser-a-toutes-les-organisations-du-front-populaire-la-lettre-suivante\/","url_meta":{"origin":28702,"position":1},"title":"L&rsquo;\u00c9toile Nord-Africaine injustement poursuivie vient d&rsquo;adresser \u00e0 toutes les Organisations du Front Populaire la Lettre suivante :","author":"SiNedjib","date":"29\/04\/2026","format":false,"excerpt":"Lettre de l'Etoile Nord-Africaine parue dans L'Alg\u00e9rie Ouvri\u00e8re, Organe des Travailleurs de l'Afrique du Nord, publi\u00e9 sous le contr\u00f4le des Syndicats R\u00e9unifi\u00e9s d'Alg\u00e9rie, Nouvelle S\u00e9rie, n\u00b0 105, du 21 janvier au 7 f\u00e9vrier 1936 ETOILE NORD-AFRICAINEAssociation des Musulmans Alg\u00e9riens, Tunisiens et Marocains19, rue Daguerre - PARIS Le Gouvernement LAVAL complice\u2026","rel":"","context":"Dans &quot;presse&quot;","block_context":{"text":"presse","link":"https:\/\/sinedjib.com\/index.php\/category\/presse\/"},"img":{"alt_text":"","src":"https:\/\/i0.wp.com\/sinedjib.com\/wp-content\/uploads\/2026\/04\/LAlgerie-ouvriere-1936.jpg?resize=350%2C200&ssl=1","width":350,"height":200,"srcset":"https:\/\/i0.wp.com\/sinedjib.com\/wp-content\/uploads\/2026\/04\/LAlgerie-ouvriere-1936.jpg?resize=350%2C200&ssl=1 1x, https:\/\/i0.wp.com\/sinedjib.com\/wp-content\/uploads\/2026\/04\/LAlgerie-ouvriere-1936.jpg?resize=525%2C300&ssl=1 1.5x, https:\/\/i0.wp.com\/sinedjib.com\/wp-content\/uploads\/2026\/04\/LAlgerie-ouvriere-1936.jpg?resize=700%2C400&ssl=1 2x, https:\/\/i0.wp.com\/sinedjib.com\/wp-content\/uploads\/2026\/04\/LAlgerie-ouvriere-1936.jpg?resize=1050%2C600&ssl=1 3x, https:\/\/i0.wp.com\/sinedjib.com\/wp-content\/uploads\/2026\/04\/LAlgerie-ouvriere-1936.jpg?resize=1400%2C800&ssl=1 4x"},"classes":[]},{"id":28687,"url":"https:\/\/sinedjib.com\/index.php\/2026\/05\/01\/messali-hadj-a-bernard-lecache-president-de-la-l-i-c-a\/","url_meta":{"origin":28702,"position":2},"title":"Messali Hadj : \u00c0 Bernard Lecache, pr\u00e9sident de la L.I.C.A.","author":"SiNedjib","date":"01\/05\/2026","format":false,"excerpt":"Adresse de Messali Hadj parue dans El Ouma, \u00e9dition sp\u00e9ciale, n\u00b0 46, 1937 ; suivie d'un appel de la r\u00e9daction et d'un communiqu\u00e9 de l'Etoile nord-africaine Vous n'\u00eates pas sans savoir que l'Etoile Nord-Africaine est frapp\u00e9e de dissolution. Cela vous indigne \u00e0 juste titre, comme tous les hommes de c\u0153ur\u2026","rel":"","context":"Dans &quot;presse&quot;","block_context":{"text":"presse","link":"https:\/\/sinedjib.com\/index.php\/category\/presse\/"},"img":{"alt_text":"","src":"https:\/\/i0.wp.com\/sinedjib.com\/wp-content\/uploads\/2026\/05\/El-Ouma-1937.jpg?resize=350%2C200&ssl=1","width":350,"height":200,"srcset":"https:\/\/i0.wp.com\/sinedjib.com\/wp-content\/uploads\/2026\/05\/El-Ouma-1937.jpg?resize=350%2C200&ssl=1 1x, https:\/\/i0.wp.com\/sinedjib.com\/wp-content\/uploads\/2026\/05\/El-Ouma-1937.jpg?resize=525%2C300&ssl=1 1.5x, https:\/\/i0.wp.com\/sinedjib.com\/wp-content\/uploads\/2026\/05\/El-Ouma-1937.jpg?resize=700%2C400&ssl=1 2x, https:\/\/i0.wp.com\/sinedjib.com\/wp-content\/uploads\/2026\/05\/El-Ouma-1937.jpg?resize=1050%2C600&ssl=1 3x, https:\/\/i0.wp.com\/sinedjib.com\/wp-content\/uploads\/2026\/05\/El-Ouma-1937.jpg?resize=1400%2C800&ssl=1 4x"},"classes":[]},{"id":28670,"url":"https:\/\/sinedjib.com\/index.php\/2026\/04\/27\/un-appel-de-letoile-nord-africaine-respectez-nos-maigres-droits\/","url_meta":{"origin":28702,"position":3},"title":"Un appel de l&rsquo;Etoile Nord-Africaine : Respectez nos maigres droits","author":"SiNedjib","date":"27\/04\/2026","format":false,"excerpt":"Appel de l'Etoile Nord-Africaine paru dans La Lutte Sociale, n\u00b0 451, 22 avril 1927 ; suivi d'une lettre de l'Etoile Nord-Africaine parue dans L'Humanit\u00e9, 17 mai 1927 Une nouvelle restriction vient d'\u00eatre apport\u00e9e aux droits politiques, d\u00e9j\u00e0 si minimes, des indig\u00e8nes alg\u00e9riens. Un arr\u00eat\u00e9 du Conseil d'Etat d\u00e9clare non \u00e9ligibles\u2026","rel":"","context":"Dans &quot;presse&quot;","block_context":{"text":"presse","link":"https:\/\/sinedjib.com\/index.php\/category\/presse\/"},"img":{"alt_text":"","src":"https:\/\/i0.wp.com\/sinedjib.com\/wp-content\/uploads\/2026\/04\/La-Lutte-Sociale-22-avril-1927.jpg?resize=350%2C200&ssl=1","width":350,"height":200,"srcset":"https:\/\/i0.wp.com\/sinedjib.com\/wp-content\/uploads\/2026\/04\/La-Lutte-Sociale-22-avril-1927.jpg?resize=350%2C200&ssl=1 1x, https:\/\/i0.wp.com\/sinedjib.com\/wp-content\/uploads\/2026\/04\/La-Lutte-Sociale-22-avril-1927.jpg?resize=525%2C300&ssl=1 1.5x, https:\/\/i0.wp.com\/sinedjib.com\/wp-content\/uploads\/2026\/04\/La-Lutte-Sociale-22-avril-1927.jpg?resize=700%2C400&ssl=1 2x, https:\/\/i0.wp.com\/sinedjib.com\/wp-content\/uploads\/2026\/04\/La-Lutte-Sociale-22-avril-1927.jpg?resize=1050%2C600&ssl=1 3x, https:\/\/i0.wp.com\/sinedjib.com\/wp-content\/uploads\/2026\/04\/La-Lutte-Sociale-22-avril-1927.jpg?resize=1400%2C800&ssl=1 4x"},"classes":[]},{"id":28674,"url":"https:\/\/sinedjib.com\/index.php\/2026\/04\/28\/letoile-nord-africaine-est-poursuivie\/","url_meta":{"origin":28702,"position":4},"title":"L&rsquo;Etoile Nord-Africaine est poursuivie !","author":"SiNedjib","date":"28\/04\/2026","format":false,"excerpt":"Article paru dans La Lutte Sociale, organe bi-mensuel du Parti Communiste Alg\u00e9rien, Nouvelle s\u00e9rie, 25e ann\u00e9e, n\u00b0 13, du 1er au 15 novembre 1934 Apr\u00e8s les poursuites contre les dirigeants de l'Etoile Nord-Africaine et la dissolution de cette organisation, un autre groupement s'\u00e9tait constitu\u00e9 sous le nom de la \u00ab\u2026","rel":"","context":"Dans &quot;presse&quot;","block_context":{"text":"presse","link":"https:\/\/sinedjib.com\/index.php\/category\/presse\/"},"img":{"alt_text":"","src":"https:\/\/i0.wp.com\/sinedjib.com\/wp-content\/uploads\/2026\/04\/La-Lutte-sociale-1er-novembre-1934.jpg?resize=350%2C200&ssl=1","width":350,"height":200,"srcset":"https:\/\/i0.wp.com\/sinedjib.com\/wp-content\/uploads\/2026\/04\/La-Lutte-sociale-1er-novembre-1934.jpg?resize=350%2C200&ssl=1 1x, https:\/\/i0.wp.com\/sinedjib.com\/wp-content\/uploads\/2026\/04\/La-Lutte-sociale-1er-novembre-1934.jpg?resize=525%2C300&ssl=1 1.5x, https:\/\/i0.wp.com\/sinedjib.com\/wp-content\/uploads\/2026\/04\/La-Lutte-sociale-1er-novembre-1934.jpg?resize=700%2C400&ssl=1 2x, https:\/\/i0.wp.com\/sinedjib.com\/wp-content\/uploads\/2026\/04\/La-Lutte-sociale-1er-novembre-1934.jpg?resize=1050%2C600&ssl=1 3x, https:\/\/i0.wp.com\/sinedjib.com\/wp-content\/uploads\/2026\/04\/La-Lutte-sociale-1er-novembre-1934.jpg?resize=1400%2C800&ssl=1 4x"},"classes":[]},{"id":28569,"url":"https:\/\/sinedjib.com\/index.php\/2026\/04\/10\/nos-delegues-au-congres-de-bruxelles-ont-rendu-compte-de-leur-mandat\/","url_meta":{"origin":28702,"position":5},"title":"Nos d\u00e9l\u00e9gu\u00e9s au Congr\u00e8s de Bruxelles ont rendu compte de leur mandat","author":"SiNedjib","date":"10\/04\/2026","format":false,"excerpt":"Article paru dans L'Ikdam nord-africain, n\u00b0 1, mai 1927 ; suivi de \"Un appel de l'Etoile \u00e0 l'opinion fran\u00e7aise\" Au cours du mois dernier, l'Etoile Nord-Africaine a tenu un grand meeting pour permettre \u00e0 ses d\u00e9l\u00e9gu\u00e9s au Congr\u00e8s de Bruxelles de rendre compte de leur mission. Apr\u00e8s lecture du rapport\u2026","rel":"","context":"Dans &quot;presse&quot;","block_context":{"text":"presse","link":"https:\/\/sinedjib.com\/index.php\/category\/presse\/"},"img":{"alt_text":"","src":"https:\/\/i0.wp.com\/sinedjib.com\/wp-content\/uploads\/2026\/04\/Likdam-nord-africain-1927b.jpg?resize=350%2C200&ssl=1","width":350,"height":200,"srcset":"https:\/\/i0.wp.com\/sinedjib.com\/wp-content\/uploads\/2026\/04\/Likdam-nord-africain-1927b.jpg?resize=350%2C200&ssl=1 1x, https:\/\/i0.wp.com\/sinedjib.com\/wp-content\/uploads\/2026\/04\/Likdam-nord-africain-1927b.jpg?resize=525%2C300&ssl=1 1.5x, https:\/\/i0.wp.com\/sinedjib.com\/wp-content\/uploads\/2026\/04\/Likdam-nord-africain-1927b.jpg?resize=700%2C400&ssl=1 2x, https:\/\/i0.wp.com\/sinedjib.com\/wp-content\/uploads\/2026\/04\/Likdam-nord-africain-1927b.jpg?resize=1050%2C600&ssl=1 3x, https:\/\/i0.wp.com\/sinedjib.com\/wp-content\/uploads\/2026\/04\/Likdam-nord-africain-1927b.jpg?resize=1400%2C800&ssl=1 4x"},"classes":[]}],"_links":{"self":[{"href":"https:\/\/sinedjib.com\/index.php\/wp-json\/wp\/v2\/posts\/28702","targetHints":{"allow":["GET"]}}],"collection":[{"href":"https:\/\/sinedjib.com\/index.php\/wp-json\/wp\/v2\/posts"}],"about":[{"href":"https:\/\/sinedjib.com\/index.php\/wp-json\/wp\/v2\/types\/post"}],"author":[{"embeddable":true,"href":"https:\/\/sinedjib.com\/index.php\/wp-json\/wp\/v2\/users\/1"}],"replies":[{"embeddable":true,"href":"https:\/\/sinedjib.com\/index.php\/wp-json\/wp\/v2\/comments?post=28702"}],"version-history":[{"count":3,"href":"https:\/\/sinedjib.com\/index.php\/wp-json\/wp\/v2\/posts\/28702\/revisions"}],"predecessor-version":[{"id":28706,"href":"https:\/\/sinedjib.com\/index.php\/wp-json\/wp\/v2\/posts\/28702\/revisions\/28706"}],"wp:attachment":[{"href":"https:\/\/sinedjib.com\/index.php\/wp-json\/wp\/v2\/media?parent=28702"}],"wp:term":[{"taxonomy":"category","embeddable":true,"href":"https:\/\/sinedjib.com\/index.php\/wp-json\/wp\/v2\/categories?post=28702"},{"taxonomy":"post_tag","embeddable":true,"href":"https:\/\/sinedjib.com\/index.php\/wp-json\/wp\/v2\/tags?post=28702"}],"curies":[{"name":"wp","href":"https:\/\/api.w.org\/{rel}","templated":true}]}}