{"id":29146,"date":"2026-08-09T20:28:08","date_gmt":"2026-08-09T18:28:08","guid":{"rendered":"https:\/\/sinedjib.com\/?p=29146"},"modified":"2026-08-09T20:49:37","modified_gmt":"2026-08-09T18:49:37","slug":"orient-et-occident","status":"publish","type":"post","link":"https:\/\/sinedjib.com\/index.php\/2026\/08\/09\/orient-et-occident\/","title":{"rendered":"Orient et Occident"},"content":{"rendered":"\n<p><strong>Article sign\u00e9 Ali Ben Abd El Kader paru dans <em>L&rsquo;Ikdam de Paris<\/em>, deuxi\u00e8me ann\u00e9e, n\u00b0 2, d\u00e9cembre 1926-janvier 1927<\/strong><\/p>\n\n\n<div class=\"wp-block-image\">\n<figure class=\"aligncenter size-large\"><img data-recalc-dims=\"1\" loading=\"lazy\" decoding=\"async\" width=\"580\" height=\"151\" data-attachment-id=\"29147\" data-permalink=\"https:\/\/sinedjib.com\/index.php\/2026\/08\/09\/orient-et-occident\/likdam-de-paris-1926-1927\/\" data-orig-file=\"https:\/\/i0.wp.com\/sinedjib.com\/wp-content\/uploads\/2026\/08\/LIkdam-de-Paris-1926-1927.jpg?fit=1724%2C448&amp;ssl=1\" data-orig-size=\"1724,448\" data-comments-opened=\"0\" data-image-meta=\"{&quot;aperture&quot;:&quot;0&quot;,&quot;credit&quot;:&quot;&quot;,&quot;camera&quot;:&quot;&quot;,&quot;caption&quot;:&quot;&quot;,&quot;created_timestamp&quot;:&quot;0&quot;,&quot;copyright&quot;:&quot;&quot;,&quot;focal_length&quot;:&quot;0&quot;,&quot;iso&quot;:&quot;0&quot;,&quot;shutter_speed&quot;:&quot;0&quot;,&quot;title&quot;:&quot;&quot;,&quot;orientation&quot;:&quot;0&quot;}\" data-image-title=\"L&amp;rsquo;Ikdam de Paris 1926-1927\" data-image-description=\"\" data-image-caption=\"\" data-large-file=\"https:\/\/i0.wp.com\/sinedjib.com\/wp-content\/uploads\/2026\/08\/LIkdam-de-Paris-1926-1927.jpg?fit=580%2C151&amp;ssl=1\" src=\"https:\/\/i0.wp.com\/sinedjib.com\/wp-content\/uploads\/2026\/08\/LIkdam-de-Paris-1926-1927.jpg?resize=580%2C151&#038;ssl=1\" alt=\"\" class=\"wp-image-29147\" srcset=\"https:\/\/i0.wp.com\/sinedjib.com\/wp-content\/uploads\/2026\/08\/LIkdam-de-Paris-1926-1927.jpg?resize=1024%2C266&amp;ssl=1 1024w, https:\/\/i0.wp.com\/sinedjib.com\/wp-content\/uploads\/2026\/08\/LIkdam-de-Paris-1926-1927.jpg?resize=300%2C78&amp;ssl=1 300w, https:\/\/i0.wp.com\/sinedjib.com\/wp-content\/uploads\/2026\/08\/LIkdam-de-Paris-1926-1927.jpg?resize=768%2C200&amp;ssl=1 768w, https:\/\/i0.wp.com\/sinedjib.com\/wp-content\/uploads\/2026\/08\/LIkdam-de-Paris-1926-1927.jpg?resize=1536%2C399&amp;ssl=1 1536w, https:\/\/i0.wp.com\/sinedjib.com\/wp-content\/uploads\/2026\/08\/LIkdam-de-Paris-1926-1927.jpg?resize=1200%2C312&amp;ssl=1 1200w, https:\/\/i0.wp.com\/sinedjib.com\/wp-content\/uploads\/2026\/08\/LIkdam-de-Paris-1926-1927.jpg?w=1724&amp;ssl=1 1724w\" sizes=\"auto, (max-width: 580px) 100vw, 580px\" \/><\/figure>\n<\/div>\n\n\n<p>Une grande inqui\u00e9tude r\u00e8gne dans les chancelleries des puissances occidentales. La presse d&rsquo;information et la presse officieuse de Grande-Bretagne, d&rsquo;Italie, de France, d&rsquo;Allemagne et d&rsquo;ailleurs constatent avec effroi le d\u00e9veloppement des mouvements nationaux r\u00e9volutionnaires qui agitent l&rsquo;Orient.<\/p>\n\n\n\n<!--more-->\n\n\n\n<p>Les craintes des pays colonisateurs sont amplement justifi\u00e9es d&rsquo;une part par les progr\u00e8s croissants et la consolidation du pouvoir du gouvernement cantonnais de Chine qui, lentement, mais s\u00fbrement, assurera l&rsquo;unit\u00e9 et l&rsquo;ind\u00e9pendance de la Chine.<\/p>\n\n\n\n<p>Les victoires successives des arm\u00e9es r\u00e9volutionnaires chinoises ont leur r\u00e9percussion directe sur tous les peuples opprim\u00e9s. Partout la conscience nationale s&rsquo;\u00e9veille et incite ces peuples pli\u00e9s sous le joug du colonialisme \u00e0 s&rsquo;organiser et \u00e0 employer la seule forme de lutte capable de les d\u00e9livrer de leurs oppresseurs, assurer leur ind\u00e9pendance politique et \u00e9conomique : la lutte \u00e0 main arm\u00e9e.<\/p>\n\n\n\n<p>C&rsquo;est la Syrie, le Riff qui n&rsquo;ont pas d\u00e9sarm\u00e9. La premi\u00e8re, malgr\u00e9 les affirmations du gouvernement ; le second, malgr\u00e9 l&rsquo;exil d&rsquo;Abd-el-Krim. Aussi malgr\u00e9 le silence de commande observ\u00e9 par la presse, ce sont encore les derniers \u00e9v\u00e9nements de Java : l\u00e0 une vaste insurrection a \u00e9clat\u00e9.<\/p>\n\n\n\n<p>Dans tous les pays asservis, la r\u00e9volution nationale est en pleine fermentation. Il faut peu de chose pour mettre le feu aux poudres. Ce sont l\u00e0 des preuves qui nous montrent qu&rsquo;il y a une volont\u00e9 certaine des peuples opprim\u00e9s de secouer le joug du dominateur.<\/p>\n\n\n\n<p>On peut se poser les deux questions suivantes :<\/p>\n\n\n\n<p>Ces peuples r\u00e9ussiront-ils ?<\/p>\n\n\n\n<p>Et quand r\u00e9ussiront-ils ?<\/p>\n\n\n\n<p>A la premi\u00e8re question, nous r\u00e9pondrons hardiment : Oui !<\/p>\n\n\n\n<p>A la seconde, il est plus difficile de r\u00e9pondre. Certes, des mouvements mal pr\u00e9par\u00e9s ou pr\u00e9matur\u00e9ment d\u00e9clench\u00e9s pourraient \u00e9chouer, mais ces \u00e9checs ne feront que tremper plus profond\u00e9ment dans la lutte les peuples opprim\u00e9s.<\/p>\n\n\n\n<p>Le centre de gravit\u00e9 des mouvements nationaux r\u00e9volutionnaires est en premier lieu en Chine. De la victoire des arm\u00e9es cantonnaises et l&rsquo;unification de la Chine sous la direction du gouvernement national centralis\u00e9 d\u00e9pend pour une grande partie la lib\u00e9ration des autres peuples colonis\u00e9s.<\/p>\n\n\n\n<p>D&rsquo;autre part, un autre facteur joue aussi un grand r\u00f4le et r\u00e8gle plus ou moins la marche des peuples opprim\u00e9s vers leur lib\u00e9ration.<\/p>\n\n\n\n<p>Si nous examinons la situation politique des grandes puissances colonisatrices, il ne nous \u00e9chappe pas que les antagonismes entre France et Italie, entre France et Allemagne, entre toutes ces puissances et l&rsquo;Angleterre, entre l&rsquo;Angleterre et les Etats-Unis d&rsquo;Am\u00e9rique, conduisent in\u00e9luctablement \u00e0 une nouvelle guerre europ\u00e9enne. Ce sera une guerre de d\u00e9bouch\u00e9s et surtout une guerre de possessions coloniales.<\/p>\n\n\n\n<p>L&rsquo;Italie imp\u00e9rialiste, sous la dictature du sanguinaire aventurier Mussolini, r\u00eave d&rsquo;une renaissance de l&#8217;empire romain. Elle trouve que la France d\u00e9lient une trop grosse part de colonies et menace de lui en reprendre quelques-unes, de gr\u00e9 ou de force. La situation diplomatique est tr\u00e8s tendue ; des deux c\u00f4t\u00e9s de la fronti\u00e8re des Alpes, les arm\u00e9es sont pr\u00eales \u00e0 s&rsquo;entrechoquer, les unes pouss\u00e9es par des criminels qui exploitent les richesses et les peuples de l&rsquo;Afrique du Nord, les autres pouss\u00e9es par un homme orgueilleux que la fatalit\u00e9 pousse ou \u00e0 la chute ou \u00e0 une guerre pour le grand malheur du peuple italien.<\/p>\n\n\n\n<p>Et vous, Alg\u00e9riens, Tunisiens, Marocains, qu&rsquo;allez-vous devenir ? Le tonnerre gronde, bient\u00f4t c&rsquo;est l&rsquo;orage qui s&rsquo;abattra sur vous. Pour vous, il n&rsquo;y a qu&rsquo;un moyen : c&rsquo;est de vous organiser, de vous grouper, afin de vous pr\u00e9parer \u00e0 la faveur des rivalit\u00e9s de vos oppresseurs, pour dire, le moment venu : Plus de joug fran\u00e7ais, encore moins de joug italien \u2026 C&rsquo;est notre ind\u00e9pendance qu&rsquo;il nous faut!<\/p>\n\n\n\n<p class=\"has-text-align-right\"><strong>ALI BEN ABD EL KADER.<\/strong><\/p>\n\n\n<div class=\"wp-block-image\">\n<figure class=\"aligncenter size-large\"><img data-recalc-dims=\"1\" loading=\"lazy\" decoding=\"async\" width=\"580\" height=\"156\" data-attachment-id=\"29149\" data-permalink=\"https:\/\/sinedjib.com\/index.php\/2026\/08\/09\/orient-et-occident\/ikdam-arabe-1926-1927\/\" data-orig-file=\"https:\/\/i0.wp.com\/sinedjib.com\/wp-content\/uploads\/2026\/08\/Ikdam-arabe-1926-1927.jpg?fit=1470%2C395&amp;ssl=1\" data-orig-size=\"1470,395\" data-comments-opened=\"0\" data-image-meta=\"{&quot;aperture&quot;:&quot;0&quot;,&quot;credit&quot;:&quot;&quot;,&quot;camera&quot;:&quot;&quot;,&quot;caption&quot;:&quot;&quot;,&quot;created_timestamp&quot;:&quot;0&quot;,&quot;copyright&quot;:&quot;&quot;,&quot;focal_length&quot;:&quot;0&quot;,&quot;iso&quot;:&quot;0&quot;,&quot;shutter_speed&quot;:&quot;0&quot;,&quot;title&quot;:&quot;&quot;,&quot;orientation&quot;:&quot;0&quot;}\" data-image-title=\"Ikdam arabe 1926 1927\" data-image-description=\"\" data-image-caption=\"\" data-large-file=\"https:\/\/i0.wp.com\/sinedjib.com\/wp-content\/uploads\/2026\/08\/Ikdam-arabe-1926-1927.jpg?fit=580%2C156&amp;ssl=1\" src=\"https:\/\/i0.wp.com\/sinedjib.com\/wp-content\/uploads\/2026\/08\/Ikdam-arabe-1926-1927.jpg?resize=580%2C156&#038;ssl=1\" alt=\"\" class=\"wp-image-29149\" srcset=\"https:\/\/i0.wp.com\/sinedjib.com\/wp-content\/uploads\/2026\/08\/Ikdam-arabe-1926-1927.jpg?resize=1024%2C275&amp;ssl=1 1024w, https:\/\/i0.wp.com\/sinedjib.com\/wp-content\/uploads\/2026\/08\/Ikdam-arabe-1926-1927.jpg?resize=300%2C81&amp;ssl=1 300w, https:\/\/i0.wp.com\/sinedjib.com\/wp-content\/uploads\/2026\/08\/Ikdam-arabe-1926-1927.jpg?resize=768%2C206&amp;ssl=1 768w, https:\/\/i0.wp.com\/sinedjib.com\/wp-content\/uploads\/2026\/08\/Ikdam-arabe-1926-1927.jpg?resize=1200%2C322&amp;ssl=1 1200w, https:\/\/i0.wp.com\/sinedjib.com\/wp-content\/uploads\/2026\/08\/Ikdam-arabe-1926-1927.jpg?w=1470&amp;ssl=1 1470w\" sizes=\"auto, (max-width: 580px) 100vw, 580px\" \/><\/figure>\n<\/div>\n\n\n<hr class=\"wp-block-separator has-alpha-channel-opacity\"\/>\n\n\n\n<figure class=\"wp-block-pullquote\"><blockquote><p><strong>[<a href=\"https:\/\/sinedjib.com\/\">sinedjib.com<\/a>] est librement accessible depuis 2012 afin de faire conna\u00eetre mon actualit\u00e9 et partager des textes issus de mes recherches. Chaque jour ou presque, je retranscris des articles ou documents qui concernent les luttes pour l\u2019\u00e9mancipation.<\/strong><br><strong>Pour soutenir cette d\u00e9marche,&nbsp;vous pouvez&nbsp;<\/strong><a href=\"https:\/\/sinedjib.com\/index.php\/abonnement\/\">vous abonner<\/a><strong>&nbsp;et relayer le contenu de [\u0633\u064a \u0646\u062c\u064a\u0628]. Vous avez aussi la possibilit\u00e9 de&nbsp;<\/strong><a href=\"https:\/\/sinedjib.com\/index.php\/mes-livres\/\">vous procurer mes livres<\/a><strong>, comme mon nouvel ouvrage,&nbsp;<\/strong><em><a href=\"https:\/\/www.lechappee.org\/collections\/hors-collection\/le-spectre-du-colonialisme\">Le Spectre du colonialisme<\/a><\/em><strong>, disponible dans toutes les bonnes librairies.<\/strong><\/p><cite>Nedjib SIDI MOUSSA<\/cite><\/blockquote><\/figure>\n\n\n<div class=\"wp-block-image\">\n<figure class=\"aligncenter size-full is-resized\"><img data-recalc-dims=\"1\" loading=\"lazy\" decoding=\"async\" width=\"546\" height=\"800\" data-attachment-id=\"27669\" data-permalink=\"https:\/\/sinedjib.com\/index.php\/mes-livres\/le-spectre-du-colonialisme-couv\/\" data-orig-file=\"https:\/\/i0.wp.com\/sinedjib.com\/wp-content\/uploads\/2025\/12\/LE-SPECTRE-DU-COLONIALISME-Couv.jpg?fit=546%2C800&amp;ssl=1\" data-orig-size=\"546,800\" data-comments-opened=\"0\" data-image-meta=\"{&quot;aperture&quot;:&quot;0&quot;,&quot;credit&quot;:&quot;&quot;,&quot;camera&quot;:&quot;&quot;,&quot;caption&quot;:&quot;&quot;,&quot;created_timestamp&quot;:&quot;0&quot;,&quot;copyright&quot;:&quot;&quot;,&quot;focal_length&quot;:&quot;0&quot;,&quot;iso&quot;:&quot;0&quot;,&quot;shutter_speed&quot;:&quot;0&quot;,&quot;title&quot;:&quot;&quot;,&quot;orientation&quot;:&quot;0&quot;}\" data-image-title=\"LE SPECTRE DU COLONIALISME &amp;#8211; Couv\" data-image-description=\"\" data-image-caption=\"\" data-large-file=\"https:\/\/i0.wp.com\/sinedjib.com\/wp-content\/uploads\/2025\/12\/LE-SPECTRE-DU-COLONIALISME-Couv.jpg?fit=546%2C800&amp;ssl=1\" src=\"https:\/\/i0.wp.com\/sinedjib.com\/wp-content\/uploads\/2025\/12\/LE-SPECTRE-DU-COLONIALISME-Couv.jpg?resize=546%2C800&#038;ssl=1\" alt=\"\" class=\"wp-image-27669\" style=\"width:278px;height:auto\" srcset=\"https:\/\/i0.wp.com\/sinedjib.com\/wp-content\/uploads\/2025\/12\/LE-SPECTRE-DU-COLONIALISME-Couv.jpg?w=546&amp;ssl=1 546w, https:\/\/i0.wp.com\/sinedjib.com\/wp-content\/uploads\/2025\/12\/LE-SPECTRE-DU-COLONIALISME-Couv.jpg?resize=205%2C300&amp;ssl=1 205w\" sizes=\"auto, (max-width: 546px) 100vw, 546px\" \/><\/figure>\n<\/div>\n\n\n<p><\/p>\n","protected":false},"excerpt":{"rendered":"<p>Article sign\u00e9 Ali Ben Abd El Kader paru dans L&rsquo;Ikdam de Paris, deuxi\u00e8me ann\u00e9e, n\u00b0 2, d\u00e9cembre 1926-janvier 1927 Une grande inqui\u00e9tude r\u00e8gne dans les chancelleries des puissances occidentales. La presse d&rsquo;information et la presse officieuse de Grande-Bretagne, d&rsquo;Italie, de France, d&rsquo;Allemagne et d&rsquo;ailleurs constatent avec effroi le d\u00e9veloppement des mouvements nationaux r\u00e9volutionnaires qui agitent [&hellip;]<\/p>\n","protected":false},"author":1,"featured_media":0,"comment_status":"closed","ping_status":"","sticky":false,"template":"","format":"standard","meta":{"_jetpack_newsletter_access":"","_jetpack_dont_email_post_to_subs":false,"_jetpack_newsletter_tier_id":0,"_jetpack_memberships_contains_paywalled_content":false,"_jetpack_feature_clip_id":0,"_jetpack_memberships_contains_paid_content":false,"footnotes":"","jetpack_post_was_ever_published":false},"categories":[8],"tags":[20,1527,6084,138,409,457,6085,720],"class_list":["post-29146","post","type-post","status-publish","format-standard","hentry","category-presse","tag-20","tag-1527","tag-ali-ben-abd-el-kader","tag-anticolonialisme","tag-etoile-nord-africaine","tag-france","tag-likdam-de-paris","tag-maghreb"],"jetpack_featured_media_url":"","jetpack_sharing_enabled":true,"jetpack_shortlink":"https:\/\/wp.me\/p9lTYU-7A6","jetpack_likes_enabled":true,"jetpack-related-posts":[{"id":28857,"url":"https:\/\/sinedjib.com\/index.php\/2026\/05\/27\/limperialisme-aux-colonies-letoile-nord-africaine-proteste-contre-linterdiction-de-son-journal\/","url_meta":{"origin":29146,"position":0},"title":"L&rsquo;imp\u00e9rialisme aux colonies : \u00ab\u00a0L&rsquo;Etoile Nord-Africaine\u00a0\u00bb proteste contre l&rsquo;interdiction de son journal","author":"SiNedjib","date":"27\/05\/2026","format":false,"excerpt":"Article paru dans L'Humanit\u00e9, 10 mars 1927 Nous recevons de l'Etoile Nord-Africaine, association pour la d\u00e9fense des musulmans alg\u00e9riens, tunisiens et marocains, la l\u00e9gitime protestation suivante : \u00ab L'Etoile Nord-Africaine proteste \u00e9nergiquement contre l'arr\u00eat\u00e9 d'interdiction pris en conseil des ministres contre notre journal l'Ikdam de Paris, le 1er f\u00e9vrier \u00e9coul\u00e9.\u2026","rel":"","context":"Dans &quot;presse&quot;","block_context":{"text":"presse","link":"https:\/\/sinedjib.com\/index.php\/category\/presse\/"},"img":{"alt_text":"","src":"https:\/\/i0.wp.com\/sinedjib.com\/wp-content\/uploads\/2026\/05\/LHumanite-1927.jpg?resize=350%2C200&ssl=1","width":350,"height":200,"srcset":"https:\/\/i0.wp.com\/sinedjib.com\/wp-content\/uploads\/2026\/05\/LHumanite-1927.jpg?resize=350%2C200&ssl=1 1x, https:\/\/i0.wp.com\/sinedjib.com\/wp-content\/uploads\/2026\/05\/LHumanite-1927.jpg?resize=525%2C300&ssl=1 1.5x, https:\/\/i0.wp.com\/sinedjib.com\/wp-content\/uploads\/2026\/05\/LHumanite-1927.jpg?resize=700%2C400&ssl=1 2x, https:\/\/i0.wp.com\/sinedjib.com\/wp-content\/uploads\/2026\/05\/LHumanite-1927.jpg?resize=1050%2C600&ssl=1 3x"},"classes":[]},{"id":28593,"url":"https:\/\/sinedjib.com\/index.php\/2026\/04\/14\/le-programme-de-likdam-et-les-revendications-nationales-des-jeunes-indigenes\/","url_meta":{"origin":29146,"position":1},"title":"Le programme de l&rsquo;Ikdam et les revendications nationales des jeunes indig\u00e8nes","author":"SiNedjib","date":"14\/04\/2026","format":false,"excerpt":"D\u00e9claration parue dans Al-Chab Al-Ifriki, organe de d\u00e9fense et de lutte des jeunes travailleurs nord-africains \u00e9dit\u00e9 par la jeunesse communiste, 1927 ; suivi de \"11 septembre 1924 : les premiers martyrs de la lutte de classe en Tunisie\" par Abdelaziz Menouer alias El Djaza\u00efri Le Comit\u00e9 Ex\u00e9cutif de l'Etoile Nord-Africaine,\u2026","rel":"","context":"Dans &quot;presse&quot;","block_context":{"text":"presse","link":"https:\/\/sinedjib.com\/index.php\/category\/presse\/"},"img":{"alt_text":"","src":"https:\/\/i0.wp.com\/sinedjib.com\/wp-content\/uploads\/2026\/04\/freres-1927.jpg?resize=350%2C200&ssl=1","width":350,"height":200,"srcset":"https:\/\/i0.wp.com\/sinedjib.com\/wp-content\/uploads\/2026\/04\/freres-1927.jpg?resize=350%2C200&ssl=1 1x, https:\/\/i0.wp.com\/sinedjib.com\/wp-content\/uploads\/2026\/04\/freres-1927.jpg?resize=525%2C300&ssl=1 1.5x, https:\/\/i0.wp.com\/sinedjib.com\/wp-content\/uploads\/2026\/04\/freres-1927.jpg?resize=700%2C400&ssl=1 2x"},"classes":[]},{"id":420,"url":"https:\/\/sinedjib.com\/index.php\/2015\/05\/08\/mosquee-de-paris\/","url_meta":{"origin":29146,"position":2},"title":"Moulay Youssef va inaugurer la Mosqu\u00e9e de Paris","author":"Nedjib Sidi Moussa","date":"08\/05\/2015","format":false,"excerpt":"Article paru dans L'Humanit\u00e9, 15 juillet 1926 LA REPRESENTATION CONTINUE... Mais les travailleurs indig\u00e8nes protestent \u00e0 la Grange-aux-Belles contre l'union sacr\u00e9e des oppresseurs Le sultan tra\u00eetre au peuple marocain qu'il a livr\u00e9 au capitalisme europ\u00e9en continue ses exhibitions carnavalesques. Aujourd'hui, il inaugure la mosqu\u00e9e de Paris. Cependant que des milliers\u2026","rel":"","context":"Dans &quot;presse&quot;","block_context":{"text":"presse","link":"https:\/\/sinedjib.com\/index.php\/category\/presse\/"},"img":{"alt_text":"","src":"https:\/\/i0.wp.com\/sinedjib.com\/wp-content\/uploads\/2015\/05\/LHumanit%C3%A9-15-juillet-1926.png?resize=350%2C200&ssl=1","width":350,"height":200},"classes":[]},{"id":28569,"url":"https:\/\/sinedjib.com\/index.php\/2026\/04\/10\/nos-delegues-au-congres-de-bruxelles-ont-rendu-compte-de-leur-mandat\/","url_meta":{"origin":29146,"position":3},"title":"Nos d\u00e9l\u00e9gu\u00e9s au Congr\u00e8s de Bruxelles ont rendu compte de leur mandat","author":"SiNedjib","date":"10\/04\/2026","format":false,"excerpt":"Article paru dans L'Ikdam nord-africain, n\u00b0 1, mai 1927 ; suivi de \"Un appel de l'Etoile \u00e0 l'opinion fran\u00e7aise\" Au cours du mois dernier, l'Etoile Nord-Africaine a tenu un grand meeting pour permettre \u00e0 ses d\u00e9l\u00e9gu\u00e9s au Congr\u00e8s de Bruxelles de rendre compte de leur mission. Apr\u00e8s lecture du rapport\u2026","rel":"","context":"Dans &quot;presse&quot;","block_context":{"text":"presse","link":"https:\/\/sinedjib.com\/index.php\/category\/presse\/"},"img":{"alt_text":"","src":"https:\/\/i0.wp.com\/sinedjib.com\/wp-content\/uploads\/2026\/04\/Likdam-nord-africain-1927b.jpg?resize=350%2C200&ssl=1","width":350,"height":200,"srcset":"https:\/\/i0.wp.com\/sinedjib.com\/wp-content\/uploads\/2026\/04\/Likdam-nord-africain-1927b.jpg?resize=350%2C200&ssl=1 1x, https:\/\/i0.wp.com\/sinedjib.com\/wp-content\/uploads\/2026\/04\/Likdam-nord-africain-1927b.jpg?resize=525%2C300&ssl=1 1.5x, https:\/\/i0.wp.com\/sinedjib.com\/wp-content\/uploads\/2026\/04\/Likdam-nord-africain-1927b.jpg?resize=700%2C400&ssl=1 2x, https:\/\/i0.wp.com\/sinedjib.com\/wp-content\/uploads\/2026\/04\/Likdam-nord-africain-1927b.jpg?resize=1050%2C600&ssl=1 3x, https:\/\/i0.wp.com\/sinedjib.com\/wp-content\/uploads\/2026\/04\/Likdam-nord-africain-1927b.jpg?resize=1400%2C800&ssl=1 4x"},"classes":[]},{"id":28643,"url":"https:\/\/sinedjib.com\/index.php\/2026\/04\/22\/amar-ben-ali-les-arabes-ont-envahit-la-france\/","url_meta":{"origin":29146,"position":4},"title":"Amar Imache : Les Arabes ont \u00ab\u00a0envahi\u00a0\u00bb la France","author":"SiNedjib","date":"22\/04\/2026","format":false,"excerpt":"Article d'Amar Imache alias Amar ben Ali paru dans El Ouma, organe national central de l'Etoile nord-africaine, troisi\u00e8me ann\u00e9e, n\u00b0 9, janvier-f\u00e9vrier 1933 ; suivi de \"Les grands reportages des faiseurs d'opinion\" Paris et ses environs sont occup\u00e9s La crainte de provoquer une grande \u00e9motion parmi la population indig\u00e8ne, nous\u2026","rel":"","context":"Dans &quot;presse&quot;","block_context":{"text":"presse","link":"https:\/\/sinedjib.com\/index.php\/category\/presse\/"},"img":{"alt_text":"","src":"https:\/\/i0.wp.com\/sinedjib.com\/wp-content\/uploads\/2026\/04\/El-Ouma-janvier-fevrier-1933.jpg?resize=350%2C200&ssl=1","width":350,"height":200,"srcset":"https:\/\/i0.wp.com\/sinedjib.com\/wp-content\/uploads\/2026\/04\/El-Ouma-janvier-fevrier-1933.jpg?resize=350%2C200&ssl=1 1x, https:\/\/i0.wp.com\/sinedjib.com\/wp-content\/uploads\/2026\/04\/El-Ouma-janvier-fevrier-1933.jpg?resize=525%2C300&ssl=1 1.5x, https:\/\/i0.wp.com\/sinedjib.com\/wp-content\/uploads\/2026\/04\/El-Ouma-janvier-fevrier-1933.jpg?resize=700%2C400&ssl=1 2x, https:\/\/i0.wp.com\/sinedjib.com\/wp-content\/uploads\/2026\/04\/El-Ouma-janvier-fevrier-1933.jpg?resize=1050%2C600&ssl=1 3x"},"classes":[]},{"id":22584,"url":"https:\/\/sinedjib.com\/index.php\/2024\/04\/11\/guerin-5\/","url_meta":{"origin":29146,"position":5},"title":"Daniel Gu\u00e9rin : L&rsquo;Alg\u00e9rie n&rsquo;a jamais \u00e9t\u00e9 la France","author":"SiNedjib","date":"11\/04\/2024","format":false,"excerpt":"Discours de Daniel Gu\u00e9rin prononc\u00e9 le 27 janvier 1956 \u00e0 Paris, lors du meeting du Comit\u00e9 d'action des intellectuels contre la poursuite de la guerre en Afrique du Nord, reproduit dans Guerre d'Alg\u00e9rie & colonialisme, Paris, 1956, p. 18-21, Correspondance Socialiste Internationale, n\u00b0 60, f\u00e9vrier 1956, p. 10-12 et partiellement\u2026","rel":"","context":"Dans &quot;presse&quot;","block_context":{"text":"presse","link":"https:\/\/sinedjib.com\/index.php\/category\/presse\/"},"img":{"alt_text":"","src":"https:\/\/i0.wp.com\/sinedjib.com\/wp-content\/uploads\/2024\/04\/Guerre-dAlgerie-et-colonialisme.png?resize=350%2C200&ssl=1","width":350,"height":200,"srcset":"https:\/\/i0.wp.com\/sinedjib.com\/wp-content\/uploads\/2024\/04\/Guerre-dAlgerie-et-colonialisme.png?resize=350%2C200&ssl=1 1x, https:\/\/i0.wp.com\/sinedjib.com\/wp-content\/uploads\/2024\/04\/Guerre-dAlgerie-et-colonialisme.png?resize=525%2C300&ssl=1 1.5x"},"classes":[]}],"_links":{"self":[{"href":"https:\/\/sinedjib.com\/index.php\/wp-json\/wp\/v2\/posts\/29146","targetHints":{"allow":["GET"]}}],"collection":[{"href":"https:\/\/sinedjib.com\/index.php\/wp-json\/wp\/v2\/posts"}],"about":[{"href":"https:\/\/sinedjib.com\/index.php\/wp-json\/wp\/v2\/types\/post"}],"author":[{"embeddable":true,"href":"https:\/\/sinedjib.com\/index.php\/wp-json\/wp\/v2\/users\/1"}],"replies":[{"embeddable":true,"href":"https:\/\/sinedjib.com\/index.php\/wp-json\/wp\/v2\/comments?post=29146"}],"version-history":[{"count":3,"href":"https:\/\/sinedjib.com\/index.php\/wp-json\/wp\/v2\/posts\/29146\/revisions"}],"predecessor-version":[{"id":29151,"href":"https:\/\/sinedjib.com\/index.php\/wp-json\/wp\/v2\/posts\/29146\/revisions\/29151"}],"wp:attachment":[{"href":"https:\/\/sinedjib.com\/index.php\/wp-json\/wp\/v2\/media?parent=29146"}],"wp:term":[{"taxonomy":"category","embeddable":true,"href":"https:\/\/sinedjib.com\/index.php\/wp-json\/wp\/v2\/categories?post=29146"},{"taxonomy":"post_tag","embeddable":true,"href":"https:\/\/sinedjib.com\/index.php\/wp-json\/wp\/v2\/tags?post=29146"}],"curies":[{"name":"wp","href":"https:\/\/api.w.org\/{rel}","templated":true}]}}