{"id":29157,"date":"2026-08-14T14:57:22","date_gmt":"2026-08-14T12:57:22","guid":{"rendered":"https:\/\/sinedjib.com\/?p=29157"},"modified":"2026-08-14T14:57:22","modified_gmt":"2026-08-14T12:57:22","slug":"contre-la-dissolution-de-letoile-nord-africaine","status":"publish","type":"post","link":"https:\/\/sinedjib.com\/index.php\/2026\/08\/14\/contre-la-dissolution-de-letoile-nord-africaine\/","title":{"rendered":"Contre la dissolution de l&rsquo;Etoile nord-africaine"},"content":{"rendered":"\n<p><strong>D\u00e9claration du Comit\u00e9 central de l&rsquo;Etoile nord-africaine parue dans <em>L&rsquo;Humanit\u00e9<\/em>, <a href=\"https:\/\/gallica.bnf.fr\/ark:\/12148\/bpt6k4031456\/f2.item.zoom\">21 avril 1929<\/a><\/strong><\/p>\n\n\n<div class=\"wp-block-image\">\n<figure class=\"aligncenter size-full\"><img data-recalc-dims=\"1\" loading=\"lazy\" decoding=\"async\" width=\"580\" height=\"74\" data-attachment-id=\"29158\" data-permalink=\"https:\/\/sinedjib.com\/index.php\/2026\/08\/14\/contre-la-dissolution-de-letoile-nord-africaine\/lhumanite-21-avril-1929\/\" data-orig-file=\"https:\/\/i0.wp.com\/sinedjib.com\/wp-content\/uploads\/2026\/08\/LHumanite-21-avril-1929.jpg?fit=1000%2C127&amp;ssl=1\" data-orig-size=\"1000,127\" data-comments-opened=\"0\" data-image-meta=\"{&quot;aperture&quot;:&quot;0&quot;,&quot;credit&quot;:&quot;&quot;,&quot;camera&quot;:&quot;&quot;,&quot;caption&quot;:&quot;&quot;,&quot;created_timestamp&quot;:&quot;0&quot;,&quot;copyright&quot;:&quot;&quot;,&quot;focal_length&quot;:&quot;0&quot;,&quot;iso&quot;:&quot;0&quot;,&quot;shutter_speed&quot;:&quot;0&quot;,&quot;title&quot;:&quot;&quot;,&quot;orientation&quot;:&quot;0&quot;}\" data-image-title=\"L&amp;rsquo;Humanit\u00e9 21 avril 1929\" data-image-description=\"\" data-image-caption=\"\" data-large-file=\"https:\/\/i0.wp.com\/sinedjib.com\/wp-content\/uploads\/2026\/08\/LHumanite-21-avril-1929.jpg?fit=580%2C74&amp;ssl=1\" src=\"https:\/\/i0.wp.com\/sinedjib.com\/wp-content\/uploads\/2026\/08\/LHumanite-21-avril-1929.jpg?resize=580%2C74&#038;ssl=1\" alt=\"\" class=\"wp-image-29158\" srcset=\"https:\/\/i0.wp.com\/sinedjib.com\/wp-content\/uploads\/2026\/08\/LHumanite-21-avril-1929.jpg?w=1000&amp;ssl=1 1000w, https:\/\/i0.wp.com\/sinedjib.com\/wp-content\/uploads\/2026\/08\/LHumanite-21-avril-1929.jpg?resize=300%2C38&amp;ssl=1 300w, https:\/\/i0.wp.com\/sinedjib.com\/wp-content\/uploads\/2026\/08\/LHumanite-21-avril-1929.jpg?resize=768%2C98&amp;ssl=1 768w\" sizes=\"auto, (max-width: 580px) 100vw, 580px\" \/><\/figure>\n<\/div>\n\n\n<p><em>Pour protester contre la dissolution de leur organisation, le Comit\u00e9 central de l<\/em>&lsquo;Etoile Nord-Africaine <em>nous adresse l&rsquo;ordre du jour ci-dessous :<\/em><\/p>\n\n\n\n<!--more-->\n\n\n\n<p>Le gouvernement aux ordres des soci\u00e9t\u00e9s colonialistes a assign\u00e9 l&rsquo;<em>Etoile Nord-Africaine<\/em> le 6 mars dernier devant le tribunal civil de la Seine pour entendre prononcer sa dissolution. D\u00e9j\u00e0, la liquidation du <em>Parti Annamite pour l&rsquo;Ind\u00e9pendance<\/em> \u00e9tait effectu\u00e9e.<\/p>\n\n\n\n<p>Notre organisation compara\u00eetra de nouveau le 1er mai pour entendre prononcer sa condamnation d\u00e9finitive. Cette attaque contre l&rsquo;E. N. A. co\u00efncide avec un renforcement de la r\u00e9pression op\u00e9r\u00e9e en Alg\u00e9rie par le gouvernement g\u00e9n\u00e9ral : notre camarade Issad, condamn\u00e9 \u00e0 deux ans de haute surveillance et l&rsquo;interdiction du journal <em>Oued-M&rsquo;zab<\/em> qui entra\u00eena un grand mouvement de protestation des indig\u00e8nes.<\/p>\n\n\n\n<p>Ces mesures tendant \u00e0 renforcer l&rsquo;esclavage en Afrique du Nord sont prises alors qu&rsquo;on pr\u00e9pare \u00e0 grands frais les f\u00eates du centenaire de la prise d&rsquo;Alger, f\u00eates au cours desquelles l&rsquo;imp\u00e9rialisme fran\u00e7ais se propose d&rsquo;\u00e9touffer les revendications et la volont\u00e9 d&rsquo;\u00e9mancipation des masses alg\u00e9riennes. Alors que tout un peuple plie sous le joug du colonialisme, le gouvernement g\u00e9n\u00e9ral proclamera les progr\u00e8s de la civilisation, la libert\u00e9 et le bien-\u00eatre r\u00e9alis\u00e9 sous le r\u00e8gne de l&rsquo;imp\u00e9rialisme.<\/p>\n\n\n\n<p>Devant ce dernier coup de force, nous, membres de l&rsquo;<em>Etoile Nord-Africaine<\/em>, nous protestons avec \u00e9nergie contre ce nouvel acte d&rsquo;arbitraire. Repr\u00e9sentants des masses indig\u00e8nes opprim\u00e9es, nous ne nous inclinerons jamais devant la r\u00e9pression que nous subissons depuis l&rsquo;occupation de notre pays.<\/p>\n\n\n\n<p>Au gouvernement imp\u00e9rialiste, nous r\u00e9pondons que, quelles que soient les mesures prises, nous continuerons par tous les moyens \u00e0 guider et \u00e0 organiser l&rsquo;\u00e9mancipation du peuple nord-africain.<\/p>\n\n\n\n<p>La dissolution de l&rsquo;<em>Etoile Nord-Africaine<\/em> n&rsquo;arr\u00eatera pas le d\u00e9veloppement de la lutte pour l&rsquo;ind\u00e9pendance, bien au contraire, les travailleurs indig\u00e8nes, ouvriers et paysans, r\u00e9pondront au coup de force gouvernemental en adh\u00e9rant en masse \u00e0 leurs organisations r\u00e9volutionnaires pour combattre plus activement le colonialisme.<\/p>\n\n\n\n<p>Vive le front unique des prol\u00e9tariats fran\u00e7ais et alg\u00e9rien, dans la lutte contre l&rsquo;imp\u00e9rialisme oppresseur ! Vive l&rsquo;ind\u00e9pendance des peuples opprim\u00e9s !<\/p>\n\n\n\n<p class=\"has-text-align-right\"><em>Le Comit\u00e9 Central de \u00ab\u00a0l&rsquo;Etoile Nord-Africaine\u00a0\u00bb<\/em><\/p>\n\n\n\n<hr class=\"wp-block-separator has-alpha-channel-opacity\"\/>\n\n\n\n<figure class=\"wp-block-pullquote\"><blockquote><p><strong>[<a href=\"https:\/\/sinedjib.com\/\">sinedjib.com<\/a>] est librement accessible depuis 2012 afin de faire conna\u00eetre mon actualit\u00e9 et partager des textes issus de mes recherches. Chaque jour ou presque, je retranscris des articles ou documents qui concernent les luttes pour l\u2019\u00e9mancipation.<\/strong><br><strong>Pour soutenir cette d\u00e9marche,\u00a0vous pouvez\u00a0<\/strong><a href=\"https:\/\/sinedjib.com\/index.php\/abonnement\/\">vous abonner<\/a><strong>\u00a0et relayer le contenu de [\u0633\u064a \u0646\u062c\u064a\u0628]. Vous avez aussi la possibilit\u00e9 de\u00a0<\/strong><a href=\"https:\/\/sinedjib.com\/index.php\/mes-livres\/\">vous procurer mes livres<\/a><strong>, comme mon nouvel ouvrage,\u00a0<\/strong><em><a href=\"https:\/\/www.lechappee.org\/collections\/hors-collection\/le-spectre-du-colonialisme\">Le Spectre du colonialisme<\/a><\/em><strong>, disponible dans toutes les bonnes librairies.<\/strong><\/p><cite>Nedjib SIDI MOUSSA<\/cite><\/blockquote><\/figure>\n\n\n<div class=\"wp-block-image\">\n<figure class=\"aligncenter size-full is-resized\"><img data-recalc-dims=\"1\" loading=\"lazy\" decoding=\"async\" width=\"546\" height=\"800\" data-attachment-id=\"27669\" data-permalink=\"https:\/\/sinedjib.com\/index.php\/mes-livres\/le-spectre-du-colonialisme-couv\/\" data-orig-file=\"https:\/\/i0.wp.com\/sinedjib.com\/wp-content\/uploads\/2025\/12\/LE-SPECTRE-DU-COLONIALISME-Couv.jpg?fit=546%2C800&amp;ssl=1\" data-orig-size=\"546,800\" data-comments-opened=\"0\" data-image-meta=\"{&quot;aperture&quot;:&quot;0&quot;,&quot;credit&quot;:&quot;&quot;,&quot;camera&quot;:&quot;&quot;,&quot;caption&quot;:&quot;&quot;,&quot;created_timestamp&quot;:&quot;0&quot;,&quot;copyright&quot;:&quot;&quot;,&quot;focal_length&quot;:&quot;0&quot;,&quot;iso&quot;:&quot;0&quot;,&quot;shutter_speed&quot;:&quot;0&quot;,&quot;title&quot;:&quot;&quot;,&quot;orientation&quot;:&quot;0&quot;}\" data-image-title=\"LE SPECTRE DU COLONIALISME &amp;#8211; Couv\" data-image-description=\"\" data-image-caption=\"\" data-large-file=\"https:\/\/i0.wp.com\/sinedjib.com\/wp-content\/uploads\/2025\/12\/LE-SPECTRE-DU-COLONIALISME-Couv.jpg?fit=546%2C800&amp;ssl=1\" src=\"https:\/\/i0.wp.com\/sinedjib.com\/wp-content\/uploads\/2025\/12\/LE-SPECTRE-DU-COLONIALISME-Couv.jpg?resize=546%2C800&#038;ssl=1\" alt=\"\" class=\"wp-image-27669\" style=\"width:334px;height:auto\" srcset=\"https:\/\/i0.wp.com\/sinedjib.com\/wp-content\/uploads\/2025\/12\/LE-SPECTRE-DU-COLONIALISME-Couv.jpg?w=546&amp;ssl=1 546w, https:\/\/i0.wp.com\/sinedjib.com\/wp-content\/uploads\/2025\/12\/LE-SPECTRE-DU-COLONIALISME-Couv.jpg?resize=205%2C300&amp;ssl=1 205w\" sizes=\"auto, (max-width: 546px) 100vw, 546px\" \/><\/figure>\n<\/div>","protected":false},"excerpt":{"rendered":"<p>D\u00e9claration du Comit\u00e9 central de l&rsquo;Etoile nord-africaine parue dans L&rsquo;Humanit\u00e9, 21 avril 1929 Pour protester contre la dissolution de leur organisation, le Comit\u00e9 central de l&lsquo;Etoile Nord-Africaine nous adresse l&rsquo;ordre du jour ci-dessous :<\/p>\n","protected":false},"author":1,"featured_media":0,"comment_status":"closed","ping_status":"","sticky":false,"template":"","format":"standard","meta":{"_jetpack_newsletter_access":"","_jetpack_dont_email_post_to_subs":false,"_jetpack_newsletter_tier_id":0,"_jetpack_memberships_contains_paywalled_content":false,"_jetpack_feature_clip_id":0,"_jetpack_memberships_contains_paid_content":false,"footnotes":"","jetpack_post_was_ever_published":false},"categories":[8],"tags":[2972,112,138,409,457,646,1586,6009],"class_list":["post-29157","post","type-post","status-publish","format-standard","hentry","category-presse","tag-2972","tag-algerie","tag-anticolonialisme","tag-etoile-nord-africaine","tag-france","tag-lhumanite","tag-parti-communiste","tag-section-francaise-de-linternationale-communiste"],"jetpack_featured_media_url":"","jetpack_sharing_enabled":true,"jetpack_shortlink":"https:\/\/wp.me\/p9lTYU-7Ah","jetpack_likes_enabled":true,"jetpack-related-posts":[{"id":29230,"url":"https:\/\/sinedjib.com\/index.php\/2026\/08\/31\/contre-la-dissolution-de-letoile-nord-africaine-2\/","url_meta":{"origin":29157,"position":0},"title":"Contre la dissolution de l&rsquo;Etoile nord-africaine","author":"SiNedjib","date":"31\/08\/2026","format":false,"excerpt":"Article paru dans L'Humanit\u00e9, 11 d\u00e9cembre 1935 ; suivi d'un article paru dans Le Populaire, 12 d\u00e9cembre 1935 Plus de six cents travailleurs, en majorit\u00e9 nord-africains, assistaient, hier soir, \u00e0 la r\u00e9union organis\u00e9e 18, rue Cambronne, pour protester contre la menace de dissolution de l'Etoile Nord-Africaine. Mes Berthon et Hajje,\u2026","rel":"","context":"Dans &quot;presse&quot;","block_context":{"text":"presse","link":"https:\/\/sinedjib.com\/index.php\/category\/presse\/"},"img":{"alt_text":"","src":"https:\/\/i0.wp.com\/sinedjib.com\/wp-content\/uploads\/2026\/08\/LHumanite-11-decembre-1935.png?resize=350%2C200&ssl=1","width":350,"height":200,"srcset":"https:\/\/i0.wp.com\/sinedjib.com\/wp-content\/uploads\/2026\/08\/LHumanite-11-decembre-1935.png?resize=350%2C200&ssl=1 1x, https:\/\/i0.wp.com\/sinedjib.com\/wp-content\/uploads\/2026\/08\/LHumanite-11-decembre-1935.png?resize=525%2C300&ssl=1 1.5x, https:\/\/i0.wp.com\/sinedjib.com\/wp-content\/uploads\/2026\/08\/LHumanite-11-decembre-1935.png?resize=700%2C400&ssl=1 2x, https:\/\/i0.wp.com\/sinedjib.com\/wp-content\/uploads\/2026\/08\/LHumanite-11-decembre-1935.png?resize=1050%2C600&ssl=1 3x"},"classes":[]},{"id":28698,"url":"https:\/\/sinedjib.com\/index.php\/2026\/05\/02\/daniel-guerin-la-dissolution-de-letoile-nord-africaine\/","url_meta":{"origin":29157,"position":1},"title":"Daniel Gu\u00e9rin : La dissolution de \u00ab\u00a0l&rsquo;Etoile Nord-Africaine\u00a0\u00bb","author":"SiNedjib","date":"02\/05\/2026","format":false,"excerpt":"Article de Daniel Gu\u00e9rin paru dans La Vague, organe de rassemblement r\u00e9volutionnaire, Nouvelle s\u00e9rie, n\u00b0 6, 1er f\u00e9vrier 1937 UN COUP DE FORCE A la veille du Congr\u00e8s de Biarritz, le gouvernement, pour amadouer messieurs les radicaux, avait fait \u00e9vacuer brutalement par des forces de police, une usine parisienne. A\u2026","rel":"","context":"Dans &quot;presse&quot;","block_context":{"text":"presse","link":"https:\/\/sinedjib.com\/index.php\/category\/presse\/"},"img":{"alt_text":"","src":"https:\/\/i0.wp.com\/sinedjib.com\/wp-content\/uploads\/2026\/05\/La-Vague-1er-fevrier-1937.jpg?resize=350%2C200&ssl=1","width":350,"height":200,"srcset":"https:\/\/i0.wp.com\/sinedjib.com\/wp-content\/uploads\/2026\/05\/La-Vague-1er-fevrier-1937.jpg?resize=350%2C200&ssl=1 1x, https:\/\/i0.wp.com\/sinedjib.com\/wp-content\/uploads\/2026\/05\/La-Vague-1er-fevrier-1937.jpg?resize=525%2C300&ssl=1 1.5x, https:\/\/i0.wp.com\/sinedjib.com\/wp-content\/uploads\/2026\/05\/La-Vague-1er-fevrier-1937.jpg?resize=700%2C400&ssl=1 2x, https:\/\/i0.wp.com\/sinedjib.com\/wp-content\/uploads\/2026\/05\/La-Vague-1er-fevrier-1937.jpg?resize=1050%2C600&ssl=1 3x, https:\/\/i0.wp.com\/sinedjib.com\/wp-content\/uploads\/2026\/05\/La-Vague-1er-fevrier-1937.jpg?resize=1400%2C800&ssl=1 4x"},"classes":[]},{"id":28795,"url":"https:\/\/sinedjib.com\/index.php\/2026\/05\/18\/apres-la-dissolution-de-letoile-nord-africaine-droit-dorganisation-et-de-manifestation-aux-travailleurs-coloniaux\/","url_meta":{"origin":29157,"position":2},"title":"Apr\u00e8s la dissolution de \u00ab\u00a0l&rsquo;Etoile Nord-Africaine\u00a0\u00bb : Droit d&rsquo;organisation et de manifestation aux travailleurs coloniaux !","author":"SiNedjib","date":"18\/05\/2026","format":false,"excerpt":"Article paru dans L'Humanit\u00e9, 22 novembre 1934 LE 13 octobre, la police emp\u00eachait un meeting de l'Etoile Nord-Africaine, qui devait se tenir \u00e0 Paris, au Palais de la Mutualit\u00e9. Le dimanche 28 octobre, l'Etoile convoquait un meeting de protestation, \u00e0 la Grange-aux-Belles. La police organisa un v\u00e9ritable \u00e9tat de si\u00e8ge\u2026","rel":"","context":"Dans &quot;presse&quot;","block_context":{"text":"presse","link":"https:\/\/sinedjib.com\/index.php\/category\/presse\/"},"img":{"alt_text":"","src":"https:\/\/i0.wp.com\/sinedjib.com\/wp-content\/uploads\/2026\/05\/LHumanite-22-novembre-1934.jpg?resize=350%2C200&ssl=1","width":350,"height":200,"srcset":"https:\/\/i0.wp.com\/sinedjib.com\/wp-content\/uploads\/2026\/05\/LHumanite-22-novembre-1934.jpg?resize=350%2C200&ssl=1 1x, https:\/\/i0.wp.com\/sinedjib.com\/wp-content\/uploads\/2026\/05\/LHumanite-22-novembre-1934.jpg?resize=525%2C300&ssl=1 1.5x, https:\/\/i0.wp.com\/sinedjib.com\/wp-content\/uploads\/2026\/05\/LHumanite-22-novembre-1934.jpg?resize=700%2C400&ssl=1 2x, https:\/\/i0.wp.com\/sinedjib.com\/wp-content\/uploads\/2026\/05\/LHumanite-22-novembre-1934.jpg?resize=1050%2C600&ssl=1 3x, https:\/\/i0.wp.com\/sinedjib.com\/wp-content\/uploads\/2026\/05\/LHumanite-22-novembre-1934.jpg?resize=1400%2C800&ssl=1 4x"},"classes":[]},{"id":28687,"url":"https:\/\/sinedjib.com\/index.php\/2026\/05\/01\/messali-hadj-a-bernard-lecache-president-de-la-l-i-c-a\/","url_meta":{"origin":29157,"position":3},"title":"Messali Hadj : \u00c0 Bernard Lecache, pr\u00e9sident de la L.I.C.A.","author":"SiNedjib","date":"01\/05\/2026","format":false,"excerpt":"Adresse de Messali Hadj parue dans El Ouma, \u00e9dition sp\u00e9ciale, n\u00b0 46, 1937 ; suivie d'un appel de la r\u00e9daction et d'un communiqu\u00e9 de l'Etoile nord-africaine Vous n'\u00eates pas sans savoir que l'Etoile Nord-Africaine est frapp\u00e9e de dissolution. Cela vous indigne \u00e0 juste titre, comme tous les hommes de c\u0153ur\u2026","rel":"","context":"Dans &quot;presse&quot;","block_context":{"text":"presse","link":"https:\/\/sinedjib.com\/index.php\/category\/presse\/"},"img":{"alt_text":"","src":"https:\/\/i0.wp.com\/sinedjib.com\/wp-content\/uploads\/2026\/05\/El-Ouma-1937.jpg?resize=350%2C200&ssl=1","width":350,"height":200,"srcset":"https:\/\/i0.wp.com\/sinedjib.com\/wp-content\/uploads\/2026\/05\/El-Ouma-1937.jpg?resize=350%2C200&ssl=1 1x, https:\/\/i0.wp.com\/sinedjib.com\/wp-content\/uploads\/2026\/05\/El-Ouma-1937.jpg?resize=525%2C300&ssl=1 1.5x, https:\/\/i0.wp.com\/sinedjib.com\/wp-content\/uploads\/2026\/05\/El-Ouma-1937.jpg?resize=700%2C400&ssl=1 2x, https:\/\/i0.wp.com\/sinedjib.com\/wp-content\/uploads\/2026\/05\/El-Ouma-1937.jpg?resize=1050%2C600&ssl=1 3x, https:\/\/i0.wp.com\/sinedjib.com\/wp-content\/uploads\/2026\/05\/El-Ouma-1937.jpg?resize=1400%2C800&ssl=1 4x"},"classes":[]},{"id":28674,"url":"https:\/\/sinedjib.com\/index.php\/2026\/04\/28\/letoile-nord-africaine-est-poursuivie\/","url_meta":{"origin":29157,"position":4},"title":"L&rsquo;Etoile Nord-Africaine est poursuivie !","author":"SiNedjib","date":"28\/04\/2026","format":false,"excerpt":"Article paru dans La Lutte Sociale, organe bi-mensuel du Parti Communiste Alg\u00e9rien, Nouvelle s\u00e9rie, 25e ann\u00e9e, n\u00b0 13, du 1er au 15 novembre 1934 Apr\u00e8s les poursuites contre les dirigeants de l'Etoile Nord-Africaine et la dissolution de cette organisation, un autre groupement s'\u00e9tait constitu\u00e9 sous le nom de la \u00ab\u2026","rel":"","context":"Dans &quot;presse&quot;","block_context":{"text":"presse","link":"https:\/\/sinedjib.com\/index.php\/category\/presse\/"},"img":{"alt_text":"","src":"https:\/\/i0.wp.com\/sinedjib.com\/wp-content\/uploads\/2026\/04\/La-Lutte-sociale-1er-novembre-1934.jpg?resize=350%2C200&ssl=1","width":350,"height":200,"srcset":"https:\/\/i0.wp.com\/sinedjib.com\/wp-content\/uploads\/2026\/04\/La-Lutte-sociale-1er-novembre-1934.jpg?resize=350%2C200&ssl=1 1x, https:\/\/i0.wp.com\/sinedjib.com\/wp-content\/uploads\/2026\/04\/La-Lutte-sociale-1er-novembre-1934.jpg?resize=525%2C300&ssl=1 1.5x, https:\/\/i0.wp.com\/sinedjib.com\/wp-content\/uploads\/2026\/04\/La-Lutte-sociale-1er-novembre-1934.jpg?resize=700%2C400&ssl=1 2x, https:\/\/i0.wp.com\/sinedjib.com\/wp-content\/uploads\/2026\/04\/La-Lutte-sociale-1er-novembre-1934.jpg?resize=1050%2C600&ssl=1 3x, https:\/\/i0.wp.com\/sinedjib.com\/wp-content\/uploads\/2026\/04\/La-Lutte-sociale-1er-novembre-1934.jpg?resize=1400%2C800&ssl=1 4x"},"classes":[]},{"id":28857,"url":"https:\/\/sinedjib.com\/index.php\/2026\/05\/27\/limperialisme-aux-colonies-letoile-nord-africaine-proteste-contre-linterdiction-de-son-journal\/","url_meta":{"origin":29157,"position":5},"title":"L&rsquo;imp\u00e9rialisme aux colonies : \u00ab\u00a0L&rsquo;Etoile Nord-Africaine\u00a0\u00bb proteste contre l&rsquo;interdiction de son journal","author":"SiNedjib","date":"27\/05\/2026","format":false,"excerpt":"Article paru dans L'Humanit\u00e9, 10 mars 1927 Nous recevons de l'Etoile Nord-Africaine, association pour la d\u00e9fense des musulmans alg\u00e9riens, tunisiens et marocains, la l\u00e9gitime protestation suivante : \u00ab L'Etoile Nord-Africaine proteste \u00e9nergiquement contre l'arr\u00eat\u00e9 d'interdiction pris en conseil des ministres contre notre journal l'Ikdam de Paris, le 1er f\u00e9vrier \u00e9coul\u00e9.\u2026","rel":"","context":"Dans &quot;presse&quot;","block_context":{"text":"presse","link":"https:\/\/sinedjib.com\/index.php\/category\/presse\/"},"img":{"alt_text":"","src":"https:\/\/i0.wp.com\/sinedjib.com\/wp-content\/uploads\/2026\/05\/LHumanite-1927.jpg?resize=350%2C200&ssl=1","width":350,"height":200,"srcset":"https:\/\/i0.wp.com\/sinedjib.com\/wp-content\/uploads\/2026\/05\/LHumanite-1927.jpg?resize=350%2C200&ssl=1 1x, https:\/\/i0.wp.com\/sinedjib.com\/wp-content\/uploads\/2026\/05\/LHumanite-1927.jpg?resize=525%2C300&ssl=1 1.5x, https:\/\/i0.wp.com\/sinedjib.com\/wp-content\/uploads\/2026\/05\/LHumanite-1927.jpg?resize=700%2C400&ssl=1 2x, https:\/\/i0.wp.com\/sinedjib.com\/wp-content\/uploads\/2026\/05\/LHumanite-1927.jpg?resize=1050%2C600&ssl=1 3x"},"classes":[]}],"_links":{"self":[{"href":"https:\/\/sinedjib.com\/index.php\/wp-json\/wp\/v2\/posts\/29157","targetHints":{"allow":["GET"]}}],"collection":[{"href":"https:\/\/sinedjib.com\/index.php\/wp-json\/wp\/v2\/posts"}],"about":[{"href":"https:\/\/sinedjib.com\/index.php\/wp-json\/wp\/v2\/types\/post"}],"author":[{"embeddable":true,"href":"https:\/\/sinedjib.com\/index.php\/wp-json\/wp\/v2\/users\/1"}],"replies":[{"embeddable":true,"href":"https:\/\/sinedjib.com\/index.php\/wp-json\/wp\/v2\/comments?post=29157"}],"version-history":[{"count":2,"href":"https:\/\/sinedjib.com\/index.php\/wp-json\/wp\/v2\/posts\/29157\/revisions"}],"predecessor-version":[{"id":29160,"href":"https:\/\/sinedjib.com\/index.php\/wp-json\/wp\/v2\/posts\/29157\/revisions\/29160"}],"wp:attachment":[{"href":"https:\/\/sinedjib.com\/index.php\/wp-json\/wp\/v2\/media?parent=29157"}],"wp:term":[{"taxonomy":"category","embeddable":true,"href":"https:\/\/sinedjib.com\/index.php\/wp-json\/wp\/v2\/categories?post=29157"},{"taxonomy":"post_tag","embeddable":true,"href":"https:\/\/sinedjib.com\/index.php\/wp-json\/wp\/v2\/tags?post=29157"}],"curies":[{"name":"wp","href":"https:\/\/api.w.org\/{rel}","templated":true}]}}