{"id":29166,"date":"2026-08-16T11:34:32","date_gmt":"2026-08-16T09:34:32","guid":{"rendered":"https:\/\/sinedjib.com\/?p=29166"},"modified":"2026-08-16T11:34:32","modified_gmt":"2026-08-16T09:34:32","slug":"lodyssee-de-letoile-nord-africaine","status":"publish","type":"post","link":"https:\/\/sinedjib.com\/index.php\/2026\/08\/16\/lodyssee-de-letoile-nord-africaine\/","title":{"rendered":"L&rsquo;odyss\u00e9e de l&rsquo;Etoile Nord-Africaine"},"content":{"rendered":"\n<p><strong>Article paru dans <em><a href=\"https:\/\/gallica.bnf.fr\/ark:\/12148\/bpt6k45989677\/f1.image.zoom\">La D\u00e9fense<\/a><\/em>, deuxi\u00e8me ann\u00e9e, n\u00b0 72, 12 juillet 1935<\/strong><\/p>\n\n\n<div class=\"wp-block-image\">\n<figure class=\"aligncenter size-large\"><img data-recalc-dims=\"1\" loading=\"lazy\" decoding=\"async\" width=\"580\" height=\"112\" data-attachment-id=\"29167\" data-permalink=\"https:\/\/sinedjib.com\/index.php\/2026\/08\/16\/lodyssee-de-letoile-nord-africaine\/la-defense-12-juillet-1935\/\" data-orig-file=\"https:\/\/i0.wp.com\/sinedjib.com\/wp-content\/uploads\/2026\/08\/La-Defense-12-juillet-1935.jpg?fit=1592%2C306&amp;ssl=1\" data-orig-size=\"1592,306\" data-comments-opened=\"0\" data-image-meta=\"{&quot;aperture&quot;:&quot;0&quot;,&quot;credit&quot;:&quot;&quot;,&quot;camera&quot;:&quot;&quot;,&quot;caption&quot;:&quot;&quot;,&quot;created_timestamp&quot;:&quot;0&quot;,&quot;copyright&quot;:&quot;&quot;,&quot;focal_length&quot;:&quot;0&quot;,&quot;iso&quot;:&quot;0&quot;,&quot;shutter_speed&quot;:&quot;0&quot;,&quot;title&quot;:&quot;&quot;,&quot;orientation&quot;:&quot;0&quot;}\" data-image-title=\"La D\u00e9fense 12 juillet 1935\" data-image-description=\"\" data-image-caption=\"\" data-large-file=\"https:\/\/i0.wp.com\/sinedjib.com\/wp-content\/uploads\/2026\/08\/La-Defense-12-juillet-1935.jpg?fit=580%2C112&amp;ssl=1\" src=\"https:\/\/i0.wp.com\/sinedjib.com\/wp-content\/uploads\/2026\/08\/La-Defense-12-juillet-1935.jpg?resize=580%2C112&#038;ssl=1\" alt=\"\" class=\"wp-image-29167\" srcset=\"https:\/\/i0.wp.com\/sinedjib.com\/wp-content\/uploads\/2026\/08\/La-Defense-12-juillet-1935.jpg?resize=1024%2C197&amp;ssl=1 1024w, https:\/\/i0.wp.com\/sinedjib.com\/wp-content\/uploads\/2026\/08\/La-Defense-12-juillet-1935.jpg?resize=300%2C58&amp;ssl=1 300w, https:\/\/i0.wp.com\/sinedjib.com\/wp-content\/uploads\/2026\/08\/La-Defense-12-juillet-1935.jpg?resize=768%2C148&amp;ssl=1 768w, https:\/\/i0.wp.com\/sinedjib.com\/wp-content\/uploads\/2026\/08\/La-Defense-12-juillet-1935.jpg?resize=1536%2C295&amp;ssl=1 1536w, https:\/\/i0.wp.com\/sinedjib.com\/wp-content\/uploads\/2026\/08\/La-Defense-12-juillet-1935.jpg?resize=1200%2C231&amp;ssl=1 1200w, https:\/\/i0.wp.com\/sinedjib.com\/wp-content\/uploads\/2026\/08\/La-Defense-12-juillet-1935.jpg?w=1592&amp;ssl=1 1592w\" sizes=\"auto, (max-width: 580px) 100vw, 580px\" \/><\/figure>\n<\/div>\n\n\n<p class=\"has-drop-cap\">LA premi\u00e8re Chambre du Tribunal de la Seine vient de rendre un jugement qui jette une lumi\u00e8re nouvelle sur l&rsquo;affaire de Messali et ses collaborateurs et qui en dit long sur la fa\u00e7on dont la justice est rendue, m\u00eame en France, quand il s&rsquo;agit des Musulmans Nord-Africains.<\/p>\n\n\n\n<!--more-->\n\n\n\n<p>Nous savons d\u00e9sormais que le jugement du 20 Novembre 1929, en \u00e9x\u00e9cution duquel l&rsquo;Etoile Nord-Africaine fut dissoute, et Hadj Messali et ses collaborateurs l\u00e2chement poursuivis et emprisonn\u00e9s est un jugement caduc frapp\u00e9 de prescription, puisqu&rsquo;il n&rsquo;a re\u00e7u aucun commencement d&rsquo;ex\u00e9cution pendant cinq ans !<\/p>\n\n\n\n<p>L&rsquo;Etoile Nord-Africaine peut continuer \u00e0 vivre, d\u00e9clare le r\u00e9cent verdict, se r\u00e9clamer du m\u00eame id\u00e9al politique, user des m\u00eames moyens d&rsquo;action que par le pass\u00e9. Son activit\u00e9 est l\u00e9gale, et n&rsquo;a jamais cess\u00e9 de l&rsquo;\u00eatre.<\/p>\n\n\n\n<p>On se demande alors ce qu&rsquo;a \u00e9t\u00e9 le d\u00e9lit de Messali et de ses camarades dirigeant l&rsquo;Etoile Nord-Africaine, frapp\u00e9s avec une cruaut\u00e9 sans pr\u00e9c\u00e9dent. Six mois de prison ! pour avoir continu\u00e9, sous un nouveau nom, une activit\u00e9 l\u00e9gale, pour avoir contrevenu, \u00e0 une d\u00e9cision caduque, prescrite, voil\u00e0 qui risque d&rsquo;\u00e9branler s\u00e9rieusement notre foi dans l&rsquo;impartialit\u00e9 de la justice fran\u00e7aise !<\/p>\n\n\n\n<p>En vain essaie-t-on de l\u00e9gitimer cette injustice, de lui donner du moins une excuse en attribuant \u00e0 l&rsquo;Etoile Nord Africaine des desseins r\u00e9volutionnaires, des intentions criminelles, et en affublant Messali et ses collaborateurs de l&rsquo;\u00e9pith\u00e8te d&rsquo;anti-fran\u00e7ais.<\/p>\n\n\n\n<p>Anti-fran\u00e7ais, ils ne l&rsquo;\u00e9taient pas. Pas plus Messali que ses collaborateurs tous anciens combattants, titulaires des plus glorieuses citations, n&rsquo;ayant jamais rien inscrit dans leur programme politique qui ne f\u00fbt rigoureusement conforme aux principes et aux id\u00e9es que la France a d\u00e9velopp\u00e9s chez tous ses enfants.<\/p>\n\n\n\n<p>Sans doute ne sont-ils plus aujourd&rsquo;hui anim\u00e9s des m\u00eames sentiments \u00e0 l&rsquo;\u00e9gard de la France, peut-\u00eatre m\u00eame sont-ils devenus antifran\u00e7ais et cela est bien naturel, puisqu&rsquo;on les y a contraints.<\/p>\n\n\n\n<p>Et l\u00e0 ne s&rsquo;arr\u00eateront pas les cons\u00e9quences des atroces pers\u00e9cutions dont les n\u00f4tres sont l&rsquo;objet de la part de la commune mixte de Paris.<\/p>\n\n\n\n<p>Le r\u00e9gime auquel sont soumis les Nord-Africains en France risque d&rsquo;avoir entre autres r\u00e9percussions f\u00e2cheuses, celle de dissiper la grande confiance que la population musulmane conservait dans l&rsquo;esprit de justice du gouvernement et de l&rsquo;opinion publique m\u00e9tropolitaine, et qui les a toujours emp\u00each\u00e9s de verser dans le d\u00e9sespoir qui pousse aux pires extr\u00e9mit\u00e9s.<\/p>\n\n\n\n<p>Maintenant que les traditions administratives alg\u00e9riennes se sont install\u00e9es au c\u0153ur m\u00eame de Paris, nos coreligionnaires d\u00e9sabus\u00e9s, ne pourront plus se tourner vers cet horizon.<\/p>\n\n\n\n<p>O\u00f9 porteront-ils d\u00e9sormais leurs regards ? \u00e0 qui demanderont-ils justice ?<\/p>\n\n\n\n<p>Nous le demandons \u00e0 M. Godin, \u00e0 M. Carde et au Haut Comit\u00e9 M\u00e9diterran\u00e9en.<\/p>\n\n\n\n<hr class=\"wp-block-separator has-alpha-channel-opacity\"\/>\n\n\n\n<figure class=\"wp-block-pullquote\"><blockquote><p><strong>[<a href=\"https:\/\/sinedjib.com\/\">sinedjib.com<\/a>] est librement accessible depuis 2012 afin de faire conna\u00eetre mon actualit\u00e9 et partager des textes issus de mes recherches. Chaque jour ou presque, je retranscris des articles ou documents qui concernent les luttes pour l\u2019\u00e9mancipation.<\/strong><br><strong>Pour soutenir cette d\u00e9marche,\u00a0vous pouvez\u00a0<\/strong><a href=\"https:\/\/sinedjib.com\/index.php\/abonnement\/\">vous abonner<\/a><strong>\u00a0et relayer le contenu de [\u0633\u064a \u0646\u062c\u064a\u0628]. Vous avez aussi la possibilit\u00e9 de\u00a0<\/strong><a href=\"https:\/\/sinedjib.com\/index.php\/mes-livres\/\">vous procurer mes livres<\/a><strong>, comme mon nouvel ouvrage,\u00a0<\/strong><em><a href=\"https:\/\/www.lechappee.org\/collections\/hors-collection\/le-spectre-du-colonialisme\">Le Spectre du colonialisme<\/a><\/em><strong>, disponible dans toutes les bonnes librairies.<\/strong><\/p><cite>Nedjib SIDI MOUSSA<\/cite><\/blockquote><\/figure>\n\n\n<div class=\"wp-block-image\">\n<figure class=\"aligncenter size-full is-resized\"><img data-recalc-dims=\"1\" loading=\"lazy\" decoding=\"async\" width=\"546\" height=\"800\" data-attachment-id=\"27669\" data-permalink=\"https:\/\/sinedjib.com\/index.php\/mes-livres\/le-spectre-du-colonialisme-couv\/\" data-orig-file=\"https:\/\/i0.wp.com\/sinedjib.com\/wp-content\/uploads\/2025\/12\/LE-SPECTRE-DU-COLONIALISME-Couv.jpg?fit=546%2C800&amp;ssl=1\" data-orig-size=\"546,800\" data-comments-opened=\"0\" data-image-meta=\"{&quot;aperture&quot;:&quot;0&quot;,&quot;credit&quot;:&quot;&quot;,&quot;camera&quot;:&quot;&quot;,&quot;caption&quot;:&quot;&quot;,&quot;created_timestamp&quot;:&quot;0&quot;,&quot;copyright&quot;:&quot;&quot;,&quot;focal_length&quot;:&quot;0&quot;,&quot;iso&quot;:&quot;0&quot;,&quot;shutter_speed&quot;:&quot;0&quot;,&quot;title&quot;:&quot;&quot;,&quot;orientation&quot;:&quot;0&quot;}\" data-image-title=\"LE SPECTRE DU COLONIALISME &amp;#8211; Couv\" data-image-description=\"\" data-image-caption=\"\" data-large-file=\"https:\/\/i0.wp.com\/sinedjib.com\/wp-content\/uploads\/2025\/12\/LE-SPECTRE-DU-COLONIALISME-Couv.jpg?fit=546%2C800&amp;ssl=1\" src=\"https:\/\/i0.wp.com\/sinedjib.com\/wp-content\/uploads\/2025\/12\/LE-SPECTRE-DU-COLONIALISME-Couv.jpg?resize=546%2C800&#038;ssl=1\" alt=\"\" class=\"wp-image-27669\" style=\"width:294px;height:auto\" srcset=\"https:\/\/i0.wp.com\/sinedjib.com\/wp-content\/uploads\/2025\/12\/LE-SPECTRE-DU-COLONIALISME-Couv.jpg?w=546&amp;ssl=1 546w, https:\/\/i0.wp.com\/sinedjib.com\/wp-content\/uploads\/2025\/12\/LE-SPECTRE-DU-COLONIALISME-Couv.jpg?resize=205%2C300&amp;ssl=1 205w\" sizes=\"auto, (max-width: 546px) 100vw, 546px\" \/><\/figure>\n<\/div>\n\n\n<p><\/p>\n","protected":false},"excerpt":{"rendered":"<p>Article paru dans La D\u00e9fense, deuxi\u00e8me ann\u00e9e, n\u00b0 72, 12 juillet 1935 LA premi\u00e8re Chambre du Tribunal de la Seine vient de rendre un jugement qui jette une lumi\u00e8re nouvelle sur l&rsquo;affaire de Messali et ses collaborateurs et qui en dit long sur la fa\u00e7on dont la justice est rendue, m\u00eame en France, quand il [&hellip;]<\/p>\n","protected":false},"author":1,"featured_media":0,"comment_status":"closed","ping_status":"","sticky":false,"template":"","format":"standard","meta":{"_jetpack_newsletter_access":"","_jetpack_dont_email_post_to_subs":false,"_jetpack_newsletter_tier_id":0,"_jetpack_memberships_contains_paywalled_content":false,"_jetpack_feature_clip_id":0,"_jetpack_memberships_contains_paid_content":false,"footnotes":"","jetpack_post_was_ever_published":false},"categories":[8],"tags":[2227,112,138,409,457,1292,5778,1363,1005,1094],"class_list":["post-29166","post","type-post","status-publish","format-standard","hentry","category-presse","tag-2227","tag-algerie","tag-anticolonialisme","tag-etoile-nord-africaine","tag-france","tag-justice","tag-la-defense","tag-oulemas","tag-repression","tag-solidarite"],"jetpack_featured_media_url":"","jetpack_sharing_enabled":true,"jetpack_shortlink":"https:\/\/wp.me\/p9lTYU-7Aq","jetpack_likes_enabled":true,"jetpack-related-posts":[{"id":28698,"url":"https:\/\/sinedjib.com\/index.php\/2026\/05\/02\/daniel-guerin-la-dissolution-de-letoile-nord-africaine\/","url_meta":{"origin":29166,"position":0},"title":"Daniel Gu\u00e9rin : La dissolution de \u00ab\u00a0l&rsquo;Etoile Nord-Africaine\u00a0\u00bb","author":"SiNedjib","date":"02\/05\/2026","format":false,"excerpt":"Article de Daniel Gu\u00e9rin paru dans La Vague, organe de rassemblement r\u00e9volutionnaire, Nouvelle s\u00e9rie, n\u00b0 6, 1er f\u00e9vrier 1937 UN COUP DE FORCE A la veille du Congr\u00e8s de Biarritz, le gouvernement, pour amadouer messieurs les radicaux, avait fait \u00e9vacuer brutalement par des forces de police, une usine parisienne. A\u2026","rel":"","context":"Dans &quot;presse&quot;","block_context":{"text":"presse","link":"https:\/\/sinedjib.com\/index.php\/category\/presse\/"},"img":{"alt_text":"","src":"https:\/\/i0.wp.com\/sinedjib.com\/wp-content\/uploads\/2026\/05\/La-Vague-1er-fevrier-1937.jpg?resize=350%2C200&ssl=1","width":350,"height":200,"srcset":"https:\/\/i0.wp.com\/sinedjib.com\/wp-content\/uploads\/2026\/05\/La-Vague-1er-fevrier-1937.jpg?resize=350%2C200&ssl=1 1x, https:\/\/i0.wp.com\/sinedjib.com\/wp-content\/uploads\/2026\/05\/La-Vague-1er-fevrier-1937.jpg?resize=525%2C300&ssl=1 1.5x, https:\/\/i0.wp.com\/sinedjib.com\/wp-content\/uploads\/2026\/05\/La-Vague-1er-fevrier-1937.jpg?resize=700%2C400&ssl=1 2x, https:\/\/i0.wp.com\/sinedjib.com\/wp-content\/uploads\/2026\/05\/La-Vague-1er-fevrier-1937.jpg?resize=1050%2C600&ssl=1 3x, https:\/\/i0.wp.com\/sinedjib.com\/wp-content\/uploads\/2026\/05\/La-Vague-1er-fevrier-1937.jpg?resize=1400%2C800&ssl=1 4x"},"classes":[]},{"id":29192,"url":"https:\/\/sinedjib.com\/index.php\/2026\/08\/21\/scandaleuse-condamnation-du-gerant-du-journal-el-amel\/","url_meta":{"origin":29166,"position":1},"title":"Scandaleuse condamnation du g\u00e9rant du journal \u00ab\u00a0El Amel\u00a0\u00bb","author":"SiNedjib","date":"21\/08\/2026","format":false,"excerpt":"Article paru dans L'Humanit\u00e9, 10 ao\u00fbt 1935 ; suivi d'un rectificatif paru le 11 ao\u00fbt 1935 ; et d'un article paru le 6 novembre 1935 Un camarade Alg\u00e9rien, Si Djilani, g\u00e9rant du journal de l'Etoile Nord-Africaine, \"El Amel\", a \u00e9t\u00e9 condamn\u00e9, hier, par le tribunal correctionnel, \u00e0 3 mois de\u2026","rel":"","context":"Dans &quot;presse&quot;","block_context":{"text":"presse","link":"https:\/\/sinedjib.com\/index.php\/category\/presse\/"},"img":{"alt_text":"","src":"https:\/\/i0.wp.com\/sinedjib.com\/wp-content\/uploads\/2026\/08\/LHumanite-11-aout-1935.jpg?resize=350%2C200&ssl=1","width":350,"height":200,"srcset":"https:\/\/i0.wp.com\/sinedjib.com\/wp-content\/uploads\/2026\/08\/LHumanite-11-aout-1935.jpg?resize=350%2C200&ssl=1 1x, https:\/\/i0.wp.com\/sinedjib.com\/wp-content\/uploads\/2026\/08\/LHumanite-11-aout-1935.jpg?resize=525%2C300&ssl=1 1.5x, https:\/\/i0.wp.com\/sinedjib.com\/wp-content\/uploads\/2026\/08\/LHumanite-11-aout-1935.jpg?resize=700%2C400&ssl=1 2x, https:\/\/i0.wp.com\/sinedjib.com\/wp-content\/uploads\/2026\/08\/LHumanite-11-aout-1935.jpg?resize=1050%2C600&ssl=1 3x"},"classes":[]},{"id":29221,"url":"https:\/\/sinedjib.com\/index.php\/2026\/08\/28\/musulmans-et-noirs-manifestent-a-paris-en-faveur-de-lethiopie\/","url_meta":{"origin":29166,"position":2},"title":"Musulmans et Noirs manifestent \u00e0 Paris en faveur de l&rsquo;Ethiopie","author":"SiNedjib","date":"28\/08\/2026","format":false,"excerpt":"Article paru dans La D\u00e9p\u00eache, 23 ao\u00fbt 1935 ; suivi d'un article paru dans L'Oeuvre, 23 ao\u00fbt 1935 et d'une photographie publi\u00e9e dans Le Progr\u00e8s de la C\u00f4te-d'Or, 24 ao\u00fbt 1935 Paris, 22 ao\u00fbt. - R\u00e9pondant \u00e0 l'appel des diverses associations de musulmans et d'hommes de couleur, notamment de l'Etoile\u2026","rel":"","context":"Dans &quot;presse&quot;","block_context":{"text":"presse","link":"https:\/\/sinedjib.com\/index.php\/category\/presse\/"},"img":{"alt_text":"","src":"https:\/\/i0.wp.com\/sinedjib.com\/wp-content\/uploads\/2026\/08\/meeting-ENA-1935.png?resize=350%2C200&ssl=1","width":350,"height":200,"srcset":"https:\/\/i0.wp.com\/sinedjib.com\/wp-content\/uploads\/2026\/08\/meeting-ENA-1935.png?resize=350%2C200&ssl=1 1x, https:\/\/i0.wp.com\/sinedjib.com\/wp-content\/uploads\/2026\/08\/meeting-ENA-1935.png?resize=525%2C300&ssl=1 1.5x, https:\/\/i0.wp.com\/sinedjib.com\/wp-content\/uploads\/2026\/08\/meeting-ENA-1935.png?resize=700%2C400&ssl=1 2x"},"classes":[]},{"id":29230,"url":"https:\/\/sinedjib.com\/index.php\/2026\/08\/31\/contre-la-dissolution-de-letoile-nord-africaine-2\/","url_meta":{"origin":29166,"position":3},"title":"Contre la dissolution de l&rsquo;Etoile nord-africaine","author":"SiNedjib","date":"31\/08\/2026","format":false,"excerpt":"Article paru dans L'Humanit\u00e9, 11 d\u00e9cembre 1935 ; suivi d'un article paru dans Le Populaire, 12 d\u00e9cembre 1935 Plus de six cents travailleurs, en majorit\u00e9 nord-africains, assistaient, hier soir, \u00e0 la r\u00e9union organis\u00e9e 18, rue Cambronne, pour protester contre la menace de dissolution de l'Etoile Nord-Africaine. Mes Berthon et Hajje,\u2026","rel":"","context":"Dans &quot;presse&quot;","block_context":{"text":"presse","link":"https:\/\/sinedjib.com\/index.php\/category\/presse\/"},"img":{"alt_text":"","src":"https:\/\/i0.wp.com\/sinedjib.com\/wp-content\/uploads\/2026\/08\/LHumanite-11-decembre-1935.png?resize=350%2C200&ssl=1","width":350,"height":200,"srcset":"https:\/\/i0.wp.com\/sinedjib.com\/wp-content\/uploads\/2026\/08\/LHumanite-11-decembre-1935.png?resize=350%2C200&ssl=1 1x, https:\/\/i0.wp.com\/sinedjib.com\/wp-content\/uploads\/2026\/08\/LHumanite-11-decembre-1935.png?resize=525%2C300&ssl=1 1.5x, https:\/\/i0.wp.com\/sinedjib.com\/wp-content\/uploads\/2026\/08\/LHumanite-11-decembre-1935.png?resize=700%2C400&ssl=1 2x, https:\/\/i0.wp.com\/sinedjib.com\/wp-content\/uploads\/2026\/08\/LHumanite-11-decembre-1935.png?resize=1050%2C600&ssl=1 3x"},"classes":[]},{"id":28780,"url":"https:\/\/sinedjib.com\/index.php\/2026\/05\/16\/apres-le-proces-de-letoile-n-a-marquons-un-point-et-continuons-laction\/","url_meta":{"origin":29166,"position":4},"title":"Apr\u00e8s le proc\u00e8s de \u00ab\u00a0l&rsquo;Etoile N. A.\u00a0\u00bb : Marquons un point et continuons l&rsquo;action","author":"SiNedjib","date":"16\/05\/2026","format":false,"excerpt":"Article paru dans le Journal des peuples opprim\u00e9s, n\u00b0 14, f\u00e9vrier 1935 ; suivi de \"L'action de la Ligue\" La cour d'appel vient de r\u00e9duire les peines inflig\u00e9es par la 14e Chambre correctionnelle \u00e0 nos amis de L'Etoile Nord Africaine. Au lieu de 6.000 francs d'amende, Messali, Imache et Radjef\u2026","rel":"","context":"Dans &quot;presse&quot;","block_context":{"text":"presse","link":"https:\/\/sinedjib.com\/index.php\/category\/presse\/"},"img":{"alt_text":"","src":"https:\/\/i0.wp.com\/sinedjib.com\/wp-content\/uploads\/2026\/05\/Journal-des-peuples-opprimes-fevrier-1935.jpg?resize=350%2C200&ssl=1","width":350,"height":200,"srcset":"https:\/\/i0.wp.com\/sinedjib.com\/wp-content\/uploads\/2026\/05\/Journal-des-peuples-opprimes-fevrier-1935.jpg?resize=350%2C200&ssl=1 1x, https:\/\/i0.wp.com\/sinedjib.com\/wp-content\/uploads\/2026\/05\/Journal-des-peuples-opprimes-fevrier-1935.jpg?resize=525%2C300&ssl=1 1.5x, https:\/\/i0.wp.com\/sinedjib.com\/wp-content\/uploads\/2026\/05\/Journal-des-peuples-opprimes-fevrier-1935.jpg?resize=700%2C400&ssl=1 2x, https:\/\/i0.wp.com\/sinedjib.com\/wp-content\/uploads\/2026\/05\/Journal-des-peuples-opprimes-fevrier-1935.jpg?resize=1050%2C600&ssl=1 3x"},"classes":[]},{"id":28857,"url":"https:\/\/sinedjib.com\/index.php\/2026\/05\/27\/limperialisme-aux-colonies-letoile-nord-africaine-proteste-contre-linterdiction-de-son-journal\/","url_meta":{"origin":29166,"position":5},"title":"L&rsquo;imp\u00e9rialisme aux colonies : \u00ab\u00a0L&rsquo;Etoile Nord-Africaine\u00a0\u00bb proteste contre l&rsquo;interdiction de son journal","author":"SiNedjib","date":"27\/05\/2026","format":false,"excerpt":"Article paru dans L'Humanit\u00e9, 10 mars 1927 Nous recevons de l'Etoile Nord-Africaine, association pour la d\u00e9fense des musulmans alg\u00e9riens, tunisiens et marocains, la l\u00e9gitime protestation suivante : \u00ab L'Etoile Nord-Africaine proteste \u00e9nergiquement contre l'arr\u00eat\u00e9 d'interdiction pris en conseil des ministres contre notre journal l'Ikdam de Paris, le 1er f\u00e9vrier \u00e9coul\u00e9.\u2026","rel":"","context":"Dans &quot;presse&quot;","block_context":{"text":"presse","link":"https:\/\/sinedjib.com\/index.php\/category\/presse\/"},"img":{"alt_text":"","src":"https:\/\/i0.wp.com\/sinedjib.com\/wp-content\/uploads\/2026\/05\/LHumanite-1927.jpg?resize=350%2C200&ssl=1","width":350,"height":200,"srcset":"https:\/\/i0.wp.com\/sinedjib.com\/wp-content\/uploads\/2026\/05\/LHumanite-1927.jpg?resize=350%2C200&ssl=1 1x, https:\/\/i0.wp.com\/sinedjib.com\/wp-content\/uploads\/2026\/05\/LHumanite-1927.jpg?resize=525%2C300&ssl=1 1.5x, https:\/\/i0.wp.com\/sinedjib.com\/wp-content\/uploads\/2026\/05\/LHumanite-1927.jpg?resize=700%2C400&ssl=1 2x, https:\/\/i0.wp.com\/sinedjib.com\/wp-content\/uploads\/2026\/05\/LHumanite-1927.jpg?resize=1050%2C600&ssl=1 3x"},"classes":[]}],"_links":{"self":[{"href":"https:\/\/sinedjib.com\/index.php\/wp-json\/wp\/v2\/posts\/29166","targetHints":{"allow":["GET"]}}],"collection":[{"href":"https:\/\/sinedjib.com\/index.php\/wp-json\/wp\/v2\/posts"}],"about":[{"href":"https:\/\/sinedjib.com\/index.php\/wp-json\/wp\/v2\/types\/post"}],"author":[{"embeddable":true,"href":"https:\/\/sinedjib.com\/index.php\/wp-json\/wp\/v2\/users\/1"}],"replies":[{"embeddable":true,"href":"https:\/\/sinedjib.com\/index.php\/wp-json\/wp\/v2\/comments?post=29166"}],"version-history":[{"count":2,"href":"https:\/\/sinedjib.com\/index.php\/wp-json\/wp\/v2\/posts\/29166\/revisions"}],"predecessor-version":[{"id":29169,"href":"https:\/\/sinedjib.com\/index.php\/wp-json\/wp\/v2\/posts\/29166\/revisions\/29169"}],"wp:attachment":[{"href":"https:\/\/sinedjib.com\/index.php\/wp-json\/wp\/v2\/media?parent=29166"}],"wp:term":[{"taxonomy":"category","embeddable":true,"href":"https:\/\/sinedjib.com\/index.php\/wp-json\/wp\/v2\/categories?post=29166"},{"taxonomy":"post_tag","embeddable":true,"href":"https:\/\/sinedjib.com\/index.php\/wp-json\/wp\/v2\/tags?post=29166"}],"curies":[{"name":"wp","href":"https:\/\/api.w.org\/{rel}","templated":true}]}}