{"id":29230,"date":"2026-08-31T09:41:24","date_gmt":"2026-08-31T07:41:24","guid":{"rendered":"https:\/\/sinedjib.com\/?p=29230"},"modified":"2026-08-31T09:41:24","modified_gmt":"2026-08-31T07:41:24","slug":"contre-la-dissolution-de-letoile-nord-africaine-2","status":"publish","type":"post","link":"https:\/\/sinedjib.com\/index.php\/2026\/08\/31\/contre-la-dissolution-de-letoile-nord-africaine-2\/","title":{"rendered":"Contre la dissolution de l&rsquo;Etoile nord-africaine"},"content":{"rendered":"\n<p><strong>Article paru dans <em><a href=\"https:\/\/gallica.bnf.fr\/ark:\/12148\/bpt6k4055827\/f1.item\">L&rsquo;Humanit\u00e9<\/a><\/em>, 11 d\u00e9cembre 1935 ; suivi d&rsquo;un article paru dans <em><a href=\"https:\/\/www.retronews.fr\/journal\/le-populaire\/12-decembre-1935\/4\/97f48581-b7fb-4a72-8185-851ee1365ec9\">Le Populaire<\/a><\/em>, 12 d\u00e9cembre 1935<\/strong><\/p>\n\n\n<div class=\"wp-block-image\">\n<figure class=\"aligncenter size-large\"><img data-recalc-dims=\"1\" loading=\"lazy\" decoding=\"async\" width=\"580\" height=\"109\" data-attachment-id=\"29231\" data-permalink=\"https:\/\/sinedjib.com\/index.php\/2026\/08\/31\/contre-la-dissolution-de-letoile-nord-africaine-2\/lhumanite-11-decembre-1935\/\" data-orig-file=\"https:\/\/i0.wp.com\/sinedjib.com\/wp-content\/uploads\/2026\/08\/LHumanite-11-decembre-1935.png?fit=1257%2C237&amp;ssl=1\" data-orig-size=\"1257,237\" data-comments-opened=\"0\" data-image-meta=\"{&quot;aperture&quot;:&quot;0&quot;,&quot;credit&quot;:&quot;&quot;,&quot;camera&quot;:&quot;&quot;,&quot;caption&quot;:&quot;&quot;,&quot;created_timestamp&quot;:&quot;0&quot;,&quot;copyright&quot;:&quot;&quot;,&quot;focal_length&quot;:&quot;0&quot;,&quot;iso&quot;:&quot;0&quot;,&quot;shutter_speed&quot;:&quot;0&quot;,&quot;title&quot;:&quot;&quot;,&quot;orientation&quot;:&quot;0&quot;}\" data-image-title=\"L&amp;rsquo;Humanit\u00e9 11 d\u00e9cembre 1935\" data-image-description=\"\" data-image-caption=\"\" data-large-file=\"https:\/\/i0.wp.com\/sinedjib.com\/wp-content\/uploads\/2026\/08\/LHumanite-11-decembre-1935.png?fit=580%2C109&amp;ssl=1\" src=\"https:\/\/i0.wp.com\/sinedjib.com\/wp-content\/uploads\/2026\/08\/LHumanite-11-decembre-1935.png?resize=580%2C109&#038;ssl=1\" alt=\"\" class=\"wp-image-29231\" srcset=\"https:\/\/i0.wp.com\/sinedjib.com\/wp-content\/uploads\/2026\/08\/LHumanite-11-decembre-1935.png?resize=1024%2C193&amp;ssl=1 1024w, https:\/\/i0.wp.com\/sinedjib.com\/wp-content\/uploads\/2026\/08\/LHumanite-11-decembre-1935.png?resize=300%2C57&amp;ssl=1 300w, https:\/\/i0.wp.com\/sinedjib.com\/wp-content\/uploads\/2026\/08\/LHumanite-11-decembre-1935.png?resize=768%2C145&amp;ssl=1 768w, https:\/\/i0.wp.com\/sinedjib.com\/wp-content\/uploads\/2026\/08\/LHumanite-11-decembre-1935.png?resize=1200%2C226&amp;ssl=1 1200w, https:\/\/i0.wp.com\/sinedjib.com\/wp-content\/uploads\/2026\/08\/LHumanite-11-decembre-1935.png?w=1257&amp;ssl=1 1257w\" sizes=\"auto, (max-width: 580px) 100vw, 580px\" \/><\/figure>\n<\/div>\n\n\n<p>Plus de six cents travailleurs, en majorit\u00e9 nord-africains, assistaient, hier soir, \u00e0 la r\u00e9union organis\u00e9e 18, rue Cambronne, pour protester contre la menace de dissolution de l&rsquo;Etoile Nord-Africaine.<\/p>\n\n\n\n<!--more-->\n\n\n\n<p>Mes Berthon et Hajje, un repr\u00e9sentant de la race n\u00e8gre, Ben Slimane, du Comit\u00e9 tunisien ; A\u00eftal et Ferrat pour le Parti communiste, s&rsquo;\u00e9lev\u00e8rent avec vigueur contre la proc\u00e9dure employ\u00e9e contre l&rsquo;Etoile Nord-Africaine, dont les dirigeants passent aujourd&rsquo;hui devant le tribunal, en vue de la dissolution de cette organisation.<\/p>\n\n\n\n<p>La salle fut unanime pour exiger le droit d&rsquo;organisation en faveur des travailleurs nord-africains, l&rsquo;annulation des poursuites contre l&rsquo;Etoile, et pour protester contre la scandaleuse condamnation du camarade Barthel prononc\u00e9e hier \u00e0 Alger.<\/p>\n\n\n\n<p>Les travailleurs pr\u00e9sents ont \u00e9galement insist\u00e9, \u00e0 l&rsquo;unanimit\u00e9, pour que toutes les organisations du Front populaire interviennent aupr\u00e8s du Conseil municipal et du Conseil g\u00e9n\u00e9ral pour la suppression des services nord-africains de la rue Lecomte.<\/p>\n\n\n\n<hr class=\"wp-block-separator has-alpha-channel-opacity\"\/>\n\n\n<div class=\"wp-block-image\">\n<figure class=\"aligncenter size-large\"><img data-recalc-dims=\"1\" loading=\"lazy\" decoding=\"async\" width=\"580\" height=\"119\" data-attachment-id=\"29232\" data-permalink=\"https:\/\/sinedjib.com\/index.php\/2026\/08\/31\/contre-la-dissolution-de-letoile-nord-africaine-2\/le-populaire-12-decembre-1935\/\" data-orig-file=\"https:\/\/i0.wp.com\/sinedjib.com\/wp-content\/uploads\/2026\/08\/Le-Populaire-12-decembre-1935.png?fit=1787%2C367&amp;ssl=1\" data-orig-size=\"1787,367\" data-comments-opened=\"0\" data-image-meta=\"{&quot;aperture&quot;:&quot;0&quot;,&quot;credit&quot;:&quot;&quot;,&quot;camera&quot;:&quot;&quot;,&quot;caption&quot;:&quot;&quot;,&quot;created_timestamp&quot;:&quot;0&quot;,&quot;copyright&quot;:&quot;&quot;,&quot;focal_length&quot;:&quot;0&quot;,&quot;iso&quot;:&quot;0&quot;,&quot;shutter_speed&quot;:&quot;0&quot;,&quot;title&quot;:&quot;&quot;,&quot;orientation&quot;:&quot;0&quot;}\" data-image-title=\"Le Populaire 12 d\u00e9cembre 1935\" data-image-description=\"\" data-image-caption=\"\" data-large-file=\"https:\/\/i0.wp.com\/sinedjib.com\/wp-content\/uploads\/2026\/08\/Le-Populaire-12-decembre-1935.png?fit=580%2C119&amp;ssl=1\" src=\"https:\/\/i0.wp.com\/sinedjib.com\/wp-content\/uploads\/2026\/08\/Le-Populaire-12-decembre-1935.png?resize=580%2C119&#038;ssl=1\" alt=\"\" class=\"wp-image-29232\" srcset=\"https:\/\/i0.wp.com\/sinedjib.com\/wp-content\/uploads\/2026\/08\/Le-Populaire-12-decembre-1935.png?resize=1024%2C210&amp;ssl=1 1024w, https:\/\/i0.wp.com\/sinedjib.com\/wp-content\/uploads\/2026\/08\/Le-Populaire-12-decembre-1935.png?resize=300%2C62&amp;ssl=1 300w, https:\/\/i0.wp.com\/sinedjib.com\/wp-content\/uploads\/2026\/08\/Le-Populaire-12-decembre-1935.png?resize=768%2C158&amp;ssl=1 768w, https:\/\/i0.wp.com\/sinedjib.com\/wp-content\/uploads\/2026\/08\/Le-Populaire-12-decembre-1935.png?resize=1536%2C315&amp;ssl=1 1536w, https:\/\/i0.wp.com\/sinedjib.com\/wp-content\/uploads\/2026\/08\/Le-Populaire-12-decembre-1935.png?resize=1200%2C246&amp;ssl=1 1200w, https:\/\/i0.wp.com\/sinedjib.com\/wp-content\/uploads\/2026\/08\/Le-Populaire-12-decembre-1935.png?w=1787&amp;ssl=1 1787w\" sizes=\"auto, (max-width: 580px) 100vw, 580px\" \/><\/figure>\n<\/div>\n\n\n<p class=\"has-text-align-center has-larger-font-size\"><strong>L&rsquo;affaire de l&rsquo;Etoile Nord-Africaine<\/strong><\/p>\n\n\n\n<p>On se souvient que l&rsquo;Etoile Nord-Africaine avait eu un certain nombre de d\u00e9m\u00eal\u00e9s avec le Parquet. Apr\u00e8s 6 ans de proc\u00e8s, gr\u00e2ce \u00e0 un moyen de droit soulev\u00e9 par les avocats de l&rsquo;accusation, M. le Procureur de la R\u00e9publique avait perdu son proc\u00e8s et avait \u00e9t\u00e9 condamn\u00e9 aux d\u00e9pens.<\/p>\n\n\n\n<p>Le gouvernement de M. Laval ne se tint pas pour battu. Et il cherche \u00e0 utiliser les r\u00e9cents d\u00e9crets-lois non point contre les fascistes et leurs organisations paramilitaires, mais contre de pacifiques musulmans qui se sont group\u00e9s, en vertu des libert\u00e9s r\u00e9publicaines et n&rsquo;ont eu qu&rsquo;un tort : se r\u00e9clamer de l&rsquo;esprit de 1789 et de 1793.<\/p>\n\n\n\n<p>Ce nouveau proc\u00e8s vient d&rsquo;\u00eatre appel\u00e9 devant la 1re chambre du tribunal, pr\u00e9sid\u00e9e par M. Fr\u00e9micourt. Les avocats. Mes Andr\u00e9 Berthon, Edouard Depreux, Antoine Hajje et Robert Longuet ont fait observer que la proc\u00e9dure n&rsquo;\u00e9tait pas r\u00e9guli\u00e8re.<\/p>\n\n\n\n<p>Gr\u00e2ce \u00e0 leurs efforts conjugu\u00e9s, l&rsquo;affaire a pu \u00eatre renvoy\u00e9e au 15 janvier 1936. Elle durera toute l&rsquo;audience.<\/p>\n\n\n\n<p>Nous voulons esp\u00e9rer que le tribunal se refusera \u00e0 laisser grignoter nos libert\u00e9s, en pronon\u00e7ant la dissolution qui lui sera demand\u00e9e par le substitut Gavalda.<\/p>\n\n\n\n<p>Plusieurs centaines d&rsquo;Alg\u00e9riens \u00e9taient venus au Palais pour suivre des d\u00e9bats qui leur tiennent particuli\u00e8rement \u00e0 c\u0153ur.<\/p>\n\n\n\n<hr class=\"wp-block-separator has-alpha-channel-opacity\"\/>\n\n\n\n<figure class=\"wp-block-pullquote\"><blockquote><p><strong>[<a href=\"https:\/\/sinedjib.com\/\">sinedjib.com<\/a>] est librement accessible depuis 2012 afin de faire conna\u00eetre mon actualit\u00e9 et partager des textes issus de mes recherches. Chaque jour ou presque, je retranscris des articles ou documents qui concernent les luttes pour l\u2019\u00e9mancipation.<\/strong><br><strong>Pour soutenir cette d\u00e9marche,\u00a0vous pouvez\u00a0<\/strong><a href=\"https:\/\/sinedjib.com\/index.php\/abonnement\/\">vous abonner<\/a><strong>\u00a0et relayer le contenu de [\u0633\u064a \u0646\u062c\u064a\u0628]. Vous avez aussi la possibilit\u00e9 de\u00a0<\/strong><a href=\"https:\/\/sinedjib.com\/index.php\/mes-livres\/\">vous procurer mes livres<\/a><strong>, comme mon nouvel ouvrage,\u00a0<\/strong><em><a href=\"https:\/\/www.lechappee.org\/collections\/hors-collection\/le-spectre-du-colonialisme\">Le Spectre du colonialisme<\/a><\/em><strong>, disponible dans toutes les bonnes librairies.<\/strong><\/p><cite>Nedjib SIDI MOUSSA<\/cite><\/blockquote><\/figure>\n\n\n<div class=\"wp-block-image\">\n<figure class=\"aligncenter size-full is-resized\"><img data-recalc-dims=\"1\" loading=\"lazy\" decoding=\"async\" width=\"546\" height=\"800\" data-attachment-id=\"27669\" data-permalink=\"https:\/\/sinedjib.com\/index.php\/mes-livres\/le-spectre-du-colonialisme-couv\/\" data-orig-file=\"https:\/\/i0.wp.com\/sinedjib.com\/wp-content\/uploads\/2025\/12\/LE-SPECTRE-DU-COLONIALISME-Couv.jpg?fit=546%2C800&amp;ssl=1\" data-orig-size=\"546,800\" data-comments-opened=\"0\" data-image-meta=\"{&quot;aperture&quot;:&quot;0&quot;,&quot;credit&quot;:&quot;&quot;,&quot;camera&quot;:&quot;&quot;,&quot;caption&quot;:&quot;&quot;,&quot;created_timestamp&quot;:&quot;0&quot;,&quot;copyright&quot;:&quot;&quot;,&quot;focal_length&quot;:&quot;0&quot;,&quot;iso&quot;:&quot;0&quot;,&quot;shutter_speed&quot;:&quot;0&quot;,&quot;title&quot;:&quot;&quot;,&quot;orientation&quot;:&quot;0&quot;}\" data-image-title=\"LE SPECTRE DU COLONIALISME &amp;#8211; Couv\" data-image-description=\"\" data-image-caption=\"\" data-large-file=\"https:\/\/i0.wp.com\/sinedjib.com\/wp-content\/uploads\/2025\/12\/LE-SPECTRE-DU-COLONIALISME-Couv.jpg?fit=546%2C800&amp;ssl=1\" src=\"https:\/\/i0.wp.com\/sinedjib.com\/wp-content\/uploads\/2025\/12\/LE-SPECTRE-DU-COLONIALISME-Couv.jpg?resize=546%2C800&#038;ssl=1\" alt=\"\" class=\"wp-image-27669\" style=\"width:274px;height:auto\" srcset=\"https:\/\/i0.wp.com\/sinedjib.com\/wp-content\/uploads\/2025\/12\/LE-SPECTRE-DU-COLONIALISME-Couv.jpg?w=546&amp;ssl=1 546w, https:\/\/i0.wp.com\/sinedjib.com\/wp-content\/uploads\/2025\/12\/LE-SPECTRE-DU-COLONIALISME-Couv.jpg?resize=205%2C300&amp;ssl=1 205w\" sizes=\"auto, (max-width: 546px) 100vw, 546px\" \/><\/figure>\n<\/div>\n\n\n<p><\/p>\n","protected":false},"excerpt":{"rendered":"<p>Article paru dans L&rsquo;Humanit\u00e9, 11 d\u00e9cembre 1935 ; suivi d&rsquo;un article paru dans Le Populaire, 12 d\u00e9cembre 1935 Plus de six cents travailleurs, en majorit\u00e9 nord-africains, assistaient, hier soir, \u00e0 la r\u00e9union organis\u00e9e 18, rue Cambronne, pour protester contre la menace de dissolution de l&rsquo;Etoile Nord-Africaine.<\/p>\n","protected":false},"author":1,"featured_media":0,"comment_status":"closed","ping_status":"","sticky":false,"template":"","format":"standard","meta":{"_jetpack_newsletter_access":"","_jetpack_dont_email_post_to_subs":false,"_jetpack_newsletter_tier_id":0,"_jetpack_memberships_contains_paywalled_content":false,"_jetpack_feature_clip_id":0,"_jetpack_memberships_contains_paid_content":false,"footnotes":"","jetpack_post_was_ever_published":false},"categories":[8],"tags":[2227,112,138,409,457,646,1831,1586,918,1005],"class_list":["post-29230","post","type-post","status-publish","format-standard","hentry","category-presse","tag-2227","tag-algerie","tag-anticolonialisme","tag-etoile-nord-africaine","tag-france","tag-lhumanite","tag-le-populaire","tag-parti-communiste","tag-parti-socialiste","tag-repression"],"jetpack_featured_media_url":"","jetpack_sharing_enabled":true,"jetpack_shortlink":"https:\/\/wp.me\/p9lTYU-7Bs","jetpack_likes_enabled":true,"jetpack-related-posts":[{"id":28698,"url":"https:\/\/sinedjib.com\/index.php\/2026\/05\/02\/daniel-guerin-la-dissolution-de-letoile-nord-africaine\/","url_meta":{"origin":29230,"position":0},"title":"Daniel Gu\u00e9rin : La dissolution de \u00ab\u00a0l&rsquo;Etoile Nord-Africaine\u00a0\u00bb","author":"SiNedjib","date":"02\/05\/2026","format":false,"excerpt":"Article de Daniel Gu\u00e9rin paru dans La Vague, organe de rassemblement r\u00e9volutionnaire, Nouvelle s\u00e9rie, n\u00b0 6, 1er f\u00e9vrier 1937 UN COUP DE FORCE A la veille du Congr\u00e8s de Biarritz, le gouvernement, pour amadouer messieurs les radicaux, avait fait \u00e9vacuer brutalement par des forces de police, une usine parisienne. A\u2026","rel":"","context":"Dans &quot;presse&quot;","block_context":{"text":"presse","link":"https:\/\/sinedjib.com\/index.php\/category\/presse\/"},"img":{"alt_text":"","src":"https:\/\/i0.wp.com\/sinedjib.com\/wp-content\/uploads\/2026\/05\/La-Vague-1er-fevrier-1937.jpg?resize=350%2C200&ssl=1","width":350,"height":200,"srcset":"https:\/\/i0.wp.com\/sinedjib.com\/wp-content\/uploads\/2026\/05\/La-Vague-1er-fevrier-1937.jpg?resize=350%2C200&ssl=1 1x, https:\/\/i0.wp.com\/sinedjib.com\/wp-content\/uploads\/2026\/05\/La-Vague-1er-fevrier-1937.jpg?resize=525%2C300&ssl=1 1.5x, https:\/\/i0.wp.com\/sinedjib.com\/wp-content\/uploads\/2026\/05\/La-Vague-1er-fevrier-1937.jpg?resize=700%2C400&ssl=1 2x, https:\/\/i0.wp.com\/sinedjib.com\/wp-content\/uploads\/2026\/05\/La-Vague-1er-fevrier-1937.jpg?resize=1050%2C600&ssl=1 3x, https:\/\/i0.wp.com\/sinedjib.com\/wp-content\/uploads\/2026\/05\/La-Vague-1er-fevrier-1937.jpg?resize=1400%2C800&ssl=1 4x"},"classes":[]},{"id":29192,"url":"https:\/\/sinedjib.com\/index.php\/2026\/08\/21\/scandaleuse-condamnation-du-gerant-du-journal-el-amel\/","url_meta":{"origin":29230,"position":1},"title":"Scandaleuse condamnation du g\u00e9rant du journal \u00ab\u00a0El Amel\u00a0\u00bb","author":"SiNedjib","date":"21\/08\/2026","format":false,"excerpt":"Article paru dans L'Humanit\u00e9, 10 ao\u00fbt 1935 ; suivi d'un rectificatif paru le 11 ao\u00fbt 1935 ; et d'un article paru le 6 novembre 1935 Un camarade Alg\u00e9rien, Si Djilani, g\u00e9rant du journal de l'Etoile Nord-Africaine, \"El Amel\", a \u00e9t\u00e9 condamn\u00e9, hier, par le tribunal correctionnel, \u00e0 3 mois de\u2026","rel":"","context":"Dans &quot;presse&quot;","block_context":{"text":"presse","link":"https:\/\/sinedjib.com\/index.php\/category\/presse\/"},"img":{"alt_text":"","src":"https:\/\/i0.wp.com\/sinedjib.com\/wp-content\/uploads\/2026\/08\/LHumanite-11-aout-1935.jpg?resize=350%2C200&ssl=1","width":350,"height":200,"srcset":"https:\/\/i0.wp.com\/sinedjib.com\/wp-content\/uploads\/2026\/08\/LHumanite-11-aout-1935.jpg?resize=350%2C200&ssl=1 1x, https:\/\/i0.wp.com\/sinedjib.com\/wp-content\/uploads\/2026\/08\/LHumanite-11-aout-1935.jpg?resize=525%2C300&ssl=1 1.5x, https:\/\/i0.wp.com\/sinedjib.com\/wp-content\/uploads\/2026\/08\/LHumanite-11-aout-1935.jpg?resize=700%2C400&ssl=1 2x, https:\/\/i0.wp.com\/sinedjib.com\/wp-content\/uploads\/2026\/08\/LHumanite-11-aout-1935.jpg?resize=1050%2C600&ssl=1 3x"},"classes":[]},{"id":28687,"url":"https:\/\/sinedjib.com\/index.php\/2026\/05\/01\/messali-hadj-a-bernard-lecache-president-de-la-l-i-c-a\/","url_meta":{"origin":29230,"position":2},"title":"Messali Hadj : \u00c0 Bernard Lecache, pr\u00e9sident de la L.I.C.A.","author":"SiNedjib","date":"01\/05\/2026","format":false,"excerpt":"Adresse de Messali Hadj parue dans El Ouma, \u00e9dition sp\u00e9ciale, n\u00b0 46, 1937 ; suivie d'un appel de la r\u00e9daction et d'un communiqu\u00e9 de l'Etoile nord-africaine Vous n'\u00eates pas sans savoir que l'Etoile Nord-Africaine est frapp\u00e9e de dissolution. Cela vous indigne \u00e0 juste titre, comme tous les hommes de c\u0153ur\u2026","rel":"","context":"Dans &quot;presse&quot;","block_context":{"text":"presse","link":"https:\/\/sinedjib.com\/index.php\/category\/presse\/"},"img":{"alt_text":"","src":"https:\/\/i0.wp.com\/sinedjib.com\/wp-content\/uploads\/2026\/05\/El-Ouma-1937.jpg?resize=350%2C200&ssl=1","width":350,"height":200,"srcset":"https:\/\/i0.wp.com\/sinedjib.com\/wp-content\/uploads\/2026\/05\/El-Ouma-1937.jpg?resize=350%2C200&ssl=1 1x, https:\/\/i0.wp.com\/sinedjib.com\/wp-content\/uploads\/2026\/05\/El-Ouma-1937.jpg?resize=525%2C300&ssl=1 1.5x, https:\/\/i0.wp.com\/sinedjib.com\/wp-content\/uploads\/2026\/05\/El-Ouma-1937.jpg?resize=700%2C400&ssl=1 2x, https:\/\/i0.wp.com\/sinedjib.com\/wp-content\/uploads\/2026\/05\/El-Ouma-1937.jpg?resize=1050%2C600&ssl=1 3x, https:\/\/i0.wp.com\/sinedjib.com\/wp-content\/uploads\/2026\/05\/El-Ouma-1937.jpg?resize=1400%2C800&ssl=1 4x"},"classes":[]},{"id":29157,"url":"https:\/\/sinedjib.com\/index.php\/2026\/08\/14\/contre-la-dissolution-de-letoile-nord-africaine\/","url_meta":{"origin":29230,"position":3},"title":"Contre la dissolution de l&rsquo;Etoile nord-africaine","author":"SiNedjib","date":"14\/08\/2026","format":false,"excerpt":"D\u00e9claration du Comit\u00e9 central de l'Etoile nord-africaine parue dans L'Humanit\u00e9, 21 avril 1929 Pour protester contre la dissolution de leur organisation, le Comit\u00e9 central de l'Etoile Nord-Africaine nous adresse l'ordre du jour ci-dessous : Le gouvernement aux ordres des soci\u00e9t\u00e9s colonialistes a assign\u00e9 l'Etoile Nord-Africaine le 6 mars dernier devant\u2026","rel":"","context":"Dans &quot;presse&quot;","block_context":{"text":"presse","link":"https:\/\/sinedjib.com\/index.php\/category\/presse\/"},"img":{"alt_text":"","src":"https:\/\/i0.wp.com\/sinedjib.com\/wp-content\/uploads\/2025\/12\/LE-SPECTRE-DU-COLONIALISME-Couv.jpg?resize=350%2C200&ssl=1","width":350,"height":200,"srcset":"https:\/\/i0.wp.com\/sinedjib.com\/wp-content\/uploads\/2025\/12\/LE-SPECTRE-DU-COLONIALISME-Couv.jpg?resize=350%2C200&ssl=1 1x, https:\/\/i0.wp.com\/sinedjib.com\/wp-content\/uploads\/2025\/12\/LE-SPECTRE-DU-COLONIALISME-Couv.jpg?resize=525%2C300&ssl=1 1.5x"},"classes":[]},{"id":28721,"url":"https:\/\/sinedjib.com\/index.php\/2026\/05\/07\/le-gouvernement-du-front-populaire-aux-ordres-de-la-rocque-fait-dissoudre-letoile-nord-africaine\/","url_meta":{"origin":29230,"position":4},"title":"Le gouvernement du Front Populaire aux ordres de La Rocque fait dissoudre l&rsquo;Etoile Nord-Africaine","author":"SiNedjib","date":"07\/05\/2026","format":false,"excerpt":"Article paru dans La Commune, n\u00b0 41, 29 janvier 1937 ; suivi de \"La dissolution ne frappe que les opprim\u00e9s des colonies\" paru dans La Commune, n\u00b0 43, 12 f\u00e9vrier 1937 DEJA les gouvernements bourgeois avaient fait dissoudre par les tribunaux \u00e0 leur d\u00e9votion \u00ab L'Etoile Nord-Africaine \u00bb. Mais cette\u2026","rel":"","context":"Dans &quot;presse&quot;","block_context":{"text":"presse","link":"https:\/\/sinedjib.com\/index.php\/category\/presse\/"},"img":{"alt_text":"","src":"https:\/\/i0.wp.com\/sinedjib.com\/wp-content\/uploads\/2026\/05\/La-Commune-29-janvier-1937.jpg?resize=350%2C200&ssl=1","width":350,"height":200,"srcset":"https:\/\/i0.wp.com\/sinedjib.com\/wp-content\/uploads\/2026\/05\/La-Commune-29-janvier-1937.jpg?resize=350%2C200&ssl=1 1x, https:\/\/i0.wp.com\/sinedjib.com\/wp-content\/uploads\/2026\/05\/La-Commune-29-janvier-1937.jpg?resize=525%2C300&ssl=1 1.5x, https:\/\/i0.wp.com\/sinedjib.com\/wp-content\/uploads\/2026\/05\/La-Commune-29-janvier-1937.jpg?resize=700%2C400&ssl=1 2x, https:\/\/i0.wp.com\/sinedjib.com\/wp-content\/uploads\/2026\/05\/La-Commune-29-janvier-1937.jpg?resize=1050%2C600&ssl=1 3x, https:\/\/i0.wp.com\/sinedjib.com\/wp-content\/uploads\/2026\/05\/La-Commune-29-janvier-1937.jpg?resize=1400%2C800&ssl=1 4x"},"classes":[]},{"id":28702,"url":"https:\/\/sinedjib.com\/index.php\/2026\/05\/03\/pour-la-defense-de-lempire-francais-le-front-populaire-fait-dissoudre-et-matraquer-letoile-nord-africaine\/","url_meta":{"origin":29230,"position":5},"title":"Pour la d\u00e9fense de l&rsquo;Empire fran\u00e7ais, le Front Populaire fait dissoudre et matraquer l&rsquo;Etoile Nord-Africaine","author":"SiNedjib","date":"03\/05\/2026","format":false,"excerpt":"Article paru dans La Lutte ouvri\u00e8re, organe du Parti ouvrier internationaliste, 2e ann\u00e9e, n\u00b0 30, 5 f\u00e9vrier 1937, \u00e9dition sp\u00e9ciale Les patrons ont tu\u00e9 Acherchour et les domestiques dissolvent l'Etoile Nord-Africaine !Il faut imposer le droit pour les coloniaux de s'organiser librement !Solidarit\u00e9 de classe avec les Travailleurs Nord-Africains Mardi,\u2026","rel":"","context":"Dans &quot;presse&quot;","block_context":{"text":"presse","link":"https:\/\/sinedjib.com\/index.php\/category\/presse\/"},"img":{"alt_text":"","src":"https:\/\/i0.wp.com\/sinedjib.com\/wp-content\/uploads\/2026\/05\/La-Lutte-ouvriere-5-fevrier-1937.jpg?resize=350%2C200&ssl=1","width":350,"height":200,"srcset":"https:\/\/i0.wp.com\/sinedjib.com\/wp-content\/uploads\/2026\/05\/La-Lutte-ouvriere-5-fevrier-1937.jpg?resize=350%2C200&ssl=1 1x, https:\/\/i0.wp.com\/sinedjib.com\/wp-content\/uploads\/2026\/05\/La-Lutte-ouvriere-5-fevrier-1937.jpg?resize=525%2C300&ssl=1 1.5x, https:\/\/i0.wp.com\/sinedjib.com\/wp-content\/uploads\/2026\/05\/La-Lutte-ouvriere-5-fevrier-1937.jpg?resize=700%2C400&ssl=1 2x, https:\/\/i0.wp.com\/sinedjib.com\/wp-content\/uploads\/2026\/05\/La-Lutte-ouvriere-5-fevrier-1937.jpg?resize=1050%2C600&ssl=1 3x, https:\/\/i0.wp.com\/sinedjib.com\/wp-content\/uploads\/2026\/05\/La-Lutte-ouvriere-5-fevrier-1937.jpg?resize=1400%2C800&ssl=1 4x"},"classes":[]}],"_links":{"self":[{"href":"https:\/\/sinedjib.com\/index.php\/wp-json\/wp\/v2\/posts\/29230","targetHints":{"allow":["GET"]}}],"collection":[{"href":"https:\/\/sinedjib.com\/index.php\/wp-json\/wp\/v2\/posts"}],"about":[{"href":"https:\/\/sinedjib.com\/index.php\/wp-json\/wp\/v2\/types\/post"}],"author":[{"embeddable":true,"href":"https:\/\/sinedjib.com\/index.php\/wp-json\/wp\/v2\/users\/1"}],"replies":[{"embeddable":true,"href":"https:\/\/sinedjib.com\/index.php\/wp-json\/wp\/v2\/comments?post=29230"}],"version-history":[{"count":1,"href":"https:\/\/sinedjib.com\/index.php\/wp-json\/wp\/v2\/posts\/29230\/revisions"}],"predecessor-version":[{"id":29233,"href":"https:\/\/sinedjib.com\/index.php\/wp-json\/wp\/v2\/posts\/29230\/revisions\/29233"}],"wp:attachment":[{"href":"https:\/\/sinedjib.com\/index.php\/wp-json\/wp\/v2\/media?parent=29230"}],"wp:term":[{"taxonomy":"category","embeddable":true,"href":"https:\/\/sinedjib.com\/index.php\/wp-json\/wp\/v2\/categories?post=29230"},{"taxonomy":"post_tag","embeddable":true,"href":"https:\/\/sinedjib.com\/index.php\/wp-json\/wp\/v2\/tags?post=29230"}],"curies":[{"name":"wp","href":"https:\/\/api.w.org\/{rel}","templated":true}]}}