{"id":29234,"date":"2026-09-01T11:30:53","date_gmt":"2026-09-01T09:30:53","guid":{"rendered":"https:\/\/sinedjib.com\/?p=29234"},"modified":"2026-09-01T11:30:53","modified_gmt":"2026-09-01T09:30:53","slug":"les-reflexions-de-jean-paul-sartre-de-lantisemitisme-au-colonialisme","status":"publish","type":"post","link":"https:\/\/sinedjib.com\/index.php\/2026\/09\/01\/les-reflexions-de-jean-paul-sartre-de-lantisemitisme-au-colonialisme\/","title":{"rendered":"Les \u00ab\u00a0R\u00e9flexions\u00a0\u00bb de Jean-Paul Sartre : De l&rsquo;antis\u00e9mitisme au colonialisme"},"content":{"rendered":"\n<p><strong>Article de Mohamed El Djeba\u00efli paru dans <em>La R\u00e9publique alg\u00e9rienne<\/em>, VIe ann\u00e9e, n\u00b0 189, 26 ao\u00fbt 1949<\/strong><\/p>\n\n\n<div class=\"wp-block-image\">\n<figure class=\"aligncenter size-full is-resized\"><img data-recalc-dims=\"1\" loading=\"lazy\" decoding=\"async\" width=\"482\" height=\"767\" data-attachment-id=\"29235\" data-permalink=\"https:\/\/sinedjib.com\/index.php\/2026\/09\/01\/les-reflexions-de-jean-paul-sartre-de-lantisemitisme-au-colonialisme\/sartre-reflexions-question-juive\/\" data-orig-file=\"https:\/\/i0.wp.com\/sinedjib.com\/wp-content\/uploads\/2026\/09\/Sartre-reflexions-question-juive.png?fit=482%2C767&amp;ssl=1\" data-orig-size=\"482,767\" data-comments-opened=\"0\" data-image-meta=\"{&quot;aperture&quot;:&quot;0&quot;,&quot;credit&quot;:&quot;&quot;,&quot;camera&quot;:&quot;&quot;,&quot;caption&quot;:&quot;&quot;,&quot;created_timestamp&quot;:&quot;0&quot;,&quot;copyright&quot;:&quot;&quot;,&quot;focal_length&quot;:&quot;0&quot;,&quot;iso&quot;:&quot;0&quot;,&quot;shutter_speed&quot;:&quot;0&quot;,&quot;title&quot;:&quot;&quot;,&quot;orientation&quot;:&quot;0&quot;}\" data-image-title=\"Sartre r\u00e9flexions question juive\" data-image-description=\"\" data-image-caption=\"\" data-large-file=\"https:\/\/i0.wp.com\/sinedjib.com\/wp-content\/uploads\/2026\/09\/Sartre-reflexions-question-juive.png?fit=482%2C767&amp;ssl=1\" src=\"https:\/\/i0.wp.com\/sinedjib.com\/wp-content\/uploads\/2026\/09\/Sartre-reflexions-question-juive.png?resize=482%2C767&#038;ssl=1\" alt=\"\" class=\"wp-image-29235\" style=\"width:334px;height:auto\" srcset=\"https:\/\/i0.wp.com\/sinedjib.com\/wp-content\/uploads\/2026\/09\/Sartre-reflexions-question-juive.png?w=482&amp;ssl=1 482w, https:\/\/i0.wp.com\/sinedjib.com\/wp-content\/uploads\/2026\/09\/Sartre-reflexions-question-juive.png?resize=189%2C300&amp;ssl=1 189w\" sizes=\"auto, (max-width: 482px) 100vw, 482px\" \/><\/figure>\n<\/div>\n\n\n<p><strong>Jean-Paul Sartre a consacr\u00e9 \u00e0 la question juive, ou plus exactement \u00e0 celle de l&rsquo;antis\u00e9mitisme en France, une \u00e9tude aigu\u00eb, qui arrache impitoyablement tous les masques dont s&rsquo;affublent l&rsquo;injustice, la b\u00eatise, la haine et la convoitise.<\/strong><\/p>\n\n\n\n<!--more-->\n\n\n\n<p>Il traite la question \u00e0 fond, la presse jusqu&rsquo;\u00e0 l&rsquo;\u00e9puisement, fouille et fouaille avec une puissance et une souplesse dans l&rsquo;analyse qui fait bonheur \u00e0 l&rsquo;intelligence, et qui font date.<\/p>\n\n\n\n<p>C&rsquo;est dire que l&rsquo;ouvrage est tr\u00e8s brillant. Mais, s&rsquo;il n&rsquo;\u00e9tait que cela, il nous int\u00e9resserait \u00e0 titre tr\u00e8s secondaire. Il plus et mieux que brillant, il est g\u00e9n\u00e9reux. Ni l&rsquo;am\u00e8re duret\u00e9 dans l&rsquo;ironie, ni l&rsquo;objectivit\u00e9 scientifique \u00e0 laquelle l&rsquo;auteur choisit de se cantonner en s&rsquo;interdisant tout lyrisme dans l&rsquo;expression, ne r\u00e9ussissent \u00e0 dissimuler longtemps la r\u00e9volte d&rsquo;une conscience face \u00e0 la subtile tartufferie des m\u00e9diocres et \u00e0 leur sadisme.<\/p>\n\n\n\n<hr class=\"wp-block-separator has-alpha-channel-opacity\"\/>\n\n\n\n<p>Comme il arrive souvent aux \u0153uvres de bonne foi, ce petit livre, tout en traitant d&rsquo;un sujet particulier, ouvre des perspectives qui vont tr\u00e8s loin et offre des th\u00e8mes de m\u00e9ditation qui touchent \u00e0 d&rsquo;autres probl\u00e8mes.<\/p>\n\n\n\n<p>C&rsquo;est ainsi que, page apr\u00e8s page, la question juive appara\u00eet comme un cas particulier de la question des rapports de force entre groupes humains d&rsquo;in\u00e9gale puissance. Les r\u00e9flexions de Sartre s&rsquo;appliquent exactement, avec un synchronisme troublant, \u00e0 la situation qui est faite par les Blancs aux Noirs en Am\u00e9rique et par l&rsquo;imp\u00e9rialisme europ\u00e9en aux autochtones de ses colonies. Les mots, les phrases sont superposables et peuvent s&rsquo;appliquer indiff\u00e9remment soit \u00e0 l&rsquo;antis\u00e9mitisme, soit au colonialisme.<\/p>\n\n\n\n<p>J&rsquo;entends bien que la question juive ne ressemble \u00e0 aucune autre, qu&rsquo;elle a sa personnalit\u00e9, et ses difficult\u00e9s. Les rapports entre Juifs et non-Juifs sont, par exemple, beaucoup plus complexes et nuanc\u00e9s que ceux qui opposent le colonisateur au colonis\u00e9. Mais, apr\u00e8s avoir fait \u00e0 ces diff\u00e9rences la place qu&rsquo;elles m\u00e9ritent, il demeure qu&rsquo;une armature commune d&rsquo;instincts, de r\u00e9flexes, de contradictions, de paradoxes bouffons et de tragiques sophismes sont \u00e0 la base de l&rsquo;une et de l&rsquo;autre attitude, apparentant \u00e9troitement l&rsquo;antis\u00e9mite au colonisateur, quoique l&rsquo;un et l&rsquo;autre s&rsquo;en d\u00e9fendent g\u00e9n\u00e9ralement.<\/p>\n\n\n\n<p>Ils appartiennent si bien \u00e0 la m\u00eame famille d&rsquo;esprit que Sartre lui-m\u00eame, sans s&rsquo;\u00e9carter un seul instant d&rsquo;un sujet qui l&rsquo;accapare exclusivement, amorce cependant une ou deux fois, au passage, un tel rapprochement. C&rsquo;est ainsi qu&rsquo;apr\u00e8s avoir soulign\u00e9 que l&rsquo;antis\u00e9mitisme est <em>\u00ab une attitude globale que l&rsquo;on adopte non seulement vis \u00e0 vis des Juifs, mais vis \u00e0 vis des hommes en g\u00e9n\u00e9ral, de l&rsquo;histoire et de la soci\u00e9t\u00e9 \u2026 \u00bb<\/em>, il ajoute avec plus de pr\u00e9cision encore : <em>\u00ab Le Juif n&rsquo;est ici qu&rsquo;un pr\u00e9texte \u00bb<\/em>. Oui, un pr\u00e9texte au besoin de violence qui sommeille au c\u0153ur de l&rsquo;homme. Pr\u00e9texte qui, pour s&rsquo;assouvir <em>\u00ab se servira ailleurs du n\u00e8gre, ailleurs du jaune \u00bb.<\/em><\/p>\n\n\n\n<p>Et, plus loin : <em>\u00ab Cela signifie donc que les Juifs, comme aussi bien les Arabes ou les Noirs, d\u00e8s lors qu&rsquo;ils sont solidaires de l&rsquo;entreprise nationale, ont droit de regard sur cette entreprise \u00bb.<\/em> Et ils sont bien, les uns et les autres, solidaires de l&rsquo;entreprise nationale, puisqu&rsquo;on ne d\u00e9daigne pas de les convoquer sur les champs de bataille.<\/p>\n\n\n\n<p>Ces br\u00e8ves citations nous donnent le ton de l&rsquo;ouvrage. Tout au long de deux cents pages extraordinairement denses, Sartre interroge, avec une curiosit\u00e9 m\u00eal\u00e9e de m\u00e9pris, la conscience des monstres civilis\u00e9s qui ne le c\u00e8dent en rien, quant \u00e0 l&rsquo;imposture, aux monstres \u00e0 l&rsquo;\u00e9tat brut, mais qui l&rsquo;aggravent en tentant de la camoufler sous un d\u00e9luge de justifications. Cette mis\u00e9rable litt\u00e9rature n&rsquo;abuse pas longtemps la courageuse lucidit\u00e9 de Sartre. Il nie qu&rsquo;on puisse \u00eatre \u00e0 la fois d&rsquo;une part <em>\u00ab bon p\u00e8re et bon mari, citoyen z\u00e9l\u00e9, fin lettr\u00e9, philanthrope et d&rsquo;autre part antis\u00e9mite \u00bb<\/em>. De m\u00eame les hommes et les femmes qui ont particip\u00e9 aux massacres de S\u00e9tif, en 1945, les brillants officiers qui torturent les Vietnamiens, les juges int\u00e8gres qui ont condamn\u00e9 les d\u00e9put\u00e9s malgaches peuvent \u00eatre apparus longtemps comme des civilis\u00e9s. Ils n&rsquo;en avaient pas moins usurp\u00e9 ce titre puisqu&rsquo;il a suffi d&rsquo;une occasion, d&rsquo;une tentation, d&rsquo;une simple sollicitation ext\u00e9rieure pour qu&rsquo;ils retombent \u00e0 la barbarie primitive de la pens\u00e9e ou de l&rsquo;acte, celle-ci suivant g\u00e9n\u00e9ralement de tr\u00e8s pr\u00e8s celle-l\u00e0 : <em>\u00ab En traitant le Juif comme un \u00eatre inf\u00e9rieur et pernicieux, j&rsquo;affirme du m\u00eame coup que je suis d&rsquo;une \u00e9lite. Et celle-ci, fort diff\u00e9rente en cela des \u00e9lites modernes qui se fondent sur le m\u00e9rite ou le travail, ressemble en tout point \u00e0 une aristocratie de naissance. Je n&rsquo;ai rien \u00e0 faire pour m\u00e9riter ma sup\u00e9riorit\u00e9 et je n&rsquo;en puis pas non plus d\u00e9choir \u00bb.<\/em><\/p>\n\n\n\n<p>Nous touchons du doigt, cette fois, l&rsquo;int\u00e9r\u00eat que pr\u00e9sentent de tels passages pour l&rsquo;homme colonis\u00e9.<\/p>\n\n\n\n<p>De m\u00eame, si <em>\u00ab l&rsquo;antis\u00e9mitisme, c&rsquo;est la peur devant la condition humaine \u00bb<\/em>, ne peut-on en dire autant du colonialisme ? Et s&rsquo;il est vrai <em>\u00ab que l&rsquo;antis\u00e9mite n&rsquo;entend rien \u00e0 la soci\u00e9t\u00e9 moderne, qu&rsquo;il serait incapable de concevoir un plan constructif, que son action ne peut se placer au niveau de la technique \u00bb,<\/em> n&rsquo;en va-t-il pas de m\u00eame de l&rsquo;imp\u00e9rialisme fran\u00e7ais dans ce pays, n&rsquo;en d\u00e9plaise au \u00ab colonialisme constructeur \u00bb de M. Naegelen ? Il suffit pour s&rsquo;en persuader, de constater l&rsquo;\u00e9chec des plans qui pr\u00e9voient sur le papier l&rsquo;industrialisation de l&rsquo;Alg\u00e9rie et la colonisation totale de l&rsquo;enfance musulmane.<\/p>\n\n\n\n<p>Mais il faudrait tout citer. S&rsquo;agissant de pages si riches, le choix est d\u00e9j\u00e0 une trahison.<\/p>\n\n\n\n<p>Puisqu&rsquo;il faut, cependant, aller de l&rsquo;avant, passons \u00e0 un autre aspect, magistralement mis en valeur par Sartre, des rapports entre Juifs et non-Juifs : <em>\u00ab Le Juif,<\/em> dit-il, <em>a des ennemis passionn\u00e9s et des d\u00e9fenseurs sans passion \u00bb<\/em>. Ses ennemis, nous les connaissons. Ses amis, ce sont <em>\u00ab<\/em> <em>les d\u00e9mocrates tol\u00e9rants par \u00e9tat, qui ont m\u00eame le snobisme de la tol\u00e9rance et qui l&rsquo;\u00e9tendent jusqu&rsquo;aux ennemis de la d\u00e9mocratie \u00bb<\/em>.<\/p>\n\n\n\n<p>C&rsquo;est en vertu de ce m\u00eame principe que les grandes trahisons nous sont venues de \u00ab gauche \u00bb<em> <\/em>et que la plus grande d\u00e9faillance, en mati\u00e8re coloniale, est celle de feu le Front Populaire.<\/p>\n\n\n\n<p><em>\u00ab Vigoureusement attaqu\u00e9, faiblement d\u00e9fendu \u00bb<\/em>, tel est aussi le sort du colonis\u00e9. C&rsquo;est que ses ennemis ne songent qu&rsquo;\u00e0 lui, alors que ses amis sont distraits, sollicit\u00e9s par de multiples pr\u00e9occupations auxquelles il demeure \u00e9tranger. Les imp\u00e9rialistes lib\u00e9raux jouent avec lui <em>\u00ab<\/em> <em>la com\u00e9die de la tol\u00e9rance \u00bb<\/em>. Tol\u00e9rance \u00e9mascul\u00e9e, purement verbale et verbeuse, qu&rsquo;aucune r\u00e9alisation ne vient traduire dans les faits. Les Pactes succ\u00e8dent aux Chartes, les promesses aux engagements, les \u00e9tiquettes aux programmes, sans que le probl\u00e8me colonial soit jamais trait\u00e9 de haut et dans son ensemble.<\/p>\n\n\n\n<p>Quand le conqu\u00e9rant, d&rsquo;aventure, se lie d&rsquo;amiti\u00e9 condescendante avec un autochtone, celui-ci devient l&rsquo;exception qui confirme la r\u00e8gle, le bon Arabe que l&rsquo;on fr\u00e9quente <em>\u00ab en d\u00e9pit de sa race \u00bb<\/em>, parce qu&rsquo;il n&rsquo;est pas comme les autres, ou l&rsquo;Arabe influent <em>\u00ab qu&rsquo;il faut bien fr\u00e9quenter \u00bb<\/em>.<\/p>\n\n\n\n<p>Aux autres, on tente de persuader qu&rsquo;ils sont inassimilables, que <em>\u00ab<\/em> <em>le v\u00e9ritable sens des choses leur \u00e9chappe \u00bb.<\/em><\/p>\n\n\n\n<p>Et nous dirons, parodiant Sartre apr\u00e8s Beaumarchais : \u00e0 en juger par les qualit\u00e9s qu&rsquo;on exige d&rsquo;un Musulman pour l&rsquo;assimiler \u00e0 un \u00ab vrai \u00bb Fran\u00e7ais, combien de Fran\u00e7ais seraient dignes d&rsquo;\u00eatre Musulmans.<\/p>\n\n\n\n<p>En r\u00e9alit\u00e9, on ne l&rsquo;assimile jamais, on le \u00ab tol\u00e8re \u00bb quelquefois. Comme le reste, l&rsquo;assimilation \u00e9tait et reste une escroquerie morale. Obstacle coriace, irr\u00e9ductible. Tandis que l&rsquo;\u00e9lite musulmane s&rsquo;ing\u00e9niait na\u00efvement \u00e0 se faire admettre au sein d&rsquo;une soci\u00e9t\u00e9 qui la repoussait, elle perdait un temps pr\u00e9cieux, un temps qu&rsquo;elle aurait mieux employ\u00e9 \u00e0 <em>\u00ab tirer son orgueil de son humiliation \u00bb<\/em>. De m\u00eame qu&rsquo;il existe des Juifs que Sartre appelle <em>\u00ab inauthentiques \u00bb<\/em>, et qu&rsquo;on pourrait appeler des Juifs honteux, il existait en Alg\u00e9rie, au temps du projet Blum-Viollette, par exemple, des colonis\u00e9s <em>\u00ab inauthentiques \u00bb<\/em>, qui recherchaient une issue \u00e0 une invivable situation dans des <em>\u00ab conduites de fuite \u00bb<\/em>, fa\u00e7on \u00e9l\u00e9gante d&rsquo;appeler le reniement. Le colonis\u00e9 ne sentait pas encore qu&rsquo;il <em>\u00ab<\/em> <em>se met en \u00e9tat de complexe<\/em> (d&rsquo;inf\u00e9riorit\u00e9) <em>lorsqu&rsquo;il choisit de vivre sa situation sur le mode inauthentique. Il s&rsquo;est laiss\u00e9 persuader, en somme, par les colonisateurs, il est la premi\u00e8re victime de leur propagande \u00bb<\/em>. Ceux-ci avec un cynisme machiav\u00e9lique et parfaitement conscient ont ainsi men\u00e9 pendant des d\u00e9cades ce jeu perfide. Alors que l&rsquo;\u00e9lite alg\u00e9rienne de 1936 se fuyait, se renon\u00e7ait, tentait volontiers de se d\u00e9solidariser de ses fr\u00e8res, elle \u00ab se revendique \u00bb aujourd&rsquo;hui et, avec elle, toutes les \u00e9lites coloniales et tous les peuples coloniaux. Ils ont retrouv\u00e9 la paix du c\u0153ur en m\u00eame temps que le courage et la dignit\u00e9. Le conqu\u00e9rant, et lui seul, s&rsquo;est engag\u00e9 si avant dans l&rsquo;impasse que ses ruses traditionnelles seraient bien impuissantes \u00e0 l&rsquo;en tirer.<\/p>\n\n\n\n<p>Sartre pose enfin la question : <em>\u00ab Si nous ne respectons pas la personne de l&rsquo;Isra\u00e9lite, qui donc nous respectera ? \u00bb<\/em> C&rsquo;est alors que le parall\u00e9lisme entre la question de l&rsquo;antis\u00e9mitisme et celle du colonialisme est si vrai qu&rsquo;Aim\u00e9 C\u00e9saire a pu souligner, en un tableau saisissant, que pas un Europ\u00e9en ne sera libre tant que les coloniaux ne jouiront pas de la pl\u00e9nitude de leurs droits, que pas un Fran\u00e7ais ne sera en s\u00e9curit\u00e9, tant qu&rsquo;un Vietnamien, tant qu&rsquo;un Malgache, tant qu&rsquo;un n\u00e8gre d&rsquo;Afrique, tant qu&rsquo;un <em>coolie <\/em>de l&rsquo;Inde pourra craindre pour sa vie.<\/p>\n\n\n\n<p>C\u00e9saire et Sartre, sont interchangeables parce que la libert\u00e9 est une et indivisible. Et c&rsquo;est parce qu&rsquo;ils m\u00e9connaissent dans les faits une v\u00e9rit\u00e9 qu&rsquo;ils proclament, st\u00e9rilement tous les jours dans les mots que nos adversaires se h\u00e2tent vers leur perte.<\/p>\n\n\n\n<figure class=\"wp-block-image size-large\"><img data-recalc-dims=\"1\" loading=\"lazy\" decoding=\"async\" width=\"580\" height=\"131\" data-attachment-id=\"29236\" data-permalink=\"https:\/\/sinedjib.com\/index.php\/2026\/09\/01\/les-reflexions-de-jean-paul-sartre-de-lantisemitisme-au-colonialisme\/la-republique-algerienne-26-aout-1949\/\" data-orig-file=\"https:\/\/i0.wp.com\/sinedjib.com\/wp-content\/uploads\/2026\/09\/La-Republique-algerienne-26-aout-1949.png?fit=1155%2C262&amp;ssl=1\" data-orig-size=\"1155,262\" data-comments-opened=\"0\" data-image-meta=\"{&quot;aperture&quot;:&quot;0&quot;,&quot;credit&quot;:&quot;&quot;,&quot;camera&quot;:&quot;&quot;,&quot;caption&quot;:&quot;&quot;,&quot;created_timestamp&quot;:&quot;0&quot;,&quot;copyright&quot;:&quot;&quot;,&quot;focal_length&quot;:&quot;0&quot;,&quot;iso&quot;:&quot;0&quot;,&quot;shutter_speed&quot;:&quot;0&quot;,&quot;title&quot;:&quot;&quot;,&quot;orientation&quot;:&quot;0&quot;}\" data-image-title=\"La R\u00e9publique alg\u00e9rienne 26 ao\u00fbt 1949\" data-image-description=\"\" data-image-caption=\"\" data-large-file=\"https:\/\/i0.wp.com\/sinedjib.com\/wp-content\/uploads\/2026\/09\/La-Republique-algerienne-26-aout-1949.png?fit=580%2C131&amp;ssl=1\" src=\"https:\/\/i0.wp.com\/sinedjib.com\/wp-content\/uploads\/2026\/09\/La-Republique-algerienne-26-aout-1949.png?resize=580%2C131&#038;ssl=1\" alt=\"\" class=\"wp-image-29236\" srcset=\"https:\/\/i0.wp.com\/sinedjib.com\/wp-content\/uploads\/2026\/09\/La-Republique-algerienne-26-aout-1949.png?resize=1024%2C232&amp;ssl=1 1024w, https:\/\/i0.wp.com\/sinedjib.com\/wp-content\/uploads\/2026\/09\/La-Republique-algerienne-26-aout-1949.png?resize=300%2C68&amp;ssl=1 300w, https:\/\/i0.wp.com\/sinedjib.com\/wp-content\/uploads\/2026\/09\/La-Republique-algerienne-26-aout-1949.png?resize=768%2C174&amp;ssl=1 768w, https:\/\/i0.wp.com\/sinedjib.com\/wp-content\/uploads\/2026\/09\/La-Republique-algerienne-26-aout-1949.png?w=1155&amp;ssl=1 1155w\" sizes=\"auto, (max-width: 580px) 100vw, 580px\" \/><\/figure>\n\n\n\n<hr class=\"wp-block-separator has-alpha-channel-opacity\"\/>\n\n\n\n<figure class=\"wp-block-pullquote\"><blockquote><p><strong>[<a href=\"https:\/\/sinedjib.com\/\">sinedjib.com<\/a>] est librement accessible depuis 2012 afin de faire conna\u00eetre mon actualit\u00e9 et partager des textes issus de mes recherches. Chaque jour ou presque, je retranscris des articles ou documents qui concernent les luttes pour l\u2019\u00e9mancipation.<\/strong><br><strong>Pour soutenir cette d\u00e9marche,\u00a0vous pouvez\u00a0<\/strong><a href=\"https:\/\/sinedjib.com\/index.php\/abonnement\/\">vous abonner<\/a><strong>\u00a0et relayer le contenu de [\u0633\u064a \u0646\u062c\u064a\u0628]. Vous avez aussi la possibilit\u00e9 de\u00a0<\/strong><a href=\"https:\/\/sinedjib.com\/index.php\/mes-livres\/\">vous procurer mes livres<\/a><strong>, comme mon nouvel ouvrage,\u00a0<\/strong><em><a href=\"https:\/\/www.lechappee.org\/collections\/hors-collection\/le-spectre-du-colonialisme\">Le Spectre du colonialisme<\/a><\/em><strong>, disponible dans toutes les bonnes librairies.<\/strong><\/p><cite>Nedjib SIDI MOUSSA<\/cite><\/blockquote><\/figure>\n\n\n<div class=\"wp-block-image\">\n<figure class=\"aligncenter size-full is-resized\"><img data-recalc-dims=\"1\" loading=\"lazy\" decoding=\"async\" width=\"546\" height=\"800\" data-attachment-id=\"27669\" data-permalink=\"https:\/\/sinedjib.com\/index.php\/mes-livres\/le-spectre-du-colonialisme-couv\/\" data-orig-file=\"https:\/\/i0.wp.com\/sinedjib.com\/wp-content\/uploads\/2025\/12\/LE-SPECTRE-DU-COLONIALISME-Couv.jpg?fit=546%2C800&amp;ssl=1\" data-orig-size=\"546,800\" data-comments-opened=\"0\" data-image-meta=\"{&quot;aperture&quot;:&quot;0&quot;,&quot;credit&quot;:&quot;&quot;,&quot;camera&quot;:&quot;&quot;,&quot;caption&quot;:&quot;&quot;,&quot;created_timestamp&quot;:&quot;0&quot;,&quot;copyright&quot;:&quot;&quot;,&quot;focal_length&quot;:&quot;0&quot;,&quot;iso&quot;:&quot;0&quot;,&quot;shutter_speed&quot;:&quot;0&quot;,&quot;title&quot;:&quot;&quot;,&quot;orientation&quot;:&quot;0&quot;}\" data-image-title=\"LE SPECTRE DU COLONIALISME &amp;#8211; Couv\" data-image-description=\"\" data-image-caption=\"\" data-large-file=\"https:\/\/i0.wp.com\/sinedjib.com\/wp-content\/uploads\/2025\/12\/LE-SPECTRE-DU-COLONIALISME-Couv.jpg?fit=546%2C800&amp;ssl=1\" src=\"https:\/\/i0.wp.com\/sinedjib.com\/wp-content\/uploads\/2025\/12\/LE-SPECTRE-DU-COLONIALISME-Couv.jpg?resize=546%2C800&#038;ssl=1\" alt=\"\" class=\"wp-image-27669\" style=\"width:280px;height:auto\" srcset=\"https:\/\/i0.wp.com\/sinedjib.com\/wp-content\/uploads\/2025\/12\/LE-SPECTRE-DU-COLONIALISME-Couv.jpg?w=546&amp;ssl=1 546w, https:\/\/i0.wp.com\/sinedjib.com\/wp-content\/uploads\/2025\/12\/LE-SPECTRE-DU-COLONIALISME-Couv.jpg?resize=205%2C300&amp;ssl=1 205w\" sizes=\"auto, (max-width: 546px) 100vw, 546px\" \/><\/figure>\n<\/div>\n\n\n<p><\/p>\n","protected":false},"excerpt":{"rendered":"<p>Article de Mohamed El Djeba\u00efli paru dans La R\u00e9publique alg\u00e9rienne, VIe ann\u00e9e, n\u00b0 189, 26 ao\u00fbt 1949 Jean-Paul Sartre a consacr\u00e9 \u00e0 la question juive, ou plus exactement \u00e0 celle de l&rsquo;antis\u00e9mitisme en France, une \u00e9tude aigu\u00eb, qui arrache impitoyablement tous les masques dont s&rsquo;affublent l&rsquo;injustice, la b\u00eatise, la haine et la convoitise.<\/p>\n","protected":false},"author":1,"featured_media":0,"comment_status":"closed","ping_status":"","sticky":false,"template":"","format":"standard","meta":{"_jetpack_newsletter_access":"","_jetpack_dont_email_post_to_subs":false,"_jetpack_newsletter_tier_id":0,"_jetpack_memberships_contains_paywalled_content":false,"_jetpack_feature_clip_id":0,"_jetpack_memberships_contains_paid_content":false,"footnotes":"","jetpack_post_was_ever_published":false},"categories":[7,8],"tags":[30,112,138,2068,457,610,4365,5761,6099],"class_list":["post-29234","post","type-post","status-publish","format-standard","hentry","category-livres","category-presse","tag-30","tag-algerie","tag-anticolonialisme","tag-antisemitisme","tag-france","tag-jean-paul-sartre","tag-la-republique-algerienne","tag-manifeste-du-peuple-algerien","tag-mohamed-el-djebaili"],"jetpack_featured_media_url":"","jetpack_sharing_enabled":true,"jetpack_shortlink":"https:\/\/wp.me\/p9lTYU-7Bw","jetpack_likes_enabled":true,"jetpack-related-posts":[{"id":15717,"url":"https:\/\/sinedjib.com\/index.php\/2022\/03\/06\/une-severe-lecon-aux-fascistes-belges\/","url_meta":{"origin":29234,"position":0},"title":"Une s\u00e9v\u00e8re le\u00e7on aux fascistes belges","author":"SiNedjib","date":"06\/03\/2022","format":false,"excerpt":"Article paru dans La V\u00e9rit\u00e9 des travailleurs, n\u00b0 124, mars 1962, p. 7 Si les fascistes fran\u00e7ais font surtout parler d'eux, car ils ont trouv\u00e9 dans la guerre d'Alg\u00e9rie un \u00e9l\u00e9ment politique et des troupes, le caract\u00e8re international du mouvement fasciste n'en persiste pas moins. La Belgique nous en donne\u2026","rel":"","context":"Dans &quot;presse&quot;","block_context":{"text":"presse","link":"https:\/\/sinedjib.com\/index.php\/category\/presse\/"},"img":{"alt_text":"","src":"https:\/\/i0.wp.com\/sinedjib.com\/wp-content\/uploads\/2022\/03\/La-Verite-des-travailleurs-mars-1962.png?resize=350%2C200&ssl=1","width":350,"height":200},"classes":[]},{"id":18428,"url":"https:\/\/sinedjib.com\/index.php\/2023\/03\/28\/georges-altman-sartre-et-camus-aux-prises\/","url_meta":{"origin":29234,"position":1},"title":"Georges Altman : Chronique sur le tourment d&rsquo;esprit. Sartre et Camus aux prises","author":"SiNedjib","date":"28\/03\/2023","format":false,"excerpt":"Article de Georges Altman paru dans Franc-Tireur, 19 septembre 1952, p. 1 et 3 NOUS n'en aurions rien dit, s'il s'agissait seulement d'\u00eatre \u00e9tonn\u00e9 qu'un homme comme Sartre, dont nous n'oublions pas l'amical sourire, offre \u00e0 pr\u00e9sent le visage crisp\u00e9 du \"sectarisme de l'incertitude\". Nous ne le suivrons. pas dans\u2026","rel":"","context":"Dans &quot;presse&quot;","block_context":{"text":"presse","link":"https:\/\/sinedjib.com\/index.php\/category\/presse\/"},"img":{"alt_text":"","src":"https:\/\/i0.wp.com\/sinedjib.com\/wp-content\/uploads\/2023\/03\/Sartre.png?resize=350%2C200","width":350,"height":200},"classes":[]},{"id":29089,"url":"https:\/\/sinedjib.com\/index.php\/2026\/07\/18\/michieslazc-kokozcynski-alterte\/","url_meta":{"origin":29234,"position":2},"title":"Michieslazc Kokozcynski : Alerte !","author":"SiNedjib","date":"18\/07\/2026","format":false,"excerpt":"Editorial de Michieslazc Kokozcynski\u00a0alias Michel Rouz\u00e9 paru dans Oran R\u00e9publicain, deuxi\u00e8me ann\u00e9e, n\u00b0 468, 3 juin 1938 ; suivi de \"La question antis\u00e9mite\" paru le 4 juin 1938 Le journal Oran-Matin a publi\u00e9 hier en troisi\u00e8me page, septi\u00e8me colonne, en caract\u00e8re gras, le texte suivant ; JEAN-CHARLES LEGRANDen Oranie JEAN-CHARLES\u2026","rel":"","context":"Dans &quot;presse&quot;","block_context":{"text":"presse","link":"https:\/\/sinedjib.com\/index.php\/category\/presse\/"},"img":{"alt_text":"","src":"https:\/\/i0.wp.com\/sinedjib.com\/wp-content\/uploads\/2025\/12\/LE-SPECTRE-DU-COLONIALISME-Couv.jpg?resize=350%2C200&ssl=1","width":350,"height":200,"srcset":"https:\/\/i0.wp.com\/sinedjib.com\/wp-content\/uploads\/2025\/12\/LE-SPECTRE-DU-COLONIALISME-Couv.jpg?resize=350%2C200&ssl=1 1x, https:\/\/i0.wp.com\/sinedjib.com\/wp-content\/uploads\/2025\/12\/LE-SPECTRE-DU-COLONIALISME-Couv.jpg?resize=525%2C300&ssl=1 1.5x"},"classes":[]},{"id":16490,"url":"https:\/\/sinedjib.com\/index.php\/2022\/07\/03\/appel-pour-la-liberation-de-tous-les-emprisonnes-qui-ont-manifeste-leur-solidarite-avec-la-revolution-algerienne\/","url_meta":{"origin":29234,"position":3},"title":"Appel pour la lib\u00e9ration de tous les emprisonn\u00e9s qui ont manifest\u00e9 leur solidarit\u00e9 avec la r\u00e9volution alg\u00e9rienne","author":"SiNedjib","date":"03\/07\/2022","format":false,"excerpt":"Appel paru dans L'Internationale, n\u00b0 2 (128), juillet 1962, p. 6 Au moment o\u00f9 les tortionnaires du peuple alg\u00e9rien sont amnisti\u00e9s, o\u00f9 les tueurs de l'O.A.S. b\u00e9n\u00e9ficient de la mansu\u00e9tude des Pouvoirs Publics, o\u00f9 Salan sauve sa t\u00eate et son avenir politique, De Gaulle, instigateur et b\u00e9n\u00e9ficiaire du putsch militaire\u2026","rel":"","context":"Dans &quot;presse&quot;","block_context":{"text":"presse","link":"https:\/\/sinedjib.com\/index.php\/category\/presse\/"},"img":{"alt_text":"","src":"https:\/\/i0.wp.com\/sinedjib.com\/wp-content\/uploads\/2022\/07\/LInternationale-juillet-1962-1.png?resize=350%2C200&ssl=1","width":350,"height":200},"classes":[]},{"id":16638,"url":"https:\/\/sinedjib.com\/index.php\/2022\/07\/18\/mikhalis-raptis-lettre-polonaise-sur-la-misere-intellectuelle-en-france-de-dionys-mascolo\/","url_meta":{"origin":29234,"position":4},"title":"Mikhalis Raptis : Lettre polonaise sur la mis\u00e8re intellectuelle en France, de Dionys Mascolo","author":"SiNedjib","date":"18\/07\/2022","format":false,"excerpt":"Recension de Mikhalis Raptis dit Michel Pablo parue dans Quatri\u00e8me Internationale, 16e ann\u00e9e, n\u00b0 1, janvier 1958 (1er semestre 1958), p. 75-76 L'auteur, ex-membre du P.C. fran\u00e7ais, ayant rompu avec le parti lors de l'affaire Rajk, se livre \u00e0 une critique lucide de la situation des intellectuels fran\u00e7ais, de \u00ab\u2026","rel":"","context":"Dans &quot;revues&quot;","block_context":{"text":"revues","link":"https:\/\/sinedjib.com\/index.php\/category\/revues\/"},"img":{"alt_text":"","src":"https:\/\/i0.wp.com\/sinedjib.com\/wp-content\/uploads\/2022\/07\/Mascolo-Lettre-polonaise.png?resize=350%2C200&ssl=1","width":350,"height":200},"classes":[]},{"id":488,"url":"https:\/\/sinedjib.com\/index.php\/2015\/06\/21\/appel-guy-mollet\/","url_meta":{"origin":29234,"position":5},"title":"Un appel \u00e0 M. Guy Mollet","author":"Nedjib Sidi Moussa","date":"21\/06\/2015","format":false,"excerpt":"Appel paru dans Le Monde, le 7 d\u00e9cembre 1956. Un appel a \u00e9t\u00e9 adress\u00e9 au pr\u00e9sident du conseil en faveur des d\u00e9tenus du M.N.A. par un certain nombre d'intellectuels. En voici le texte : \" Les soussign\u00e9s ont \u00e9t\u00e9 inform\u00e9s que M. Mohamed Maroc, responsable politique du M.N.A., ainsi qu'une\u2026","rel":"","context":"Dans &quot;presse&quot;","block_context":{"text":"presse","link":"https:\/\/sinedjib.com\/index.php\/category\/presse\/"},"img":{"alt_text":"","src":"","width":0,"height":0},"classes":[]}],"_links":{"self":[{"href":"https:\/\/sinedjib.com\/index.php\/wp-json\/wp\/v2\/posts\/29234","targetHints":{"allow":["GET"]}}],"collection":[{"href":"https:\/\/sinedjib.com\/index.php\/wp-json\/wp\/v2\/posts"}],"about":[{"href":"https:\/\/sinedjib.com\/index.php\/wp-json\/wp\/v2\/types\/post"}],"author":[{"embeddable":true,"href":"https:\/\/sinedjib.com\/index.php\/wp-json\/wp\/v2\/users\/1"}],"replies":[{"embeddable":true,"href":"https:\/\/sinedjib.com\/index.php\/wp-json\/wp\/v2\/comments?post=29234"}],"version-history":[{"count":2,"href":"https:\/\/sinedjib.com\/index.php\/wp-json\/wp\/v2\/posts\/29234\/revisions"}],"predecessor-version":[{"id":29238,"href":"https:\/\/sinedjib.com\/index.php\/wp-json\/wp\/v2\/posts\/29234\/revisions\/29238"}],"wp:attachment":[{"href":"https:\/\/sinedjib.com\/index.php\/wp-json\/wp\/v2\/media?parent=29234"}],"wp:term":[{"taxonomy":"category","embeddable":true,"href":"https:\/\/sinedjib.com\/index.php\/wp-json\/wp\/v2\/categories?post=29234"},{"taxonomy":"post_tag","embeddable":true,"href":"https:\/\/sinedjib.com\/index.php\/wp-json\/wp\/v2\/tags?post=29234"}],"curies":[{"name":"wp","href":"https:\/\/api.w.org\/{rel}","templated":true}]}}