{"id":29256,"date":"2026-09-02T13:37:58","date_gmt":"2026-09-02T11:37:58","guid":{"rendered":"https:\/\/sinedjib.com\/?p=29256"},"modified":"2026-09-02T13:37:58","modified_gmt":"2026-09-02T11:37:58","slug":"rene-maran-le-colonialisme-francais-na-rien-a-envier-au-racisme-hitlerien","status":"publish","type":"post","link":"https:\/\/sinedjib.com\/index.php\/2026\/09\/02\/rene-maran-le-colonialisme-francais-na-rien-a-envier-au-racisme-hitlerien\/","title":{"rendered":"Ren\u00e9 Maran : Le colonialisme fran\u00e7ais n&rsquo;a rien \u00e0 envier au racisme hitl\u00e9rien"},"content":{"rendered":"\n<p><strong>Article de <a href=\"https:\/\/renemaran.com\/index.php\/biographie\/\">Ren\u00e9 Maran<\/a> paru dans <em><a href=\"https:\/\/www.retronews.fr\/journal\/la-jeune-republique\/01-janvier-1954\/1\/03012b1d-dd79-46f1-a346-b7a0211b7bf6\">La Jeune R\u00e9publique<\/a><\/em>, 34e ann\u00e9e, janvier 1954<\/strong><\/p>\n\n\n<div class=\"wp-block-image\">\n<figure class=\"aligncenter size-large\"><img data-recalc-dims=\"1\" loading=\"lazy\" decoding=\"async\" width=\"580\" height=\"89\" data-attachment-id=\"29257\" data-permalink=\"https:\/\/sinedjib.com\/index.php\/2026\/09\/02\/rene-maran-le-colonialisme-francais-na-rien-a-envier-au-racisme-hitlerien\/la-jeune-republique-janvier-1954\/\" data-orig-file=\"https:\/\/i0.wp.com\/sinedjib.com\/wp-content\/uploads\/2026\/09\/La-Jeune-Republique-janvier-1954.png?fit=1697%2C262&amp;ssl=1\" data-orig-size=\"1697,262\" data-comments-opened=\"0\" data-image-meta=\"{&quot;aperture&quot;:&quot;0&quot;,&quot;credit&quot;:&quot;&quot;,&quot;camera&quot;:&quot;&quot;,&quot;caption&quot;:&quot;&quot;,&quot;created_timestamp&quot;:&quot;0&quot;,&quot;copyright&quot;:&quot;&quot;,&quot;focal_length&quot;:&quot;0&quot;,&quot;iso&quot;:&quot;0&quot;,&quot;shutter_speed&quot;:&quot;0&quot;,&quot;title&quot;:&quot;&quot;,&quot;orientation&quot;:&quot;0&quot;}\" data-image-title=\"La Jeune R\u00e9publique janvier 1954\" data-image-description=\"\" data-image-caption=\"\" data-large-file=\"https:\/\/i0.wp.com\/sinedjib.com\/wp-content\/uploads\/2026\/09\/La-Jeune-Republique-janvier-1954.png?fit=580%2C89&amp;ssl=1\" src=\"https:\/\/i0.wp.com\/sinedjib.com\/wp-content\/uploads\/2026\/09\/La-Jeune-Republique-janvier-1954.png?resize=580%2C89&#038;ssl=1\" alt=\"\" class=\"wp-image-29257\" srcset=\"https:\/\/i0.wp.com\/sinedjib.com\/wp-content\/uploads\/2026\/09\/La-Jeune-Republique-janvier-1954.png?resize=1024%2C158&amp;ssl=1 1024w, https:\/\/i0.wp.com\/sinedjib.com\/wp-content\/uploads\/2026\/09\/La-Jeune-Republique-janvier-1954.png?resize=300%2C46&amp;ssl=1 300w, https:\/\/i0.wp.com\/sinedjib.com\/wp-content\/uploads\/2026\/09\/La-Jeune-Republique-janvier-1954.png?resize=768%2C119&amp;ssl=1 768w, https:\/\/i0.wp.com\/sinedjib.com\/wp-content\/uploads\/2026\/09\/La-Jeune-Republique-janvier-1954.png?resize=1536%2C237&amp;ssl=1 1536w, https:\/\/i0.wp.com\/sinedjib.com\/wp-content\/uploads\/2026\/09\/La-Jeune-Republique-janvier-1954.png?resize=1200%2C185&amp;ssl=1 1200w, https:\/\/i0.wp.com\/sinedjib.com\/wp-content\/uploads\/2026\/09\/La-Jeune-Republique-janvier-1954.png?w=1697&amp;ssl=1 1697w\" sizes=\"auto, (max-width: 580px) 100vw, 580px\" \/><\/figure>\n<\/div>\n\n\n<p>Alarm\u00e9, d\u00e8s la Lib\u00e9ration, par la surabondance de faits qui contredisaient toutes les mesures lib\u00e9rales prises en 1944 par la Conf\u00e9rence de Brazzaville touchant la politique que notre pays devait suivre d\u00e9sormais en mati\u00e8re coloniale, j&rsquo;ai publi\u00e9, dans le num\u00e9ro de la revue \u00ab Europe \u00bb du 1er mai 1946, les lignes que voici :<\/p>\n\n\n\n<!--more-->\n\n\n\n<blockquote class=\"wp-block-quote is-layout-flow wp-block-quote-is-layout-flow\">\n<p>\u00ab Depuis la Conf\u00e9rence de Brazzaville, qui s&rsquo;est tenue du 30 janvier au 8 f\u00e9vrier 1944, tous les ministres de la France d&rsquo;Outre-Mer qui se sont succ\u00e9d\u00e9 rue Oudinot, tous les ministres de la Guerre qui ont si\u00e9g\u00e9 rue Saint-Dominique, ont trait\u00e9 ou tol\u00e9r\u00e9 qu&rsquo;on trait\u00e2t, citoyens ou sujets, les gens de couleur avec un racisme et un cynisme tels qu&rsquo;on y sent nettement le machiav\u00e9lique d\u00e9sir de pousser les Nord-Africains, les Indochinois, les Aofiens, les Camerounais, les A\u00e9fiens et les Malgaches \u00e0 la r\u00e9volte, afin de pouvoir noyer cette r\u00e9volte dans le sang, et retirer \u00e0 tout jamais \u00e0 l&rsquo;ensemble des colonies fran\u00e7aises, non sans prendre l&rsquo;Univers \u00e0 t\u00e9moin de la grandeur d&rsquo;\u00e2me de la France et de l&rsquo;indignit\u00e9 de ses territoires d&rsquo;outre-mer, les j\u00e9suitiques et r\u00e9ticents avantages qu&rsquo;on avait feint de leur accorder. \u00bb<\/p>\n<\/blockquote>\n\n\n\n<p>Rien, jusqu&rsquo;\u00e0 pr\u00e9sent, n&rsquo;a d\u00e9menti les pr\u00e9dictions que j&rsquo;avais faites en 1946. Des troubles larv\u00e9s, dont la gravit\u00e9 ira sans doute s&rsquo;amplifiant avec le temps, \u00e9meuvent de fois \u00e0 autre, de fa\u00e7on sporadique, l&rsquo;A.O.F., le Cameroun et l&rsquo;A.E.F. Nul n&rsquo;ignore, d&rsquo;autre part, qu&rsquo;on a fait entendre raison aux Malgaches en massacrant pr\u00e8s de cent mille des leurs, ni que de sanglantes \u00e9chauffour\u00e9es d\u00e9fraient p\u00e9riodiquement la chronique de la Tunisie et du Maroc. Ce qui se passe en Indochine, depuis sept ans, est enfin devenu de notori\u00e9t\u00e9 publique.<\/p>\n\n\n\n<p>Il est probable que la France disposerait moins facilement du Maroc et de la Tunisie, ainsi que des noires populations de l&rsquo;A.O.F., du Cameroun et de l&rsquo;A.E.F., que travaillent de courtes effervescences assez souvent justifi\u00e9es, si elle n&rsquo;usait aussit\u00f4t de repr\u00e9sailles qui ne le sont pas toujours. Quant \u00e0 l&rsquo;Indochine, il n&rsquo;est pas douteux que nos malheureuses troupes en seraient rapidement chass\u00e9es, si l&rsquo;arm\u00e9e du Viet-Minh parvenait un jour \u00e0 faire entrer dans son jeu tant soit peu de cette aviation, de ces tanks et de ces bombes au napalm qu&rsquo;on lui prodigue avec cette g\u00e9n\u00e9rosit\u00e9 naturelle aux nations civilis\u00e9es, quand elles prennent leurs adversaires moins bien arm\u00e9s pour cobayes.<\/p>\n\n\n\n<p>A qui cherche \u00e0 s&rsquo;expliquer l&rsquo;\u00e9trange situation o\u00f9 est plac\u00e9 notre pays depuis la fin de la deuxi\u00e8me grande guerre mondiale, on ne peut donner que trois raisons, toutes trois solidaires. La premi\u00e8re d\u00e9rive en droiture des s\u00e9quelles laiss\u00e9es chez nous par les doctrines hitl\u00e9riennes ; la seconde, des pr\u00e9jug\u00e9s raciaux que les Etats-Unis s&rsquo;appliquent \u00e0 implanter partout o\u00f9 ils s&rsquo;installent ; la troisi\u00e8me, du racisme et du colonialisme fran\u00e7ais. Contrairement, en effet, \u00e0 ce qu&rsquo;on affirme un peu trop \u00e0 la l\u00e9g\u00e8re, le racisme et le colonialisme fran\u00e7ais ne font que cro\u00eetre et embellir. C&rsquo;est un fait qu&rsquo;ils sont plus r\u00e9els, plus solides, plus puissants que les profanes ne consentent d&rsquo;ordinaire \u00e0 l&rsquo;admettre. Et d&rsquo;abord deux remarques, qui paraissent, \u00e0 premi\u00e8re vue, hors du sujet abord\u00e9 ici. La haine de l&rsquo;homme de couleur est g\u00e9n\u00e9rale aux Etats-Unis. O\u00f9 se manifeste-t-elle, o\u00f9 s&rsquo;ext\u00e9riorise-t-elle avec le plus de virulence ? Dans les Etats du Sud, c&rsquo;est-\u00e0-dire dans ceux qui form\u00e8rent, jusqu&rsquo;au moment o\u00f9 Napol\u00e9on les e\u00fbt vendus aux Etats-Unis, une enclave fran\u00e7aise, ou, si l&rsquo;on pr\u00e9f\u00e8re l&rsquo;image historique que voici, un pistolet braqu\u00e9 au c\u0153ur de la grande nation qui, par deux fois, a de toutes ses forces contribu\u00e9 \u00e0 sauver la France et sa civilisation de l&rsquo;esclavage.<\/p>\n\n\n\n<p>Seconde remarque, qui tend \u00e0 prouver, comme la premi\u00e8re, que le Fran\u00e7ais change du tout au tout en changeant de climat. Qui personnifie, \u00e0 l&rsquo;heure actuelle, le mainteneur le plus acharn\u00e9 de l&rsquo;<em>apartheid<\/em>, en Afrique du Sud ? Le Dr Malan. Or le Dr Malan descend d&rsquo;une de ces familles fran\u00e7aises protestantes qui durent s&rsquo;expatrier en Hollande au lendemain de la R\u00e9vocation de l&rsquo;Edit de Nantes,  et qui \u00e9migr\u00e8rent plus tard en Afrique du Sud.<\/p>\n\n\n\n<p>Peut-\u00eatre convient-il de faire remarquer aussi l&rsquo;irr\u00e9cusable influence qu&rsquo;exerc\u00e8rent sur notre amour-propre national les conqu\u00eates coloniales faites par la France de 1830 \u00e0 1930, conqu\u00eates o\u00f9 elle retrouva, malgr\u00e9 la sombre \u00e9clipse de 1870, la fiert\u00e9 et l&rsquo;orgueil qu&rsquo;elle avait momentan\u00e9ment perdus \u00e0 Waterloo et \u00e0 Sedan.<\/p>\n\n\n\n<p>La premi\u00e8re des deux grandes guerres mondiales l&rsquo;a plong\u00e9e dans la lassitude et le d\u00e9go\u00fbt, \u00e0 mesure qu&rsquo;elle prenait mieux conscience qu&rsquo;elle n&rsquo;avait remport\u00e9 sur l&rsquo;Allemagne qu&rsquo;une victoire \u00e0 la Pyrrhus, et qu&rsquo;elle aurait \u00e9t\u00e9 irr\u00e9m\u00e9diablement \u00e9cras\u00e9e par sa rivale sans l&rsquo;aide conjugu\u00e9e de l&rsquo;Angleterre, de l&rsquo;Italie, des Etats-Unis, et, tant qu&rsquo;elle dura, de la Russie des tsars.<\/p>\n\n\n\n<p>Vinrent le second effondrement de notre pays en mai 1940, l&rsquo;invasion allemande, les affres, les cruaut\u00e9s, les humiliations de l&rsquo;occupation, et, finalement, sa lib\u00e9ration, gr\u00e2ce aux efforts men\u00e9s de front par l&rsquo;Angleterre, les Etats-Unis, l&rsquo;U.R.S.S. et les r\u00e9sistants de l&rsquo;int\u00e9rieur, gr\u00e2ce aussi aux contingents de l&rsquo;arm\u00e9e fran\u00e7aise n\u00e9e au Tchad et d\u00e9finitivement form\u00e9e en Afrique du Nord. Celle-ci comprenait, en janvier 1944, 530.000 hommes, dont 340.000 \u00e9taient ou des Nord-Africains ou des Fran\u00e7ais de couleur.<\/p>\n\n\n\n<p>On a vu alors pour la premi\u00e8re fois, je crois, dans l&rsquo;histoire des peuples et des races, des \u00ab prot\u00e9g\u00e9s \u00bb, des \u00ab sujets \u00bb, des \u00ab colonis\u00e9s \u00bb, sacrifier leur vie pour prot\u00e9ger leurs protecteurs de la veille et les lib\u00e9rer de la colonisation germanique dont ils avaient commenc\u00e9 \u00e0 go\u00fbter les douceurs.<\/p>\n\n\n\n<p>Il semble que le grand colonat des territoires fran\u00e7ais d&rsquo;outre-mer, le moyen et le petit aussi, sans oublier, il va de soi, les fonctionnaires, qui la plupart du temps ne sont l\u00e0 que pour faire ex\u00e9cuter ou ex\u00e9cuter leurs ordres, ne soient pas encore revenus de ce s\u00e9isme socialo-racial, et souffrent, depuis lors, d&rsquo;un incoercible complexe d&rsquo;inf\u00e9riorit\u00e9.<\/p>\n\n\n\n<p>Qui veut \u00eatre pay\u00e9 d&rsquo;ingratitude n&rsquo;a g\u00e9n\u00e9ralement qu&rsquo;\u00e0 obliger de bon c\u0153ur son prochain dans l&#8217;embarras. C&rsquo;est ce qui dresse \u00e0 l&rsquo;heure actuelle, en Afrique blanche comme en Afrique noire, en Indochine comme \u00e0 Madagascar, les f\u00e9odalit\u00e9s fran\u00e7aises de tous ordres contre leurs sauveteurs d&rsquo;hier. De l\u00e0 vient qu&rsquo;elles font pression sur nos dirigeants pour qu&rsquo;on mate avec la plus extr\u00eame rudesse, en prenant, si besoin, exemple sur Oradour, les plus faibles et les plus d\u00e9sarm\u00e9s. On se revanche ainsi de la reconnaissance qu&rsquo;on leur doit. On leur fait payer de la sorte les mortifications subies au temps o\u00f9 il fallait ployer l&rsquo;\u00e9chine sous la botte du \u00ab Peuple des Seigneurs \u00bb. C&rsquo;est en cela, du reste, que le racisme colonialiste fran\u00e7ais n&rsquo;a rien, absolument rien \u00e0 envier aux th\u00e9ories malano-hitl\u00e9riennes et aux pr\u00e9jug\u00e9s raciaux propres aux Etats-Unis.<\/p>\n\n\n\n<p>J&rsquo;ai cru qu&rsquo;il \u00e9tait de mon devoir de brosser ce tableau amer et dur. Il a \u00e9t\u00e9 peint par un homme habitu\u00e9 \u00e0 ne pas se payer de mots et \u00e0 qui on ne fera jamais prendre des vessies pour des lanternes, ni la bogue d&rsquo;une ch\u00e2taigne pour son amande.<\/p>\n\n\n\n<p>N&rsquo;ayant jamais eu d&rsquo;ambition, je ne demande qu&rsquo;\u00e0 vivre libre, \u00e0 mes risques et p\u00e9rils. Mais j&rsquo;aime la France, l&rsquo;ai toujours aim\u00e9e et cherche, chaque fois que je peux le faire, \u00e0 la pr\u00e9venir des dangers capables de menacer sa s\u00e9curit\u00e9.<\/p>\n\n\n\n<p>Le racisme et le colonialisme sont, pour elle, les pires de tous ceux qui menacent son destin. Si elle n&rsquo;y prend garde, si elle n&rsquo;y met le hol\u00e0 avec la plus implacable fermet\u00e9, ils consommeront sa perte.<\/p>\n\n\n\n<p class=\"has-text-align-right\"><strong>Ren\u00e9 Maran.<\/strong><\/p>\n\n\n\n<hr class=\"wp-block-separator has-alpha-channel-opacity\"\/>\n\n\n\n<figure class=\"wp-block-pullquote\"><blockquote><p><strong>[<a href=\"https:\/\/sinedjib.com\/\">sinedjib.com<\/a>] est librement accessible depuis 2012 afin de faire conna\u00eetre mon actualit\u00e9 et partager des textes issus de mes recherches. Chaque jour ou presque, je retranscris des articles ou documents qui concernent les luttes pour l\u2019\u00e9mancipation.<\/strong><br><strong>Pour soutenir cette d\u00e9marche,\u00a0vous pouvez\u00a0<\/strong><a href=\"https:\/\/sinedjib.com\/index.php\/abonnement\/\">vous abonner<\/a><strong>\u00a0et relayer le contenu de [\u0633\u064a \u0646\u062c\u064a\u0628]. Vous avez aussi la possibilit\u00e9 de\u00a0<\/strong><a href=\"https:\/\/sinedjib.com\/index.php\/mes-livres\/\">vous procurer mes livres<\/a><strong>, comme mon nouvel ouvrage,\u00a0<\/strong><em><a href=\"https:\/\/www.lechappee.org\/collections\/hors-collection\/le-spectre-du-colonialisme\">Le Spectre du colonialisme<\/a><\/em><strong>, disponible dans toutes les bonnes librairies.<\/strong><\/p><cite>Nedjib SIDI MOUSSA<\/cite><\/blockquote><\/figure>\n\n\n<div class=\"wp-block-image\">\n<figure class=\"aligncenter size-full is-resized\"><img data-recalc-dims=\"1\" loading=\"lazy\" decoding=\"async\" width=\"546\" height=\"800\" data-attachment-id=\"27669\" data-permalink=\"https:\/\/sinedjib.com\/index.php\/mes-livres\/le-spectre-du-colonialisme-couv\/\" data-orig-file=\"https:\/\/i0.wp.com\/sinedjib.com\/wp-content\/uploads\/2025\/12\/LE-SPECTRE-DU-COLONIALISME-Couv.jpg?fit=546%2C800&amp;ssl=1\" data-orig-size=\"546,800\" data-comments-opened=\"0\" data-image-meta=\"{&quot;aperture&quot;:&quot;0&quot;,&quot;credit&quot;:&quot;&quot;,&quot;camera&quot;:&quot;&quot;,&quot;caption&quot;:&quot;&quot;,&quot;created_timestamp&quot;:&quot;0&quot;,&quot;copyright&quot;:&quot;&quot;,&quot;focal_length&quot;:&quot;0&quot;,&quot;iso&quot;:&quot;0&quot;,&quot;shutter_speed&quot;:&quot;0&quot;,&quot;title&quot;:&quot;&quot;,&quot;orientation&quot;:&quot;0&quot;}\" data-image-title=\"LE SPECTRE DU COLONIALISME &amp;#8211; Couv\" data-image-description=\"\" data-image-caption=\"\" data-large-file=\"https:\/\/i0.wp.com\/sinedjib.com\/wp-content\/uploads\/2025\/12\/LE-SPECTRE-DU-COLONIALISME-Couv.jpg?fit=546%2C800&amp;ssl=1\" src=\"https:\/\/i0.wp.com\/sinedjib.com\/wp-content\/uploads\/2025\/12\/LE-SPECTRE-DU-COLONIALISME-Couv.jpg?resize=546%2C800&#038;ssl=1\" alt=\"\" class=\"wp-image-27669\" style=\"width:290px;height:auto\" srcset=\"https:\/\/i0.wp.com\/sinedjib.com\/wp-content\/uploads\/2025\/12\/LE-SPECTRE-DU-COLONIALISME-Couv.jpg?w=546&amp;ssl=1 546w, https:\/\/i0.wp.com\/sinedjib.com\/wp-content\/uploads\/2025\/12\/LE-SPECTRE-DU-COLONIALISME-Couv.jpg?resize=205%2C300&amp;ssl=1 205w\" sizes=\"auto, (max-width: 546px) 100vw, 546px\" \/><\/figure>\n<\/div>\n\n\n<p><\/p>\n","protected":false},"excerpt":{"rendered":"<p>Article de Ren\u00e9 Maran paru dans La Jeune R\u00e9publique, 34e ann\u00e9e, janvier 1954 Alarm\u00e9, d\u00e8s la Lib\u00e9ration, par la surabondance de faits qui contredisaient toutes les mesures lib\u00e9rales prises en 1944 par la Conf\u00e9rence de Brazzaville touchant la politique que notre pays devait suivre d\u00e9sormais en mati\u00e8re coloniale, j&rsquo;ai publi\u00e9, dans le num\u00e9ro de la [&hellip;]<\/p>\n","protected":false},"author":1,"featured_media":0,"comment_status":"closed","ping_status":"","sticky":false,"template":"","format":"standard","meta":{"_jetpack_newsletter_access":"","_jetpack_dont_email_post_to_subs":false,"_jetpack_newsletter_tier_id":0,"_jetpack_memberships_contains_paywalled_content":false,"_jetpack_feature_clip_id":0,"_jetpack_memberships_contains_paid_content":false,"footnotes":"","jetpack_post_was_ever_published":false},"categories":[8],"tags":[34,138,3185,457,559,6100,4690,1060],"class_list":["post-29256","post","type-post","status-publish","format-standard","hentry","category-presse","tag-34","tag-anticolonialisme","tag-antiracisme","tag-france","tag-indochine","tag-la-jeune-republique","tag-rene-maran","tag-seconde-guerre-mondiale"],"jetpack_featured_media_url":"","jetpack_sharing_enabled":true,"jetpack_shortlink":"https:\/\/wp.me\/p9lTYU-7BS","jetpack_likes_enabled":true,"jetpack-related-posts":[{"id":29260,"url":"https:\/\/sinedjib.com\/index.php\/2026\/09\/03\/rene-maran-colonialisme-et-racisme\/","url_meta":{"origin":29256,"position":0},"title":"Ren\u00e9 Maran : Colonialisme et racisme","author":"SiNedjib","date":"03\/09\/2026","format":false,"excerpt":"Article de\u00a0Ren\u00e9 Maran\u00a0paru dans Le Droit de vivre, 15e ann\u00e9e, n\u00b0 186, novembre 1947 ON a beaucoup parl\u00e9, au cours de ces derniers mois, des regrettables incidents dont Madagascar a \u00e9t\u00e9, ou continue \u00e0 \u00eatre, le th\u00e9\u00e2tre. Depuis des semaines et des semaines, la majeure partie de la presse fran\u00e7aise\u2026","rel":"","context":"Dans &quot;presse&quot;","block_context":{"text":"presse","link":"https:\/\/sinedjib.com\/index.php\/category\/presse\/"},"img":{"alt_text":"","src":"https:\/\/i0.wp.com\/sinedjib.com\/wp-content\/uploads\/2026\/09\/Le-Droit-de-vivre-novembre-1947.png?resize=350%2C200&ssl=1","width":350,"height":200,"srcset":"https:\/\/i0.wp.com\/sinedjib.com\/wp-content\/uploads\/2026\/09\/Le-Droit-de-vivre-novembre-1947.png?resize=350%2C200&ssl=1 1x, https:\/\/i0.wp.com\/sinedjib.com\/wp-content\/uploads\/2026\/09\/Le-Droit-de-vivre-novembre-1947.png?resize=525%2C300&ssl=1 1.5x, https:\/\/i0.wp.com\/sinedjib.com\/wp-content\/uploads\/2026\/09\/Le-Droit-de-vivre-novembre-1947.png?resize=700%2C400&ssl=1 2x, https:\/\/i0.wp.com\/sinedjib.com\/wp-content\/uploads\/2026\/09\/Le-Droit-de-vivre-novembre-1947.png?resize=1050%2C600&ssl=1 3x, https:\/\/i0.wp.com\/sinedjib.com\/wp-content\/uploads\/2026\/09\/Le-Droit-de-vivre-novembre-1947.png?resize=1400%2C800&ssl=1 4x"},"classes":[]},{"id":13720,"url":"https:\/\/sinedjib.com\/index.php\/2021\/08\/31\/rene-maran-lafrique-noire-dans-les-lettres-francaises\/","url_meta":{"origin":29256,"position":1},"title":"Ren\u00e9 Maran : L&rsquo;Afrique noire dans les lettres fran\u00e7aises","author":"SiNedjib","date":"31\/08\/2021","format":false,"excerpt":"Article de Ren\u00e9 Maran paru dans Les Lettres fran\u00e7aises, n\u00b0 97, 1er mars 1946, p. 5 L'EXOTISME tend \u00e0 prendre, dans les lettres fran\u00e7aises contemporaines, une importance qui va chaque jour croissant. On sait qu'il a fait son entr\u00e9e en France en m\u00eame temps que l'invasion sarrazine de 722, qui\u2026","rel":"","context":"Dans &quot;presse&quot;","block_context":{"text":"presse","link":"https:\/\/sinedjib.com\/index.php\/category\/presse\/"},"img":{"alt_text":"","src":"https:\/\/i0.wp.com\/sinedjib.com\/wp-content\/uploads\/2021\/08\/Les-Lettres-francaises-1er-mars-1946.png?resize=350%2C200&ssl=1","width":350,"height":200},"classes":[]},{"id":22996,"url":"https:\/\/sinedjib.com\/index.php\/2024\/05\/23\/gerard-3\/","url_meta":{"origin":29256,"position":2},"title":"Ren\u00e9 G\u00e9rard : 8 mai 1945. La \u00ab\u00a0France\u00a0\u00bb rougit une nouvelle fois. Une page de son histoire","author":"SiNedjib","date":"23\/05\/2024","format":false,"excerpt":"Article de Ren\u00e9 G\u00e9rard paru dans Le Libertaire, cinquante-sixi\u00e8me ann\u00e9e, n\u00b0 390, 20 mai 1954, p. 1 8 mai 1945 ? Capitulation de l'arm\u00e9e hitl\u00e9rienne. Peuples \u00ab vaincus \u00bb, peuples \u00ab vainqueurs \u00bb, c'\u00e9tait la paix. Les canons cessant de d\u00e9gueuler ce qui a d\u00e9chiquet\u00e9 des millions d'hommes. Paix pour\u2026","rel":"","context":"Dans &quot;presse&quot;","block_context":{"text":"presse","link":"https:\/\/sinedjib.com\/index.php\/category\/presse\/"},"img":{"alt_text":"","src":"https:\/\/i0.wp.com\/sinedjib.com\/wp-content\/uploads\/2024\/05\/Le-Libertaire-20-mai-1954.png?resize=350%2C200&ssl=1","width":350,"height":200,"srcset":"https:\/\/i0.wp.com\/sinedjib.com\/wp-content\/uploads\/2024\/05\/Le-Libertaire-20-mai-1954.png?resize=350%2C200&ssl=1 1x, https:\/\/i0.wp.com\/sinedjib.com\/wp-content\/uploads\/2024\/05\/Le-Libertaire-20-mai-1954.png?resize=525%2C300&ssl=1 1.5x"},"classes":[]},{"id":13467,"url":"https:\/\/sinedjib.com\/index.php\/2021\/07\/30\/rene-garmy-romans-noirs-pour-hommes-blancs\/","url_meta":{"origin":29256,"position":3},"title":"Ren\u00e9 Garmy : Romans noirs pour hommes blancs","author":"SiNedjib","date":"30\/07\/2021","format":false,"excerpt":"Article de Ren\u00e9 Garmy paru dans L'Humanit\u00e9, 23 ao\u00fbt 1932, p. 4 DIS-MOI ch\u00e9ri que je suis ta ch\u00e9rie. C'est pas une fille jaune qui te tombera... Des refrains amoureux, des couples d\u00e9cha\u00een\u00e9s dans la fureur du jazz. Des peaux d'un noir nuanc\u00e9 : chocolat, marron, olive, caf\u00e9, acajou, cr\u00e8me,\u2026","rel":"","context":"Dans &quot;presse&quot;","block_context":{"text":"presse","link":"https:\/\/sinedjib.com\/index.php\/category\/presse\/"},"img":{"alt_text":"","src":"https:\/\/i0.wp.com\/pictures.abebooks.com\/inventory\/10953753941.jpg?resize=350%2C200&ssl=1","width":350,"height":200},"classes":[]},{"id":22830,"url":"https:\/\/sinedjib.com\/index.php\/2024\/05\/05\/sainville\/","url_meta":{"origin":29256,"position":4},"title":"L\u00e9onard Sainville : Le noir antillais devant la litt\u00e9rature","author":"SiNedjib","date":"05\/05\/2024","format":false,"excerpt":"Article de L\u00e9onard Sainville paru dans Les Lettres fran\u00e7aises, 11e ann\u00e9e, n\u00b0 425, du 1er au 8 ao\u00fbt 1952, p. 3 A propos de . . . Peau noire, masques blancs par Frantz Fanon (Editions du Seuil) POUR l'observateur averti des diff\u00e9rentes manifestations du comportement antillais, soit aux lieux o\u00f9\u2026","rel":"","context":"Dans &quot;presse&quot;","block_context":{"text":"presse","link":"https:\/\/sinedjib.com\/index.php\/category\/presse\/"},"img":{"alt_text":"","src":"https:\/\/i0.wp.com\/sinedjib.com\/wp-content\/uploads\/2024\/05\/Fanon-peau-noire-masques-blancs.png?resize=350%2C200&ssl=1","width":350,"height":200},"classes":[]},{"id":13471,"url":"https:\/\/sinedjib.com\/index.php\/2021\/07\/31\/rene-michel-le-dernier-roman-de-victor-serge-laffaire-toualev\/","url_meta":{"origin":29256,"position":5},"title":"Ren\u00e9 Michel : Le dernier roman de Victor Serge \u00ab\u00a0L&rsquo;affaire Toual\u00e9v\u00a0\u00bb","author":"SiNedjib","date":"31\/07\/2021","format":false,"excerpt":"Article de Ren\u00e9 Michel paru dans Le Libertaire, n\u00b0 187, 24 juin 1949, p. 3 \"Nous mourrons tous sans savoir pourquoi nous avons tu\u00e9 tant d'hommes en qui r\u00e9sidait notre force la plus haute.\" Ainsi pense Fleischman, haut fonctionnaire de la S\u00fbret\u00e9 sovi\u00e9tique, m\u00e9ditant sur ce qu'avait \u00e9t\u00e9 l'affaire Toula\u00e9v.\u2026","rel":"","context":"Dans &quot;presse&quot;","block_context":{"text":"presse","link":"https:\/\/sinedjib.com\/index.php\/category\/presse\/"},"img":{"alt_text":"","src":"https:\/\/i0.wp.com\/sinedjib.com\/wp-content\/uploads\/2021\/07\/Le-Libertaire-24-juin-1949.png?resize=350%2C200&ssl=1","width":350,"height":200},"classes":[]}],"_links":{"self":[{"href":"https:\/\/sinedjib.com\/index.php\/wp-json\/wp\/v2\/posts\/29256","targetHints":{"allow":["GET"]}}],"collection":[{"href":"https:\/\/sinedjib.com\/index.php\/wp-json\/wp\/v2\/posts"}],"about":[{"href":"https:\/\/sinedjib.com\/index.php\/wp-json\/wp\/v2\/types\/post"}],"author":[{"embeddable":true,"href":"https:\/\/sinedjib.com\/index.php\/wp-json\/wp\/v2\/users\/1"}],"replies":[{"embeddable":true,"href":"https:\/\/sinedjib.com\/index.php\/wp-json\/wp\/v2\/comments?post=29256"}],"version-history":[{"count":1,"href":"https:\/\/sinedjib.com\/index.php\/wp-json\/wp\/v2\/posts\/29256\/revisions"}],"predecessor-version":[{"id":29258,"href":"https:\/\/sinedjib.com\/index.php\/wp-json\/wp\/v2\/posts\/29256\/revisions\/29258"}],"wp:attachment":[{"href":"https:\/\/sinedjib.com\/index.php\/wp-json\/wp\/v2\/media?parent=29256"}],"wp:term":[{"taxonomy":"category","embeddable":true,"href":"https:\/\/sinedjib.com\/index.php\/wp-json\/wp\/v2\/categories?post=29256"},{"taxonomy":"post_tag","embeddable":true,"href":"https:\/\/sinedjib.com\/index.php\/wp-json\/wp\/v2\/tags?post=29256"}],"curies":[{"name":"wp","href":"https:\/\/api.w.org\/{rel}","templated":true}]}}