{"id":29260,"date":"2026-09-03T16:54:23","date_gmt":"2026-09-03T14:54:23","guid":{"rendered":"https:\/\/sinedjib.com\/?p=29260"},"modified":"2026-09-03T16:54:23","modified_gmt":"2026-09-03T14:54:23","slug":"rene-maran-colonialisme-et-racisme","status":"publish","type":"post","link":"https:\/\/sinedjib.com\/index.php\/2026\/09\/03\/rene-maran-colonialisme-et-racisme\/","title":{"rendered":"Ren\u00e9 Maran : Colonialisme et racisme"},"content":{"rendered":"\n<p><strong>Article de\u00a0<a href=\"https:\/\/renemaran.com\/index.php\/biographie\/\">Ren\u00e9 Maran<\/a>\u00a0paru dans<\/strong> <strong><em><a href=\"https:\/\/www.retronews.fr\/journal\/le-droit-de-vivre\/01-novembre-1947\/1\/678225b0-30f8-4c3f-8ea1-f7b098d1ee70\">Le Droit de vivre<\/a><\/em>,<\/strong> <strong>15e ann\u00e9e, n\u00b0 186, novembre 1947<\/strong><\/p>\n\n\n<div class=\"wp-block-image\">\n<figure class=\"aligncenter size-large\"><img data-recalc-dims=\"1\" loading=\"lazy\" decoding=\"async\" width=\"580\" height=\"87\" data-attachment-id=\"29261\" data-permalink=\"https:\/\/sinedjib.com\/index.php\/2026\/09\/03\/rene-maran-colonialisme-et-racisme\/le-droit-de-vivre-novembre-1947\/\" data-orig-file=\"https:\/\/i0.wp.com\/sinedjib.com\/wp-content\/uploads\/2026\/09\/Le-Droit-de-vivre-novembre-1947.png?fit=1790%2C267&amp;ssl=1\" data-orig-size=\"1790,267\" data-comments-opened=\"0\" data-image-meta=\"{&quot;aperture&quot;:&quot;0&quot;,&quot;credit&quot;:&quot;&quot;,&quot;camera&quot;:&quot;&quot;,&quot;caption&quot;:&quot;&quot;,&quot;created_timestamp&quot;:&quot;0&quot;,&quot;copyright&quot;:&quot;&quot;,&quot;focal_length&quot;:&quot;0&quot;,&quot;iso&quot;:&quot;0&quot;,&quot;shutter_speed&quot;:&quot;0&quot;,&quot;title&quot;:&quot;&quot;,&quot;orientation&quot;:&quot;0&quot;}\" data-image-title=\"Le Droit de vivre novembre 1947\" data-image-description=\"\" data-image-caption=\"\" data-large-file=\"https:\/\/i0.wp.com\/sinedjib.com\/wp-content\/uploads\/2026\/09\/Le-Droit-de-vivre-novembre-1947.png?fit=580%2C87&amp;ssl=1\" src=\"https:\/\/i0.wp.com\/sinedjib.com\/wp-content\/uploads\/2026\/09\/Le-Droit-de-vivre-novembre-1947.png?resize=580%2C87&#038;ssl=1\" alt=\"\" class=\"wp-image-29261\" srcset=\"https:\/\/i0.wp.com\/sinedjib.com\/wp-content\/uploads\/2026\/09\/Le-Droit-de-vivre-novembre-1947.png?resize=1024%2C153&amp;ssl=1 1024w, https:\/\/i0.wp.com\/sinedjib.com\/wp-content\/uploads\/2026\/09\/Le-Droit-de-vivre-novembre-1947.png?resize=300%2C45&amp;ssl=1 300w, https:\/\/i0.wp.com\/sinedjib.com\/wp-content\/uploads\/2026\/09\/Le-Droit-de-vivre-novembre-1947.png?resize=768%2C115&amp;ssl=1 768w, https:\/\/i0.wp.com\/sinedjib.com\/wp-content\/uploads\/2026\/09\/Le-Droit-de-vivre-novembre-1947.png?resize=1536%2C229&amp;ssl=1 1536w, https:\/\/i0.wp.com\/sinedjib.com\/wp-content\/uploads\/2026\/09\/Le-Droit-de-vivre-novembre-1947.png?resize=1200%2C179&amp;ssl=1 1200w, https:\/\/i0.wp.com\/sinedjib.com\/wp-content\/uploads\/2026\/09\/Le-Droit-de-vivre-novembre-1947.png?w=1790&amp;ssl=1 1790w, https:\/\/i0.wp.com\/sinedjib.com\/wp-content\/uploads\/2026\/09\/Le-Droit-de-vivre-novembre-1947.png?w=1740&amp;ssl=1 1740w\" sizes=\"auto, (max-width: 580px) 100vw, 580px\" \/><\/figure>\n<\/div>\n\n\n<p class=\"has-drop-cap\">ON a beaucoup parl\u00e9, au cours de ces derniers mois, des regrettables incidents dont Madagascar a \u00e9t\u00e9, ou continue \u00e0 \u00eatre, le th\u00e9\u00e2tre. Depuis des semaines et des semaines, la majeure partie de la presse fran\u00e7aise ne cesse de fulminer des bulles d&rsquo;excommunication contre les indig\u00e8nes de la grande \u00eele. Elle a bross\u00e9 le cruel tableau des atrocit\u00e9s dont ceux-ci s&rsquo;\u00e9taient rendus coupables. Les rares voix qui se sont \u00e9lev\u00e9es pour prendre leur d\u00e9fense ont \u00e9t\u00e9 aussit\u00f4t couvertes par les hu\u00e9es des grands colons europ\u00e9ens. On ne saurait cependant oublier les fautes que ces derniers ont commises. Le moment est venu de les rappeler. Toutes, comme on va le voir, se fondent sur un racisme qui n&rsquo;a rien retenu des le\u00e7ons de l&rsquo;histoire rien compris des causes profondes qui ont provoqu\u00e9 l&rsquo;effondrement du nazisme.<\/p>\n\n\n\n<!--more-->\n\n\n\n<p>Il ne semble pas exag\u00e9r\u00e9 d&rsquo;affirmer que la plupart des mouvements de r\u00e9volte qui ont eu lieu dans certains territoires de l&rsquo;Union Fran\u00e7aise au lendemain de notre lib\u00e9ration et de la victoire ont pris naissance \u00e0 Paris, gr\u00e2ce au manque de doigt\u00e9 politique et \u00e0 l&rsquo;imp\u00e9ritie de l&rsquo;homme que le minist\u00e8re de l&rsquo;Information avait nomm\u00e9, en 1944, apr\u00e8s approbation de la direction politique du minist\u00e8re de la France d&rsquo;outre-mer, directeur des \u00e9missions coloniales de la Radiodiffusion fran\u00e7aise.<\/p>\n\n\n\n<p>A cette \u00e9poque, la France enti\u00e8re ne savait que faire pour prouver sa gratitude aux gens de couleur qui avaient tant contribu\u00e9 \u00e0 son salut. M. Ren\u00e9 Pl\u00e9ven, tout plein du grand souvenir de F\u00e9lix Ebou\u00e9, ne pensait, c&rsquo;est une justice \u00e0 lui rendre, qu&rsquo;\u00e0 honorer sa m\u00e9moire, en associant de plus en plus \u00e9troitement au m\u00eame destin la France et ses colonies. Certains de ses collaborateurs les plus proches, petits commis de peu d&rsquo;envergure, tout p\u00e9tris de colonialisme mais se prenant pour de grands politiques, pensaient, par malheur, tout autrement.<\/p>\n\n\n\n<p>Les partis politiques s&rsquo;\u00e9taient cependant reform\u00e9s en un tournemain. Chacun cherchait \u00e0 s&rsquo;assurer des leviers de commande. Le nouveau directeur des \u00e9missions coloniales de la Radiodiffusion fran\u00e7aise, M.R.P. de stricte ob\u00e9dience, estima, soutenu qu&rsquo;il \u00e9tait peut-\u00eatre dans ses desseins par M. Bidault, le \u00ab\u00a0cher petit homme\u00a0\u00bb que nous avons comme ministre des Affaires \u00e9trang\u00e8res, qu&rsquo;il se devait de remplir de ses ouailles la plupart des services qu&rsquo;on venait de placer sous ses ordres.<\/p>\n\n\n\n<p>Il ne pouvait parvenir \u00e0 ses fins qu&rsquo;en se s\u00e9parant de la douzaine de gens de couleur &#8211; Indochinois, Aofiens, Antillais et Malgaches &#8211; employ\u00e9s, dans ce temps-l\u00e0, par cet organisme. Ceux-ci furent avertis de ce qui se tramait contre eux par des dactylographes indign\u00e9es d&rsquo;avoir surpris des phrases comme celle-ci : <em>\u00ab\u00a0Nous n&rsquo;avons rien \u00e0 faire avec des gens pareils. Ils sont trop loin de nous. Les plus instruits d&rsquo;entre eux ne pourront jamais ni nous \u00eatre compar\u00e9s ni nous comprendre\u00a0\u00bb<\/em>, ou comme telles autres de m\u00eame mouture.<\/p>\n\n\n\n<p>Un incident, qu&rsquo;il avait cherch\u00e9, permit au directeur des \u00e9missions coloniales de d\u00e9missionner d&rsquo;office, le 15 janvier 1945, ces Indochinois, ces Aofiens, ces Antillais et ces Malgaches. Par lettre que je fis tenir le lendemain \u00e0 MM. Giacobbi, ministre de la France d&rsquo;outre-mer, Teitgen, ministre de l&rsquo;Information, et Guignebert, directeur g\u00e9n\u00e9ral de la Radiodiffusion fran\u00e7aise &#8211; lettre \u00e0 laquelle personne n&rsquo;a d&rsquo;ailleurs jamais r\u00e9pondu &#8211; je donnai tr\u00e8s nettement \u00e0 entendre \u00e0 nos dirigeants &#8211; gouverner, c&rsquo;est pr\u00e9voir, n&rsquo;est-ce pas ? &#8211; que ce m\u00e9fait du racisme colonialiste, si on ne s&#8217;empressait d&rsquo;y mettre bon ordre, ne pouvait manquer de porter des fruits dangereux.<\/p>\n\n\n\n<p>Qui ne se rend compte, aujourd&rsquo;hui, qu&rsquo;on a eu tort de ne pas tenir compte de ma protestation d\u00e9sint\u00e9ress\u00e9e ? Et pourquoi ne r\u00e9v\u00e9lerai-je pas, \u00e0 pr\u00e9sent, puisque tout le monde se pla\u00eet \u00e0 l&rsquo;accabler, que parmi les gens de couleur jet\u00e9s litt\u00e9ralement \u00e0 la rue, le 15 janvier 1945, figurait alors Joseph Rabemananjara, dont ses cong\u00e9n\u00e8res ont fait un d\u00e9put\u00e9, et qui est devenu depuis si tristement c\u00e9l\u00e8bre ?<\/p>\n\n\n\n<hr class=\"wp-block-separator has-alpha-channel-opacity\"\/>\n\n\n\n<p>Voila o\u00f9 peut nous mener le racisme imb\u00e9cile. Celui qui s\u00e9vit \u00e0 Madagascar est tout aussi n\u00e9faste. Est-il bien n\u00e9cessaire de le prouver ? Il y a treize ou quatorze mois, le jeune administrateur adjoint Robert Ebou\u00e9, fils du glorieux F\u00e9lix Ebou\u00e9, gouverneur g\u00e9n\u00e9ral de l&rsquo;Afrique Equatoriale Fran\u00e7aise, est mand\u00e9 \u00e0 Tul\u00e9ar par son commandant de cercle. D\u00e8s son arriv\u00e9e dans cette ville, cherchant un endroit o\u00f9 se loger, il se pr\u00e9sente dans trois ou quatre h\u00f4tels tenus par des R\u00e9unionnais. Partout la m\u00eame r\u00e9ponse. On regrette de n&rsquo;avoir rien pour lui. Tout est plein depuis plusieurs jours.<\/p>\n\n\n\n<p>La v\u00e9rit\u00e9 est tout autre. En effet, Robert Ebou\u00e9 a appris, par la suite, que des voyageurs europ\u00e9ens, arriv\u00e9s apr\u00e8s lui \u00e0 Tul\u00e9ar, avaient trouv\u00e9 g\u00eete et couvert dans ces m\u00eames h\u00f4tels que sa seule apparition avait suffi \u00e0 remplir.<\/p>\n\n\n\n<p>La honte soit sur ces mauvais Fran\u00e7ais de R\u00e9unionnais, qui ont agi de la sorte envers ce jeune fonctionnaire, parce qu&rsquo;il \u00e9tait noir ! En ne faisant pas gr\u00e2ce au nom illustre qui est le sien, ils ont injuri\u00e9 la France et crach\u00e9 sur le g\u00e9n\u00e9ral de Gaulle et M. Ren\u00e9 Pl\u00e9ven.<\/p>\n\n\n\n<p>Ces deux faits sont aussi \u00e9loquents que significatifs. Tous deux m\u00e9ritent d&rsquo;\u00eatre un instant m\u00e9dit\u00e9s. Tous deux sont porteurs de ces germes de haine qui peuvent infecter les gens de caract\u00e8re rancunier ou col\u00e9reux. Rabemananjara \u00e9tait \u00e0 la fois l&rsquo;un et l&rsquo;autre. Ne gagnant que huit mille francs par mois aux \u00e9missions coloniales de la Radio, il a trouv\u00e9 excessif que son directeur ait eu besoin de sa solde, et de celle des gens de couleur qui l&rsquo;entouraient, pour la porter \u00e0 douze ou quinze mille francs par mois, plus les honoraires de sa client\u00e8le aryenne. On voit le beau, l&rsquo;admirable r\u00e9sultat qu&rsquo;il a obtenu ? La rancune et la vengeance du d\u00e9put\u00e9 malgache co\u00fbtent, chaque mois, des millions \u00e0 la France.<\/p>\n\n\n\n<p>Mais il y a aussi le cas de Robert Ebou\u00e9. Peut-\u00eatre les Malgaches sont-ils \u00e0 bout de patience d&rsquo;\u00eatre toute leur vie trait\u00e9s comme les R\u00e9unionnais de Tul\u00e9ar ont trait\u00e9 le fils de mon vieil ami ? Il est probable que tous les torts ne sont pas de leur c\u00f4t\u00e9. Les Europ\u00e9ens, et plus particuli\u00e8rement les colons ont les leurs. Pourquoi ces derniers n&rsquo;ont-ils cess\u00e9 de tout mettre en \u0153uvre, d\u00e8s son arriv\u00e9e \u00e0 Madagascar, pour boycotter les mesures que la IVe R\u00e9publique avait charg\u00e9 M. Marcel de Coppet d&rsquo;y appliquer ? Ne parlaient-ils pas de le pendre ou de le jeter \u00e0 la mer ? Certains d&rsquo;entre eux ne donnent-ils pas plus ou moins dans une sorte de s\u00e9paratisme antifran\u00e7ais ? Certains d&rsquo;entre eux ne tournent-ils pas leurs regards vers certaines nations \u00e9trang\u00e8res ?<\/p>\n\n\n\n<p>Seule une enqu\u00eate, men\u00e9e en toute impartialit\u00e9, pourrait s\u00e9parer le bon grain de l&rsquo;ivraie. La couleur blanche de la peau ne signifie plus la force. Les Fran\u00e7ais de couleur ont pay\u00e9 de leur sang pour le savoir mieux que quiconque. Et aussi que la force n&rsquo;a jamais signifi\u00e9 de droit.<\/p>\n\n\n\n<p class=\"has-text-align-right\"><strong>Ren\u00e9 Maran.<\/strong><\/p>\n\n\n\n<hr class=\"wp-block-separator has-alpha-channel-opacity\"\/>\n\n\n\n<figure class=\"wp-block-pullquote\"><blockquote><p><strong>[<a href=\"https:\/\/sinedjib.com\/\">sinedjib.com<\/a>] est librement accessible depuis 2012 afin de faire conna\u00eetre mon actualit\u00e9 et partager des textes issus de mes recherches. Chaque jour ou presque, je retranscris des articles ou documents qui concernent les luttes pour l\u2019\u00e9mancipation.<\/strong><br><strong>Pour soutenir cette d\u00e9marche,\u00a0vous pouvez\u00a0<\/strong><a href=\"https:\/\/sinedjib.com\/index.php\/abonnement\/\">vous abonner<\/a><strong>\u00a0et relayer le contenu de [\u0633\u064a \u0646\u062c\u064a\u0628]. Vous avez aussi la possibilit\u00e9 de\u00a0<\/strong><a href=\"https:\/\/sinedjib.com\/index.php\/mes-livres\/\">vous procurer mes livres<\/a><strong>, comme mon nouvel ouvrage,\u00a0<\/strong><em><a href=\"https:\/\/www.lechappee.org\/collections\/hors-collection\/le-spectre-du-colonialisme\">Le Spectre du colonialisme<\/a><\/em><strong>, disponible dans toutes les bonnes librairies.<\/strong><\/p><cite>Nedjib SIDI MOUSSA<\/cite><\/blockquote><\/figure>\n\n\n<div class=\"wp-block-image\">\n<figure class=\"aligncenter size-full is-resized\"><img data-recalc-dims=\"1\" loading=\"lazy\" decoding=\"async\" width=\"546\" height=\"800\" data-attachment-id=\"27669\" data-permalink=\"https:\/\/sinedjib.com\/index.php\/mes-livres\/le-spectre-du-colonialisme-couv\/\" data-orig-file=\"https:\/\/i0.wp.com\/sinedjib.com\/wp-content\/uploads\/2025\/12\/LE-SPECTRE-DU-COLONIALISME-Couv.jpg?fit=546%2C800&amp;ssl=1\" data-orig-size=\"546,800\" data-comments-opened=\"0\" data-image-meta=\"{&quot;aperture&quot;:&quot;0&quot;,&quot;credit&quot;:&quot;&quot;,&quot;camera&quot;:&quot;&quot;,&quot;caption&quot;:&quot;&quot;,&quot;created_timestamp&quot;:&quot;0&quot;,&quot;copyright&quot;:&quot;&quot;,&quot;focal_length&quot;:&quot;0&quot;,&quot;iso&quot;:&quot;0&quot;,&quot;shutter_speed&quot;:&quot;0&quot;,&quot;title&quot;:&quot;&quot;,&quot;orientation&quot;:&quot;0&quot;}\" data-image-title=\"LE SPECTRE DU COLONIALISME &amp;#8211; Couv\" data-image-description=\"\" data-image-caption=\"\" data-large-file=\"https:\/\/i0.wp.com\/sinedjib.com\/wp-content\/uploads\/2025\/12\/LE-SPECTRE-DU-COLONIALISME-Couv.jpg?fit=546%2C800&amp;ssl=1\" src=\"https:\/\/i0.wp.com\/sinedjib.com\/wp-content\/uploads\/2025\/12\/LE-SPECTRE-DU-COLONIALISME-Couv.jpg?resize=546%2C800&#038;ssl=1\" alt=\"\" class=\"wp-image-27669\" style=\"width:352px;height:auto\" srcset=\"https:\/\/i0.wp.com\/sinedjib.com\/wp-content\/uploads\/2025\/12\/LE-SPECTRE-DU-COLONIALISME-Couv.jpg?w=546&amp;ssl=1 546w, https:\/\/i0.wp.com\/sinedjib.com\/wp-content\/uploads\/2025\/12\/LE-SPECTRE-DU-COLONIALISME-Couv.jpg?resize=205%2C300&amp;ssl=1 205w\" sizes=\"auto, (max-width: 546px) 100vw, 546px\" \/><\/figure>\n<\/div>","protected":false},"excerpt":{"rendered":"<p>Article de\u00a0Ren\u00e9 Maran\u00a0paru dans Le Droit de vivre, 15e ann\u00e9e, n\u00b0 186, novembre 1947 ON a beaucoup parl\u00e9, au cours de ces derniers mois, des regrettables incidents dont Madagascar a \u00e9t\u00e9, ou continue \u00e0 \u00eatre, le th\u00e9\u00e2tre. Depuis des semaines et des semaines, la majeure partie de la presse fran\u00e7aise ne cesse de fulminer des [&hellip;]<\/p>\n","protected":false},"author":1,"featured_media":0,"comment_status":"closed","ping_status":"","sticky":false,"template":"","format":"standard","meta":{"_jetpack_newsletter_access":"","_jetpack_dont_email_post_to_subs":false,"_jetpack_newsletter_tier_id":0,"_jetpack_memberships_contains_paywalled_content":false,"_jetpack_feature_clip_id":0,"_jetpack_memberships_contains_paid_content":false,"footnotes":"","jetpack_post_was_ever_published":false},"categories":[8],"tags":[29,6101,138,3185,457,5642,5446,4690,1005],"class_list":["post-29260","post","type-post","status-publish","format-standard","hentry","category-presse","tag-29","tag-alliance-antiraciste","tag-anticolonialisme","tag-antiracisme","tag-france","tag-le-droit-de-vivre","tag-madagascar","tag-rene-maran","tag-repression"],"jetpack_featured_media_url":"","jetpack_sharing_enabled":true,"jetpack_shortlink":"https:\/\/wp.me\/p9lTYU-7BW","jetpack_likes_enabled":true,"jetpack-related-posts":[{"id":29256,"url":"https:\/\/sinedjib.com\/index.php\/2026\/09\/02\/rene-maran-le-colonialisme-francais-na-rien-a-envier-au-racisme-hitlerien\/","url_meta":{"origin":29260,"position":0},"title":"Ren\u00e9 Maran : Le colonialisme fran\u00e7ais n&rsquo;a rien \u00e0 envier au racisme hitl\u00e9rien","author":"SiNedjib","date":"02\/09\/2026","format":false,"excerpt":"Article de Ren\u00e9 Maran paru dans La Jeune R\u00e9publique, 34e ann\u00e9e, janvier 1954 Alarm\u00e9, d\u00e8s la Lib\u00e9ration, par la surabondance de faits qui contredisaient toutes les mesures lib\u00e9rales prises en 1944 par la Conf\u00e9rence de Brazzaville touchant la politique que notre pays devait suivre d\u00e9sormais en mati\u00e8re coloniale, j'ai publi\u00e9,\u2026","rel":"","context":"Dans &quot;presse&quot;","block_context":{"text":"presse","link":"https:\/\/sinedjib.com\/index.php\/category\/presse\/"},"img":{"alt_text":"","src":"https:\/\/i0.wp.com\/sinedjib.com\/wp-content\/uploads\/2026\/09\/La-Jeune-Republique-janvier-1954.png?resize=350%2C200&ssl=1","width":350,"height":200,"srcset":"https:\/\/i0.wp.com\/sinedjib.com\/wp-content\/uploads\/2026\/09\/La-Jeune-Republique-janvier-1954.png?resize=350%2C200&ssl=1 1x, https:\/\/i0.wp.com\/sinedjib.com\/wp-content\/uploads\/2026\/09\/La-Jeune-Republique-janvier-1954.png?resize=525%2C300&ssl=1 1.5x, https:\/\/i0.wp.com\/sinedjib.com\/wp-content\/uploads\/2026\/09\/La-Jeune-Republique-janvier-1954.png?resize=700%2C400&ssl=1 2x, https:\/\/i0.wp.com\/sinedjib.com\/wp-content\/uploads\/2026\/09\/La-Jeune-Republique-janvier-1954.png?resize=1050%2C600&ssl=1 3x, https:\/\/i0.wp.com\/sinedjib.com\/wp-content\/uploads\/2026\/09\/La-Jeune-Republique-janvier-1954.png?resize=1400%2C800&ssl=1 4x"},"classes":[]},{"id":13720,"url":"https:\/\/sinedjib.com\/index.php\/2021\/08\/31\/rene-maran-lafrique-noire-dans-les-lettres-francaises\/","url_meta":{"origin":29260,"position":1},"title":"Ren\u00e9 Maran : L&rsquo;Afrique noire dans les lettres fran\u00e7aises","author":"SiNedjib","date":"31\/08\/2021","format":false,"excerpt":"Article de Ren\u00e9 Maran paru dans Les Lettres fran\u00e7aises, n\u00b0 97, 1er mars 1946, p. 5 L'EXOTISME tend \u00e0 prendre, dans les lettres fran\u00e7aises contemporaines, une importance qui va chaque jour croissant. On sait qu'il a fait son entr\u00e9e en France en m\u00eame temps que l'invasion sarrazine de 722, qui\u2026","rel":"","context":"Dans &quot;presse&quot;","block_context":{"text":"presse","link":"https:\/\/sinedjib.com\/index.php\/category\/presse\/"},"img":{"alt_text":"","src":"https:\/\/i0.wp.com\/sinedjib.com\/wp-content\/uploads\/2021\/08\/Les-Lettres-francaises-1er-mars-1946.png?resize=350%2C200&ssl=1","width":350,"height":200},"classes":[]},{"id":13467,"url":"https:\/\/sinedjib.com\/index.php\/2021\/07\/30\/rene-garmy-romans-noirs-pour-hommes-blancs\/","url_meta":{"origin":29260,"position":2},"title":"Ren\u00e9 Garmy : Romans noirs pour hommes blancs","author":"SiNedjib","date":"30\/07\/2021","format":false,"excerpt":"Article de Ren\u00e9 Garmy paru dans L'Humanit\u00e9, 23 ao\u00fbt 1932, p. 4 DIS-MOI ch\u00e9ri que je suis ta ch\u00e9rie. C'est pas une fille jaune qui te tombera... Des refrains amoureux, des couples d\u00e9cha\u00een\u00e9s dans la fureur du jazz. Des peaux d'un noir nuanc\u00e9 : chocolat, marron, olive, caf\u00e9, acajou, cr\u00e8me,\u2026","rel":"","context":"Dans &quot;presse&quot;","block_context":{"text":"presse","link":"https:\/\/sinedjib.com\/index.php\/category\/presse\/"},"img":{"alt_text":"","src":"https:\/\/i0.wp.com\/pictures.abebooks.com\/inventory\/10953753941.jpg?resize=350%2C200&ssl=1","width":350,"height":200},"classes":[]},{"id":22996,"url":"https:\/\/sinedjib.com\/index.php\/2024\/05\/23\/gerard-3\/","url_meta":{"origin":29260,"position":3},"title":"Ren\u00e9 G\u00e9rard : 8 mai 1945. La \u00ab\u00a0France\u00a0\u00bb rougit une nouvelle fois. Une page de son histoire","author":"SiNedjib","date":"23\/05\/2024","format":false,"excerpt":"Article de Ren\u00e9 G\u00e9rard paru dans Le Libertaire, cinquante-sixi\u00e8me ann\u00e9e, n\u00b0 390, 20 mai 1954, p. 1 8 mai 1945 ? Capitulation de l'arm\u00e9e hitl\u00e9rienne. Peuples \u00ab vaincus \u00bb, peuples \u00ab vainqueurs \u00bb, c'\u00e9tait la paix. Les canons cessant de d\u00e9gueuler ce qui a d\u00e9chiquet\u00e9 des millions d'hommes. Paix pour\u2026","rel":"","context":"Dans &quot;presse&quot;","block_context":{"text":"presse","link":"https:\/\/sinedjib.com\/index.php\/category\/presse\/"},"img":{"alt_text":"","src":"https:\/\/i0.wp.com\/sinedjib.com\/wp-content\/uploads\/2024\/05\/Le-Libertaire-20-mai-1954.png?resize=350%2C200&ssl=1","width":350,"height":200,"srcset":"https:\/\/i0.wp.com\/sinedjib.com\/wp-content\/uploads\/2024\/05\/Le-Libertaire-20-mai-1954.png?resize=350%2C200&ssl=1 1x, https:\/\/i0.wp.com\/sinedjib.com\/wp-content\/uploads\/2024\/05\/Le-Libertaire-20-mai-1954.png?resize=525%2C300&ssl=1 1.5x"},"classes":[]},{"id":13460,"url":"https:\/\/sinedjib.com\/index.php\/2021\/07\/29\/rene-lustre-memoires-dun-revolutionnaire\/","url_meta":{"origin":29260,"position":4},"title":"Ren\u00e9 Lustre : M\u00e9moires d&rsquo;un r\u00e9volutionnaire","author":"SiNedjib","date":"29\/07\/2021","format":false,"excerpt":"Article de Ren\u00e9 Lustre paru dans Le Libertaire, n\u00b0 269, 18 mai 1951, p. 3 MILITANT anarchiste en France en Espagne (1) ralli\u00e9 aux Soviets apr\u00e8s 1917, opposant quelques ann\u00e9es plus tard, Victor Serge n'a plus besoin d'\u00eatre pr\u00e9sent\u00e9. Personne n'a oubli\u00e9 \"Les Hommes dans la prison, Naissance de notre\u2026","rel":"","context":"Dans &quot;presse&quot;","block_context":{"text":"presse","link":"https:\/\/sinedjib.com\/index.php\/category\/presse\/"},"img":{"alt_text":"","src":"https:\/\/i0.wp.com\/sinedjib.com\/wp-content\/uploads\/2021\/07\/Le-Libertaire-18-mai-1951.png?resize=350%2C200&ssl=1","width":350,"height":200,"srcset":"https:\/\/i0.wp.com\/sinedjib.com\/wp-content\/uploads\/2021\/07\/Le-Libertaire-18-mai-1951.png?resize=350%2C200&ssl=1 1x, https:\/\/i0.wp.com\/sinedjib.com\/wp-content\/uploads\/2021\/07\/Le-Libertaire-18-mai-1951.png?resize=525%2C300&ssl=1 1.5x"},"classes":[]},{"id":18925,"url":"https:\/\/sinedjib.com\/index.php\/2023\/06\/16\/manifestations-ouvriers-allemands\/","url_meta":{"origin":29260,"position":5},"title":"Ren\u00e9 Lustre : Les manifestations des ouvriers allemands \u00e9taient justifi\u00e9es","author":"SiNedjib","date":"16\/06\/2023","format":false,"excerpt":"Article de Ren\u00e9 Lustre paru dans Le Libertaire, n\u00b0 366, 25 juin 1953, p. 1 Leipzig, um den 17. Juni 1953 DANS un coup de tonnerre, le prol\u00e9tariat allemand de la zone sovi\u00e9tique annon\u00e7ait, le 17 juin, aux travailleurs du monde qu'il \u00e9tait encore un fois \u00e0 l'avant-garde du mouvement\u2026","rel":"","context":"Dans &quot;presse&quot;","block_context":{"text":"presse","link":"https:\/\/sinedjib.com\/index.php\/category\/presse\/"},"img":{"alt_text":"","src":"https:\/\/i0.wp.com\/sinedjib.com\/wp-content\/uploads\/2023\/06\/image-2.jpeg?resize=350%2C200&ssl=1","width":350,"height":200,"srcset":"https:\/\/i0.wp.com\/sinedjib.com\/wp-content\/uploads\/2023\/06\/image-2.jpeg?resize=350%2C200&ssl=1 1x, https:\/\/i0.wp.com\/sinedjib.com\/wp-content\/uploads\/2023\/06\/image-2.jpeg?resize=525%2C300&ssl=1 1.5x, https:\/\/i0.wp.com\/sinedjib.com\/wp-content\/uploads\/2023\/06\/image-2.jpeg?resize=700%2C400&ssl=1 2x"},"classes":[]}],"_links":{"self":[{"href":"https:\/\/sinedjib.com\/index.php\/wp-json\/wp\/v2\/posts\/29260","targetHints":{"allow":["GET"]}}],"collection":[{"href":"https:\/\/sinedjib.com\/index.php\/wp-json\/wp\/v2\/posts"}],"about":[{"href":"https:\/\/sinedjib.com\/index.php\/wp-json\/wp\/v2\/types\/post"}],"author":[{"embeddable":true,"href":"https:\/\/sinedjib.com\/index.php\/wp-json\/wp\/v2\/users\/1"}],"replies":[{"embeddable":true,"href":"https:\/\/sinedjib.com\/index.php\/wp-json\/wp\/v2\/comments?post=29260"}],"version-history":[{"count":1,"href":"https:\/\/sinedjib.com\/index.php\/wp-json\/wp\/v2\/posts\/29260\/revisions"}],"predecessor-version":[{"id":29262,"href":"https:\/\/sinedjib.com\/index.php\/wp-json\/wp\/v2\/posts\/29260\/revisions\/29262"}],"wp:attachment":[{"href":"https:\/\/sinedjib.com\/index.php\/wp-json\/wp\/v2\/media?parent=29260"}],"wp:term":[{"taxonomy":"category","embeddable":true,"href":"https:\/\/sinedjib.com\/index.php\/wp-json\/wp\/v2\/categories?post=29260"},{"taxonomy":"post_tag","embeddable":true,"href":"https:\/\/sinedjib.com\/index.php\/wp-json\/wp\/v2\/tags?post=29260"}],"curies":[{"name":"wp","href":"https:\/\/api.w.org\/{rel}","templated":true}]}}