{"id":29263,"date":"2026-09-04T16:25:47","date_gmt":"2026-09-04T14:25:47","guid":{"rendered":"https:\/\/sinedjib.com\/?p=29263"},"modified":"2026-09-04T16:25:47","modified_gmt":"2026-09-04T14:25:47","slug":"paul-nizan-lavenir-de-la-culture","status":"publish","type":"post","link":"https:\/\/sinedjib.com\/index.php\/2026\/09\/04\/paul-nizan-lavenir-de-la-culture\/","title":{"rendered":"Paul Nizan : L&rsquo;avenir de la culture"},"content":{"rendered":"\n<p><strong>Article de <a href=\"https:\/\/maitron.fr\/nizan-paul-yves-nizan-paul-pierre-yves-henri-dit-paul-yves\/\">Paul Nizan<\/a> paru dans <em><a href=\"https:\/\/gallica.bnf.fr\/ark:\/12148\/bpt6k4542139x\/f3.item\">La Jeune r\u00e9volution<\/a><\/em>,<\/strong> <strong>n\u00b0 9, d\u00e9cembre 1933<\/strong><\/p>\n\n\n<div class=\"wp-block-image\">\n<figure class=\"aligncenter size-large\"><img data-recalc-dims=\"1\" loading=\"lazy\" decoding=\"async\" width=\"580\" height=\"191\" data-attachment-id=\"29264\" data-permalink=\"https:\/\/sinedjib.com\/index.php\/2026\/09\/04\/paul-nizan-lavenir-de-la-culture\/la-jeune-revolution-1933\/\" data-orig-file=\"https:\/\/i0.wp.com\/sinedjib.com\/wp-content\/uploads\/2026\/09\/La-Jeune-revolution-1933.png?fit=1095%2C360&amp;ssl=1\" data-orig-size=\"1095,360\" data-comments-opened=\"0\" data-image-meta=\"{&quot;aperture&quot;:&quot;0&quot;,&quot;credit&quot;:&quot;&quot;,&quot;camera&quot;:&quot;&quot;,&quot;caption&quot;:&quot;&quot;,&quot;created_timestamp&quot;:&quot;0&quot;,&quot;copyright&quot;:&quot;&quot;,&quot;focal_length&quot;:&quot;0&quot;,&quot;iso&quot;:&quot;0&quot;,&quot;shutter_speed&quot;:&quot;0&quot;,&quot;title&quot;:&quot;&quot;,&quot;orientation&quot;:&quot;0&quot;}\" data-image-title=\"La Jeune r\u00e9volution 1933\" data-image-description=\"\" data-image-caption=\"\" data-large-file=\"https:\/\/i0.wp.com\/sinedjib.com\/wp-content\/uploads\/2026\/09\/La-Jeune-revolution-1933.png?fit=580%2C191&amp;ssl=1\" src=\"https:\/\/i0.wp.com\/sinedjib.com\/wp-content\/uploads\/2026\/09\/La-Jeune-revolution-1933.png?resize=580%2C191&#038;ssl=1\" alt=\"\" class=\"wp-image-29264\" srcset=\"https:\/\/i0.wp.com\/sinedjib.com\/wp-content\/uploads\/2026\/09\/La-Jeune-revolution-1933.png?resize=1024%2C337&amp;ssl=1 1024w, https:\/\/i0.wp.com\/sinedjib.com\/wp-content\/uploads\/2026\/09\/La-Jeune-revolution-1933.png?resize=300%2C99&amp;ssl=1 300w, https:\/\/i0.wp.com\/sinedjib.com\/wp-content\/uploads\/2026\/09\/La-Jeune-revolution-1933.png?resize=768%2C252&amp;ssl=1 768w, https:\/\/i0.wp.com\/sinedjib.com\/wp-content\/uploads\/2026\/09\/La-Jeune-revolution-1933.png?w=1095&amp;ssl=1 1095w\" sizes=\"auto, (max-width: 580px) 100vw, 580px\" \/><\/figure>\n<\/div>\n\n\n<p>La crise mondiale du capitalisme entra\u00eene une crise g\u00e9n\u00e9rale de la culture et des id\u00e9es. La mort appara\u00eet \u00e0 tous les tournants de la vie bourgeoise. Ce n&rsquo;est pas seulement une mort de l&rsquo;\u00e9conomie, c&rsquo;est une mort d&rsquo;une culture ancienne. Les clercs de la bourgeoisie sentent venir la mort et essayent de la conjurer par des moyens condamn\u00e9s \u00e0 l&rsquo;\u00e9chec.<\/p>\n\n\n\n<!--more-->\n\n\n\n<p>La foi dans la permanence et la force du capitalisme dispara\u00eet. Personne n&rsquo;ose d\u00e9sormais proclamer sa confiance dans une forme de civilisation qui n&rsquo;aboutit qu&rsquo;\u00e0 la mis\u00e8re et \u00e0 l&rsquo;angoisse. Mussolini lui-m\u00eame annonce la fin du capitalisme. Dans tous les pays du monde paraissent des livres bourgeois qui parlent du d\u00e9clin et de la ruine. Tous les pays du monde ont aujourd&rsquo;hui des imitateurs de Spengler et de son \u00ab Untergang des Abendlandes \u00bb. Et les utopies r\u00e9actionnaires essayent de conjurer la catastrophe. Sur le plan id\u00e9ologique, les fascismes allemand ou italien sont des utopies r\u00e9actionnaires qui veulent masquer les efforts d\u00e9sesp\u00e9r\u00e9s du capitalisme en face de la r\u00e9volution mena\u00e7ante.<\/p>\n\n\n\n<p>La science, la philosophie bourgeoise sont entra\u00een\u00e9es dans la catastrophe. Comme le progr\u00e8s technique et scientifique qui fut une part \u00e9minente de la mission bourgeoise est arr\u00eat\u00e9, comme tout progr\u00e8s de cet ordre accroit les contradictions o\u00f9 le capitalisme se d\u00e9bat, la science effraie la pens\u00e9e bourgeoise. La bourgeoisie doute de la science et la condamne. Dans un article r\u00e9cent de la \u00ab Rundschau \u00bb, A. Fogarasi parlait d&rsquo;une \u00ab fuite devant la science \u00bb. Le terme m\u00e9rite d&rsquo;\u00eatre repris. Mais quand on fuit, c&rsquo;est pour aller quelque part : alors, on fuit vers la mystique, on condamne le rationalisme \u00ab abstrait \u00bb comme MM. Aron-Dandieu, on voue \u00e0 la m\u00eame condamnation le rationalisme capitaliste et le rationalisme \u00ab marxiste \u00bb, on \u00e9difie une mystique du \u00ab concret \u00bb. On invente plus d&rsquo;une mystique ; en Allemagne cette fuite devant la connaissance prend les formes brutales de la r\u00e9action m\u00e9di\u00e9vale : le sang et le sol. Le ministre Darr\u00e9 succ\u00e8de \u00e0 la grande philosophie allemande. La philosophie officielle aujourd&rsquo;hui de M. Heidegger syst\u00e9matise la fuite devant la connaissance : elle substitue \u00e0 l&rsquo;univers de la connaissance un petit monde \u00e9troit, o\u00f9 une fausse profondeur remplace l&rsquo;ampleur, l&rsquo;\u00e9tendue du savoir scientifique. En France ces mystiques se cherchent sur les ruines des philosophies rationalistes de la d\u00e9mocratie bourgeoise : Bergson vieilli retrouve des id\u00e9es analogues \u00e0 celles de Heidegger et parle de Dieu ; les jeunes fascistes des revues cherchent des cautions mystiques dans Nietzsche ou dans P\u00e9guy, en attendant le recours pur et simple \u00e0 la religion de Rome. Ces Fran\u00e7ais qui veulent retrouver la tradition de Jeanne d&rsquo;Arc font appel au philosophe N. Berdiaeff, grand penseur des jeunes Russes blancs. En Angleterre, les savants reculant devant les cons\u00e9quences de leur science trouvent Dieu au bout de leurs lunettes d&rsquo;astronomes. Et Russell peut dire d&rsquo;eux dans son livre : \u00ab The Scientific Outlook \u00bb :<\/p>\n\n\n\n<blockquote class=\"wp-block-quote is-layout-flow wp-block-quote-is-layout-flow\">\n<p>\u00ab Ce que ces savants apportent aux id\u00e9es religieuses traditionnelles ne leur appartient pas en qualit\u00e9 de savants, mais en qualit\u00e9 de bons bourgeois, qui tremblent pour leur propri\u00e9t\u00e9. La guerre et la r\u00e9volution russe ont fait des conservateurs de tous les gens craintifs et les professeurs, d&rsquo;ordinaire, sont par temp\u00e9rament des couards. \u00bb<\/p>\n<\/blockquote>\n\n\n\n<p>La crainte, la peur, l&rsquo;angoisse, l&rsquo;inqui\u00e9tude ne caract\u00e9risent pas pour rien la philosophie la plus nouvelle d&rsquo;aujourd&rsquo;hui, la pens\u00e9e de Heidegger. L&rsquo;angoisse sociale se dissimule mal sous les masques flatteurs de l&rsquo;angoisse m\u00e9taphysique.<\/p>\n\n\n\n<p>Ailleurs, la fuite devant la science aboutit \u00e0 la mystique psychanalytique. Les myst\u00e8res de l&rsquo;analyse d\u00e9tourn\u00e9e de son sens scientifique primitif fournissent de merveilleux th\u00e8mes d&rsquo;\u00e9vasion et dispensent de poser les probl\u00e8mes r\u00e9els de la r\u00e9volution ou du fascisme. Quand Jean Bernier fait sur le mod\u00e8le des utopies industrielles bourgeoises un plan \u00ab d&rsquo;\u00e9conomie libidinale dirig\u00e9e \u00bb, il r\u00e9p\u00e8te les ruses des h\u00e9g\u00e9liens de gauche attaqu\u00e9s par Marx qui substituaient \u00e0 la lutte contre le monde r\u00e9el la lutte contre les phrases de ce monde. Les recours \u00e0 toutes les mystiques, si \u00ab r\u00e9volutionnaires \u00bb qu&rsquo;elles puissent para\u00eetre, traduisent simplement les desseins les plus conservateurs et dispensent ais\u00e9ment de reprendre en 1933 les le\u00e7ons de Marx sur la n\u00e9cessit\u00e9 de transformer le monde et non les interpr\u00e9tations du monde. Toute mystique est r\u00e9actionnaire.<\/p>\n\n\n\n<p>Cette fuite devant la connaissance facilite encore la fabrication des \u00ab mythes \u00bb. Les Nazis font des mythes ; les fascistes de Rome font des mythes. Ils les font consciemment. Ainsi le journal catholique-fasciste \u00ab 1933 \u00bb r\u00e9pand le mythe de la jeunesse. Ainsi la revue \u00ab Ordre Nouveau \u00bb r\u00e9pand le mythe du concret. Ces mythes vont foisonner autour des mythes centraux de la \u00ab Personne \u00bb et  de \u00ab L&rsquo;Esprit \u00bb. Au sommet des mythes tr\u00f4nera demain le mythe de la violence. Ce mythe qu&rsquo;un Spengler r\u00e9sume parfaitement bien quand il \u00e9crit :<\/p>\n\n\n\n<blockquote class=\"wp-block-quote is-layout-flow wp-block-quote-is-layout-flow\">\n<p>\u00ab Dans l&rsquo;histoire v\u00e9ritable, Archim\u00e8de avec toutes ses d\u00e9couvertes scientifiques est bien moins important que ce soldat qui le frappa lors de la prise de Syracuse. \u00bb<\/p>\n<\/blockquote>\n\n\n\n<p>Mussolini d\u00e9couvre assez la signification des mythes, lorsqu&rsquo;apr\u00e8s avoir d\u00e9clar\u00e9 au Parlement italien : \u00ab L&rsquo;Etat, c&rsquo;est les carabiniers \u00bb, il \u00e9crit dans son livre : \u00ab Le Fascisme \u00bb :<\/p>\n\n\n\n<blockquote class=\"wp-block-quote is-layout-flow wp-block-quote-is-layout-flow\">\n<p>\u00ab L&rsquo;Etat fasciste, forme la plus \u00e9lev\u00e9e et la plus puissante de la personnalit\u00e9, est une force, mais une force spirituelle \u2026 On ne peut donc pas le limiter \u00e0 de pures fonctions d&rsquo;ordre et de protection comme le voulait le  lib\u00e9ralisme \u2026 Son principe \u2026 p\u00e9n\u00e8tre au plus intime de l&rsquo;individu et dans le c\u0153ur de l&rsquo;homme d&rsquo;action comme du penseur, de l&rsquo;artiste comme du savant : c&rsquo;est l&rsquo;\u00e2me de l&rsquo;\u00e2me. \u00bb<\/p>\n<\/blockquote>\n\n\n\n<p>Et dans l&rsquo;Encyclop\u00e9die italienne, il dit encore que l&rsquo;Etat est une \u00ab volont\u00e9 \u00e9thique universelle \u00bb, \u00ab une conception spiritualiste de la vie \u00bb, \u00ab une repr\u00e9sentation religieuse du monde \u00bb. On comprend facilement qu&rsquo;il puisse aussi d\u00e9clarer cyniquement : \u00ab Nous avons cr\u00e9\u00e9 un mythe. Le mythe est une foi et une passion. Il n&rsquo;est pas n\u00e9cessaire qu&rsquo;il soit une r\u00e9alit\u00e9 \u00bb.<\/p>\n\n\n\n<p>Un des caract\u00e8res essentiels de toute id\u00e9ologie fasciste sera donc la n\u00e9gation sceptique de la science, du progr\u00e8s scientifique et technique et l&rsquo;affirmation de valeurs mystiques et mythiques destin\u00e9es \u00e0 dissimuler l&rsquo;effort m\u00eame du capitalisme d\u00e9clinant pour maintenir par la force sa domination et \u00e9carter la menace de la pouss\u00e9e r\u00e9volutionnaire. Toute id\u00e9ologie fasciste est contrainte d&rsquo;affirmer que le d\u00e9veloppement \u00ab en profondeur \u00bb dans le sens de l&rsquo;intuition et de l&rsquo;instinct doit remplacer le travail progressif de la technique et de la science. Toute id\u00e9ologie fasciste proclame malgr\u00e9 elle les limitations et l&rsquo;impuissance de la pens\u00e9e bourgeoise. Quand la science devient impossible, quand les pas en avant sont interdits, il ne reste plus de ressources apparentes que dans le repli sur soi de l&rsquo;Esprit. L&rsquo;onanisme intellectuel est l&rsquo;envers de la violence de classe.<\/p>\n\n\n\n<p class=\"has-text-align-right\"><strong>Paul Nizan<\/strong><\/p>\n\n\n<div class=\"wp-block-image\">\n<figure class=\"aligncenter size-full is-resized\"><img data-recalc-dims=\"1\" loading=\"lazy\" decoding=\"async\" width=\"517\" height=\"635\" data-attachment-id=\"29265\" data-permalink=\"https:\/\/sinedjib.com\/index.php\/2026\/09\/04\/paul-nizan-lavenir-de-la-culture\/la-jeune-revolution-9-decembre-1933\/\" data-orig-file=\"https:\/\/i0.wp.com\/sinedjib.com\/wp-content\/uploads\/2026\/09\/LA-jeune-revolution-9-decembre-1933.png?fit=517%2C635&amp;ssl=1\" data-orig-size=\"517,635\" data-comments-opened=\"0\" data-image-meta=\"{&quot;aperture&quot;:&quot;0&quot;,&quot;credit&quot;:&quot;&quot;,&quot;camera&quot;:&quot;&quot;,&quot;caption&quot;:&quot;&quot;,&quot;created_timestamp&quot;:&quot;0&quot;,&quot;copyright&quot;:&quot;&quot;,&quot;focal_length&quot;:&quot;0&quot;,&quot;iso&quot;:&quot;0&quot;,&quot;shutter_speed&quot;:&quot;0&quot;,&quot;title&quot;:&quot;&quot;,&quot;orientation&quot;:&quot;0&quot;}\" data-image-title=\"LA jeune r\u00e9volution 9 d\u00e9cembre 1933\" data-image-description=\"\" data-image-caption=\"\" data-large-file=\"https:\/\/i0.wp.com\/sinedjib.com\/wp-content\/uploads\/2026\/09\/LA-jeune-revolution-9-decembre-1933.png?fit=517%2C635&amp;ssl=1\" src=\"https:\/\/i0.wp.com\/sinedjib.com\/wp-content\/uploads\/2026\/09\/LA-jeune-revolution-9-decembre-1933.png?resize=517%2C635&#038;ssl=1\" alt=\"\" class=\"wp-image-29265\" style=\"aspect-ratio:0.814201873655816;width:383px;height:auto\" srcset=\"https:\/\/i0.wp.com\/sinedjib.com\/wp-content\/uploads\/2026\/09\/LA-jeune-revolution-9-decembre-1933.png?w=517&amp;ssl=1 517w, https:\/\/i0.wp.com\/sinedjib.com\/wp-content\/uploads\/2026\/09\/LA-jeune-revolution-9-decembre-1933.png?resize=244%2C300&amp;ssl=1 244w\" sizes=\"auto, (max-width: 517px) 100vw, 517px\" \/><\/figure>\n<\/div>\n\n\n<hr class=\"wp-block-separator has-alpha-channel-opacity\"\/>\n\n\n\n<figure class=\"wp-block-pullquote\"><blockquote><p><strong>[<a href=\"https:\/\/sinedjib.com\/\">sinedjib.com<\/a>] est librement accessible depuis 2012 afin de faire conna\u00eetre mon actualit\u00e9 et partager des textes issus de mes recherches. Chaque jour ou presque, je retranscris des articles ou documents qui concernent les luttes pour l\u2019\u00e9mancipation.<\/strong><br><strong>Pour soutenir cette d\u00e9marche,\u00a0vous pouvez\u00a0<\/strong><a href=\"https:\/\/sinedjib.com\/index.php\/abonnement\/\">vous abonner<\/a><strong>\u00a0et relayer le contenu de [\u0633\u064a \u0646\u062c\u064a\u0628]. Vous avez aussi la possibilit\u00e9 de\u00a0<\/strong><a href=\"https:\/\/sinedjib.com\/index.php\/mes-livres\/\">vous procurer mes livres<\/a><strong>, comme mon nouvel ouvrage,\u00a0<\/strong><em><a href=\"https:\/\/www.lechappee.org\/collections\/hors-collection\/le-spectre-du-colonialisme\">Le Spectre du colonialisme<\/a><\/em><strong>, disponible dans toutes les bonnes librairies.<\/strong><\/p><cite>Nedjib SIDI MOUSSA<\/cite><\/blockquote><\/figure>\n\n\n<div class=\"wp-block-image\">\n<figure class=\"aligncenter size-full is-resized\"><img data-recalc-dims=\"1\" loading=\"lazy\" decoding=\"async\" width=\"546\" height=\"800\" data-attachment-id=\"27669\" data-permalink=\"https:\/\/sinedjib.com\/index.php\/mes-livres\/le-spectre-du-colonialisme-couv\/\" data-orig-file=\"https:\/\/i0.wp.com\/sinedjib.com\/wp-content\/uploads\/2025\/12\/LE-SPECTRE-DU-COLONIALISME-Couv.jpg?fit=546%2C800&amp;ssl=1\" data-orig-size=\"546,800\" data-comments-opened=\"0\" data-image-meta=\"{&quot;aperture&quot;:&quot;0&quot;,&quot;credit&quot;:&quot;&quot;,&quot;camera&quot;:&quot;&quot;,&quot;caption&quot;:&quot;&quot;,&quot;created_timestamp&quot;:&quot;0&quot;,&quot;copyright&quot;:&quot;&quot;,&quot;focal_length&quot;:&quot;0&quot;,&quot;iso&quot;:&quot;0&quot;,&quot;shutter_speed&quot;:&quot;0&quot;,&quot;title&quot;:&quot;&quot;,&quot;orientation&quot;:&quot;0&quot;}\" data-image-title=\"LE SPECTRE DU COLONIALISME &amp;#8211; Couv\" data-image-description=\"\" data-image-caption=\"\" data-large-file=\"https:\/\/i0.wp.com\/sinedjib.com\/wp-content\/uploads\/2025\/12\/LE-SPECTRE-DU-COLONIALISME-Couv.jpg?fit=546%2C800&amp;ssl=1\" src=\"https:\/\/i0.wp.com\/sinedjib.com\/wp-content\/uploads\/2025\/12\/LE-SPECTRE-DU-COLONIALISME-Couv.jpg?resize=546%2C800&#038;ssl=1\" alt=\"\" class=\"wp-image-27669\" style=\"width:332px;height:auto\" srcset=\"https:\/\/i0.wp.com\/sinedjib.com\/wp-content\/uploads\/2025\/12\/LE-SPECTRE-DU-COLONIALISME-Couv.jpg?w=546&amp;ssl=1 546w, https:\/\/i0.wp.com\/sinedjib.com\/wp-content\/uploads\/2025\/12\/LE-SPECTRE-DU-COLONIALISME-Couv.jpg?resize=205%2C300&amp;ssl=1 205w\" sizes=\"auto, (max-width: 546px) 100vw, 546px\" \/><\/figure>\n<\/div>\n\n\n<p><\/p>\n","protected":false},"excerpt":{"rendered":"<p>Article de Paul Nizan paru dans La Jeune r\u00e9volution, n\u00b0 9, d\u00e9cembre 1933 La crise mondiale du capitalisme entra\u00eene une crise g\u00e9n\u00e9rale de la culture et des id\u00e9es. La mort appara\u00eet \u00e0 tous les tournants de la vie bourgeoise. Ce n&rsquo;est pas seulement une mort de l&rsquo;\u00e9conomie, c&rsquo;est une mort d&rsquo;une culture ancienne. Les clercs [&hellip;]<\/p>\n","protected":false},"author":1,"featured_media":0,"comment_status":"closed","ping_status":"","sticky":false,"template":"","format":"standard","meta":{"_jetpack_newsletter_access":"","_jetpack_dont_email_post_to_subs":false,"_jetpack_newsletter_tier_id":0,"_jetpack_memberships_contains_paywalled_content":false,"_jetpack_feature_clip_id":0,"_jetpack_memberships_contains_paid_content":false,"footnotes":"","jetpack_post_was_ever_published":false},"categories":[8],"tags":[21,2842,5222,2140,457,1350,6102,749,4674,3520,1140],"class_list":["post-29263","post","type-post","status-publish","format-standard","hentry","category-presse","tag-21","tag-anticlericalisme","tag-antifascisme","tag-culture","tag-france","tag-intellectuel","tag-la-jeune-revolution","tag-marxisme","tag-paul-nizan","tag-science","tag-tradition"],"jetpack_featured_media_url":"","jetpack_sharing_enabled":true,"jetpack_shortlink":"https:\/\/wp.me\/p9lTYU-7BZ","jetpack_likes_enabled":true,"jetpack-related-posts":[{"id":6723,"url":"https:\/\/sinedjib.com\/index.php\/2020\/01\/05\/eluard\/","url_meta":{"origin":29263,"position":0},"title":"Paul Eluard : De l&rsquo;usage des guerriers morts","author":"SiNedjib","date":"05\/01\/2020","format":false,"excerpt":"Texte de Paul Eluard paru dans La R\u00e9volution surr\u00e9aliste, n\u00b0 6, 1er mars 1926, p. 29 Une nouvelle religion s'est \u00e9tablie depuis la guerre, une religion qui r\u00e9alise vraiment l'union sacr\u00e9e entre tous les hommes de tous les pays combattants, dont tous les vivants sont les pr\u00eatres aust\u00e8res, une religion\u2026","rel":"","context":"Dans &quot;revues&quot;","block_context":{"text":"revues","link":"https:\/\/sinedjib.com\/index.php\/category\/revues\/"},"img":{"alt_text":"","src":"https:\/\/i0.wp.com\/sinedjib.com\/wp-content\/uploads\/2020\/01\/La-R%C3%A9volution-surr%C3%A9aliste-1er-mars-1926.png?resize=350%2C200&ssl=1","width":350,"height":200},"classes":[]},{"id":18214,"url":"https:\/\/sinedjib.com\/index.php\/2023\/03\/09\/paul-senac-victor-serge-nest-plus\/","url_meta":{"origin":29263,"position":1},"title":"Paul S\u00e9nac : Victor Serge n&rsquo;est plus","author":"SiNedjib","date":"09\/03\/2023","format":false,"excerpt":"Article de Paul S\u00e9nac paru dans Force ouvri\u00e8re, n\u00b0 103, 18 d\u00e9cembre 1947, p. 12 LES restrictions de papier, supprimant nos chroniques, nous font vous parler de la disparition de Victor Serge avec un certain retard. Il y a quelques semaines. nous apprenions de Mexico la fin de Victor Serge\u2026","rel":"","context":"Dans &quot;presse&quot;","block_context":{"text":"presse","link":"https:\/\/sinedjib.com\/index.php\/category\/presse\/"},"img":{"alt_text":"","src":"","width":0,"height":0},"classes":[]},{"id":16438,"url":"https:\/\/sinedjib.com\/index.php\/2022\/06\/23\/gerard-gilles-revolution-economique-revolution-erotique\/","url_meta":{"origin":29263,"position":2},"title":"G\u00e9rard Gilles : R\u00e9volution \u00e9conomique, r\u00e9volution \u00e9rotique","author":"SiNedjib","date":"23\/06\/2022","format":false,"excerpt":"Article de G\u00e9rard Gilles paru dans Recherches libertaires, n\u00b0 2, f\u00e9vrier 1967, p. 1-8 1 - L'EROTISME DE GEORGES BATAILLE. \"Toute r\u00e9volte est sexuelle\" (Andr\u00e9 Breton). Toute sexualit\u00e9 est r\u00e9volutionnaire. Dans le premier article de cette s\u00e9rie consacr\u00e9e \u00e0 la sexologie politique (1), j'ai tent\u00e9 de montrer, \u00e0 travers deux\u2026","rel":"","context":"Dans &quot;revues&quot;","block_context":{"text":"revues","link":"https:\/\/sinedjib.com\/index.php\/category\/revues\/"},"img":{"alt_text":"","src":"https:\/\/i0.wp.com\/sinedjib.com\/wp-content\/uploads\/2022\/06\/erotisme-bataille.jpg?resize=350%2C200","width":350,"height":200,"srcset":"https:\/\/i0.wp.com\/sinedjib.com\/wp-content\/uploads\/2022\/06\/erotisme-bataille.jpg?resize=350%2C200 1x, https:\/\/i0.wp.com\/sinedjib.com\/wp-content\/uploads\/2022\/06\/erotisme-bataille.jpg?resize=525%2C300 1.5x, https:\/\/i0.wp.com\/sinedjib.com\/wp-content\/uploads\/2022\/06\/erotisme-bataille.jpg?resize=700%2C400 2x, https:\/\/i0.wp.com\/sinedjib.com\/wp-content\/uploads\/2022\/06\/erotisme-bataille.jpg?resize=1050%2C600 3x"},"classes":[]},{"id":18322,"url":"https:\/\/sinedjib.com\/index.php\/2023\/03\/17\/paul-senac-le-soleil-entre-les-mains-de-garet-garrett-le-yogi-et-le-commissaire-darthur-koestler\/","url_meta":{"origin":29263,"position":3},"title":"Paul S\u00e9nac : \u00ab\u00a0Le Soleil entre les mains\u00a0\u00bb de Garet Garrett, \u00ab\u00a0Le Yogi et le commissaire\u00a0\u00bb d&rsquo;Arthur Koestler","author":"SiNedjib","date":"17\/03\/2023","format":false,"excerpt":"Article de Paul S\u00e9nac paru dans Force ouvri\u00e8re, n\u00b0 48, 21 novembre 1946, p. 11 Nous nous d\u00e9battons tous, il faut en convenir, dans un chaos intellectuel indescriptible. Une immense supplication, comme une pri\u00e8re, monte des foules inqui\u00e8tes vers ceux qui m\u00e8nent le monde. \"Dans votre sillage, messieurs, o\u00f9 allons-nous\u2026","rel":"","context":"Dans &quot;presse&quot;","block_context":{"text":"presse","link":"https:\/\/sinedjib.com\/index.php\/category\/presse\/"},"img":{"alt_text":"","src":"https:\/\/i0.wp.com\/sinedjib.com\/wp-content\/uploads\/2023\/03\/7799231219.jpg?resize=350%2C200","width":350,"height":200,"srcset":"https:\/\/i0.wp.com\/sinedjib.com\/wp-content\/uploads\/2023\/03\/7799231219.jpg?resize=350%2C200 1x, https:\/\/i0.wp.com\/sinedjib.com\/wp-content\/uploads\/2023\/03\/7799231219.jpg?resize=525%2C300 1.5x, https:\/\/i0.wp.com\/sinedjib.com\/wp-content\/uploads\/2023\/03\/7799231219.jpg?resize=700%2C400 2x"},"classes":[]},{"id":14092,"url":"https:\/\/sinedjib.com\/index.php\/2021\/09\/21\/20-ans-apres-le-printemps-noir-en-kabylie\/","url_meta":{"origin":29263,"position":4},"title":"20 ans apr\u00e8s le \u00ab\u00a0Printemps noir\u00a0\u00bb en Kabylie","author":"SiNedjib","date":"21\/09\/2021","format":false,"excerpt":"Mon dernier article intitul\u00e9 \u201c20 ans apr\u00e8s le \u2018Printemps noir\u2019 en Kabylie\u201d vient de para\u00eetre dans\u00a0La R\u00e9volution prol\u00e9tarienne, n\u00b0 814, septembre 2021, p. 17-19. Il s'agit du texte de mon intervention \u00e0 la rencontre \"C\u00e9l\u00e9brons la Commune\" organis\u00e9e le 30 mai \u00e0 Montreuil. En voici les premi\u00e8res lignes : Une\u2026","rel":"","context":"Dans &quot;publications&quot;","block_context":{"text":"publications","link":"https:\/\/sinedjib.com\/index.php\/category\/publications\/"},"img":{"alt_text":"","src":"https:\/\/i0.wp.com\/sinedjib.com\/wp-content\/uploads\/2021\/09\/couv-de-rp814pageapage.jpg?resize=350%2C200&ssl=1","width":350,"height":200},"classes":[]},{"id":28379,"url":"https:\/\/sinedjib.com\/index.php\/2026\/03\/22\/deux-livres-de-femmes-sur-les-femmes\/","url_meta":{"origin":29263,"position":5},"title":"Deux livres de femmes sur les femmes","author":"SiNedjib","date":"22\/03\/2026","format":false,"excerpt":"Article sign\u00e9 A. M. paru dans R\u00e9volution africaine, n\u00b0 98, 12 d\u00e9cembre 1964 MADAME Fadela M'Rabet, journaliste et animatrice \u00e0 la radio d'Alger, vient de faire para\u00eetre aux \u00e9ditions Fran\u00e7ois Maspero, un livre intitul\u00e9 \u00ab La femme alg\u00e9rienne \u00bb. Avant toute chose, saluons l'\u00e9v\u00e9nement : le premier livre depuis l'ind\u00e9pendance\u2026","rel":"","context":"Dans &quot;livres&quot;","block_context":{"text":"livres","link":"https:\/\/sinedjib.com\/index.php\/category\/livres\/"},"img":{"alt_text":"","src":"https:\/\/i0.wp.com\/sinedjib.com\/wp-content\/uploads\/2026\/03\/Revolution-africaine-1964.jpg?resize=350%2C200&ssl=1","width":350,"height":200,"srcset":"https:\/\/i0.wp.com\/sinedjib.com\/wp-content\/uploads\/2026\/03\/Revolution-africaine-1964.jpg?resize=350%2C200&ssl=1 1x, https:\/\/i0.wp.com\/sinedjib.com\/wp-content\/uploads\/2026\/03\/Revolution-africaine-1964.jpg?resize=525%2C300&ssl=1 1.5x"},"classes":[]}],"_links":{"self":[{"href":"https:\/\/sinedjib.com\/index.php\/wp-json\/wp\/v2\/posts\/29263","targetHints":{"allow":["GET"]}}],"collection":[{"href":"https:\/\/sinedjib.com\/index.php\/wp-json\/wp\/v2\/posts"}],"about":[{"href":"https:\/\/sinedjib.com\/index.php\/wp-json\/wp\/v2\/types\/post"}],"author":[{"embeddable":true,"href":"https:\/\/sinedjib.com\/index.php\/wp-json\/wp\/v2\/users\/1"}],"replies":[{"embeddable":true,"href":"https:\/\/sinedjib.com\/index.php\/wp-json\/wp\/v2\/comments?post=29263"}],"version-history":[{"count":2,"href":"https:\/\/sinedjib.com\/index.php\/wp-json\/wp\/v2\/posts\/29263\/revisions"}],"predecessor-version":[{"id":29267,"href":"https:\/\/sinedjib.com\/index.php\/wp-json\/wp\/v2\/posts\/29263\/revisions\/29267"}],"wp:attachment":[{"href":"https:\/\/sinedjib.com\/index.php\/wp-json\/wp\/v2\/media?parent=29263"}],"wp:term":[{"taxonomy":"category","embeddable":true,"href":"https:\/\/sinedjib.com\/index.php\/wp-json\/wp\/v2\/categories?post=29263"},{"taxonomy":"post_tag","embeddable":true,"href":"https:\/\/sinedjib.com\/index.php\/wp-json\/wp\/v2\/tags?post=29263"}],"curies":[{"name":"wp","href":"https:\/\/api.w.org\/{rel}","templated":true}]}}