{"id":29268,"date":"2026-09-05T15:18:15","date_gmt":"2026-09-05T13:18:15","guid":{"rendered":"https:\/\/sinedjib.com\/?p=29268"},"modified":"2026-09-05T15:18:15","modified_gmt":"2026-09-05T13:18:15","slug":"maxime-rodinson-israel-une-lutte-de-liberation-nationale","status":"publish","type":"post","link":"https:\/\/sinedjib.com\/index.php\/2026\/09\/05\/maxime-rodinson-israel-une-lutte-de-liberation-nationale\/","title":{"rendered":"Maxime Rodinson : Isra\u00ebl, une lutte de lib\u00e9ration nationale ?"},"content":{"rendered":"\n<p><strong>Article de <a href=\"https:\/\/maitron.fr\/rodinson-maxime\/\">Maxime Rodinson<\/a> paru dans <em>Partisans<\/em>, n\u00b0 21, juin-juillet-ao\u00fbt 1965, p. 34-40<\/strong><\/p>\n\n\n<div class=\"wp-block-image\">\n<figure class=\"aligncenter size-full\"><img data-recalc-dims=\"1\" loading=\"lazy\" decoding=\"async\" width=\"518\" height=\"157\" data-attachment-id=\"26969\" data-permalink=\"https:\/\/sinedjib.com\/index.php\/2025\/08\/11\/andre-serfati-juif-algerien\/partisans-1961\/\" data-orig-file=\"https:\/\/i0.wp.com\/sinedjib.com\/wp-content\/uploads\/2025\/08\/partisans-1961.jpg?fit=518%2C157&amp;ssl=1\" data-orig-size=\"518,157\" data-comments-opened=\"0\" data-image-meta=\"{&quot;aperture&quot;:&quot;0&quot;,&quot;credit&quot;:&quot;&quot;,&quot;camera&quot;:&quot;&quot;,&quot;caption&quot;:&quot;&quot;,&quot;created_timestamp&quot;:&quot;0&quot;,&quot;copyright&quot;:&quot;&quot;,&quot;focal_length&quot;:&quot;0&quot;,&quot;iso&quot;:&quot;0&quot;,&quot;shutter_speed&quot;:&quot;0&quot;,&quot;title&quot;:&quot;&quot;,&quot;orientation&quot;:&quot;0&quot;}\" data-image-title=\"partisans 1961\" data-image-description=\"\" data-image-caption=\"\" data-large-file=\"https:\/\/i0.wp.com\/sinedjib.com\/wp-content\/uploads\/2025\/08\/partisans-1961.jpg?fit=518%2C157&amp;ssl=1\" src=\"https:\/\/i0.wp.com\/sinedjib.com\/wp-content\/uploads\/2025\/08\/partisans-1961.jpg?resize=518%2C157&#038;ssl=1\" alt=\"\" class=\"wp-image-26969\" srcset=\"https:\/\/i0.wp.com\/sinedjib.com\/wp-content\/uploads\/2025\/08\/partisans-1961.jpg?w=518&amp;ssl=1 518w, https:\/\/i0.wp.com\/sinedjib.com\/wp-content\/uploads\/2025\/08\/partisans-1961.jpg?resize=300%2C91&amp;ssl=1 300w\" sizes=\"auto, (max-width: 518px) 100vw, 518px\" \/><\/figure>\n<\/div>\n\n\n<p class=\"has-text-align-right\"><em>Lors d&rsquo;une r\u00e9union organis\u00e9e le 14 mai dernier par l&rsquo;Union G\u00e9n\u00e9rale des Etudiants Palestiniens (en collaboration avec les autres organisations estudiantines arabes), \u00e0 l&rsquo;occasion de l&rsquo;anniversaire de la cr\u00e9ation de l&rsquo;Etat d&rsquo;Isra\u00ebl, un court expos\u00e9 que j&rsquo;ai prononc\u00e9 a amen\u00e9 des contradictions int\u00e9ressantes. Elles posent en effet un probl\u00e8me th\u00e9orique important et un probl\u00e8me d&rsquo;action politique primordial. C&rsquo;est en r\u00e9alit\u00e9 une interrogation que le mouvement national arabe pose \u00e0 la gauche europ\u00e9enne et non-arabe en g\u00e9n\u00e9ral.<\/em><\/p>\n\n\n\n<!--more-->\n\n\n\n<p>L&rsquo;opinion que j&rsquo;exprimais repr\u00e9sentait en fait le point extr\u00eame jusqu&rsquo;o\u00f9 veut aller la majorit\u00e9 de la gauche non-arabe dans le soutien aux aspirations nationales arabes. Dans l&rsquo;\u00e9tat actuel de la question (l&rsquo;attitude ult\u00e9rieure du gouvernement isra\u00e9lien pourrait tout faire changer), ne veulent aller au-del\u00e0 que l&rsquo;extr\u00eame-gauche pro-chinoise et les individus, fussent-ils d&rsquo;extr\u00eame-droite, atteints par le \u00ab complexe de Lawrence \u00bb c&rsquo;est-\u00e0-dire pr\u00eats \u00e0 s&rsquo;identifier aux Arabes et \u00e0 combattre pour toutes les causes arabes sans en examiner la valeur. Encore, malgr\u00e9 la position de principe r\u00e9cemment affich\u00e9e par le gouvernement chinois, beaucoup d&rsquo;adeptes des th\u00e8ses chinoises ne semblent pas pr\u00eats \u00e0 le suivre sur ce point comme le montre au moins leur silence embarrass\u00e9.<\/p>\n\n\n\n<p>Lorsque les contradicteurs en question (ce furent ce soir-l\u00e0 un Fran\u00e7ais et deux Arabes) rel\u00e8vent une incoh\u00e9rence dans mes propos, il s&rsquo;agit donc de savoir en r\u00e9alit\u00e9 si c&rsquo;est la gauche non-arabe, sensible \u00e0 la justesse des th\u00e8ses arabes, qui n&rsquo;ose pas aller jusqu&rsquo;au bout de sa pens\u00e9e. Et m\u00eame, ce qui est plus grave, s&rsquo;il n&rsquo;y a pas l\u00e0 encore une manifestation d&rsquo;europ\u00e9o-centrisme, donc de racisme camoufl\u00e9. La complaisance envers l&rsquo;Etat d&rsquo;Isra\u00ebl pourrait masquer un choix, une sympathie inavou\u00e9e, pardonnant \u00e0 un peuplement europ\u00e9en (au moins dans ses \u00e9l\u00e9ments dirigeants) ce qui n&rsquo;a pas \u00e9t\u00e9 pardonn\u00e9 \u00e0 d&rsquo;autres (pourtant encore plus europ\u00e9ens !). Au maximum, chez les Juifs comme moi, on pourrait soup\u00e7onner une r\u00e9surgence d&rsquo;un patriotisme juif, plus ou moins refoul\u00e9 pendant longtemps, mais se manifestant \u00e0 nouveau par sursaut devant les ultimes cons\u00e9quences des positions prises.<\/p>\n\n\n\n<p>La question se pose r\u00e9ellement et a de grosses implications th\u00e9oriques. Je suis reconnaissant \u00e0 ceux qui m&rsquo;ont pouss\u00e9 \u00e0 la formuler nettement.<\/p>\n\n\n\n<p class=\"has-large-font-size\"><strong>UNE LUTTE DE LIB\u00c9RATION NATIONALE ?<\/strong><\/p>\n\n\n\n<p>Pour qu&rsquo;aucun doute ne subsiste chez les Arabes qui pourront lire cet article isol\u00e9ment, je r\u00e9sume tr\u00e8s bri\u00e8vement ici les th\u00e8ses que j&rsquo;ai d\u00e9velopp\u00e9es ailleurs depuis une dizaine d&rsquo;ann\u00e9es, et que je ne renie pas sauf certaines formulations \u00ab staliniennes \u00bb (1). Ce sont d&rsquo;ailleurs tout simplement les th\u00e8ses communistes essentielles, celles de l&rsquo;\u00e9poque o\u00f9 le communisme repr\u00e9sentait la seule aile cons\u00e9quente du mouvement socialiste. Et sur ce probl\u00e8me les int\u00e9r\u00eats d&rsquo;Etat de l&rsquo;Union Sovi\u00e9tique non plus que les d\u00e9viations id\u00e9ologiques du stalinisme ne venaient troubler l&rsquo;analyse.<\/p>\n\n\n\n<p>Le sionisme repr\u00e9sente un mouvement nationaliste d&rsquo;un type particulier. Dans le milieu juif europ\u00e9en du XIXe et du d\u00e9but du XXe si\u00e8cle, il repr\u00e9sentait une option, d\u00e9tournant les \u00e9nergies des masses juives plus ou moins pers\u00e9cut\u00e9es et discrimin\u00e9es de la lutte directe contre les Etats pers\u00e9cuteurs vers une \u00ab utopie \u00bb nationale, la cr\u00e9ation <em>ex nihilo<\/em> d&rsquo;un Etat dont importait seul le caract\u00e8re national juif. D&rsquo;o\u00f9 la faveur dont cette option b\u00e9n\u00e9ficia de la part d&rsquo;antis\u00e9mites av\u00e9r\u00e9s qui partageaient sa th\u00e8se essentielle : le caract\u00e8re \u00e9tranger des Juifs en Europe (2). De plus, tirant parti, pour b\u00e9n\u00e9ficier d&rsquo;un soutien de masse, des aspirations religieuses encore vivantes chez les Juifs d&rsquo;Europe orientale, le sionisme \u00e9tait amen\u00e9 \u00e0 revendiquer un territoire, la Palestine, occup\u00e9 par un autre peuple, les Arabes. Seule une d\u00e9marche de caract\u00e8re nettement mythologique pouvait attribuer des droits sur cette terre \u00e0 des populations telles que les Juifs europ\u00e9ens. Pour aboutir \u00e0 son but, l&#8217;emprise sur la Palestine, le mouvement sioniste \u00e9tait fatalement conduit \u00e0 se situer dans le cadre de l&rsquo;expansion europ\u00e9enne aux d\u00e9pens des peuples des autres continents. Ce fut donc typiquement un mouvement \u00ab colonialiste \u00bb quelles qu&rsquo;aient pu \u00eatre les aspirations socialistes d&rsquo;un grand nombre de sionistes militants et conqu\u00e9rants. Ce socialisme \u00e9tait d&rsquo;ailleurs surtout \u00e0 usage interne, national, d\u00e9bouchant tr\u00e8s rarement sur une vision internationaliste du probl\u00e8me.<\/p>\n\n\n\n<p>Il est vrai que les Arabes, au d\u00e9but de leur mouvement national, ont aussi utilis\u00e9, pour parvenir \u00e0 leurs fins, les imp\u00e9rialismes et qu&rsquo;ils ont manifest\u00e9 encore moins de tendances internationalistes. Mais, sous la forme de maturit\u00e9 que ce mouvement \u00e9tait n\u00e9cessairement amen\u00e9 \u00e0 prendre, une contradiction fondamentale l&rsquo;opposait \u00e0 ces imp\u00e9rialismes et il a \u00e9t\u00e9 pouss\u00e9 \u00e0 se dresser contre eux. Au contraire, les aspirations \u00e0 long terme du nationalisme sioniste sous sa forme dominante l&rsquo;ont pouss\u00e9 \u00e0 s&rsquo;accorder avec les imp\u00e9rialismes qui, seuls, pouvaient lui fournir un appui contre les aspirations nationales arabes auxquelles il s&rsquo;oppose. L&rsquo;Etat d&rsquo;Isra\u00ebl, aboutissement du mouvement sioniste, a \u00e9t\u00e9 amen\u00e9 \u00e0 constituer un appendice du syst\u00e8me imp\u00e9rialiste mondial par lequel les nations industriellement d\u00e9velopp\u00e9es tirent parti de leur sup\u00e9riorit\u00e9 \u00e9conomique pour dominer et expioiter (sous des formes maintenant plus ou moins indirectes et masqu\u00e9es) le monde des pays moins d\u00e9velopp\u00e9s.<\/p>\n\n\n\n<p>Contre Isra\u00ebl, les Arabes soutiennent-ils donc une lutte de lib\u00e9ration nationale ? Cela para\u00eet incontestable. Les Arabes de Palestine sont actuellement divis\u00e9s en trois groupes. La minorit\u00e9 arabe rest\u00e9e en Isra\u00ebl (environ 250.000 individus en 1961 contre 1.985.000 Juifs) est une minorit\u00e9 nationale souffrant d&rsquo;un certain nombre d&rsquo;incapacit\u00e9s l\u00e9gales, de mesures de discrimination, subissant l&rsquo;autorit\u00e9 de la majorit\u00e9 juive (3). Les r\u00e9fugi\u00e9s arabes ayant fui le territoire isra\u00e9lien au cours de la guerre de 1948-1949 et emp\u00each\u00e9s d&rsquo;y retourner, sont au nombre de plus d&rsquo;un million vivant dans des conditions lamentables en g\u00e9n\u00e9ral dans les camps sp\u00e9ciaux subventionn\u00e9s maigrement par les Nations-Unies (4). Enfin, le territoire de l&rsquo;ancienne Palestine (dans ses limites du temps du mandat britannique) annex\u00e9 par la Jordanie, doit contenir environ un demi-million d&rsquo;Arabes palestiniens demeures sur place. Tous aspirent normalement \u00e0 recouvrer d&rsquo;une fa\u00e7on ou d&rsquo;une autre leur autonomie de d\u00e9cision nationale (5) et les r\u00e9fugi\u00e9s au surplus \u00e0 rentrer dans leur pays, \u00e0 recouvrer leurs terres et leurs biens. Ce sont l\u00e0 incontestablement des caract\u00e9ristiques d&rsquo;un mouvement de lib\u00e9ration nationale et des objectifs analogues ont \u00e9t\u00e9 ailleurs consid\u00e9r\u00e9s comme l\u00e9gitimes par l&rsquo;opinion progressiste internationale. Des mouvements de ce type en ont re\u00e7u l&rsquo;appui sur le plan de la propagande et parfois sur le plan de l&rsquo;aide pratique.<\/p>\n\n\n\n<p>Le soutien accord\u00e9 par les Arabes en dehors de la Palestine au mouvement arabe palestinien pose des probl\u00e8mes th\u00e9oriques difficiles. Ils impliquent la grave question des facteurs d&rsquo;unit\u00e9 et de diff\u00e9renciation des peuples de langue arabe. Je ne veux dire ici que quelques grandes lignes tr\u00e8s simples. Un sentiment de solidarit\u00e9 populaire existe en faveur des revendications arabes palestiniennes, particuli\u00e8rement fort en Orient et surtout dans l&rsquo;Asie arabe o\u00f9 les divers Etats n&rsquo;ont \u00e9t\u00e9 s\u00e9par\u00e9s de la Palestine par des fronti\u00e8res artificielles qu&rsquo;en 1920. Les gouvernements arabes, s&rsquo;appuyant sur ce sentiment, l&rsquo;utilisent naturellement pour leurs buts particuliers de politique int\u00e9rieure et ext\u00e9rieure. On peut souvent \u00eatre d\u00e9fiant \u00e0 l&rsquo;\u00e9gard de ces manipulations. Les Arabes palestiniens sont d&rsquo;ailleurs les premiers \u00e0 s&rsquo;en d\u00e9fier. Mais le sentiment de solidarit\u00e9 de populations pr\u00e9sentant une certaine unit\u00e9 ethnique est un fait r\u00e9el, fortement enracin\u00e9 et au surplus l\u00e9gitime.<\/p>\n\n\n\n<p class=\"has-large-font-size\"><strong>VOIE GUERRI\u00c8RE OU VOIE PACIFIQUE ?<\/strong><\/p>\n\n\n\n<p>C&rsquo;est ici que les voies divergent, m\u00eame pour le petit nombre de progressistes non-arabes qui ont accept\u00e9 l&rsquo;exactitude de l&rsquo;analyse r\u00e9sum\u00e9e ci-dessus. On sait en effet que la propagande sioniste extr\u00eamement active, le sentiment de solidarit\u00e9 juive chez les uns, la sympathie envers les Juifs victimes des pers\u00e9cutions hitl\u00e9riennes, la haine de l&rsquo;antis\u00e9mitisme chez les autres, la confusion savamment d\u00e9velopp\u00e9e et entretenue entre la pers\u00e9cution antis\u00e9mite barbare, sans ombre de fondement, raciste et r\u00e9actionnaire et la lutte nationale arabe contre l&rsquo;Etat d&rsquo;Isra\u00ebl (6) ont abouti \u00e0 des succ\u00e8s importants. Ils ont accr\u00e9dit\u00e9 dans de larges secteurs de l&rsquo;opinion europ\u00e9enne (y compris la gauche) les th\u00e8ses sionistes des droits imprescriptibles et exclusifs des Juifs sur la Palestine, de l&rsquo;antis\u00e9mitisme raciste des Arabes, voire du caract\u00e8re socialiste de l&rsquo;Etat isra\u00e9lien. Th\u00e8ses fausses que j&rsquo;ai d\u00e9j\u00e0 combattues et que je combattrai encore, mais je ne veux pas en reprendre la discussion en ce moment et ici, admettant que je m&rsquo;adresse uniquement \u00e0 ceux qui n&rsquo;y adh\u00e8rent pas.<\/p>\n\n\n\n<p>Les Arabes, normalement, du caract\u00e8re de lib\u00e9ration nationale de leur lutte, d\u00e9duisent qu&rsquo;elle doit \u00eatre men\u00e9e aussit\u00f4t que possible par les moyens militaires employ\u00e9s dans d&rsquo;autres luttes de ce type et qui ont abouti \u00e0 la lib\u00e9ration recherch\u00e9e. L&rsquo;exemple alg\u00e9rien est souvent mis en avant et notre soutien \u00e0 la lutte alg\u00e9rienne invoqu\u00e9 comme pr\u00e9c\u00e9dent. Le gouvernement  chinois les suit sur cette voie ainsi que d&rsquo;autres \u00e9l\u00e9ments.<\/p>\n\n\n\n<p>Les forces progressistes, souvent, r\u00e9pugnent \u00e0 aller aussi loin et pr\u00eachent une solution pacifique. Mais jusqu&rsquo;\u00e0 pr\u00e9sent elles n&rsquo;ont gu\u00e8re fond\u00e9 cette attitude sur des assises th\u00e9oriques s\u00e9rieuses. Elles sont d\u00e8s lors suspectes de pacifisme unilat\u00e9ral et de complaisance envers <em>certains <\/em>colonialistes.<\/p>\n\n\n\n<p>Je crois qu&rsquo;il y a une base th\u00e9orique s\u00e9rieuse \u00e0 cette pr\u00e9f\u00e9rence conditionnelle) pour une solution pacifique.<\/p>\n\n\n\n<p>La guerre est la poursuite de la politique par d&rsquo;autres moyens, comme aimait \u00e0 le r\u00e9p\u00e9ter L\u00e9nine d&rsquo;apr\u00e8s Clausewitz. Une politique de lib\u00e9ration nationale, comme une politique de lib\u00e9ration d&rsquo;une classe sociale, peuvent d\u00e9boucher sur les m\u00e9thodes militaires dans certaines conditions. Ce n&rsquo;est jamais une obligation. M\u00eame les Chinois l&rsquo;admettent en principe : <em>\u00ab Le parti prol\u00e9tarien et le peuple r\u00e9volutionnaire doivent savoir mener la lutte sous toutes ses formes, y compris la lutte arm\u00e9e. \u00bb <\/em>(7) <em>\u00ab Il faut que le parti du prol\u00e9tariat se pr\u00e9pare \u00e0 deux \u00e9ventualit\u00e9s, c&rsquo;est-\u00e0-dire que tout en se pr\u00e9parant au d\u00e9veloppement pacifique de la r\u00e9volution, il doit se pr\u00e9parer pleinement au d\u00e9veloppement non-pacifique \u00bb<\/em> (8).<\/p>\n\n\n\n<p>Dire, comme on le dit souvent, que la lib\u00e9ration nationale n&rsquo;est jamais acquise sans guerre est une erreur historique. Il y a d&rsquo;ailleurs toutes les gradations possibles entre les formes de lutte \u00ab pacifiques \u00bb et la lutte militaire : manifestations de masse, d\u00e9monstrations violentes limit\u00e9es, petits coups de force, gu\u00e9rilla et maquis, lutte arm\u00e9e de grande envergure. L&rsquo;exemple d&rsquo;une r\u00e9volution ou d&rsquo;une guerre de lib\u00e9ration nationale r\u00e9ussie peut contraindre ailleurs des classes ou nations oporessives \u00e0 des concessions tr\u00e8s importantes, voire \u00e0 une capitulation. Le Maroc, l&rsquo;Egypte n&rsquo;ont pas gagn\u00e9 leur ind\u00e9pendance par des luttes de type militaire. La Syrie et le Liban l&rsquo;ont obtenue avec quelques fortes manifestations et en jouant des contradictions imp\u00e9rialistes. L&rsquo;Afrique noire est devenue ind\u00e9pendante simplement par la crainte des m\u00e9tropoles devant l&rsquo;\u00e9ventualit\u00e9 d&rsquo;une guerre de type alg\u00e9rien. Plus anciennement, les masses hindoues n&rsquo;ont jamais eu recours aux maquis. Si l&rsquo;on dit qu&rsquo;il s&rsquo;agit d&rsquo;une ind\u00e9pendance plus ou moins factice, que la d\u00e9pendance subsiste par les m\u00e9thodes n\u00e9o-colonialistes, il est facile de r\u00e9pondre que, dans le cas palestinien, une m\u00e9thode militaire \u00e9ventuelle ne garantirait nullement contre un asservissement camoufl\u00e9 de ce type. La lutte contre les m\u00e9thodes d&rsquo;asservissement n\u00e9o-colonialistes est un autre probl\u00e8me qui se pose une fois l&rsquo;ind\u00e9pendance \u00ab formelle \u00bb acquise. Ceci est seulement pour dire que l&rsquo;obtention de cette ind\u00e9pendance \u00ab formelle \u00bb des Arabes palestiniens (c&rsquo;est leur seul probl\u00e8me en ce moment) n&rsquo;est pas <em>forc\u00e9ment <\/em>\u00e0 envisager par les moyens militaires.<\/p>\n\n\n\n<p>D&rsquo;autre part, la lib\u00e9ration nationale est une lutte contre l&rsquo;oppression nationale. L&rsquo;oppression nationale peut rev\u00eatir des formes multiples. Il est n\u00e9cessaire de les distinguer et on ne peut conclure d&rsquo;une m\u00e9thode applicable ou appliqu\u00e9e \u00e0 une de ces formes que cette m\u00e9thode a une validit\u00e9 g\u00e9n\u00e9rale.<\/p>\n\n\n\n<p>Quand l&rsquo;oppression, la domination, s&rsquo;exercent de loin par l&rsquo;interm\u00e9diaire d&rsquo;une mince couche de fonctionnaires et de militaires m\u00e9tropolitains, le probl\u00e8me est simple. La lutte doit viser \u00e0 l&rsquo;\u00e9limination de cette couche en obligeant la m\u00e9tropole \u00e0 renoncer \u00e0 sa politique de domination. Ainsi dans l&rsquo;Inde anglaise ou dans l&rsquo;Afrique noire francophone.<\/p>\n\n\n\n<p>Si la domination a entra\u00een\u00e9 une colonisation de peuplement, le probl\u00e8me est plus complexe. Il devient un probl\u00e8me de relations entre deux ethnies install\u00e9es en proportions in\u00e9gales sur le m\u00eame territoire et dont l&rsquo;une domine l&rsquo;autre sous des formes multiples et \u00e0 des degr\u00e9s diff\u00e9rents suivant les cas.<\/p>\n\n\n\n<p>Naturellement l&rsquo;id\u00e9ologie progressiste dont je m&rsquo;inspire et dont s&rsquo;inspirent ceux \u00e0 qui je m&rsquo;adresse, nous impose de lutter contre toute forme de domination par toutes les m\u00e9thodes n\u00e9cessaires. Mais nous impose-t-elle de lutter contre toute pr\u00e9sence \u00e9trang\u00e8re, r\u00e9sultat de la violence, de la conqu\u00eate et de l&rsquo;oppression ?<\/p>\n\n\n\n<p class=\"has-large-font-size\"><strong>LE FAIT ACCOMPLI.<\/strong><\/p>\n\n\n\n<p>La r\u00e9ponse est extr\u00eamement d\u00e9licate. Un contradicteur me disait que l&rsquo;acceptation du fait accompli n&rsquo;est pas r\u00e9volutionnaire. Je ne connais pas de principe m\u00e9taphysique qui distingue ce qui est r\u00e9volutionnaire et ce qui ne l&rsquo;est pas. Je constate que les r\u00e9gimes les plus r\u00e9volutionnaires ont accept\u00e9, de gr\u00e9 ou de force, maints faits accomplis. Ceci est particuli\u00e8rement vrai en ce qui concerne les d\u00e9placements de population. Tout d\u00e9pend du temps \u00e9coul\u00e9 et des circonstances concr\u00e8tes. L&rsquo;Union Sovi\u00e9tique a accept\u00e9 les d\u00e9placements de population qui ont \u00e9t\u00e9 la cons\u00e9quence des conqu\u00eates tsaristes et les a m\u00eame accentu\u00e9es, parfois. En 1920, au Kazakhstan sovi\u00e9tique, il y avait 27 % de colons russes. En 1959, ils \u00e9taient plus de 52 %. Il est tr\u00e8s douteux qu&rsquo;on fut arriv\u00e9 \u00e0 cette situation sans l&rsquo;activit\u00e9 colonisatrice des tsars. De m\u00eame, si la R\u00e9publique populaire de Chine contient dans ses limites le Tibet et le Sin-Kiang ou\u00efgour, cela est \u00e9videmment d\u00fb aux conqu\u00eates des empereurs han. L&rsquo;Alsace est depuis longtemps francaise dans tous les sens valables du mot, mais sa francisation ne s&rsquo;est faite que parce qu&rsquo;elle avait \u00e9t\u00e9 conquise militairement au cours de la guerre de Trente Ans. Les Arabes ont conquis par la force au VIIe si\u00e8cle le vaste territoire depuis longtemps arabis\u00e9 \u00e0 peu pr\u00e8s au moment o\u00f9 les Slaves envahissaient non moins brutalement les Balkans, formant la base ethnique d&rsquo;Etats comme la Bulgarie et la Yougoslavie que personne ne propose de rendre \u2026 \u00e0 qui au fait ?<\/p>\n\n\n\n<p>Naturellement, ces faits acquis sont immoraux. Plus la conqu\u00eate a \u00e9t\u00e9 sanglante, totale, brutale et plus le fait est acquis, ce qui est profond\u00e9ment immoral. Les colons anglo-saxons ont an\u00e9anti tous les indig\u00e8nes de la Tasmanie, ce qui fait que personne ne peut revendiquer quoi que ce soit sur le caract\u00e8re \u00ab tasmanien \u00bb de la Tasmanie. Pas tr\u00e8s loin de ce cas-limite, les Anglo-Saxons des Etats-Unis ont si bien r\u00e9duit les moyens d&rsquo;existence des tribus indiennes que nul ne pense \u00e0 soutenir les droits incontestables de ces vestiges d&rsquo;une population florissante sur les 48 Etats entre San Francisco et New York. Mais la morale est impuissante en face de ph\u00e9nom\u00e8nes de cette envergure.<\/p>\n\n\n\n<p>La lutte alg\u00e9rienne elle-m\u00eame \u00e9tait men\u00e9e contre la domination pied-noir, non contre la pr\u00e9sence pied-noir. Cent appels et proclamations du F.L.N. l&rsquo;attestent. Si la majorit\u00e9 des Pieds-Noirs ne pouvant accepter les nouvelles conditions de leur pr\u00e9sence en Alg\u00e9rie ont pr\u00e9f\u00e9r\u00e9 partir, c&rsquo;est l\u00e0 un d\u00e9veloppement ind\u00e9pendant de ce principe. Observons \u00e0 ce propos que bien peu de propositions positives ont \u00e9t\u00e9 faites jusqu&rsquo;ici aux Juifs d&rsquo;Isra\u00ebl concernant les conditions de leur pr\u00e9sence sur la terre palestinienne contrairement aux nombreux appels du F.L.N. dans ce sens. Ailleurs, la lutte contre la domination blanche sur les Bantous d&rsquo;Afrique du Sud n&rsquo;a non plus entra\u00een\u00e9 personne jusqu&rsquo;ici (\u00e0 ma connaissance) \u00e0 pr\u00e9coniser l&rsquo;expulsion totale de la population blanche de cette r\u00e9gion, si d\u00e9plorable que soit le comportement de ses dirigeants.<\/p>\n\n\n\n<p>Une lutte \u00e9ventuelle contre la pr\u00e9sence de la colonie juive d&rsquo;Isra\u00ebl en terre palestinienne me para\u00eet difficilement justifiable. Il est \u00e0 noter d&rsquo;ailleurs, restreignant la validit\u00e9 de ce que je viens de dire, que des organisations comme le Front D\u00e9mocratique Palestinien ont reconnu une certaine pr\u00e9sence juive en Palestine comme devant se poursuivre en essayant d&rsquo;y marquer des limites d&rsquo;apr\u00e8s la date d&rsquo;immigration. On parle de plus en plus dans les milieux arabes les plus belliqueux de la destruction d&rsquo;Isra\u00ebl <em>sous sa forme actuelle<\/em>.<\/p>\n\n\n\n<p>Une lutte contre la domination de l&rsquo;\u00e9l\u00e9ment juif sur l&rsquo;\u00e9l\u00e9ment arabe est au contraire dans la ligne de la pens\u00e9e progressiste. Doit-elle se faire fatalement par des moyens militaires ? C&rsquo;est une question de politique et aussi de morale. Aucun principe m\u00e9taphysique n&rsquo;oblige \u00e0 pr\u00e9f\u00e9rer la voie violente. Aucun principe politique non plus. Les marxistes n&rsquo;ont jamais pr\u00e9tendu que le choix de la violence \u00e9tait affaire de principe. C&rsquo;est affaire de circonstances. Et toute l&rsquo;\u00e9thique implicite dans l&rsquo;attitude marxiste pousse \u00e0 essayer d&rsquo;\u00e9viter les catastrophes humaines quand on le peut.<\/p>\n\n\n\n<p>Accepter le fait acquis de la pr\u00e9sence juive (dans quelles conditions ? l&rsquo;avenir seul peut le montrer) en Palestine n&rsquo;est pas accepter le fait acquis de la domination de l&rsquo;Etat sioniste. Or, il n&rsquo;est nullement prouv\u00e9 que toutes les possibilit\u00e9s d&rsquo;\u00e9branler pacifiquement cette domination ont \u00e9t\u00e9 \u00e9puis\u00e9es. Bien plut\u00f4t, ce sont les m\u00e9thodes militaires qui s&rsquo;av\u00e8rent des plus difficiles \u00e0 appliquer pour bien des raisons. Nasser vient de le constater publiquement.<\/p>\n\n\n\n<p class=\"has-large-font-size\"><strong>\u00c9GALIT\u00c9 TOTALE.<\/strong><\/p>\n\n\n\n<p>La domination exclue ainsi que l&rsquo;expulsion, il reste comme but \u00e0 poursuivre la coexistence pacifique des deux ethnies sur un pied d&rsquo;\u00e9galit\u00e9 totale. Cela semble impliquer maintenant une structure f\u00e9d\u00e9rale r\u00e9gionale en Palestine, comme celle qu&rsquo;ont propos\u00e9e diverses commissions du temps du mandat britannique. Elle para\u00eet requ\u00e9rir, pour l&rsquo;\u00e9quilibre des communaut\u00e9s, une f\u00e9d\u00e9ration plus large s&rsquo;\u00e9tendant au Moyen-Orient. Cela fut propos\u00e9 par les Arabes de Palestine \u00e0 l&rsquo;Agence juive (et repouss\u00e9) d\u00e9j\u00e0 en 1943. C&rsquo;est l&rsquo;essence des projets de l&rsquo;Isra\u00e9lien Ouri Avnery (une \u00ab f\u00e9d\u00e9ration s\u00e9mitique \u00bb) et du Tunisien Bechir Ben Yahmed.<\/p>\n\n\n\n<p>Il est certain que l&rsquo;opposition des cercles dirigeants d&rsquo;Isra\u00ebl \u00e0 des projets de ce type est forte. Mais aussi la situation des masses juives de l&rsquo;Etat sioniste est particuli\u00e8rement inconfortable. Des propositions positives autres que leur \u00e9limination pure et simple par la violence pourraient avoir un vaste retentissement sur elles et, jointes \u00e0 des facteurs de politique ext\u00e9rieure, d\u00e9terminer une pression sur les gouvernants pour des contre-propositions de compromis. D\u00e8s lors, la n\u00e9gociation peut acqu\u00e9rir une dynamique propre. C&rsquo;est au moins une m\u00e9thode qu&rsquo;il ne convient pas de repousser sans l&rsquo;avoir essay\u00e9e.<\/p>\n\n\n\n<p>Un programme de reconversion pacifique de la situation devrait donc \u00eatre propos\u00e9. Des \u00e9l\u00e9ments en Isra\u00ebl sont d\u00e9j\u00e0 dispos\u00e9s \u00e0 explorer des possibilit\u00e9s de ce genre. Il faudrait leur faire comprendre que la voie pacifique a ses exigences. Dans les faits, Isra\u00ebl devrait reconna\u00eetre que la cr\u00e9ation m\u00eame de l&rsquo;Etat, apr\u00e8s la colonisation de la terre palestinienne, a fait subir \u00e0 la communaut\u00e9 nationale arabe palestinienne un tort fondamental. En tant que communaut\u00e9, on ne peut attendre d&rsquo;elle qu&rsquo;elle renonce \u00e0 une attitude de revanche belliqueuse que si des compensations et des r\u00e9parations lui sont accord\u00e9es. D&rsquo;o\u00f9 la n\u00e9cessit\u00e9 de reconsid\u00e9rer le probl\u00e8me palestinien dans son ensemble et non seulement (comme l&rsquo;offre Isra\u00ebl) le probl\u00e8me des compensations particuli\u00e8res aux torts individuels inflig\u00e9s aux r\u00e9fugi\u00e9s. Plus largement, un rapprochement serait facilit\u00e9 par des signes d&rsquo;une orientation isra\u00e9lienne en politique ext\u00e9rieure vers les aspirations dont s&rsquo;inspire le Tiers-Monde, en particulier sa volont\u00e9 d&rsquo;ind\u00e9pendance \u00e0 l&rsquo;\u00e9gard des imp\u00e9rialismes occidentaux, et en politique int\u00e9rieure vers le traitement de la minorit\u00e9 arabe sur un plan d&rsquo;\u00e9galit\u00e9 compl\u00e8te.<\/p>\n\n\n\n<p>Du c\u00f4t\u00e9 arabe (qui en r\u00e9alit\u00e9 a int\u00e9r\u00eat aussi, je crois, \u00e0 une solution pacifique), il serait bon, pour d\u00e9velopper le climat pacifique, de reconna\u00eetre clairement et hautement que la communaut\u00e9 juive de Palestine a acquis un caract\u00e8re national et qu&rsquo;on est pr\u00eat \u00e0 admettre les droits que cela implique dans la mesure o\u00f9 ils ne s&rsquo;opposent pas \u00e0 d&rsquo;autres droits du m\u00eame type.<\/p>\n\n\n\n<p>D&rsquo;une mani\u00e8re g\u00e9n\u00e9rale, une solution de ce type ne peut \u00eatre pr\u00e9par\u00e9e que dans des milieux o\u00f9 r\u00e8gne un esprit universaliste, refusant de placer au rang de valeurs supr\u00eames les valeurs nationales de chacun. Cela implique pour les Arabes de ne consid\u00e9rer la guerre que comme un pis-aller que l&rsquo;on doit faire son possible pour \u00e9viter. Cela implique pour les Isra\u00e9liens qu&rsquo;ils mettent de c\u00f4t\u00e9 leur mythe du droit \u00e9ternel et exclusif des Juifs sur la Palestine d\u00e9coulant de l&rsquo;histoire de l&rsquo;Antiquit\u00e9 et des valeurs de la religion juive (9).<\/p>\n\n\n\n<p>C&rsquo;est \u00e0 ce prix qu&rsquo;on pourrait aller vers une solution pacifique. Les perspectives de succ\u00e8s ne sont peut-\u00eatre pas tr\u00e8s grandes, mais l&rsquo;action n&rsquo;est pas si d\u00e9sesp\u00e9r\u00e9e qu&rsquo;on soit dispens\u00e9 de l&rsquo;entreprendre.<\/p>\n\n\n\n<p class=\"has-text-align-right\"><strong>Maxime RODINSON.<\/strong><\/p>\n\n\n\n<hr class=\"wp-block-separator has-alpha-channel-opacity\"\/>\n\n\n\n<p class=\"has-small-font-size\">1) Je pense surtout \u00e0 mon article <strong>Sionisme et socialisme<\/strong> (<em>Nouvelle Critique<\/em>, no 43, f\u00e9vrier 1953, p. 18-49.)<\/p>\n\n\n\n<p class=\"has-small-font-size\">2) Les faits \u00e0 l&rsquo;appui sont nombreux et j&rsquo;en ai cite quelques-uns dans mon article pr\u00e9cit\u00e9. Naturellement il y a eu des tendances contradictoires chez les antis\u00e9mites. Voir un bon article r\u00e9cent nuanc\u00e9 qui touche \u00e0 ce sujet de fa\u00e7on tr\u00e8s document\u00e9e, celui de L. Hirszowicz, <strong>Nazi Germany and the Partition Plan<\/strong> (<em>Middle Eastern Studies<\/em>, London, vol. 1, no 1, oct. 1964, p. 40-65) (traduction d&rsquo;un chapitre d&rsquo;un ouvrage polonais paru \u00e0 Varsovie en 1963).<\/p>\n\n\n\n<p class=\"has-small-font-size\">3) L&rsquo;ouvrage le plus \u00e9quilibr\u00e9 sur la question me para\u00eet \u00eatre celui de Walter Schwarz, <strong>The Arabs in Israel<\/strong>, London, Faber and Faber, 1959.<\/p>\n\n\n\n<p class=\"has-small-font-size\">4) Cf. une bonne \u00e9tude (dans l&rsquo;ensemble) de Don Peretz, <strong>Israel and the Palestine Arabs<\/strong>, Washington, The Middle East Institute, 1958.<\/p>\n\n\n\n<p class=\"has-small-font-size\">5) En r\u00e9alit\u00e9, l&rsquo;autonomie de d\u00e9cision des Arabes palestiniens cisjordaniens rest\u00e9s en dehors de l&rsquo;Etat a \u00e9t\u00e9 viol\u00e9e par le roi Abdallah de Transjordanie lorsqu&rsquo;il annexa la Cisjordanie, administrativement en d\u00e9cembre 1949 et politiquement en avril 1950, malgr\u00e9 leurs protestations et celles de la Ligue Arabe. Il ne s&rsquo;agit pas en effet d&rsquo;un d\u00e9passement des fronti\u00e8res artificielles de 1920, mais d&rsquo;une tutelle de la Palestine arabe plus avanc\u00e9e par les structures dictatoriales du royaume jordanien s&rsquo;appuyant sur l&rsquo;\u00e9tranger et sur les \u00e9l\u00e9ments les plus arri\u00e9r\u00e9s de la population transjordanienne. La lutte nationale des Palestiniens s&rsquo;oppose donc au royaume jordanien. Mais c&rsquo;est la constitution de l&rsquo;Etat d&rsquo;Isra\u00ebl qui a permis l&rsquo;annexion en question et a donne un poids sp\u00e9cifique d\u00e9mesure aux b\u00e9douins transjordaniens. La revendication d&rsquo;ind\u00e9pendance est d\u00e9risoire tant qu&rsquo;elle vise un territoire tr\u00e8s restreint (de l&rsquo;\u00e9tendue du d\u00e9partement de l&rsquo;H\u00e9rault) sans moyen de d\u00e9fense autonome. L&rsquo;autonomie de la Palestine arabe, fut-ce sous une forme mutil\u00e9e, para\u00eet inconcevable sans le d\u00e9passement du statu quo territorial. Des lors, la lutte nationale du peuple cisjordanien vise aussi l&rsquo;Etat d&rsquo;Isra\u00ebl qui se pr\u00e9sente comme alli\u00e9 objectif de l&rsquo;Etat jordanien, Si la Jordanie dans son ensemble, malgr\u00e9 ces obstacles, se d\u00e9mocratise, la lutte des Jordaniens contre Isra\u00ebl deviendrait simplement une lutte de solidarit\u00e9 avec les r\u00e9fugi\u00e9s et les Arabes d&rsquo;Isra\u00ebl et une fraction de l&rsquo;irr\u00e9dentisme arabe.<\/p>\n\n\n\n<p class=\"has-small-font-size\">6) Naturellement dans certains cas, surtout au niveau des ex\u00e9cutants, en vertu du ph\u00e9nom\u00e8ne courant que j&rsquo;ai appel\u00e9 le \u00ab\u00a0racisme de guerre\u00a0\u00bb la lutte contre Isra\u00ebl a entra\u00een\u00e9 des exc\u00e8s typiquement antis\u00e9mites en pays arabe. La campagne arabe actuelle contre le \u00ab sch\u00e9ma sur les Juifs \u00bb du Concile catholique en est un aspect. C&rsquo;est un ph\u00e9nom\u00e8ne qu&rsquo;il faut esp\u00e9rer passager. Les gouvernants arabes semblent, ces derniers temps, particuli\u00e8rement soucieux d&rsquo;y mettre un terme.<\/p>\n\n\n\n<p class=\"has-small-font-size\">7) <strong>Propositions concernant la ligne g\u00e9n\u00e9rale du mouvement communiste international<\/strong>, P\u00e9kin, Ed. en langues \u00e9trang\u00e8res, 1963, p. 17. <\/p>\n\n\n\n<p class=\"has-small-font-size\">8) <em>Ibid<\/em>., p. 23.<\/p>\n\n\n\n<p class=\"has-small-font-size\">9) Dans ce sens, il faut saluer la derni\u00e8re r\u00e9solution du M.R.A.P., mouvement \u00e0 dominance juive, pr\u00e9par\u00e9e par une commission o\u00f9 se trouvaient des repr\u00e9sentants de l&rsquo;Union des \u00e9tudiants maghr\u00e9bins, texte qui parle \u00e0 la fois de l&rsquo;Etat d&rsquo;Isra\u00ebl et des droits de la communaut\u00e9 nationale arabe palestinienne.<\/p>\n\n\n\n<hr class=\"wp-block-separator has-alpha-channel-opacity\"\/>\n\n\n\n<figure class=\"wp-block-pullquote\"><blockquote><p><strong>[<a href=\"https:\/\/sinedjib.com\/\">sinedjib.com<\/a>] est librement accessible depuis 2012 afin de faire conna\u00eetre mon actualit\u00e9 et partager des textes issus de mes recherches. Chaque jour ou presque, je retranscris des articles ou documents qui concernent les luttes pour l\u2019\u00e9mancipation.<\/strong><br><strong>Pour soutenir cette d\u00e9marche,\u00a0vous pouvez\u00a0<\/strong><a href=\"https:\/\/sinedjib.com\/index.php\/abonnement\/\">vous abonner<\/a><strong>\u00a0et relayer le contenu de [\u0633\u064a \u0646\u062c\u064a\u0628]. Vous avez aussi la possibilit\u00e9 de\u00a0<\/strong><a href=\"https:\/\/sinedjib.com\/index.php\/mes-livres\/\">vous procurer mes livres<\/a><strong>, comme mon nouvel ouvrage,\u00a0<\/strong><em><a href=\"https:\/\/www.lechappee.org\/collections\/hors-collection\/le-spectre-du-colonialisme\">Le Spectre du colonialisme<\/a><\/em><strong>, disponible dans toutes les bonnes librairies.<\/strong><\/p><cite>Nedjib SIDI MOUSSA<\/cite><\/blockquote><\/figure>\n\n\n<div class=\"wp-block-image\">\n<figure class=\"aligncenter size-full is-resized\"><img data-recalc-dims=\"1\" loading=\"lazy\" decoding=\"async\" width=\"546\" height=\"800\" data-attachment-id=\"27669\" data-permalink=\"https:\/\/sinedjib.com\/index.php\/mes-livres\/le-spectre-du-colonialisme-couv\/\" data-orig-file=\"https:\/\/i0.wp.com\/sinedjib.com\/wp-content\/uploads\/2025\/12\/LE-SPECTRE-DU-COLONIALISME-Couv.jpg?fit=546%2C800&amp;ssl=1\" data-orig-size=\"546,800\" data-comments-opened=\"0\" data-image-meta=\"{&quot;aperture&quot;:&quot;0&quot;,&quot;credit&quot;:&quot;&quot;,&quot;camera&quot;:&quot;&quot;,&quot;caption&quot;:&quot;&quot;,&quot;created_timestamp&quot;:&quot;0&quot;,&quot;copyright&quot;:&quot;&quot;,&quot;focal_length&quot;:&quot;0&quot;,&quot;iso&quot;:&quot;0&quot;,&quot;shutter_speed&quot;:&quot;0&quot;,&quot;title&quot;:&quot;&quot;,&quot;orientation&quot;:&quot;0&quot;}\" data-image-title=\"LE SPECTRE DU COLONIALISME &amp;#8211; Couv\" data-image-description=\"\" data-image-caption=\"\" data-large-file=\"https:\/\/i0.wp.com\/sinedjib.com\/wp-content\/uploads\/2025\/12\/LE-SPECTRE-DU-COLONIALISME-Couv.jpg?fit=546%2C800&amp;ssl=1\" src=\"https:\/\/i0.wp.com\/sinedjib.com\/wp-content\/uploads\/2025\/12\/LE-SPECTRE-DU-COLONIALISME-Couv.jpg?resize=546%2C800&#038;ssl=1\" alt=\"\" class=\"wp-image-27669\" style=\"width:322px;height:auto\" srcset=\"https:\/\/i0.wp.com\/sinedjib.com\/wp-content\/uploads\/2025\/12\/LE-SPECTRE-DU-COLONIALISME-Couv.jpg?w=546&amp;ssl=1 546w, https:\/\/i0.wp.com\/sinedjib.com\/wp-content\/uploads\/2025\/12\/LE-SPECTRE-DU-COLONIALISME-Couv.jpg?resize=205%2C300&amp;ssl=1 205w\" sizes=\"auto, (max-width: 546px) 100vw, 546px\" \/><\/figure>\n<\/div>\n\n\n<p><\/p>\n","protected":false},"excerpt":{"rendered":"<p>Article de Maxime Rodinson paru dans Partisans, n\u00b0 21, juin-juillet-ao\u00fbt 1965, p. 34-40 Lors d&rsquo;une r\u00e9union organis\u00e9e le 14 mai dernier par l&rsquo;Union G\u00e9n\u00e9rale des Etudiants Palestiniens (en collaboration avec les autres organisations estudiantines arabes), \u00e0 l&rsquo;occasion de l&rsquo;anniversaire de la cr\u00e9ation de l&rsquo;Etat d&rsquo;Isra\u00ebl, un court expos\u00e9 que j&rsquo;ai prononc\u00e9 a amen\u00e9 des contradictions [&hellip;]<\/p>\n","protected":false},"author":1,"featured_media":0,"comment_status":"closed","ping_status":"","sticky":false,"template":"","format":"standard","meta":{"_jetpack_newsletter_access":"","_jetpack_dont_email_post_to_subs":false,"_jetpack_newsletter_tier_id":0,"_jetpack_memberships_contains_paywalled_content":false,"_jetpack_feature_clip_id":0,"_jetpack_memberships_contains_paid_content":false,"footnotes":"","jetpack_post_was_ever_published":false},"categories":[2340],"tags":[45,138,5445,575,1521,749,765,905,1080,3387,1181],"class_list":["post-29268","post","type-post","status-publish","format-standard","hentry","category-revues","tag-45","tag-anticolonialisme","tag-federalisme","tag-israel","tag-liberation-nationale","tag-marxisme","tag-maxime-rodinson","tag-palestine","tag-sionisme","tag-theorie","tag-violence"],"jetpack_featured_media_url":"","jetpack_sharing_enabled":true,"jetpack_shortlink":"https:\/\/wp.me\/p9lTYU-7C4","jetpack_likes_enabled":true,"jetpack-related-posts":[{"id":14730,"url":"https:\/\/sinedjib.com\/index.php\/2021\/11\/18\/reponse-de-maxime-rodinson-a-elements-revue-du-comite-de-la-gauche-pour-la-paix-negociee-au-moyen-orient\/","url_meta":{"origin":29268,"position":0},"title":"R\u00e9ponse de Maxime Rodinson \u00e0 \u00c9l\u00e9ments (revue du Comit\u00e9 de la gauche pour la paix n\u00e9goci\u00e9e au Moyen-Orient)","author":"SiNedjib","date":"18\/11\/2021","format":false,"excerpt":"R\u00e9ponse de Maxime Rodinson au questionnaire d\u2019\u00c9l\u00e9ments, n\u00b0 5-6, 2e et 3e trimestres 1970, p. 19 et 47-48 le questionnaire d\u2019\u00c9l\u00e9ments Nous pensons que la crise du Proche-Orient rel\u00e8ve de deux exigences compl\u00e9mentaires : I \u2014 Reconna\u00eetre l'irr\u00e9ductibilit\u00e9 de la r\u00e9sistance des Palestiniens et de leur vocation nationale, sans m\u00e9conna\u00eetre\u2026","rel":"","context":"Dans &quot;revues&quot;","block_context":{"text":"revues","link":"https:\/\/sinedjib.com\/index.php\/category\/revues\/"},"img":{"alt_text":"","src":"https:\/\/i0.wp.com\/sinedjib.com\/wp-content\/uploads\/2021\/11\/Elements-1970.png?resize=350%2C200&ssl=1","width":350,"height":200},"classes":[]},{"id":24242,"url":"https:\/\/sinedjib.com\/index.php\/2024\/09\/21\/rodinson-4\/","url_meta":{"origin":29268,"position":1},"title":"Maxime Rodinson : Si j&rsquo;\u00e9tais arabe&#8230;","author":"SiNedjib","date":"21\/09\/2024","format":false,"excerpt":"Discours de Maxime Rodinson paru dans France Observateur, 15e ann\u00e9e, n\u00b0 724, 19 mars 1964, p. 10 ; suivi de \"Nos lecteurs \u00e9crivent\", France Observateur, n\u00b0 725, 26 mars 1964 ; \"Nos lecteurs \u00e9crivent\" et \"Les \u00e9tudiants juifs r\u00e9pondent\", France Observateur, n\u00b0 726, 2 avril 1964 ; Maxime Rodinson, \"Nationalisme\u2026","rel":"","context":"Dans &quot;presse&quot;","block_context":{"text":"presse","link":"https:\/\/sinedjib.com\/index.php\/category\/presse\/"},"img":{"alt_text":"","src":"https:\/\/i0.wp.com\/sinedjib.com\/wp-content\/uploads\/2024\/09\/France-Observateur-28-mai-1964.png?resize=350%2C200&ssl=1","width":350,"height":200,"srcset":"https:\/\/i0.wp.com\/sinedjib.com\/wp-content\/uploads\/2024\/09\/France-Observateur-28-mai-1964.png?resize=350%2C200&ssl=1 1x, https:\/\/i0.wp.com\/sinedjib.com\/wp-content\/uploads\/2024\/09\/France-Observateur-28-mai-1964.png?resize=525%2C300&ssl=1 1.5x"},"classes":[]},{"id":9988,"url":"https:\/\/sinedjib.com\/index.php\/2020\/09\/22\/maxime-rodinson-desastre-autres\/","url_meta":{"origin":29268,"position":2},"title":"Maxime Rodinson : Le d\u00e9sastre pour les autres","author":"SiNedjib","date":"22\/09\/2020","format":false,"excerpt":"Tribune de Maxime Rodinson parue dans Le Monde, 12 juin 1982 Une fois de plus les dirigeants d'Isra\u00ebl se servent du nom et des malheurs pass\u00e9s de tous les juifs pour couvrir une op\u00e9ration brutale qui, malgr\u00e9 son nom de code mystifiant, ne peut apporter la paix ni \u00e0 la\u2026","rel":"","context":"Dans &quot;presse&quot;","block_context":{"text":"presse","link":"https:\/\/sinedjib.com\/index.php\/category\/presse\/"},"img":{"alt_text":"","src":"","width":0,"height":0},"classes":[]},{"id":3514,"url":"https:\/\/sinedjib.com\/index.php\/2018\/07\/02\/rodinson-integrisme\/","url_meta":{"origin":29268,"position":3},"title":"Maxime Rodinson : Sur l&rsquo;int\u00e9grisme islamique","author":"SiNedjib","date":"02\/07\/2018","format":false,"excerpt":"Extrait de l'entretien de Maxime Rodinson avec Gilbert Achcar r\u00e9alis\u00e9 en 1986 et paru dans Mouvements, n\u00b0 36, novembre-d\u00e9cembre 2004, p.\u00a075-76 L\u2019int\u00e9grisme islamique est une id\u00e9ologie pass\u00e9iste. Les mouvements int\u00e9gristes musulmans ne cherchent pas du tout \u00e0 bouleverser la structure sociale, ou ne le cherchent que tout \u00e0 fait secondairement.\u2026","rel":"","context":"Dans &quot;presse&quot;","block_context":{"text":"presse","link":"https:\/\/sinedjib.com\/index.php\/category\/presse\/"},"img":{"alt_text":"","src":"https:\/\/i0.wp.com\/sinedjib.com\/wp-content\/uploads\/2018\/07\/97827071447371.jpg?resize=350%2C200&ssl=1","width":350,"height":200,"srcset":"https:\/\/i0.wp.com\/sinedjib.com\/wp-content\/uploads\/2018\/07\/97827071447371.jpg?resize=350%2C200&ssl=1 1x, https:\/\/i0.wp.com\/sinedjib.com\/wp-content\/uploads\/2018\/07\/97827071447371.jpg?resize=525%2C300&ssl=1 1.5x, https:\/\/i0.wp.com\/sinedjib.com\/wp-content\/uploads\/2018\/07\/97827071447371.jpg?resize=700%2C400&ssl=1 2x"},"classes":[]},{"id":20109,"url":"https:\/\/sinedjib.com\/index.php\/2023\/10\/11\/rodinson-editorial\/","url_meta":{"origin":29268,"position":4},"title":"Maxime Rodinson : \u00e9ditorial du premier Bulletin du Groupe de recherche et d&rsquo;action pour le r\u00e8glement du probl\u00e8me palestinien","author":"SiNedjib","date":"11\/10\/2023","format":false,"excerpt":"\u00c9ditorial de Maxime Rodinson paru dans le Bulletin du Groupe de recherche et d'action pour le r\u00e8glement du probl\u00e8me palestinien, n\u00b0 1, 1968, p. 1-4 Maxime Rodinson en 1970 (source) Nous l'avons dit souvent depuis bient\u00f4t un an, mais de l'avoir beaucoup r\u00e9p\u00e9t\u00e9, ce n'en est pas devenu plus faux,\u2026","rel":"","context":"Dans &quot;presse&quot;","block_context":{"text":"presse","link":"https:\/\/sinedjib.com\/index.php\/category\/presse\/"},"img":{"alt_text":"","src":"https:\/\/upload.wikimedia.org\/wikipedia\/commons\/thumb\/9\/9b\/Maxime_Rodinson_%281970%29.jpg\/800px-Maxime_Rodinson_%281970%29.jpg","width":350,"height":200},"classes":[]},{"id":9970,"url":"https:\/\/sinedjib.com\/index.php\/2020\/09\/20\/maxime-rodinson-immigres-esclaves\/","url_meta":{"origin":29268,"position":5},"title":"Maxime Rodinson : Immigr\u00e9s ou esclaves ?","author":"SiNedjib","date":"20\/09\/2020","format":false,"excerpt":"Article de Maxime Rodinson paru dans Le Monde, 17 mai 1980 La d\u00e9nonciation est salubre, utile, indispensable. Mais, pour beaucoup - j'en suis, - l'abord des livres de d\u00e9nonciation est, au d\u00e9part, m\u00e9fiant, les d\u00e9nonciateurs volontiers exag\u00e8rent ou manipulent les faits, dans l'id\u00e9e qu'ils mobilisent mieux ainsi l'indignation du lecteur.\u2026","rel":"","context":"Dans &quot;presse&quot;","block_context":{"text":"presse","link":"https:\/\/sinedjib.com\/index.php\/category\/presse\/"},"img":{"alt_text":"","src":"","width":0,"height":0},"classes":[]}],"_links":{"self":[{"href":"https:\/\/sinedjib.com\/index.php\/wp-json\/wp\/v2\/posts\/29268","targetHints":{"allow":["GET"]}}],"collection":[{"href":"https:\/\/sinedjib.com\/index.php\/wp-json\/wp\/v2\/posts"}],"about":[{"href":"https:\/\/sinedjib.com\/index.php\/wp-json\/wp\/v2\/types\/post"}],"author":[{"embeddable":true,"href":"https:\/\/sinedjib.com\/index.php\/wp-json\/wp\/v2\/users\/1"}],"replies":[{"embeddable":true,"href":"https:\/\/sinedjib.com\/index.php\/wp-json\/wp\/v2\/comments?post=29268"}],"version-history":[{"count":2,"href":"https:\/\/sinedjib.com\/index.php\/wp-json\/wp\/v2\/posts\/29268\/revisions"}],"predecessor-version":[{"id":29270,"href":"https:\/\/sinedjib.com\/index.php\/wp-json\/wp\/v2\/posts\/29268\/revisions\/29270"}],"wp:attachment":[{"href":"https:\/\/sinedjib.com\/index.php\/wp-json\/wp\/v2\/media?parent=29268"}],"wp:term":[{"taxonomy":"category","embeddable":true,"href":"https:\/\/sinedjib.com\/index.php\/wp-json\/wp\/v2\/categories?post=29268"},{"taxonomy":"post_tag","embeddable":true,"href":"https:\/\/sinedjib.com\/index.php\/wp-json\/wp\/v2\/tags?post=29268"}],"curies":[{"name":"wp","href":"https:\/\/api.w.org\/{rel}","templated":true}]}}