{"id":29271,"date":"2026-09-06T12:17:40","date_gmt":"2026-09-06T10:17:40","guid":{"rendered":"https:\/\/sinedjib.com\/?p=29271"},"modified":"2026-09-06T12:17:40","modified_gmt":"2026-09-06T10:17:40","slug":"les-perspectives-de-la-revolution-coloniale-les-damnes-de-la-terre","status":"publish","type":"post","link":"https:\/\/sinedjib.com\/index.php\/2026\/09\/06\/les-perspectives-de-la-revolution-coloniale-les-damnes-de-la-terre\/","title":{"rendered":"Les perspectives de la r\u00e9volution coloniale : Les damn\u00e9s de la terre"},"content":{"rendered":"\n<p><strong>Article de Nicolas Vinay paru dans <em>La Voie communiste<\/em>, nouvelle s\u00e9rie, n\u00b0 26, janvier-f\u00e9vrier 1962<\/strong><\/p>\n\n\n<div class=\"wp-block-image\">\n<figure class=\"aligncenter size-large is-resized\"><img data-recalc-dims=\"1\" loading=\"lazy\" decoding=\"async\" width=\"580\" height=\"910\" data-attachment-id=\"16035\" data-permalink=\"https:\/\/sinedjib.com\/index.php\/2022\/04\/20\/mikhalis-raptis-les-damnes-de-la-terre-de-frantz-fanon\/the_wretched_of_the_earth_french_edition\/\" data-orig-file=\"https:\/\/i0.wp.com\/sinedjib.com\/wp-content\/uploads\/2022\/04\/The_Wretched_of_the_Earth_French_edition.jpg?fit=1280%2C2008&amp;ssl=1\" data-orig-size=\"1280,2008\" data-comments-opened=\"1\" data-image-meta=\"{&quot;aperture&quot;:&quot;0&quot;,&quot;credit&quot;:&quot;&quot;,&quot;camera&quot;:&quot;&quot;,&quot;caption&quot;:&quot;&quot;,&quot;created_timestamp&quot;:&quot;0&quot;,&quot;copyright&quot;:&quot;&quot;,&quot;focal_length&quot;:&quot;0&quot;,&quot;iso&quot;:&quot;0&quot;,&quot;shutter_speed&quot;:&quot;0&quot;,&quot;title&quot;:&quot;&quot;,&quot;orientation&quot;:&quot;0&quot;}\" data-image-title=\"The_Wretched_of_the_Earth_French_edition\" data-image-description=\"\" data-image-caption=\"\" data-large-file=\"https:\/\/i0.wp.com\/sinedjib.com\/wp-content\/uploads\/2022\/04\/The_Wretched_of_the_Earth_French_edition.jpg?fit=580%2C910&amp;ssl=1\" src=\"https:\/\/i0.wp.com\/sinedjib.com\/wp-content\/uploads\/2022\/04\/The_Wretched_of_the_Earth_French_edition.jpg?resize=580%2C910&#038;ssl=1\" alt=\"\" class=\"wp-image-16035\" style=\"aspect-ratio:0.6377000980071872;width:332px;height:auto\" srcset=\"https:\/\/i0.wp.com\/sinedjib.com\/wp-content\/uploads\/2022\/04\/The_Wretched_of_the_Earth_French_edition.jpg?resize=653%2C1024&amp;ssl=1 653w, https:\/\/i0.wp.com\/sinedjib.com\/wp-content\/uploads\/2022\/04\/The_Wretched_of_the_Earth_French_edition.jpg?resize=191%2C300&amp;ssl=1 191w, https:\/\/i0.wp.com\/sinedjib.com\/wp-content\/uploads\/2022\/04\/The_Wretched_of_the_Earth_French_edition.jpg?resize=768%2C1205&amp;ssl=1 768w, https:\/\/i0.wp.com\/sinedjib.com\/wp-content\/uploads\/2022\/04\/The_Wretched_of_the_Earth_French_edition.jpg?resize=979%2C1536&amp;ssl=1 979w, https:\/\/i0.wp.com\/sinedjib.com\/wp-content\/uploads\/2022\/04\/The_Wretched_of_the_Earth_French_edition.jpg?resize=1200%2C1883&amp;ssl=1 1200w, https:\/\/i0.wp.com\/sinedjib.com\/wp-content\/uploads\/2022\/04\/The_Wretched_of_the_Earth_French_edition.jpg?w=1280&amp;ssl=1 1280w\" sizes=\"auto, (max-width: 580px) 100vw, 580px\" \/><\/figure>\n<\/div>\n\n\n<p class=\"has-drop-cap\">DEPUIS les analyses de Trotsky &#8211; dans \u00ab La R\u00e9volution permanente \u00bb , la litt\u00e9rature d&rsquo;inspiration marxiste n&rsquo;a gu\u00e8re approfondi les probl\u00e8mes de la r\u00e9volution coloniale. Le m\u00e9rite essentiel du dernier ouvrage de Frantz Fanon (1) est de nous faire entrevoir &#8211; ou r\u00e9entrevoir &#8211; les perspectives de d\u00e9veloppement r\u00e9volutionnaire qui s&rsquo;offrent aux peuples du Tiers-Monde.<\/p>\n\n\n\n<!--more-->\n\n\n\n<p>Pendant plusieurs ann\u00e9es, Frantz Fanon (2) a lutt\u00e9 aux c\u00f4t\u00e9s du peuple alg\u00e9rien ; en tant que repr\u00e9sentant du G.P.R.A., il a particip\u00e9 \u00e0 plusieurs conf\u00e9rences pan-africaines. C&rsquo;est dire qu&rsquo;il avait (3) une connaissance directe des probl\u00e8mes qui se posent aux mouvements nationalistes des pays du Tiers-Monde. Son exp\u00e9rience et l&rsquo;\u00e9tendue de sa culture politique lui permirent de reformuler une th\u00e9orie r\u00e9volutionnaire qui puisse s&rsquo;appliquer \u00e0 l&rsquo;ensemble des pays colonis\u00e9s ou en voie de d\u00e9colonisation. Montrer que la r\u00e9alit\u00e9 coloniale est une, bien qu&rsquo;elle pr\u00e9sente divers visages ; corr\u00e9lativement montrer que la lutte des masses colonis\u00e9es &#8211; avant et apr\u00e8s l&rsquo;ind\u00e9pendance &#8211; comporte une v\u00e9rit\u00e9 qu&rsquo;il faut savoir d\u00e9chiffrer, c&rsquo;est ce qu&rsquo;a tent\u00e9 de faire Frantz Fanon et il l&rsquo;a fait avec une telle vigueur qu&rsquo;on peut dire avec Sartre que le <em>\u00ab Tiers Monde se d\u00e9couvre et se parle par cette voix \u00bb.<\/em><\/p>\n\n\n\n<p class=\"has-text-align-center\"><strong>DE LA VIOLENCE<\/strong><\/p>\n\n\n\n<p>Qui ne sait &#8211; dans la France d&rsquo;aujourd&rsquo;hui &#8211; que le colonialisme fond\u00e9 sur la violence ne peut \u00eatre combattu ou extirp\u00e9 que par la violence ? Mais lequel d&rsquo;entre nous ose en tirer toutes les cons\u00e9quences ?<\/p>\n\n\n\n<p>C&rsquo;est ce scandale constitu\u00e9 par la violence que Fanon place au centre de sa r\u00e9flexion pour d\u00e9finir le rapport colonisateur-colonis\u00e9.<\/p>\n\n\n\n<p>Fanon rappelle quelques chiffres : 45.000 morts \u00e0 S\u00e9tif en 1945, 90.000 morts \u00e0 Madagascar en 1947, 200.000 morts au Kenya lors de la r\u00e9volte Mau-Mau. Telle est la v\u00e9rit\u00e9 du colonialisme.<\/p>\n\n\n\n<p>Mais Fanon rappelle \u00e9galement que seule la violence emporte le r\u00e9gime colonial. En derni\u00e8re instance, c&rsquo;est toujours la peur d&rsquo;une r\u00e9p\u00e9tition de Dien-Bien-Phu qui pr\u00e9cipite les d\u00e9colonisations.<\/p>\n\n\n\n<p>Les faits sont l\u00e0, irr\u00e9cusables. Fanon se fait l&rsquo;interpr\u00e8te de la situation, rien de plus. Mais l&rsquo;hypocrisie lib\u00e9rale reprend ses droits et nous cache ce qu&rsquo;un instant nous avions entrevu. Nous ne pouvons examiner en d\u00e9tail les divers moments de la dialectique qu&rsquo;il d\u00e9ploie devant nous pour montrer que la violence doit \u00eatre assum\u00e9e et revendiqu\u00e9e par les dirigeants nationalistes des pays colonis\u00e9s et doit d\u00e9boucher sur l&rsquo;insurrection arm\u00e9e.<\/p>\n\n\n\n<p>Deux points ont particuli\u00e8rement retenu notre attention.<\/p>\n\n\n\n<p class=\"has-text-align-center\"><strong>LA VIOLENCE COMME R\u00c9ACTION SPONTAN\u00c9E DES PEUPLES COLONIS\u00c9S<\/strong><\/p>\n\n\n\n<p><em>\u00ab Quand le dirigeant politique convie le peuple \u00e0 un meeting, on peut dire qu&rsquo;il y a du sang dans l&rsquo;air \u00bb. <\/em>Ainsi s&rsquo;exprime Fanon en parlant des masses colonis\u00e9es et en particulier des masses rurales. Le monde colonial baigne dans une telle atmosph\u00e8re de col\u00e8re et de haine qu&rsquo;il peut suffire du moindre incident pour qu&rsquo;il y ait explosions sanglantes. On ne s&rsquo;est pas suffisamment interrog\u00e9 sur la signification de cette violence \u00e0 fleur de peau.<\/p>\n\n\n\n<p>Il y a d&rsquo;abord les \u00ab jacqueries \u00bb, les mouvements du type Mau-Mau, et toutes ces explosions de violence collective qui jalonnent l&rsquo;histoire des pays colonis\u00e9s. Il n&rsquo;est pas difficile d&rsquo;interpr\u00e9ter de telles manifestations ; elles expriment la col\u00e8re contre le blanc contre le missionnaire, contre le colonisateur qui vole les terres, impose des corv\u00e9es, d\u00e9truit des coutumes.<\/p>\n\n\n\n<p>Mais il y a d&rsquo;autres formes de violence ou d&rsquo;explosion collective plus difficiles \u00e0 interpr\u00e9ter. Il y a les \u00ab guerres tribales \u00bb, il y a les luttes entre individus, les r\u00e8glements de compte des bidonvilles. Il y a toutes ces manifestations \u00e0 caract\u00e8re religieux ou magique &#8211; danses de possessions, processions des mouvements messianique &#8211; qui font dire au colon que le colonis\u00e9 est un hyst\u00e9rique. Dans des pages passionnantes &#8211; sinon enti\u00e8rement convaincantes &#8211; Frantz Fanon interpr\u00e8tera toutes ces pratiques comme des conduites d&rsquo;\u00e9vitement, comme des comportements de fuite permettant au colonis\u00e9 d&rsquo;ext\u00e9rioriser son agressivit\u00e9 et sa haine au lieu de les diriger contre le colonialisme qui seul les engendre.<\/p>\n\n\n\n<p class=\"has-text-align-center\"><strong>L&rsquo;EFFICACIT\u00c9 DE LA VIOLENCE<\/strong><\/p>\n\n\n\n<p>Mais lutter par la violence contre le monde bard\u00e9 de fer de colonialisme &#8211; avec ses tanks, ses canons, ses avions &#8211; n&rsquo;est ce pas une conduite vou\u00e9e \u00e0 l&rsquo;\u00e9chec, une conduite suicide ? Non, r\u00e9pond Fanon. Tout d&rsquo;abord, l&rsquo;on sait que la technique de la gu\u00e9rilla employ\u00e9e par les colonis\u00e9s peut rendre partiellement impuissante l&rsquo;arm\u00e9e du colonisateur. Mais surtout la lutte nationale du colonis\u00e9 s&rsquo;ins\u00e8re aujourd&rsquo;hui dans une situation absolument nouvelle. Le colonialisme a chang\u00e9 ses m\u00e9thodes. La politique de la terre br\u00fbl\u00e9e, le pilonnage d&rsquo;artillerie ne constituent plus une politique coloniale. Pourquoi ?<\/p>\n\n\n\n<p>En premier lieu, il y a une question de rentabilit\u00e9 \u00e9conomique. Ce qui aujourd&rsquo;hui int\u00e9resse les industriels et les financiers de la M\u00e9tropole, c&rsquo;est le contr\u00f4le de zones \u00e9conomiques et non plus tellement le maintien de zones de souverainet\u00e9. La fraction monopoliste de la bourgeoisie ne souhaite bas un gouvernement <em>\u00ab dont la politique est uniquement celle de l&rsquo;\u00e9p\u00e9e \u00bb<\/em>. Les colonis\u00e9s ne doivent pas croire que le colonialisme va tous les massacrer. <em>\u00ab Les militaires, bien s\u00fbr, continuent \u00e0 jouer avec les poup\u00e9es datant de la conqu\u00eate mais les milieux financiers ont vite fait de les ramener \u00e0 la r\u00e9alit\u00e9 \u00bb.<\/em><\/p>\n\n\n\n<p>En second lieu il y a le contexte international d&rsquo;aujourd&rsquo;hui, le contexte de la guerre froide, la lutte entre l&rsquo;Est et l&rsquo;Ouest. Dans un pareil contexte, le capitalisme international se rend compte qu&rsquo;il a tout \u00e0 perdre au d\u00e9veloppement des guerres nationales, \u00e0 l&rsquo;installation de guerillas meurtri\u00e8res. Il craint qu&rsquo;elle ne profite surtout \u00e0 l&rsquo;ennemi, \u00e0 l&rsquo;U.R.S.S. La lutte arm\u00e9e des masses colonis\u00e9es cr\u00e9e un milieu particuli\u00e8rement r\u00e9ceptif \u00e0 la propagande socialiste. Dans ce contexte, les Am\u00e9ricains conseillent aux pays europ\u00e9ens de d\u00e9coloniser \u00e0 l&rsquo;amiable.<\/p>\n\n\n\n<p>Les colonis\u00e9s doivent donc profiter de cette situation &#8211; avant comme apr\u00e8s l&rsquo;ind\u00e9pendance &#8211; et brandir la menace de la violence pour satisfaire leurs revendications. Aucun pays colonialiste n&rsquo;est capable de les \u00e9craser car <em>\u00ab aucun d&rsquo;eux n&rsquo;est capable d&rsquo;adopter la seule forme de lutte qui aurait une chance de r\u00e9ussir : l&rsquo;implantation prolong\u00e9e de forces d&rsquo;occupation importantes \u00bb.<\/em><\/p>\n\n\n\n<p class=\"has-text-align-center\"><strong>L&rsquo;ORGANISATION DES MASSES<\/strong><\/p>\n\n\n\n<p>Dans un chapitre intitul\u00e9 <em>\u00ab Grandeur et faiblesse de la spontan\u00e9it\u00e9 \u00bb<\/em>, Fanon commence par examiner d&rsquo;une mani\u00e8re critique la politique des partis nationalistes durant la p\u00e9riode coloniale, mais aussi apr\u00e8s l&rsquo;ind\u00e9pendance (ses exemples sont surtout emprunt\u00e9s \u00e0 l&rsquo;Afrique noire) ; mais il se pose des probl\u00e8mes relatifs \u00e0 l&rsquo;organisation et l&rsquo;\u00e9ducation id\u00e9ologique de la paysannerie qui, dans les pays colonis\u00e9s, constitue \u00e0 ses yeux la seule classe vraiment r\u00e9volutionnaire.<\/p>\n\n\n\n<p class=\"has-text-align-center\"><strong>CRITIQUE DES PARTIS NATIONALISTES<\/strong><\/p>\n\n\n\n<p>Son analyse des partis nationalistes est un v\u00e9ritable r\u00e9quisitoire. Il montre la faiblesse et l&rsquo;insuffisance de leurs m\u00e9thodes d&rsquo;organisation, l&rsquo;insignifiance de leurs doctrines et de leurs id\u00e9ologies. Ce qui les condamne principalement, c&rsquo;est leur incompr\u00e9hension des probl\u00e8mes qui se posent aux masses rurales. Calquant leurs m\u00e9thodes sur celles des partis m\u00e9tropolitains, les partis nationalistes des pays colonis\u00e9s s&rsquo;appuient essentiellement sur la population urbaine, c&rsquo;est-\u00e0-dire sur les ouvriers et les fonctionnaires qui par rapport aux paysans occupent une situation privil\u00e9gi\u00e9e dans le r\u00e9gime colonial et sont donc plus dispos\u00e9s \u00e0 composer avec ce dernier. Tout au plus utilisent-ils les paysans comme une simple client\u00e8le \u00e9lectorale ou comme une force d&rsquo;appoint. Ils se servent d&rsquo;eux pour amener le colonisateur \u00e0 leur faire de plus larges concessions, \u00e0 leur octroyer de plus larges privil\u00e8ges. Les partis nationalistes n&rsquo;arrivent jamais \u00e0 implanter leur organisation dans les campagnes, au moins d&rsquo;une mani\u00e8re durable. Quand ils ont besoin du support des paysans, ils se rendent dans la brousse pour diffuser leur propagande, mais ne savent rien faire d&rsquo;autre que de mener le village ou le douar comme \u00ab une cellule d&rsquo;entreprise \u00bb sans jamais essayer d&rsquo;utiliser les structures traditionnelles existantes en leur donnant un contenu nationaliste. <em>\u00ab L&rsquo;histoire de la nation future pi\u00e9tine avec une singuli\u00e8re d\u00e9sinvolture les petites histoires locales, c&rsquo;est-\u00e0-dire la seule actualit\u00e9 nationale \u00bb.<\/em><\/p>\n\n\n\n<p>Apr\u00e8s l&rsquo;ind\u00e9pendance, les partis et le gouvernement au pouvoir devront payer leur incapacit\u00e9. En laissant se d\u00e9velopper une opposition entre la ville et la brousse, ils compromettent l&rsquo;avenir de la future nation et en st\u00e9rilisent la vie politique. Les tendances d\u00e9centralisatrices, les manifestations de tribalisme vont se renforcer. En ce sens on peut dire que ce sont les partis qui sont responsables de la floraison de revendications autonomistes et r\u00e9gionalistes \u00e0 laquelle on assiste pendant la phase nationale.<\/p>\n\n\n\n<p class=\"has-text-align-center\"><strong>LIMITES DE LA SPONTAN\u00c9IT\u00c9<\/strong><\/p>\n\n\n\n<p>Les masses rurales des pays sous-d\u00e9velopp\u00e9s sont les forces sociales les plus r\u00e9solument r\u00e9volutionnaire, parce que le plus exclus des avantages du colonialisme. Cette appr\u00e9ciation de Fanon nous semble correcte. A bien des \u00e9gards, les colonis\u00e9s des villes &#8211; exception faite du \u00ab Lumpen \u00bb prol\u00e9tariat, \u00e0 l&rsquo;analyse duquel Fanon consacre d&rsquo;ailleurs d&rsquo;excellentes pages &#8211; sont privil\u00e9gi\u00e9s par rapport aux milieux de la brousse qui en raison de leur d\u00e9nuement absolu sont plus port\u00e9s aux options radicales. Il nous semble pourtant qu&rsquo;\u00e0 vouloir trop prouver, Fanon finit par obscurcir son analyse. Si les paysans enserr\u00e9s dans leurs structures sociales traditionnelles ont bien conserv\u00e9 des comportements communautaires et savent faire preuve de discipline, qui ne dit qu&rsquo;un tel esprit communautaire ait un sens hors des limites de la tribu et du clan, et puisse \u00eatre r\u00e9cup\u00e9r\u00e9 dans des formes d&rsquo;organisation moderne, adapt\u00e9es \u00e0 un cadre non plus ethnique mais national.<\/p>\n\n\n\n<p>Cette r\u00e9serve faite, nous sommes d&rsquo;accord avec Fanon quand il insiste sur le dynamisme r\u00e9volutionnaire des masses rurales et quand il montre que le probl\u00e8me d\u00e9cisif est le probl\u00e8me de leur int\u00e9gration dans des formes d&rsquo;organisation sp\u00e9cifique qui, sans autoritarisme bureaucratique, arriverait \u00e0 les politiser et surtout \u00e0 \u00e9lever le niveau de leur lutte.<\/p>\n\n\n\n<p>Dans ses explosions spontan\u00e9es &#8211; ou plut\u00f4t non compl\u00e8tement organis\u00e9es &#8211; le paysan intervient de mani\u00e8re d\u00e9cisive dans le processus de maturation de la conscience nationale. Quoi qu&rsquo;on ait  pu dire et malgr\u00e9 leurs limites, les manifestations malgaches de 1947, et les manifestations Mau-Mau ont \u00e9t\u00e9 des \u00e9tapes essentielles dans la formation du nationalisme Kenyan et Malgache.<\/p>\n\n\n\n<p>Mais en m\u00eame temps qu&rsquo;il r\u00e9habilite toutes les manifestations r\u00e9volutionnaires spontan\u00e9es, Fanon en montre les limites ; ou plut\u00f4t il montre qu&rsquo;elles ne sont valables qu&rsquo;\u00e0 une \u00e9tape de la lutte de lib\u00e9ration nationale. Il s&rsquo;appuie surtout sur l&rsquo;exemple de la r\u00e9volution alg\u00e9rienne dont il conna\u00eet parfaitement les divers moments. Dans la p\u00e9riode initiale de la lutte, face au \u00ab gargarisme \u00bb, \u00ab au verbalisme \u00bb, \u00e0 \u00ab la blagologie \u00bb, \u00e0 \u00ab l&rsquo;agitation st\u00e9rile \u00bb de la politique traditionnelle des partis urbains, les masses rurales en armes, et les dirigeants r\u00e9volutionnaires les plus concrets ont tendance \u00e0 se limiter \u00e0 une doctrine simple : faire que la Nation sache, faire que l&rsquo;\u00e9tranger parle, et pour cela renforcer la lutte arm\u00e9e. Au d\u00e9part, un tel programme est efficace et toutes les initiatives &#8211; m\u00eame si elles sont relativement incomprises &#8211; pourvu qu&rsquo;elles soient radicales portent des coups d\u00e9cisifs aux forces colonialistes. Mais le colonialisme change ses m\u00e9thodes et d&rsquo;abord ses m\u00e9thodes de combat. Les dirigeants de l&rsquo;insurrection s&rsquo;apercevront alors que les \u00ab Jacqueries \u00bb m\u00eame grandioses, demandent \u00e0 \u00eatre contr\u00f4l\u00e9es et orient\u00e9es, et qu&rsquo;il faut transformer les luttes partielles en guerres r\u00e9volutionnaires.<\/p>\n\n\n\n<p>Et surtout le colonialisme finit par changer de tactique ; \u00e0 la politique brutale de r\u00e9pression, il allie \u00ab l&rsquo;action psychologique \u00bb ; il t\u00e2che de gagner la sympathie de certains groupes de population, de se concilier certains chefs. D\u00e8s lors, si l&rsquo;on ne donne pas \u00e0 la lutte nationaliste un contenu id\u00e9ologique pr\u00e9cis, elle risque de s&rsquo;effriter. Le colonis\u00e9 n&rsquo;avait d&rsquo;abord besoin que de sa haine pour combattre. La haine est \u00ab d\u00e9samorc\u00e9e \u00bb par ces \u00ab trouvailles psychologiques \u00bb. C&rsquo;est donc le d\u00e9veloppement m\u00eame de la lutte qui montre la n\u00e9cessit\u00e9 d&rsquo;un encadrement et d&rsquo;une structuration des masses, et qui rend indispensable un travail de clarification id\u00e9ologique extr\u00eamement pouss\u00e9.<\/p>\n\n\n\n<p>Fanon expose dans son livre comment il con\u00e7oit le passage d&rsquo;une id\u00e9ologie nationaliste \u00e0 une id\u00e9ologie r\u00e9volutionnaire qui ne serait plus seulement tourn\u00e9e contre le colonialisme mais contre la bourgeoisie nationale.<\/p>\n\n\n\n<p class=\"has-text-align-right\"><strong>Nicolas VINAY.<\/strong><\/p>\n\n\n<div class=\"wp-block-image\">\n<figure class=\"aligncenter size-large\"><img data-recalc-dims=\"1\" loading=\"lazy\" decoding=\"async\" width=\"580\" height=\"219\" data-attachment-id=\"29272\" data-permalink=\"https:\/\/sinedjib.com\/index.php\/2026\/09\/06\/les-perspectives-de-la-revolution-coloniale-les-damnes-de-la-terre\/la-voie-communiste-janvier-fevrier-1962\/\" data-orig-file=\"https:\/\/i0.wp.com\/sinedjib.com\/wp-content\/uploads\/2026\/09\/La-Voie-communiste-janvier-fevrier-1962.png?fit=1197%2C452&amp;ssl=1\" data-orig-size=\"1197,452\" data-comments-opened=\"0\" data-image-meta=\"{&quot;aperture&quot;:&quot;0&quot;,&quot;credit&quot;:&quot;&quot;,&quot;camera&quot;:&quot;&quot;,&quot;caption&quot;:&quot;&quot;,&quot;created_timestamp&quot;:&quot;0&quot;,&quot;copyright&quot;:&quot;&quot;,&quot;focal_length&quot;:&quot;0&quot;,&quot;iso&quot;:&quot;0&quot;,&quot;shutter_speed&quot;:&quot;0&quot;,&quot;title&quot;:&quot;&quot;,&quot;orientation&quot;:&quot;0&quot;}\" data-image-title=\"La Voie communiste janvier-f\u00e9vrier 1962\" data-image-description=\"\" data-image-caption=\"\" data-large-file=\"https:\/\/i0.wp.com\/sinedjib.com\/wp-content\/uploads\/2026\/09\/La-Voie-communiste-janvier-fevrier-1962.png?fit=580%2C219&amp;ssl=1\" src=\"https:\/\/i0.wp.com\/sinedjib.com\/wp-content\/uploads\/2026\/09\/La-Voie-communiste-janvier-fevrier-1962.png?resize=580%2C219&#038;ssl=1\" alt=\"\" class=\"wp-image-29272\" srcset=\"https:\/\/i0.wp.com\/sinedjib.com\/wp-content\/uploads\/2026\/09\/La-Voie-communiste-janvier-fevrier-1962.png?resize=1024%2C387&amp;ssl=1 1024w, https:\/\/i0.wp.com\/sinedjib.com\/wp-content\/uploads\/2026\/09\/La-Voie-communiste-janvier-fevrier-1962.png?resize=300%2C113&amp;ssl=1 300w, https:\/\/i0.wp.com\/sinedjib.com\/wp-content\/uploads\/2026\/09\/La-Voie-communiste-janvier-fevrier-1962.png?resize=768%2C290&amp;ssl=1 768w, https:\/\/i0.wp.com\/sinedjib.com\/wp-content\/uploads\/2026\/09\/La-Voie-communiste-janvier-fevrier-1962.png?w=1197&amp;ssl=1 1197w\" sizes=\"auto, (max-width: 580px) 100vw, 580px\" \/><\/figure>\n<\/div>\n\n\n<hr class=\"wp-block-separator has-alpha-channel-opacity\"\/>\n\n\n\n<p class=\"has-small-font-size\">(1) &#8211; <em>Les Damn\u00e9s de la terre<\/em>, pr\u00e9face de Jean-Paul Sartre, Cahiers libres n\u00b0 27-28, Ed. Fr. Maspero (1961).<\/p>\n\n\n\n<p class=\"has-small-font-size\">(2) &#8211; Frantz Fanon est d&rsquo;origine antillaise.<\/p>\n\n\n\n<p class=\"has-small-font-size\">(3) &#8211; Frantz Fanon est mort d&rsquo;une tr\u00e8s grave maladie peu apr\u00e8s la sortie de son livre.<\/p>\n\n\n\n<hr class=\"wp-block-separator has-alpha-channel-opacity\"\/>\n\n\n\n<figure class=\"wp-block-pullquote\"><blockquote><p><strong>[<a href=\"https:\/\/sinedjib.com\/\">sinedjib.com<\/a>] est librement accessible depuis 2012 afin de faire conna\u00eetre mon actualit\u00e9 et partager des textes issus de mes recherches. Chaque jour ou presque, je retranscris des articles ou documents qui concernent les luttes pour l\u2019\u00e9mancipation.<\/strong><br><strong>Pour soutenir cette d\u00e9marche,\u00a0vous pouvez\u00a0<\/strong><a href=\"https:\/\/sinedjib.com\/index.php\/abonnement\/\">vous abonner<\/a><strong>\u00a0et relayer le contenu de [\u0633\u064a \u0646\u062c\u064a\u0628]. Vous avez aussi la possibilit\u00e9 de\u00a0<\/strong><a href=\"https:\/\/sinedjib.com\/index.php\/mes-livres\/\">vous procurer mes livres<\/a><strong>, comme mon nouvel ouvrage,\u00a0<\/strong><em><a href=\"https:\/\/www.lechappee.org\/collections\/hors-collection\/le-spectre-du-colonialisme\">Le Spectre du colonialisme<\/a><\/em><strong>, disponible dans toutes les bonnes librairies.<\/strong><\/p><cite>Nedjib SIDI MOUSSA<\/cite><\/blockquote><\/figure>\n\n\n<div class=\"wp-block-image\">\n<figure class=\"aligncenter size-full is-resized\"><img data-recalc-dims=\"1\" loading=\"lazy\" decoding=\"async\" width=\"546\" height=\"800\" data-attachment-id=\"27669\" data-permalink=\"https:\/\/sinedjib.com\/index.php\/mes-livres\/le-spectre-du-colonialisme-couv\/\" data-orig-file=\"https:\/\/i0.wp.com\/sinedjib.com\/wp-content\/uploads\/2025\/12\/LE-SPECTRE-DU-COLONIALISME-Couv.jpg?fit=546%2C800&amp;ssl=1\" data-orig-size=\"546,800\" data-comments-opened=\"0\" data-image-meta=\"{&quot;aperture&quot;:&quot;0&quot;,&quot;credit&quot;:&quot;&quot;,&quot;camera&quot;:&quot;&quot;,&quot;caption&quot;:&quot;&quot;,&quot;created_timestamp&quot;:&quot;0&quot;,&quot;copyright&quot;:&quot;&quot;,&quot;focal_length&quot;:&quot;0&quot;,&quot;iso&quot;:&quot;0&quot;,&quot;shutter_speed&quot;:&quot;0&quot;,&quot;title&quot;:&quot;&quot;,&quot;orientation&quot;:&quot;0&quot;}\" data-image-title=\"LE SPECTRE DU COLONIALISME &amp;#8211; Couv\" data-image-description=\"\" data-image-caption=\"\" data-large-file=\"https:\/\/i0.wp.com\/sinedjib.com\/wp-content\/uploads\/2025\/12\/LE-SPECTRE-DU-COLONIALISME-Couv.jpg?fit=546%2C800&amp;ssl=1\" src=\"https:\/\/i0.wp.com\/sinedjib.com\/wp-content\/uploads\/2025\/12\/LE-SPECTRE-DU-COLONIALISME-Couv.jpg?resize=546%2C800&#038;ssl=1\" alt=\"\" class=\"wp-image-27669\" style=\"width:314px;height:auto\" srcset=\"https:\/\/i0.wp.com\/sinedjib.com\/wp-content\/uploads\/2025\/12\/LE-SPECTRE-DU-COLONIALISME-Couv.jpg?w=546&amp;ssl=1 546w, https:\/\/i0.wp.com\/sinedjib.com\/wp-content\/uploads\/2025\/12\/LE-SPECTRE-DU-COLONIALISME-Couv.jpg?resize=205%2C300&amp;ssl=1 205w\" sizes=\"auto, (max-width: 546px) 100vw, 546px\" \/><\/figure>\n<\/div>\n\n\n<p><\/p>\n","protected":false},"excerpt":{"rendered":"<p>Article de Nicolas Vinay paru dans La Voie communiste, nouvelle s\u00e9rie, n\u00b0 26, janvier-f\u00e9vrier 1962 DEPUIS les analyses de Trotsky &#8211; dans \u00ab La R\u00e9volution permanente \u00bb , la litt\u00e9rature d&rsquo;inspiration marxiste n&rsquo;a gu\u00e8re approfondi les probl\u00e8mes de la r\u00e9volution coloniale. Le m\u00e9rite essentiel du dernier ouvrage de Frantz Fanon (1) est de nous faire [&hellip;]<\/p>\n","protected":false},"author":1,"featured_media":0,"comment_status":"closed","ping_status":"","sticky":false,"template":"","format":"standard","meta":{"_jetpack_newsletter_access":"","_jetpack_dont_email_post_to_subs":false,"_jetpack_newsletter_tier_id":0,"_jetpack_memberships_contains_paywalled_content":false,"_jetpack_feature_clip_id":0,"_jetpack_memberships_contains_paid_content":false,"footnotes":"","jetpack_post_was_ever_published":false},"categories":[7,8],"tags":[42,112,138,457,453,466,5604,749,6103,3387],"class_list":["post-29271","post","type-post","status-publish","format-standard","hentry","category-livres","category-presse","tag-42","tag-algerie","tag-anticolonialisme","tag-france","tag-francois-maspero","tag-frantz-fanon","tag-la-voie-communiste","tag-marxisme","tag-nicolas-vinay","tag-theorie"],"jetpack_featured_media_url":"","jetpack_sharing_enabled":true,"jetpack_shortlink":"https:\/\/wp.me\/p9lTYU-7C7","jetpack_likes_enabled":true,"jetpack-related-posts":[{"id":27093,"url":"https:\/\/sinedjib.com\/index.php\/2025\/08\/24\/raptis-2\/","url_meta":{"origin":29271,"position":0},"title":"Mikhalis Raptis : La guerre commence, de Mohammed Harbi, Ed. Complexe","author":"SiNedjib","date":"24\/08\/2025","format":false,"excerpt":"Article de\u00a0Mikhalis Raptis dit\u00a0Michel Pablo\u00a0paru dans\u00a0Sous le drapeau du socialisme, n\u00b0 99, f\u00e9vrier 1985 La r\u00e9flexion de Mohammed Harbi sur le mouvement national alg\u00e9rien reste jusqu'\u00e0 ce jour la plus profonde, celle qui \u00e9claire le contexte historique, social, politique, culturel, dans lequel ce mouvement se d\u00e9veloppe, s'entred\u00e9chire de crise en\u2026","rel":"","context":"Dans &quot;revues&quot;","block_context":{"text":"revues","link":"https:\/\/sinedjib.com\/index.php\/category\/revues\/"},"img":{"alt_text":"","src":"https:\/\/i0.wp.com\/sinedjib.com\/wp-content\/uploads\/2025\/08\/Harbi-la-guerre-commennce-en-Algerie.jpg?resize=350%2C200&ssl=1","width":350,"height":200},"classes":[]},{"id":16034,"url":"https:\/\/sinedjib.com\/index.php\/2022\/04\/20\/mikhalis-raptis-les-damnes-de-la-terre-de-frantz-fanon\/","url_meta":{"origin":29271,"position":1},"title":"Mikhalis Raptis : Les damn\u00e9s de la terre de Frantz Fanon","author":"SiNedjib","date":"20\/04\/2022","format":false,"excerpt":"Article de Mikhalis Raptis dit Michel Pablo paru dans Quatri\u00e8me Internationale, 20\u00e8me ann\u00e9e, n\u00b0 15, avril 1962 (2\u00e8me trimestre), p. 57-63 La r\u00e9volution coloniale est un fait qui date pratiquement de la derni\u00e8re guerre mondiale. On ne saurait reprocher au marxisme r\u00e9volutionnaire d'avoir ignor\u00e9 jusqu'\u00e0 cette date les colonies et\u2026","rel":"","context":"Dans &quot;revues&quot;","block_context":{"text":"revues","link":"https:\/\/sinedjib.com\/index.php\/category\/revues\/"},"img":{"alt_text":"","src":"https:\/\/i0.wp.com\/sinedjib.com\/wp-content\/uploads\/2022\/04\/Quatrieme-Internationale-avril-1962.png?resize=350%2C200&ssl=1","width":350,"height":200},"classes":[]},{"id":15951,"url":"https:\/\/sinedjib.com\/index.php\/2022\/04\/13\/itineraire-de-robert-bonnaud\/","url_meta":{"origin":29271,"position":2},"title":"Itin\u00e9raire de Robert Bonnaud","author":"SiNedjib","date":"13\/04\/2022","format":false,"excerpt":"Article paru dans La V\u00e9rit\u00e9 des travailleurs, n\u00b0 125, avril 1962, p. 16 L'auteur de ce petit volume publi\u00e9 dans la collection des Editions de Minuit, Bonnaud est \u00e0 pr\u00e9sent enferm\u00e9 \u00e0 la prison des Baumettes, \u00e0 Marseille, en raison de la lutte qu'il a men\u00e9e d\u00e8s le d\u00e9but contre\u2026","rel":"","context":"Dans &quot;presse&quot;","block_context":{"text":"presse","link":"https:\/\/sinedjib.com\/index.php\/category\/presse\/"},"img":{"alt_text":"","src":"https:\/\/i0.wp.com\/sinedjib.com\/wp-content\/uploads\/2022\/04\/bonnaud-itineraire.jpg?resize=350%2C200&ssl=1","width":350,"height":200,"srcset":"https:\/\/i0.wp.com\/sinedjib.com\/wp-content\/uploads\/2022\/04\/bonnaud-itineraire.jpg?resize=350%2C200&ssl=1 1x, https:\/\/i0.wp.com\/sinedjib.com\/wp-content\/uploads\/2022\/04\/bonnaud-itineraire.jpg?resize=525%2C300&ssl=1 1.5x, https:\/\/i0.wp.com\/sinedjib.com\/wp-content\/uploads\/2022\/04\/bonnaud-itineraire.jpg?resize=700%2C400&ssl=1 2x"},"classes":[]},{"id":13288,"url":"https:\/\/sinedjib.com\/index.php\/2021\/07\/11\/lalgerie-au-temps-du-hirak-quelles-perspectives-pour-les-revolutionnaires\/","url_meta":{"origin":29271,"position":3},"title":"L\u2019Alg\u00e9rie au temps du hirak : quelles perspectives pour les r\u00e9volutionnaires ?","author":"SiNedjib","date":"11\/07\/2021","format":false,"excerpt":"Mon dernier article intitul\u00e9 \"L'Alg\u00e9rie au temps du hirak : quelles perspectives pour les r\u00e9volutionnaires ?\" a \u00e9t\u00e9 publi\u00e9 dans Courant alternatif, n\u00b0 312, \u00e9t\u00e9 2021, p. 7 En voici les premi\u00e8res lignes : Suite aux \u00e9lections l\u00e9gislatives marqu\u00e9es par une abstention record et la victoire des partis li\u00e9s \u00e0\u2026","rel":"","context":"Dans &quot;publications&quot;","block_context":{"text":"publications","link":"https:\/\/sinedjib.com\/index.php\/category\/publications\/"},"img":{"alt_text":"","src":"https:\/\/i0.wp.com\/sinedjib.com\/wp-content\/uploads\/2021\/07\/couv_ca_312-_2_7mo-258cc.png?resize=350%2C200&ssl=1","width":350,"height":200},"classes":[]},{"id":15338,"url":"https:\/\/sinedjib.com\/index.php\/2022\/01\/18\/michel-pablo-pour-lalgerie-combattante-et-martyre\/","url_meta":{"origin":29271,"position":4},"title":"Michel Pablo : Pour l&rsquo;Alg\u00e9rie combattante et martyre","author":"SiNedjib","date":"18\/01\/2022","format":false,"excerpt":"Article de Michel Pablo paru dans La V\u00e9rit\u00e9 des travailleurs, n\u00b0 122, janvier 1962, p. 15-16 Je viens de terminer un voyage de plusieurs jours dans la r\u00e9gion frontali\u00e8re du Maroc oriental et de l'Alg\u00e9rie, en compagnie du d\u00e9put\u00e9 travailliste John Baird et de plusieurs dirigeants alg\u00e9riens civils et militaires.\u2026","rel":"","context":"Dans &quot;presse&quot;","block_context":{"text":"presse","link":"https:\/\/sinedjib.com\/index.php\/category\/presse\/"},"img":{"alt_text":"","src":"https:\/\/i0.wp.com\/sinedjib.com\/wp-content\/uploads\/2022\/01\/La-Verite-des-travailleurs-janvier-1962.png?resize=350%2C200&ssl=1","width":350,"height":200},"classes":[]},{"id":10721,"url":"https:\/\/sinedjib.com\/index.php\/2020\/11\/24\/vingtieme-anniversaire-insurrection-1954-revolution-algerienne\/","url_meta":{"origin":29271,"position":5},"title":"Vingti\u00e8me anniversaire de l&rsquo;insurrection de 1954 : La r\u00e9volution alg\u00e9rienne","author":"SiNedjib","date":"24\/11\/2020","format":false,"excerpt":"Article paru dans Le Prol\u00e9taire, n\u00b0 183, du 4 au 17 novembre 1974, p. 1-4 II Y a vingt ans, l'\u00e9tincelle de l'insurrection allumait en Alg\u00e9rie l'incendie de la guerre d'ind\u00e9pendance nationale, qui allait mettre fin \u00e0 plus d'un si\u00e8cle d'esclavage colonial et ouvrir la voie \u00e0 la naissance d'une\u2026","rel":"","context":"Dans &quot;presse&quot;","block_context":{"text":"presse","link":"https:\/\/sinedjib.com\/index.php\/category\/presse\/"},"img":{"alt_text":"","src":"https:\/\/i0.wp.com\/sinedjib.com\/wp-content\/uploads\/2020\/11\/Le-Proletaire-4-novembre-1974.png?resize=350%2C200&ssl=1","width":350,"height":200},"classes":[]}],"_links":{"self":[{"href":"https:\/\/sinedjib.com\/index.php\/wp-json\/wp\/v2\/posts\/29271","targetHints":{"allow":["GET"]}}],"collection":[{"href":"https:\/\/sinedjib.com\/index.php\/wp-json\/wp\/v2\/posts"}],"about":[{"href":"https:\/\/sinedjib.com\/index.php\/wp-json\/wp\/v2\/types\/post"}],"author":[{"embeddable":true,"href":"https:\/\/sinedjib.com\/index.php\/wp-json\/wp\/v2\/users\/1"}],"replies":[{"embeddable":true,"href":"https:\/\/sinedjib.com\/index.php\/wp-json\/wp\/v2\/comments?post=29271"}],"version-history":[{"count":2,"href":"https:\/\/sinedjib.com\/index.php\/wp-json\/wp\/v2\/posts\/29271\/revisions"}],"predecessor-version":[{"id":29274,"href":"https:\/\/sinedjib.com\/index.php\/wp-json\/wp\/v2\/posts\/29271\/revisions\/29274"}],"wp:attachment":[{"href":"https:\/\/sinedjib.com\/index.php\/wp-json\/wp\/v2\/media?parent=29271"}],"wp:term":[{"taxonomy":"category","embeddable":true,"href":"https:\/\/sinedjib.com\/index.php\/wp-json\/wp\/v2\/categories?post=29271"},{"taxonomy":"post_tag","embeddable":true,"href":"https:\/\/sinedjib.com\/index.php\/wp-json\/wp\/v2\/tags?post=29271"}],"curies":[{"name":"wp","href":"https:\/\/api.w.org\/{rel}","templated":true}]}}