{"id":5358,"date":"2019-04-04T13:34:13","date_gmt":"2019-04-04T11:34:13","guid":{"rendered":"http:\/\/sinedjib.com\/?p=5358"},"modified":"2021-09-11T18:38:38","modified_gmt":"2021-09-11T16:38:38","slug":"intervention","status":"publish","type":"post","link":"https:\/\/sinedjib.com\/index.php\/2019\/04\/04\/intervention\/","title":{"rendered":"Intervention au colloque \u00ab\u00a0Disaffiliation, Dis-identification, Disavowal: (Ex-)Muslims and Public Apostasy from Islam in Francophone Culture and Politics\u00a0\u00bb, Londres, 5 avril \u00e0 16h15"},"content":{"rendered":"\n<p><strong>J\u2019aurai le plaisir d\u2019intervenir ce vendredi 5 avril \u00e0 16h15 \u00e0 Londres lors du colloque intitul\u00e9 \u00ab Disaffiliation, Dis-identification, Disavowal: (Ex-)Muslims and Public Apostasy from Islam in Francophone Culture and Politics \u00bb.<\/strong><\/p>\n\n\n\n<!--more-->\n\n\n\n<p>Ma communication aura pour th\u00e8me : \u00ab\u00a0Une apostasie impensable ? De la lutte anticoloniale \u00e0 l\u2019antiracisme \u00ab politique \u00bb : retour sur une probl\u00e9matique marginalis\u00e9e dans l\u2019espace franco-alg\u00e9rien\u00a0\u00bb.<\/p>\n\n\n\n<p>Le colloque se d\u00e9roulera \u00e0 partir de 14h \u00e0 Senate House (room 246), Malet Street, London WC1E 7HU.<\/p>\n\n\n\n<p>Le programme complet de l&rsquo;\u00e9v\u00e9nement est accessible \u00e0 ce <a href=\"https:\/\/modernlanguages.sas.ac.uk\/events\/event\/17773\" target=\"_blank\" rel=\"noreferrer noopener\" aria-label=\"lien (s\u2019ouvre dans un nouvel onglet)\">lien<\/a>.<\/p>\n","protected":false},"excerpt":{"rendered":"<p>J\u2019aurai le plaisir d\u2019intervenir ce vendredi 5 avril \u00e0 16h15 \u00e0 Londres lors du colloque intitul\u00e9 \u00ab Disaffiliation, Dis-identification, Disavowal: (Ex-)Muslims and Public Apostasy from Islam in Francophone Culture and Politics \u00bb.<\/p>\n","protected":false},"author":1,"featured_media":0,"comment_status":"open","ping_status":"open","sticky":false,"template":"","format":"standard","meta":{"jetpack_post_was_ever_published":false,"_jetpack_newsletter_access":"","_jetpack_dont_email_post_to_subs":false,"_jetpack_newsletter_tier_id":0,"_jetpack_memberships_contains_paywalled_content":false,"_jetpack_memberships_contains_paid_content":false,"footnotes":""},"categories":[3],"tags":[112,138,3185,3184,301,1941,457,2579,3183],"class_list":["post-5358","post","type-post","status-publish","format-standard","hentry","category-communications","tag-algerie","tag-anticolonialisme","tag-antiracisme","tag-apostasie","tag-colloque","tag-communication","tag-france","tag-londres","tag-senate-house"],"jetpack_featured_media_url":"","jetpack_sharing_enabled":true,"jetpack_shortlink":"https:\/\/wp.me\/p9lTYU-1oq","jetpack_likes_enabled":true,"jetpack-related-posts":[{"id":28625,"url":"https:\/\/sinedjib.com\/index.php\/2026\/04\/18\/centenaire-de-letoile-nord-africaine-colloque-a-paris-samedi-25-avril-a-13h30\/","url_meta":{"origin":5358,"position":0},"title":"Centenaire de l&rsquo;Etoile nord-africaine : colloque \u00e0 Paris, samedi 25 avril \u00e0 13h30","author":"SiNedjib","date":"18\/04\/2026","format":false,"excerpt":"J'aurai l'honneur de participer au colloque pour le centenaire de l'Etoile nord-africaine qui se tiendra \u00e0 la Bourse du travail de Paris (29, boulevard du Temple 75003) le samedi 25 avril de 13h30 \u00e0 18h. J'interviendrai \u00e0 14h dans le cadre de la table ronde mod\u00e9r\u00e9e par Nasser Kettane, pr\u00e9sident\u2026","rel":"","context":"Dans &quot;communications&quot;","block_context":{"text":"communications","link":"https:\/\/sinedjib.com\/index.php\/category\/communications\/"},"img":{"alt_text":"","src":"https:\/\/i0.wp.com\/sinedjib.com\/wp-content\/uploads\/2026\/04\/colloque-ENA-2026.jpg?resize=350%2C200&ssl=1","width":350,"height":200,"srcset":"https:\/\/i0.wp.com\/sinedjib.com\/wp-content\/uploads\/2026\/04\/colloque-ENA-2026.jpg?resize=350%2C200&ssl=1 1x, https:\/\/i0.wp.com\/sinedjib.com\/wp-content\/uploads\/2026\/04\/colloque-ENA-2026.jpg?resize=525%2C300&ssl=1 1.5x"},"classes":[]},{"id":114,"url":"https:\/\/sinedjib.com\/index.php\/2012\/11\/14\/role-femme\/","url_meta":{"origin":5358,"position":1},"title":"\u00ab Le r\u00f4le de la femme dans la r\u00e9volution alg\u00e9rienne \u00bb : \u00e9mancipation et paternalisme dans le mouvement messaliste","author":"Nedjib Sidi Moussa","date":"14\/11\/2012","format":false,"excerpt":"J'ai particip\u00e9 au colloque international organis\u00e9 \u00e0 l'Universit\u00e9 Paris 8 et qui s'est tenu\u00a0\u00e0 Saint-Denis les 9 et 10 novembre 2012. Il avait pour th\u00e8me : \"Entre continuit\u00e9s et ruptures g\u00e9n\u00e9rationnelles. Les recherches sur la guerre d'ind\u00e9pendance alg\u00e9rienne, cinquante ans apr\u00e8s\". J'ai pr\u00e9sent\u00e9 une communication ayant pour titre : \"'Le\u2026","rel":"","context":"Dans &quot;communications&quot;","block_context":{"text":"communications","link":"https:\/\/sinedjib.com\/index.php\/category\/communications\/"},"img":{"alt_text":"","src":"","width":0,"height":0},"classes":[]},{"id":107,"url":"https:\/\/sinedjib.com\/index.php\/2012\/11\/14\/droit-de-reponse\/","url_meta":{"origin":5358,"position":2},"title":"Droit de r\u00e9ponse : APS &#8211; El Moudjahid (21 septembre 2011)","author":"Nedjib Sidi Moussa","date":"14\/11\/2012","format":false,"excerpt":"Concernant la d\u00e9p\u00eache de l'APS dat\u00e9e du 18 septembre 2011 \u00ab Int\u00e9r\u00eat des jeunes chercheurs pour le mouvement national et Messali Hadj \u00bb et reprise dans le quotidien alg\u00e9rien\u00a0El Moudjahid du 20 septembre 2011. Mon intervention d'une vingtaine de minutes portant sur le congr\u00e8s extraordinaire du MTLD de juillet 1954\u2026","rel":"","context":"Dans &quot;rectifications&quot;","block_context":{"text":"rectifications","link":"https:\/\/sinedjib.com\/index.php\/category\/rectifications\/"},"img":{"alt_text":"","src":"","width":0,"height":0},"classes":[]},{"id":5247,"url":"https:\/\/sinedjib.com\/index.php\/2019\/03\/12\/deconstruction\/","url_meta":{"origin":5358,"position":3},"title":"Intervention \u00e0 la journ\u00e9e \u00ab\u00a0Pour une d\u00e9construction de la d\u00e9construction\u00a0\u00bb, Montpellier, 14 mars \u00e0 11h15","author":"SiNedjib","date":"12\/03\/2019","format":false,"excerpt":"J'aurai le plaisir d'intervenir ce jeudi 14 mars \u00e0 11h15 \u00e0 Montpellier lors de la journ\u00e9e d'\u00e9tude intitul\u00e9e \"Pour une d\u00e9construction de la d\u00e9construction\". Ma communication aura pour th\u00e8me : \"Diversit\u00e9, parit\u00e9, repr\u00e9sentativit\u00e9 : d\u00e9coloniser les arts ou ethniciser l'\u00e9mancipation ?\" La journ\u00e9e se d\u00e9roulera \u00e0 partir de 9h15 \u00e0\u2026","rel":"","context":"Dans &quot;communications&quot;","block_context":{"text":"communications","link":"https:\/\/sinedjib.com\/index.php\/category\/communications\/"},"img":{"alt_text":"","src":"","width":0,"height":0},"classes":[]},{"id":19,"url":"https:\/\/sinedjib.com\/index.php\/2012\/10\/29\/du-mna-au-ppa\/","url_meta":{"origin":5358,"position":4},"title":"Les messalistes \u00e0 l&rsquo;\u00e9preuve de l&rsquo;ind\u00e9pendance : du MNA au PPA","author":"Nedjib Sidi Moussa","date":"29\/10\/2012","format":false,"excerpt":"J'ai particip\u00e9 au colloque \"1962, un monde\" qui s'est tenu du 14 au 16 octobre 2012 \u00e0 Oran. Ma communication s'intitulait \"Les messalistes \u00e0 l'\u00e9preuve de l'ind\u00e9pendance : du MNA au PPA\". J'ai pr\u00e9sent\u00e9, en quinze minutes,\u00a0un aspect de mon article \"La 'reconversion' du MNA\" paru dans l'ouvrage dirig\u00e9 par\u2026","rel":"","context":"Dans &quot;communications&quot;","block_context":{"text":"communications","link":"https:\/\/sinedjib.com\/index.php\/category\/communications\/"},"img":{"alt_text":"","src":"https:\/\/i0.wp.com\/sinedjib.com\/wp-content\/uploads\/2012\/10\/colloque_1962_big-.jpg?resize=350%2C200&ssl=1","width":350,"height":200},"classes":[]},{"id":27491,"url":"https:\/\/sinedjib.com\/index.php\/2025\/11\/07\/colonialite\/","url_meta":{"origin":5358,"position":5},"title":"La colonialit\u00e9 toujours \u00e0 l\u2019\u0153uvre","author":"SiNedjib","date":"07\/11\/2025","format":false,"excerpt":"Ma derni\u00e8re contribution vient d'\u00eatre mise en ligne sur Left Renewal Blog. Le texte est librement accessible en cliquant sur ce lien. Il s\u2019agit du message adress\u00e9 aux organisateurs de la table ronde \u00ab\u00a0La colonialit\u00e9 toujours \u00e0 l\u2019\u0153uvre\u00a0\u00bb qui s\u2019est tenue \u00e0 La Sorbonne, le 3 octobre, \u00e0 l\u2019occasion du\u2026","rel":"","context":"Dans &quot;publications&quot;","block_context":{"text":"publications","link":"https:\/\/sinedjib.com\/index.php\/category\/publications\/"},"img":{"alt_text":"","src":"https:\/\/i0.wp.com\/sinedjib.com\/wp-content\/uploads\/2025\/04\/Left-Renewal-Blog.jpg?resize=350%2C200&ssl=1","width":350,"height":200},"classes":[]}],"_links":{"self":[{"href":"https:\/\/sinedjib.com\/index.php\/wp-json\/wp\/v2\/posts\/5358","targetHints":{"allow":["GET"]}}],"collection":[{"href":"https:\/\/sinedjib.com\/index.php\/wp-json\/wp\/v2\/posts"}],"about":[{"href":"https:\/\/sinedjib.com\/index.php\/wp-json\/wp\/v2\/types\/post"}],"author":[{"embeddable":true,"href":"https:\/\/sinedjib.com\/index.php\/wp-json\/wp\/v2\/users\/1"}],"replies":[{"embeddable":true,"href":"https:\/\/sinedjib.com\/index.php\/wp-json\/wp\/v2\/comments?post=5358"}],"version-history":[{"count":1,"href":"https:\/\/sinedjib.com\/index.php\/wp-json\/wp\/v2\/posts\/5358\/revisions"}],"predecessor-version":[{"id":13974,"href":"https:\/\/sinedjib.com\/index.php\/wp-json\/wp\/v2\/posts\/5358\/revisions\/13974"}],"wp:attachment":[{"href":"https:\/\/sinedjib.com\/index.php\/wp-json\/wp\/v2\/media?parent=5358"}],"wp:term":[{"taxonomy":"category","embeddable":true,"href":"https:\/\/sinedjib.com\/index.php\/wp-json\/wp\/v2\/categories?post=5358"},{"taxonomy":"post_tag","embeddable":true,"href":"https:\/\/sinedjib.com\/index.php\/wp-json\/wp\/v2\/tags?post=5358"}],"curies":[{"name":"wp","href":"https:\/\/api.w.org\/{rel}","templated":true}]}}