{"id":8735,"date":"2020-06-06T13:38:36","date_gmt":"2020-06-06T11:38:36","guid":{"rendered":"https:\/\/sinedjib.com\/?p=8735"},"modified":"2025-09-24T17:45:20","modified_gmt":"2025-09-24T15:45:20","slug":"decoloniaux","status":"publish","type":"post","link":"https:\/\/sinedjib.com\/index.php\/2020\/06\/06\/decoloniaux\/","title":{"rendered":"Militants, intellectuels et artistes d\u00e9coloniaux : tiers-mondisme domestique et r\u00e9formisme racialiste"},"content":{"rendered":"\n<p class=\"has-drop-cap\"><strong>Mon dernier texte intitul\u00e9 \u00ab\u00a0Militants, intellectuels et artistes d\u00e9coloniaux\u00a0: tiers-mondisme domestique\u00a0et r\u00e9formisme racialiste\u00a0\u00bb vient de para\u00eetre dans le livre dirig\u00e9 par Manuel Boucher, <em><a rel=\"noreferrer noopener\" href=\"https:\/\/www.editions-harmattan.fr\/index.asp?navig=catalogue&amp;obj=livre&amp;no=66021&amp;razSqlClone=1\" target=\"_blank\">Radicalit\u00e9s identitaires. La d\u00e9mocratie face \u00e0 la radicalisation islamiste, indig\u00e9niste et nationaliste<\/a><\/em> (Paris, L&rsquo;Harmattan, \u00ab\u00a0Recherche et transformation sociale\u00a0\u00bb).<\/strong><\/p>\n\n\n\n<div class=\"wp-block-image\"><figure class=\"aligncenter size-large\"><img data-recalc-dims=\"1\" decoding=\"async\" src=\"https:\/\/i0.wp.com\/www.editions-harmattan.fr\/catalogue\/couv\/b\/9782343203232b.jpg?w=580&#038;ssl=1\" alt=\"\"\/><\/figure><\/div>\n\n\n\n<!--more-->\n\n\n\n<p>Voici la pr\u00e9sentation de l&rsquo;ouvrage :<\/p>\n\n\n\n<blockquote class=\"wp-block-quote is-layout-flow wp-block-quote-is-layout-flow\"><p><em>Avec la collaboration de : Brigitte Baldelli, Mohamed Belqasmi, Yvan Gastaut, Walter Greco, Farhad Khosrokhavar, Nicolas Lebourg, Herv\u00e9 Marchal, \u00c9ric Marli\u00e8re, Nedjib Sidi Moussa, R\u00e9gis Pierret, David Puaud, Dominique Sistach<\/em><\/p><p>Ces derni\u00e8res ann\u00e9es, des extr\u00e9mistes identitaires percutent, notamment par la violence, les valeurs r\u00e9publicaines de la soci\u00e9t\u00e9 fran\u00e7aise. Voyant l\u2019avenir de l\u2019humanit\u00e9 comme un \u00ab choc des civilisations \u00bb et une \u00ab guerre de races \u00bb, ces mixophobes ethno-diff\u00e9rencialistes partagent la th\u00e9orie du \u00ab grand remplacement \u00bb en Occident : les identitaires nationalistes sont anti-cosmopolites et pr\u00f4nent la \u00ab remigration \u00bb alors que les identitaristes d\u00e9coloniaux et islamistes revendiquent une h\u00e9t\u00e9rophobie communautaire et politico-religieuse.<\/p><p>Les crispations identitaires ont ainsi fait couler beaucoup d\u2019encre : les uns d\u00e9noncent le \u00ab d\u00e9faut d\u2019assimilation \u00bb des populations immigr\u00e9es venues d\u2019Afrique et de leurs descendants, tandis que les autres accusent la \u00ab panique identitaire \u00bb de ceux qui fantasment un ennemi imaginaire. Cet ouvrage ne se situe dans aucun de ces deux camps id\u00e9ologiques voyant la soci\u00e9t\u00e9 fran\u00e7aise non pas comme elle est dans les faits mais comme ils voudraient qu\u2019elle soit ou comme ils redoutent qu\u2019elle devienne.<\/p><p>\u00c0 partir de travaux en sciences sociales (sociologie, anthropologie, histoire, sciences politiques) interrogeant les processus de radicalisation des activistes islamistes, indig\u00e9nistes et nationalistes ainsi que les actions de \u00ab contre-radicalisation \u00bb des institutions et des intervenants sociaux, cet ouvrage d\u00e9crit la r\u00e9alit\u00e9 des radicalit\u00e9s identitaires et de leurs enjeux pour la coh\u00e9sion sociale au sein des soci\u00e9t\u00e9s d\u00e9mocratiques.<\/p><p><strong>Manuel Boucher est professeur des universit\u00e9s en sociologie \u00e0 l\u2019Universit\u00e9 de Perpignan Via Domitia.<\/strong><\/p><p><em>La collection \u00ab recherche et transformation sociale \u00bb privil\u00e9gie la publication d\u2019ouvrages valorisant des r\u00e9sultats de recherche produits par des chercheurs des organismes de la formation et de l\u2019intervention sociales pouvant contribuer \u00e0 la transformation sociale.<\/em><\/p><\/blockquote>\n\n\n\n<p>Le livre peut \u00eatre command\u00e9 aupr\u00e8s de votre librairie pr\u00e9f\u00e9r\u00e9e mais aussi sur le site de <a rel=\"noreferrer noopener\" href=\"https:\/\/www.editions-harmattan.fr\/index.asp?navig=catalogue&amp;obj=livre&amp;no=66021&amp;razSqlClone=1\" target=\"_blank\">l&rsquo;\u00e9diteur<\/a>.<\/p>\n","protected":false},"excerpt":{"rendered":"<p>Mon dernier texte intitul\u00e9 \u00ab\u00a0Militants, intellectuels et artistes d\u00e9coloniaux\u00a0: tiers-mondisme domestique\u00a0et r\u00e9formisme racialiste\u00a0\u00bb vient de para\u00eetre dans le livre dirig\u00e9 par Manuel Boucher, Radicalit\u00e9s identitaires. La d\u00e9mocratie face \u00e0 la radicalisation islamiste, indig\u00e9niste et nationaliste (Paris, L&rsquo;Harmattan, \u00ab\u00a0Recherche et transformation sociale\u00a0\u00bb).<\/p>\n","protected":false},"author":1,"featured_media":0,"comment_status":"open","ping_status":"open","sticky":false,"template":"","format":"standard","meta":{"jetpack_post_was_ever_published":false,"_jetpack_newsletter_access":"","_jetpack_dont_email_post_to_subs":false,"_jetpack_newsletter_tier_id":0,"_jetpack_memberships_contains_paywalled_content":false,"_jetpack_memberships_contains_paid_content":false,"footnotes":""},"categories":[9],"tags":[3465,3185,3162,457,645,3767,3769,1239],"class_list":["post-8735","post","type-post","status-publish","format-standard","hentry","category-publications","tag-3465","tag-antiracisme","tag-decolonial","tag-france","tag-lharmattan","tag-manuel-boucher","tag-recherche-et-transformation-sociale","tag-tiers-mondisme"],"jetpack_featured_media_url":"","jetpack_sharing_enabled":true,"jetpack_shortlink":"https:\/\/wp.me\/p9lTYU-2gT","jetpack_likes_enabled":true,"jetpack-related-posts":[{"id":3274,"url":"https:\/\/sinedjib.com\/index.php\/2017\/12\/22\/lamchichi-islam\/","url_meta":{"origin":8735,"position":0},"title":"Abderrahim Lamchichi : Islam, islamisme et modernit\u00e9","author":"SiNedjib","date":"22\/12\/2017","format":false,"excerpt":"Extraits d'Abderrahim Lamchichi, Islam, islamisme et modernit\u00e9, Paris, L'Harmattan, 1994, p. 40-41 \u00a0Dans ce d\u00e9bat, la responsabilit\u00e9 des intellectuels issus des soci\u00e9t\u00e9s arabo-musulmanes est immense pour contribuer \u00e0 la critique radicale, sans m\u00e9pris mais sans complaisance, des pr\u00e9suppos\u00e9s de l'id\u00e9ologie religieuse dominante, v\u00e9hicul\u00e9e par les repr\u00e9sentants de l'islam officiel, et\u2026","rel":"","context":"Dans &quot;livres&quot;","block_context":{"text":"livres","link":"https:\/\/sinedjib.com\/index.php\/category\/livres\/"},"img":{"alt_text":"","src":"https:\/\/i0.wp.com\/sinedjib.com\/wp-content\/uploads\/2017\/12\/2738430708r1.jpg?resize=350%2C200&ssl=1","width":350,"height":200,"srcset":"https:\/\/i0.wp.com\/sinedjib.com\/wp-content\/uploads\/2017\/12\/2738430708r1.jpg?resize=350%2C200&ssl=1 1x, https:\/\/i0.wp.com\/sinedjib.com\/wp-content\/uploads\/2017\/12\/2738430708r1.jpg?resize=525%2C300&ssl=1 1.5x"},"classes":[]},{"id":14945,"url":"https:\/\/sinedjib.com\/index.php\/2021\/12\/07\/julies-desgranges-tiers-mondisme-reves-et-realites\/","url_meta":{"origin":8735,"position":1},"title":"Julie Desgranges : Tiers-mondisme, r\u00eaves et r\u00e9alit\u00e9s","author":"SiNedjib","date":"07\/12\/2021","format":false,"excerpt":"Article de Julie Desgranges paru dans Agora libertaire, n\u00b0 32, avril-mai 1986, p. 4-5 \"On ne doit pas se taire sous pr\u00e9texte qu'il faut sauver ce qui peut \u00eatre sauv\u00e9\" IL est bien connu que Staline, par son seul regard, multipliait par trois la production de bl\u00e9 en Ukraine. Mais,\u2026","rel":"","context":"Dans &quot;presse&quot;","block_context":{"text":"presse","link":"https:\/\/sinedjib.com\/index.php\/category\/presse\/"},"img":{"alt_text":"","src":"https:\/\/i0.wp.com\/sinedjib.com\/wp-content\/uploads\/2021\/12\/Agora-libertaire-avril-1986.png?resize=350%2C200&ssl=1","width":350,"height":200},"classes":[]},{"id":18203,"url":"https:\/\/sinedjib.com\/index.php\/2023\/03\/07\/boubaker-adjali-lafricain-presentation-a-paris-mercredi-8-mars-a-19h\/","url_meta":{"origin":8735,"position":2},"title":"Boubaker Adjali l\u2019Africain : pr\u00e9sentation \u00e0 Paris, mercredi 8 mars \u00e0 19h","author":"SiNedjib","date":"07\/03\/2023","format":false,"excerpt":"Je suis heureux d\u2019annoncer \u00e0 mes amis et lecteurs la tenue d\u2019une nouvelle rencontre autour du tr\u00e8s beau livre collectif, Boubaker Adjali l\u2019Africain : un regard tricontinental, qui vient de para\u00eetre aux \u00e9ditions Otium. Cet \u00e9v\u00e9nement se tiendra demain, mercredi 8 mars, \u00e0 partir de 19h \u00e0 la Librairie Petite\u2026","rel":"","context":"Dans &quot;interventions&quot;","block_context":{"text":"interventions","link":"https:\/\/sinedjib.com\/index.php\/category\/interventions\/"},"img":{"alt_text":"","src":"https:\/\/i0.wp.com\/sinedjib.com\/wp-content\/uploads\/2023\/01\/boubaker.jpg?resize=350%2C200&ssl=1","width":350,"height":200,"srcset":"https:\/\/i0.wp.com\/sinedjib.com\/wp-content\/uploads\/2023\/01\/boubaker.jpg?resize=350%2C200&ssl=1 1x, https:\/\/i0.wp.com\/sinedjib.com\/wp-content\/uploads\/2023\/01\/boubaker.jpg?resize=525%2C300&ssl=1 1.5x"},"classes":[]},{"id":17067,"url":"https:\/\/sinedjib.com\/index.php\/2022\/09\/17\/sylvain-eischenfeld-les-anticolonialistes-j-p-biondi-gilles-morin\/","url_meta":{"origin":8735,"position":3},"title":"Sylvain Eischenfeld : De Dunkerque \u00e0 Tamanrasset, \u00ab\u00a0Les Anticolonialistes\u00a0\u00bb, J.-P. Biondi &#038; Gilles Morin &#8211; \u00e9d. Robert Laffont","author":"SiNedjib","date":"17\/09\/2022","format":false,"excerpt":"Article de Sylvain Eischenfeld paru dans Le Monde libertaire, n\u00b0 891, 3 au 9 d\u00e9cembre 1992 Jean-Pierre Biondi et Gilles Morin seront les invit\u00e9s de l'\u00e9mission \"Histoire sociale\" sur Radio Libertaire, le samedi 5 d\u00e9cembre de 22 heures \u00e0 minuit. Notre camarade Sylvain Eischenfeld nous pr\u00e9sente leur livre, Les Anticolonialistes.\u2026","rel":"","context":"Dans &quot;presse&quot;","block_context":{"text":"presse","link":"https:\/\/sinedjib.com\/index.php\/category\/presse\/"},"img":{"alt_text":"","src":"https:\/\/i0.wp.com\/sinedjib.com\/wp-content\/uploads\/2022\/09\/Biondi-Morin-Les-Anticolonialistes.jpg?resize=350%2C200&ssl=1","width":350,"height":200},"classes":[]},{"id":3439,"url":"https:\/\/sinedjib.com\/index.php\/2018\/05\/07\/tiers-mondisme\/","url_meta":{"origin":8735,"position":4},"title":"Tiers-mondisme et pr\u00e9jug\u00e9s contre-r\u00e9volutionnaires","author":"SiNedjib","date":"07\/05\/2018","format":false,"excerpt":"Article paru dans Travailleurs immigr\u00e9s en lutte, organe de l'Organisation communiste r\u00e9volutionnaire internationaliste d'Alg\u00e9rie, n\u00b0 62, f\u00e9vrier-mars 1985 Depuis que les travailleurs luttent contre l'oppression capitaliste, il s'est toujours trouv\u00e9 des courants politiques, des th\u00e9oriciens pour tenter d'une mani\u00e8re plus ou moins d\u00e9guis\u00e9e de les d\u00e9courager, de les d\u00e9sarmer, de\u2026","rel":"","context":"Dans &quot;presse&quot;","block_context":{"text":"presse","link":"https:\/\/sinedjib.com\/index.php\/category\/presse\/"},"img":{"alt_text":"","src":"https:\/\/i0.wp.com\/sinedjib.com\/wp-content\/uploads\/2018\/04\/1985-02-TIL.png?resize=350%2C200&ssl=1","width":350,"height":200},"classes":[]},{"id":11763,"url":"https:\/\/sinedjib.com\/index.php\/2021\/03\/09\/la-fabrique-du-musulman-entretien-avec-emmanuel-lemieux-pour-les-influences\/","url_meta":{"origin":8735,"position":5},"title":"La Fabrique du Musulman : entretien avec Emmanuel Lemieux pour \u00ab\u00a0Les Influences\u00a0\u00bb","author":"SiNedjib","date":"09\/03\/2021","format":false,"excerpt":"J'ai accord\u00e9 un entretien \u00e0 Emmanuel Lemieux pour\u00a0Les Influences autour de mon premier livre\u00a0La Fabrique du Musulman\u00a0(Libertalia, 2017).\u00a0Le texte a \u00e9t\u00e9 publi\u00e9 hier sous le titre : \u00ab Nedjib Sidi Moussa : l\u2019islamo-gauchisme ou le retour au \u201csectarisme de la Guerre froide\u201d \u00bb. En voici les premi\u00e8res lignes : Son\u2026","rel":"","context":"Dans &quot;interventions&quot;","block_context":{"text":"interventions","link":"https:\/\/sinedjib.com\/index.php\/category\/interventions\/"},"img":{"alt_text":"","src":"https:\/\/i0.wp.com\/sinedjib.com\/wp-content\/uploads\/2016\/12\/libertalia-lafabriquedumusulman-couv_web_rvb.jpg?resize=350%2C200&ssl=1","width":350,"height":200,"srcset":"https:\/\/i0.wp.com\/sinedjib.com\/wp-content\/uploads\/2016\/12\/libertalia-lafabriquedumusulman-couv_web_rvb.jpg?resize=350%2C200&ssl=1 1x, https:\/\/i0.wp.com\/sinedjib.com\/wp-content\/uploads\/2016\/12\/libertalia-lafabriquedumusulman-couv_web_rvb.jpg?resize=525%2C300&ssl=1 1.5x"},"classes":[]}],"_links":{"self":[{"href":"https:\/\/sinedjib.com\/index.php\/wp-json\/wp\/v2\/posts\/8735","targetHints":{"allow":["GET"]}}],"collection":[{"href":"https:\/\/sinedjib.com\/index.php\/wp-json\/wp\/v2\/posts"}],"about":[{"href":"https:\/\/sinedjib.com\/index.php\/wp-json\/wp\/v2\/types\/post"}],"author":[{"embeddable":true,"href":"https:\/\/sinedjib.com\/index.php\/wp-json\/wp\/v2\/users\/1"}],"replies":[{"embeddable":true,"href":"https:\/\/sinedjib.com\/index.php\/wp-json\/wp\/v2\/comments?post=8735"}],"version-history":[{"count":1,"href":"https:\/\/sinedjib.com\/index.php\/wp-json\/wp\/v2\/posts\/8735\/revisions"}],"predecessor-version":[{"id":27278,"href":"https:\/\/sinedjib.com\/index.php\/wp-json\/wp\/v2\/posts\/8735\/revisions\/27278"}],"wp:attachment":[{"href":"https:\/\/sinedjib.com\/index.php\/wp-json\/wp\/v2\/media?parent=8735"}],"wp:term":[{"taxonomy":"category","embeddable":true,"href":"https:\/\/sinedjib.com\/index.php\/wp-json\/wp\/v2\/categories?post=8735"},{"taxonomy":"post_tag","embeddable":true,"href":"https:\/\/sinedjib.com\/index.php\/wp-json\/wp\/v2\/tags?post=8735"}],"curies":[{"name":"wp","href":"https:\/\/api.w.org\/{rel}","templated":true}]}}